{"id":5163,"date":"2026-02-22T18:10:36","date_gmt":"2026-02-22T17:10:36","guid":{"rendered":"https:\/\/blogs.es.amnesty.org\/andalucia\/?p=5163"},"modified":"2026-02-22T18:10:37","modified_gmt":"2026-02-22T17:10:37","slug":"ha-pasado-en-febrero","status":"publish","type":"post","link":"https:\/\/blogs.es.amnesty.org\/andalucia\/2026\/02\/22\/ha-pasado-en-febrero\/","title":{"rendered":"Ha pasado en febrero"},"content":{"rendered":"\n<p class=\"wp-block-paragraph\"><a href=\"https:\/\/www.diariocordoba.com\/autores\/maria-jesus-monedero.html\">Mar\u00eda Jes\u00fas Monedero<\/a>. Activista de Amnist\u00eda Internacional<\/p>\n\n\n\n<p class=\"wp-block-paragraph\">Publicado  el 21 FEB 2026 Diariocordoba.com<\/p>\n\n\n\n<p class=\"wp-block-paragraph\">Hay fechas que est\u00e1n escondidas en el calendario, casi inadvertidas, si no nos molestamos en sacarlas a la luz. Y no debemos olvidar.<\/p>\n\n\n\n<p class=\"wp-block-paragraph\">6 de febrero. <a href=\"https:\/\/www.es.amnesty.org\/en-que-estamos\/blog\/historia\/articulo\/siglo-xxi-y-la-mutilacion-genital-femenina-continua-vigente\/\">D\u00eda para la erradicaci\u00f3n de la Mutilaci\u00f3n Genital Femenina<\/a>. Es algo transversal a muchos pa\u00edses. Y, en contra de lo que algunos pretenden, no tiene nada que ver con la religi\u00f3n. Afortunadamente, muchas mujeres que lo sufrieron en la infancia est\u00e1n implicadas en esta lucha.<\/p>\n\n\n\n<p class=\"wp-block-paragraph\">&nbsp;&nbsp;&nbsp;&nbsp;&nbsp;&nbsp;&nbsp;&nbsp;&nbsp;&nbsp;&nbsp;&nbsp;&nbsp;&nbsp;&nbsp;&nbsp;&nbsp; En la <a href=\"https:\/\/www.amnesty.org\/es\/latest\/campaigns\/2025\/02\/female-genital-mutilation-senegal\/\">p\u00e1gina web de Amnist\u00eda Espa\u00f1a<\/a> podemos leer el testimonio de Fatoumata Diallo: &nbsp;&nbsp;\u00abLlevo 20 a\u00f1os luchando contra la MGF porque la he sufrido yo misma\u00bb. Ya hace a\u00f1os pudimos ver la pel\u00edcula Moolaad\u00e9 (Protecci\u00f3n) (2004) y leer el libro Flor del Desierto (1998), de Waris Dirie, modelo somal\u00ed, que fue de las primeras en denunciar esta pr\u00e1ctica que tambi\u00e9n ella hab\u00eda sufrido.<\/p>\n\n\n\n<blockquote class=\"wp-block-quote is-layout-flow wp-block-quote-is-layout-flow\">\n<p class=\"wp-block-paragraph\"><strong><em>A lo largo de estas \u00faltimas tres d\u00e9cadas, el n\u00famero de ni\u00f1os y ni\u00f1as que est\u00e1n en riesgo de ser<br \/>reclutados o utilizados como soldado se ha triplicado<\/em><\/strong><\/p>\n<\/blockquote>\n\n\n\n<p class=\"wp-block-paragraph\">12 de febrero. <a href=\"https:\/\/redescuelas.es.amnesty.org\/fileadmin\/user_upload\/Datos_ninos_y_ninas_soldado_Enero24.pdf\">D\u00eda Internacional contra el Uso de Ni\u00f1os Soldado<\/a> -tambi\u00e9n conocido como el D\u00eda de las Manos Rojas-. Hay que poner el foco en c\u00f3mo la infancia se ha convertido en un objetivo de primera l\u00ednea en los conflictos armados. En Hait\u00ed se ha disparado en un 70% el n\u00famero de ni\u00f1os y ni\u00f1as reclutados por grupos armados y la violencia sexual contra ellos en un 1.000% en el plazo de un a\u00f1o. Como en Sud\u00e1n y en Sud\u00e1n del Sur, a menudo los ni\u00f1os y ni\u00f1as se ven obligados a alistarse en estos grupos como medio para sostener a sus familias o cuando su seguridad se ve amenazada.<\/p>\n\n\n\n<figure class=\"wp-block-image size-large\"><img loading=\"lazy\" decoding=\"async\" width=\"744\" height=\"1050\" src=\"https:\/\/blogs.es.amnesty.org\/files\/uploads\/sites\/8\/2026\/02\/cartel-reducido-744x1050.jpg\" alt=\"\" class=\"wp-image-5166\" srcset=\"https:\/\/blogs.es.amnesty.org\/files\/uploads\/sites\/8\/2026\/02\/cartel-reducido-744x1050.jpg 744w, https:\/\/blogs.es.amnesty.org\/files\/uploads\/sites\/8\/2026\/02\/cartel-reducido-404x570.jpg 404w, https:\/\/blogs.es.amnesty.org\/files\/uploads\/sites\/8\/2026\/02\/cartel-reducido-768x1084.jpg 768w, https:\/\/blogs.es.amnesty.org\/files\/uploads\/sites\/8\/2026\/02\/cartel-reducido-1088x1536.jpg 1088w, https:\/\/blogs.es.amnesty.org\/files\/uploads\/sites\/8\/2026\/02\/cartel-reducido-1451x2048.jpg 1451w, https:\/\/blogs.es.amnesty.org\/files\/uploads\/sites\/8\/2026\/02\/cartel-reducido-scaled.jpg 1814w\" sizes=\"auto, (max-width: 744px) 100vw, 744px\" \/><\/figure>\n\n\n\n<p class=\"wp-block-paragraph\">17 de febrero<a href=\"https:\/\/blogs.es.amnesty.org\/madrid\/eventos\/madrid-en-el-ano-nuevo-chino-mas-derechos\/\">. A\u00f1o Nuevo Chino 2026<\/a>. No est\u00e1 escondido. Ha habido celebraciones en lugares diversos. Y hay que alegrarse de que ya veamos a China como algo cercano pero, desde Amnist\u00eda, queremos hacer llegar a las autoridades chinas nuestros deseos de libertad hacia personas encarceladas por ejercer o defender los derechos humanos en su pa\u00eds.<\/p>\n\n\n\n<p class=\"wp-block-paragraph\">Solo tengo espacio para los nombres. Pero os pido que busqu\u00e9is y escrib\u00e1is por <a href=\"https:\/\/www.amnesty.org\/es\/petition\/china-must-end-decade-of-injustice\/\">Ilham Tohti, uigur<\/a>; <a href=\"https:\/\/www.amnesty.org\/es\/latest\/news\/2025\/09\/china-journalist-zhang-zhan-sentenced-to-prison-again-on-baseless-charges\/\">Zhang Zhan, periodista ciudadana<\/a>; <a href=\"https:\/\/www.amnesty.org\/es\/latest\/news\/2025\/10\/china-hong-kong-bookseller-gui-minhai-must-be-released-after-decade-of-cruel-secrecy\/\">Gui Minhai, librero<\/a> hongkon\u00e9s <a href=\"https:\/\/www.amnesty.org\/es\/latest\/news\/2024\/06\/china-malicious-conviction-of-metoo-and-labour-activists-shows-beijings-growing-fear-of-dissent\/\">y Huang Xueqin, activista del #Me Too<\/a><\/p>\n\n\n\n\n\n<p class=\"wp-block-paragraph\"><a href=\"https:\/\/privacy.eu.criteo.com\/adchoices?cppv=3&amp;cpp=oidHsYmQOuYH7I5cmy-t9n0vfZPsfjh4_N_tyte4J6e68FOUtjZRHKMcv7KQGS2FYZLDcbaMaeN2Cjn7TUt9CEPT4kQbt-hYofJy40TfmQY-VuCP28OEKShod8uOS5Om900-nuXg8sA5hiw2-fMstDwFsJw\" target=\"_blank\" rel=\"noreferrer noopener\"><\/a><\/p>\n\n\n\n<p class=\"wp-block-paragraph\"><a href=\"https:\/\/trace-eu.mediago.io\/ju\/ic\" target=\"_blank\" rel=\"noreferrer noopener\"><\/a><\/p>\n\n\n\n<p class=\"wp-block-paragraph\"><a href=\"https:\/\/trace-eu.mediago.io\/ju\/ic\" target=\"_blank\" rel=\"noreferrer noopener\"><br \/><br \/><\/a><\/p>\n","protected":false},"excerpt":{"rendered":"<p>Llevo 20 a\u00f1os luchando contra la MGF porque la he sufrido yo misma. Fatoumata Diallo.<\/p>\n","protected":false},"author":39,"featured_media":5164,"comment_status":"open","ping_status":"open","sticky":false,"template":"","format":"standard","meta":{"_acf_changed":false,"footnotes":"","_members_access_role":[],"_members_access_error":""},"categories":[92],"tags":[],"class_list":["post-5163","post","type-post","status-publish","format-standard","has-post-thumbnail","hentry","category-andalucia"],"acf":[],"yoast_head":"<!-- This site is optimized with the Yoast SEO plugin v28.2 - https:\/\/yoast.com\/product\/yoast-seo-wordpress\/ -->\n<title>Ha pasado en febrero - Andaluc\u00eda<\/title>\n<meta name=\"robots\" content=\"index, follow, max-snippet:-1, max-image-preview:large, max-video-preview:-1\" \/>\n<link rel=\"canonical\" href=\"https:\/\/blogs.es.amnesty.org\/andalucia\/2026\/02\/22\/ha-pasado-en-febrero\/\" \/>\n<meta property=\"og:locale\" content=\"es_ES\" \/>\n<meta property=\"og:type\" content=\"article\" \/>\n<meta property=\"og:title\" content=\"Ha pasado en febrero - Andaluc\u00eda\" \/>\n<meta property=\"og:description\" content=\"Llevo 20 a\u00f1os luchando contra la MGF porque la he sufrido yo misma. Fatoumata Diallo.\" \/>\n<meta property=\"og:url\" content=\"https:\/\/blogs.es.amnesty.org\/andalucia\/2026\/02\/22\/ha-pasado-en-febrero\/\" \/>\n<meta property=\"og:site_name\" content=\"Andaluc\u00eda\" \/>\n<meta property=\"article:published_time\" content=\"2026-02-22T17:10:36+00:00\" \/>\n<meta property=\"article:modified_time\" content=\"2026-02-22T17:10:37+00:00\" \/>\n<meta property=\"og:image\" content=\"http:\/\/blogs.es.amnesty.org\/files\/uploads\/sites\/8\/2026\/02\/fatoumata-diallo.jpg\" \/>\n\t<meta property=\"og:image:width\" content=\"1468\" \/>\n\t<meta property=\"og:image:height\" content=\"710\" \/>\n\t<meta property=\"og:image:type\" content=\"image\/jpeg\" \/>\n<meta name=\"author\" content=\"Amnistia Internacional Andaluc\u00eda\" \/>\n<meta name=\"twitter:card\" content=\"summary_large_image\" \/>\n<meta name=\"twitter:label1\" content=\"Escrito por\" \/>\n\t<meta name=\"twitter:data1\" content=\"Amnistia Internacional Andaluc\u00eda\" \/>\n\t<meta name=\"twitter:label2\" content=\"Tiempo de lectura\" \/>\n\t<meta name=\"twitter:data2\" content=\"3 minutos\" \/>\n<script type=\"application\/ld+json\" class=\"yoast-schema-graph\">{\"@context\":\"https:\\\/\\\/schema.org\",\"@graph\":[{\"@type\":\"Article\",\"@id\":\"https:\\\/\\\/blogs.es.amnesty.org\\\/andalucia\\\/2026\\\/02\\\/22\\\/ha-pasado-en-febrero\\\/#article\",\"isPartOf\":{\"@id\":\"https:\\\/\\\/blogs.es.amnesty.org\\\/andalucia\\\/2026\\\/02\\\/22\\\/ha-pasado-en-febrero\\\/\"},\"author\":{\"name\":\"Amnistia Internacional Andaluc\u00eda\",\"@id\":\"https:\\\/\\\/blogs.es.amnesty.org\\\/andalucia\\\/#\\\/schema\\\/person\\\/af4da7a0f65663eebce577f3ff83e652\"},\"headline\":\"Ha pasado en febrero\",\"datePublished\":\"2026-02-22T17:10:36+00:00\",\"dateModified\":\"2026-02-22T17:10:37+00:00\",\"mainEntityOfPage\":{\"@id\":\"https:\\\/\\\/blogs.es.amnesty.org\\\/andalucia\\\/2026\\\/02\\\/22\\\/ha-pasado-en-febrero\\\/\"},\"wordCount\":432,\"commentCount\":0,\"image\":{\"@id\":\"https:\\\/\\\/blogs.es.amnesty.org\\\/andalucia\\\/2026\\\/02\\\/22\\\/ha-pasado-en-febrero\\\/#primaryimage\"},\"thumbnailUrl\":\"https:\\\/\\\/blogs.es.amnesty.org\\\/files\\\/uploads\\\/sites\\\/8\\\/2026\\\/02\\\/fatoumata-diallo.jpg\",\"articleSection\":[\"Andaluc\u00eda\"],\"inLanguage\":\"es\",\"potentialAction\":[{\"@type\":\"CommentAction\",\"name\":\"Comment\",\"target\":[\"https:\\\/\\\/blogs.es.amnesty.org\\\/andalucia\\\/2026\\\/02\\\/22\\\/ha-pasado-en-febrero\\\/#respond\"]}]},{\"@type\":\"WebPage\",\"@id\":\"https:\\\/\\\/blogs.es.amnesty.org\\\/andalucia\\\/2026\\\/02\\\/22\\\/ha-pasado-en-febrero\\\/\",\"url\":\"https:\\\/\\\/blogs.es.amnesty.org\\\/andalucia\\\/2026\\\/02\\\/22\\\/ha-pasado-en-febrero\\\/\",\"name\":\"Ha pasado en febrero - Andaluc\u00eda\",\"isPartOf\":{\"@id\":\"https:\\\/\\\/blogs.es.amnesty.org\\\/andalucia\\\/#website\"},\"primaryImageOfPage\":{\"@id\":\"https:\\\/\\\/blogs.es.amnesty.org\\\/andalucia\\\/2026\\\/02\\\/22\\\/ha-pasado-en-febrero\\\/#primaryimage\"},\"image\":{\"@id\":\"https:\\\/\\\/blogs.es.amnesty.org\\\/andalucia\\\/2026\\\/02\\\/22\\\/ha-pasado-en-febrero\\\/#primaryimage\"},\"thumbnailUrl\":\"https:\\\/\\\/blogs.es.amnesty.org\\\/files\\\/uploads\\\/sites\\\/8\\\/2026\\\/02\\\/fatoumata-diallo.jpg\",\"datePublished\":\"2026-02-22T17:10:36+00:00\",\"dateModified\":\"2026-02-22T17:10:37+00:00\",\"author\":{\"@id\":\"https:\\\/\\\/blogs.es.amnesty.org\\\/andalucia\\\/#\\\/schema\\\/person\\\/af4da7a0f65663eebce577f3ff83e652\"},\"breadcrumb\":{\"@id\":\"https:\\\/\\\/blogs.es.amnesty.org\\\/andalucia\\\/2026\\\/02\\\/22\\\/ha-pasado-en-febrero\\\/#breadcrumb\"},\"inLanguage\":\"es\",\"potentialAction\":[{\"@type\":\"ReadAction\",\"target\":[\"https:\\\/\\\/blogs.es.amnesty.org\\\/andalucia\\\/2026\\\/02\\\/22\\\/ha-pasado-en-febrero\\\/\"]}]},{\"@type\":\"ImageObject\",\"inLanguage\":\"es\",\"@id\":\"https:\\\/\\\/blogs.es.amnesty.org\\\/andalucia\\\/2026\\\/02\\\/22\\\/ha-pasado-en-febrero\\\/#primaryimage\",\"url\":\"https:\\\/\\\/blogs.es.amnesty.org\\\/files\\\/uploads\\\/sites\\\/8\\\/2026\\\/02\\\/fatoumata-diallo.jpg\",\"contentUrl\":\"https:\\\/\\\/blogs.es.amnesty.org\\\/files\\\/uploads\\\/sites\\\/8\\\/2026\\\/02\\\/fatoumata-diallo.jpg\",\"width\":1468,\"height\":710},{\"@type\":\"BreadcrumbList\",\"@id\":\"https:\\\/\\\/blogs.es.amnesty.org\\\/andalucia\\\/2026\\\/02\\\/22\\\/ha-pasado-en-febrero\\\/#breadcrumb\",\"itemListElement\":[{\"@type\":\"ListItem\",\"position\":1,\"name\":\"Portada\",\"item\":\"https:\\\/\\\/blogs.es.amnesty.org\\\/andalucia\\\/\"},{\"@type\":\"ListItem\",\"position\":2,\"name\":\"Ha pasado en febrero\"}]},{\"@type\":\"WebSite\",\"@id\":\"https:\\\/\\\/blogs.es.amnesty.org\\\/andalucia\\\/#website\",\"url\":\"https:\\\/\\\/blogs.es.amnesty.org\\\/andalucia\\\/\",\"name\":\"Andaluc\u00eda\",\"description\":\"Blog de Amnist\u00eda Internacional Andaluc\u00eda\",\"potentialAction\":[{\"@type\":\"SearchAction\",\"target\":{\"@type\":\"EntryPoint\",\"urlTemplate\":\"https:\\\/\\\/blogs.es.amnesty.org\\\/andalucia\\\/?s={search_term_string}\"},\"query-input\":{\"@type\":\"PropertyValueSpecification\",\"valueRequired\":true,\"valueName\":\"search_term_string\"}}],\"inLanguage\":\"es\"},{\"@type\":\"Person\",\"@id\":\"https:\\\/\\\/blogs.es.amnesty.org\\\/andalucia\\\/#\\\/schema\\\/person\\\/af4da7a0f65663eebce577f3ff83e652\",\"name\":\"Amnistia Internacional Andaluc\u00eda\",\"image\":{\"@type\":\"ImageObject\",\"inLanguage\":\"es\",\"@id\":\"https:\\\/\\\/secure.gravatar.com\\\/avatar\\\/aaf22604dc5cd5a1c2fc8602da3f4d678adf4f4d2b36f078916b108c75b4572b?s=96&d=mm&r=g\",\"url\":\"https:\\\/\\\/secure.gravatar.com\\\/avatar\\\/aaf22604dc5cd5a1c2fc8602da3f4d678adf4f4d2b36f078916b108c75b4572b?s=96&d=mm&r=g\",\"contentUrl\":\"https:\\\/\\\/secure.gravatar.com\\\/avatar\\\/aaf22604dc5cd5a1c2fc8602da3f4d678adf4f4d2b36f078916b108c75b4572b?s=96&d=mm&r=g\",\"caption\":\"Amnistia Internacional Andaluc\u00eda\"},\"sameAs\":[\"https:\\\/\\\/www.instagram.com\\\/amnistia_andalucia\\\/\",\"https:\\\/\\\/www.youtube.com\\\/channel\\\/UCZAB9s-PaxKw5AsgKeJY4Cg\"],\"url\":\"https:\\\/\\\/blogs.es.amnesty.org\\\/andalucia\\\/autor\\\/andalucia\\\/\"}]}<\/script>\n<!-- \/ Yoast SEO plugin. -->","yoast_head_json":{"title":"Ha pasado en febrero - Andaluc\u00eda","robots":{"index":"index","follow":"follow","max-snippet":"max-snippet:-1","max-image-preview":"max-image-preview:large","max-video-preview":"max-video-preview:-1"},"canonical":"https:\/\/blogs.es.amnesty.org\/andalucia\/2026\/02\/22\/ha-pasado-en-febrero\/","og_locale":"es_ES","og_type":"article","og_title":"Ha pasado en febrero - Andaluc\u00eda","og_description":"Llevo 20 a\u00f1os luchando contra la MGF porque la he sufrido yo misma. Fatoumata Diallo.","og_url":"https:\/\/blogs.es.amnesty.org\/andalucia\/2026\/02\/22\/ha-pasado-en-febrero\/","og_site_name":"Andaluc\u00eda","article_published_time":"2026-02-22T17:10:36+00:00","article_modified_time":"2026-02-22T17:10:37+00:00","og_image":[{"width":1468,"height":710,"url":"http:\/\/blogs.es.amnesty.org\/files\/uploads\/sites\/8\/2026\/02\/fatoumata-diallo.jpg","type":"image\/jpeg"}],"author":"Amnistia Internacional Andaluc\u00eda","twitter_card":"summary_large_image","twitter_misc":{"Escrito por":"Amnistia Internacional Andaluc\u00eda","Tiempo de lectura":"3 minutos"},"schema":{"@context":"https:\/\/schema.org","@graph":[{"@type":"Article","@id":"https:\/\/blogs.es.amnesty.org\/andalucia\/2026\/02\/22\/ha-pasado-en-febrero\/#article","isPartOf":{"@id":"https:\/\/blogs.es.amnesty.org\/andalucia\/2026\/02\/22\/ha-pasado-en-febrero\/"},"author":{"name":"Amnistia Internacional Andaluc\u00eda","@id":"https:\/\/blogs.es.amnesty.org\/andalucia\/#\/schema\/person\/af4da7a0f65663eebce577f3ff83e652"},"headline":"Ha pasado en febrero","datePublished":"2026-02-22T17:10:36+00:00","dateModified":"2026-02-22T17:10:37+00:00","mainEntityOfPage":{"@id":"https:\/\/blogs.es.amnesty.org\/andalucia\/2026\/02\/22\/ha-pasado-en-febrero\/"},"wordCount":432,"commentCount":0,"image":{"@id":"https:\/\/blogs.es.amnesty.org\/andalucia\/2026\/02\/22\/ha-pasado-en-febrero\/#primaryimage"},"thumbnailUrl":"https:\/\/blogs.es.amnesty.org\/files\/uploads\/sites\/8\/2026\/02\/fatoumata-diallo.jpg","articleSection":["Andaluc\u00eda"],"inLanguage":"es","potentialAction":[{"@type":"CommentAction","name":"Comment","target":["https:\/\/blogs.es.amnesty.org\/andalucia\/2026\/02\/22\/ha-pasado-en-febrero\/#respond"]}]},{"@type":"WebPage","@id":"https:\/\/blogs.es.amnesty.org\/andalucia\/2026\/02\/22\/ha-pasado-en-febrero\/","url":"https:\/\/blogs.es.amnesty.org\/andalucia\/2026\/02\/22\/ha-pasado-en-febrero\/","name":"Ha pasado en febrero - Andaluc\u00eda","isPartOf":{"@id":"https:\/\/blogs.es.amnesty.org\/andalucia\/#website"},"primaryImageOfPage":{"@id":"https:\/\/blogs.es.amnesty.org\/andalucia\/2026\/02\/22\/ha-pasado-en-febrero\/#primaryimage"},"image":{"@id":"https:\/\/blogs.es.amnesty.org\/andalucia\/2026\/02\/22\/ha-pasado-en-febrero\/#primaryimage"},"thumbnailUrl":"https:\/\/blogs.es.amnesty.org\/files\/uploads\/sites\/8\/2026\/02\/fatoumata-diallo.jpg","datePublished":"2026-02-22T17:10:36+00:00","dateModified":"2026-02-22T17:10:37+00:00","author":{"@id":"https:\/\/blogs.es.amnesty.org\/andalucia\/#\/schema\/person\/af4da7a0f65663eebce577f3ff83e652"},"breadcrumb":{"@id":"https:\/\/blogs.es.amnesty.org\/andalucia\/2026\/02\/22\/ha-pasado-en-febrero\/#breadcrumb"},"inLanguage":"es","potentialAction":[{"@type":"ReadAction","target":["https:\/\/blogs.es.amnesty.org\/andalucia\/2026\/02\/22\/ha-pasado-en-febrero\/"]}]},{"@type":"ImageObject","inLanguage":"es","@id":"https:\/\/blogs.es.amnesty.org\/andalucia\/2026\/02\/22\/ha-pasado-en-febrero\/#primaryimage","url":"https:\/\/blogs.es.amnesty.org\/files\/uploads\/sites\/8\/2026\/02\/fatoumata-diallo.jpg","contentUrl":"https:\/\/blogs.es.amnesty.org\/files\/uploads\/sites\/8\/2026\/02\/fatoumata-diallo.jpg","width":1468,"height":710},{"@type":"BreadcrumbList","@id":"https:\/\/blogs.es.amnesty.org\/andalucia\/2026\/02\/22\/ha-pasado-en-febrero\/#breadcrumb","itemListElement":[{"@type":"ListItem","position":1,"name":"Portada","item":"https:\/\/blogs.es.amnesty.org\/andalucia\/"},{"@type":"ListItem","position":2,"name":"Ha pasado en febrero"}]},{"@type":"WebSite","@id":"https:\/\/blogs.es.amnesty.org\/andalucia\/#website","url":"https:\/\/blogs.es.amnesty.org\/andalucia\/","name":"Andaluc\u00eda","description":"Blog de Amnist\u00eda Internacional Andaluc\u00eda","potentialAction":[{"@type":"SearchAction","target":{"@type":"EntryPoint","urlTemplate":"https:\/\/blogs.es.amnesty.org\/andalucia\/?s={search_term_string}"},"query-input":{"@type":"PropertyValueSpecification","valueRequired":true,"valueName":"search_term_string"}}],"inLanguage":"es"},{"@type":"Person","@id":"https:\/\/blogs.es.amnesty.org\/andalucia\/#\/schema\/person\/af4da7a0f65663eebce577f3ff83e652","name":"Amnistia Internacional Andaluc\u00eda","image":{"@type":"ImageObject","inLanguage":"es","@id":"https:\/\/secure.gravatar.com\/avatar\/aaf22604dc5cd5a1c2fc8602da3f4d678adf4f4d2b36f078916b108c75b4572b?s=96&d=mm&r=g","url":"https:\/\/secure.gravatar.com\/avatar\/aaf22604dc5cd5a1c2fc8602da3f4d678adf4f4d2b36f078916b108c75b4572b?s=96&d=mm&r=g","contentUrl":"https:\/\/secure.gravatar.com\/avatar\/aaf22604dc5cd5a1c2fc8602da3f4d678adf4f4d2b36f078916b108c75b4572b?s=96&d=mm&r=g","caption":"Amnistia Internacional Andaluc\u00eda"},"sameAs":["https:\/\/www.instagram.com\/amnistia_andalucia\/","https:\/\/www.youtube.com\/channel\/UCZAB9s-PaxKw5AsgKeJY4Cg"],"url":"https:\/\/blogs.es.amnesty.org\/andalucia\/autor\/andalucia\/"}]}},"_links":{"self":[{"href":"https:\/\/blogs.es.amnesty.org\/andalucia\/wp-json\/wp\/v2\/posts\/5163","targetHints":{"allow":["GET"]}}],"collection":[{"href":"https:\/\/blogs.es.amnesty.org\/andalucia\/wp-json\/wp\/v2\/posts"}],"about":[{"href":"https:\/\/blogs.es.amnesty.org\/andalucia\/wp-json\/wp\/v2\/types\/post"}],"author":[{"embeddable":true,"href":"https:\/\/blogs.es.amnesty.org\/andalucia\/wp-json\/wp\/v2\/users\/39"}],"replies":[{"embeddable":true,"href":"https:\/\/blogs.es.amnesty.org\/andalucia\/wp-json\/wp\/v2\/comments?post=5163"}],"version-history":[{"count":0,"href":"https:\/\/blogs.es.amnesty.org\/andalucia\/wp-json\/wp\/v2\/posts\/5163\/revisions"}],"wp:featuredmedia":[{"embeddable":true,"href":"https:\/\/blogs.es.amnesty.org\/andalucia\/wp-json\/wp\/v2\/media\/5164"}],"wp:attachment":[{"href":"https:\/\/blogs.es.amnesty.org\/andalucia\/wp-json\/wp\/v2\/media?parent=5163"}],"wp:term":[{"taxonomy":"category","embeddable":true,"href":"https:\/\/blogs.es.amnesty.org\/andalucia\/wp-json\/wp\/v2\/categories?post=5163"},{"taxonomy":"post_tag","embeddable":true,"href":"https:\/\/blogs.es.amnesty.org\/andalucia\/wp-json\/wp\/v2\/tags?post=5163"}],"curies":[{"name":"wp","href":"https:\/\/api.w.org\/{rel}","templated":true}]}}