{"id":5184,"date":"2026-03-07T21:31:12","date_gmt":"2026-03-07T20:31:12","guid":{"rendered":"https:\/\/blogs.es.amnesty.org\/andalucia\/?p=5184"},"modified":"2026-03-07T21:31:13","modified_gmt":"2026-03-07T20:31:13","slug":"discriminacion-de-la-mujer","status":"publish","type":"post","link":"https:\/\/blogs.es.amnesty.org\/andalucia\/2026\/03\/07\/discriminacion-de-la-mujer\/","title":{"rendered":"Discriminaci\u00f3n de la mujer."},"content":{"rendered":"\n<p class=\"wp-block-paragraph\">Crist\u00f3bal F\u00e1brega Ruiz. Coordinador de Amnist\u00eda Internacional Ja\u00e9n<\/p>\n\n\n\n<p class=\"wp-block-paragraph\">Art\u00edculo publicado el 1 de marzo en el diario Ja\u00e9n.<\/p>\n\n\n\n<p class=\"wp-block-paragraph\">Dentro de unos d\u00edas se celebrar\u00e1 el D\u00eda internacional de la Mujer. Un nuevo 8 de marzo en el que, en todo el mundo, muchas mujeres y ni\u00f1as siguen sufriendo discriminaci\u00f3n debido a su sexo y a su g\u00e9nero. La desigualdad de g\u00e9nero es la causa de muchos problemas que afectan de forma desproporcionada a las mujeres y ni\u00f1as, como la violencia en el seno familiar y la violencia sexual, salarios m\u00e1s bajos, la falta de acceso a la educaci\u00f3n y una asistencia sanitaria inadecuada.<\/p>\n\n\n\n<blockquote class=\"wp-block-quote is-layout-flow wp-block-quote-is-layout-flow\">\n<p class=\"wp-block-paragraph\"><em><strong>Hay un incremento notable de los discursos del odio y de incitaci\u00f3n a la violencia<\/strong><\/em><\/p>\n<\/blockquote>\n\n\n\n<p class=\"wp-block-paragraph\">Todas y cada una de las mujeres y ni\u00f1as tienen derecho a la igualdad de acceso a servicios de salud como la contracepci\u00f3n y el aborto sin riesgos; a decidir si quieren contraer matrimonio, cu\u00e1ndo y con qui\u00e9n; y a decidir si tener o no descendencia, cu\u00e1ndo y en qu\u00e9 n\u00famero.<\/p>\n\n\n\n<p class=\"wp-block-paragraph\">Deben poder vivir sin temor a la violencia de g\u00e9nero, que abarca la violaci\u00f3n y otros actos de violencia sexual, la mutilaci\u00f3n genital femenina (MGF), el matrimonio forzado, el embarazo forzado, el aborto forzado y la esterilizaci\u00f3n forzada.<\/p>\n\n\n\n<p class=\"wp-block-paragraph\">Tiene que tener el derecho a desplazarse libremente por donde desee. Pero muchas tienen aut\u00e9nticas dificultades en lo que a esto se refiere. A veces no les permiten tener un pasaporte propio o deben contar con el permiso de un tutor var\u00f3n para viajar.<\/p>\n\n\n\n<blockquote class=\"wp-block-quote is-layout-flow wp-block-quote-is-layout-flow\">\n<p class=\"wp-block-paragraph\"><em><strong>La tecnolog\u00eda allana el camino para ejercer esta violencia<\/strong><\/em><\/p>\n<\/blockquote>\n\n\n\n<p class=\"wp-block-paragraph\">Por ello, debe seguir existiendo el feminismo. El feminismo es la creencia en que las mujeres tienen derecho a la igualdad pol\u00edtica, econ\u00f3mica y social. El feminismo se compromete a garantizar que las mujeres pueden disfrutar plenamente de sus derechos en igualdad de condiciones con los hombres.<\/p>\n\n\n\n<p class=\"wp-block-paragraph\">Existe tambi\u00e9n para luchar contra la violencia de g\u00e9nero que se produce cuando se cometen actos violentos contra mujeres y personas LGBTI debido a su orientaci\u00f3n, identidad de g\u00e9nero o caracter\u00edsticas sexuales lo que es sufrido por un numero desproporcionado de ellas. Pero es que la violencia sexual se usa tambi\u00e9n como arma de guerra. Cerca de un tercio de las mujeres que han estado en una relaci\u00f3n ha sufrido violencia a manos de su pareja. Las mujeres tienen m\u00e1s probabilidades de sufrir una agresi\u00f3n sexual y de ser v\u00edctimas de homicidios en nombre del \u201chonor\u201d.<\/p>\n\n\n\n<p class=\"wp-block-paragraph\">La violencia contra las mujeres es una violaci\u00f3n grave de los derechos humanos y es el Estado el que tiene la responsabilidad de proteger a las mujeres de la violencia de g\u00e9nero. Aunque los hombres y ni\u00f1os pueden tambi\u00e9n ser v\u00edctimas de violencia sexual, son las mujeres y ni\u00f1as las que se ven afectadas de forma abrumadora.<\/p>\n\n\n\n<p class=\"wp-block-paragraph\">Las mujeres tambi\u00e9n son objeto de discriminaci\u00f3n laboral. Lo podemos ver analizando la llamada brecha salarial de g\u00e9nero. Recibir el mismo salario por el mismo trabajo es un derecho humano, pero una y otra vez, se niega a las mujeres el acceso a un salario justo e igual. Algunas cifras recientes muestran que las mujeres ganan en la actualidad alrededor del 77% de lo que ganan los hombres por el mismo trabajo.<\/p>\n\n\n\n<blockquote class=\"wp-block-quote is-layout-flow wp-block-quote-is-layout-flow\">\n<p class=\"wp-block-paragraph\">Y eso ocurre tanto en Espa\u00f1a como en otros pa\u00edses. La discriminaci\u00f3n de la mujer sigue siendo una aplastante realidad y por eso queda mucho camino por recorrer. Desde Amnist\u00eda Internacional estamos implicados en esta lucha. De hecho, en el grupo de Ja\u00e9n, lo consideramos, junto con la inmigraci\u00f3n, como uno de nuestros objetivos prioritarios. No se puede excluir a media humanidad del avance del mundo. Ambos somos parte de este planeta y ambos nos encontramos implicados en el. Las mujeres se encuentran, como indica el lema de este a\u00f1o, juntas contra el odio. Queremos, que mujeres y hombres, seamos iguales hoy, ma\u00f1ana y siempre.<\/p>\n<\/blockquote>\n","protected":false},"excerpt":{"rendered":"<p>ESTE 8M V\u00cdSTETE DE FEMINISMO. JUNTAS CONTRA EL ODIO.<\/p>\n","protected":false},"author":39,"featured_media":5185,"comment_status":"open","ping_status":"open","sticky":false,"template":"","format":"standard","meta":{"_acf_changed":false,"footnotes":"","_members_access_role":[],"_members_access_error":""},"categories":[92],"tags":[],"class_list":["post-5184","post","type-post","status-publish","format-standard","has-post-thumbnail","hentry","category-andalucia"],"acf":[],"yoast_head":"<!-- This site is optimized with the Yoast SEO plugin v28.2 - https:\/\/yoast.com\/product\/yoast-seo-wordpress\/ -->\n<title>Discriminaci\u00f3n de la mujer. - Andaluc\u00eda<\/title>\n<meta name=\"robots\" content=\"index, follow, max-snippet:-1, max-image-preview:large, max-video-preview:-1\" \/>\n<link rel=\"canonical\" href=\"https:\/\/blogs.es.amnesty.org\/andalucia\/2026\/03\/07\/discriminacion-de-la-mujer\/\" \/>\n<meta property=\"og:locale\" content=\"es_ES\" \/>\n<meta property=\"og:type\" content=\"article\" \/>\n<meta property=\"og:title\" content=\"Discriminaci\u00f3n de la mujer. - Andaluc\u00eda\" \/>\n<meta property=\"og:description\" content=\"ESTE 8M V\u00cdSTETE DE FEMINISMO. JUNTAS CONTRA EL ODIO.\" \/>\n<meta property=\"og:url\" content=\"https:\/\/blogs.es.amnesty.org\/andalucia\/2026\/03\/07\/discriminacion-de-la-mujer\/\" \/>\n<meta property=\"og:site_name\" content=\"Andaluc\u00eda\" \/>\n<meta property=\"article:published_time\" content=\"2026-03-07T20:31:12+00:00\" \/>\n<meta property=\"article:modified_time\" content=\"2026-03-07T20:31:13+00:00\" \/>\n<meta property=\"og:image\" content=\"http:\/\/blogs.es.amnesty.org\/files\/uploads\/sites\/8\/2026\/03\/cartel-8M.jpg\" \/>\n\t<meta property=\"og:image:width\" content=\"1170\" \/>\n\t<meta property=\"og:image:height\" content=\"1550\" \/>\n\t<meta property=\"og:image:type\" content=\"image\/jpeg\" \/>\n<meta name=\"author\" content=\"Amnistia Internacional Andaluc\u00eda\" \/>\n<meta name=\"twitter:card\" content=\"summary_large_image\" \/>\n<meta name=\"twitter:label1\" content=\"Escrito por\" \/>\n\t<meta name=\"twitter:data1\" content=\"Amnistia Internacional Andaluc\u00eda\" \/>\n\t<meta name=\"twitter:label2\" content=\"Tiempo de lectura\" \/>\n\t<meta name=\"twitter:data2\" content=\"3 minutos\" \/>\n<script type=\"application\/ld+json\" class=\"yoast-schema-graph\">{\"@context\":\"https:\\\/\\\/schema.org\",\"@graph\":[{\"@type\":\"Article\",\"@id\":\"https:\\\/\\\/blogs.es.amnesty.org\\\/andalucia\\\/2026\\\/03\\\/07\\\/discriminacion-de-la-mujer\\\/#article\",\"isPartOf\":{\"@id\":\"https:\\\/\\\/blogs.es.amnesty.org\\\/andalucia\\\/2026\\\/03\\\/07\\\/discriminacion-de-la-mujer\\\/\"},\"author\":{\"name\":\"Amnistia Internacional Andaluc\u00eda\",\"@id\":\"https:\\\/\\\/blogs.es.amnesty.org\\\/andalucia\\\/#\\\/schema\\\/person\\\/af4da7a0f65663eebce577f3ff83e652\"},\"headline\":\"Discriminaci\u00f3n de la mujer.\",\"datePublished\":\"2026-03-07T20:31:12+00:00\",\"dateModified\":\"2026-03-07T20:31:13+00:00\",\"mainEntityOfPage\":{\"@id\":\"https:\\\/\\\/blogs.es.amnesty.org\\\/andalucia\\\/2026\\\/03\\\/07\\\/discriminacion-de-la-mujer\\\/\"},\"wordCount\":697,\"commentCount\":0,\"image\":{\"@id\":\"https:\\\/\\\/blogs.es.amnesty.org\\\/andalucia\\\/2026\\\/03\\\/07\\\/discriminacion-de-la-mujer\\\/#primaryimage\"},\"thumbnailUrl\":\"https:\\\/\\\/blogs.es.amnesty.org\\\/files\\\/uploads\\\/sites\\\/8\\\/2026\\\/03\\\/cartel-8M.jpg\",\"articleSection\":[\"Andaluc\u00eda\"],\"inLanguage\":\"es\",\"potentialAction\":[{\"@type\":\"CommentAction\",\"name\":\"Comment\",\"target\":[\"https:\\\/\\\/blogs.es.amnesty.org\\\/andalucia\\\/2026\\\/03\\\/07\\\/discriminacion-de-la-mujer\\\/#respond\"]}]},{\"@type\":\"WebPage\",\"@id\":\"https:\\\/\\\/blogs.es.amnesty.org\\\/andalucia\\\/2026\\\/03\\\/07\\\/discriminacion-de-la-mujer\\\/\",\"url\":\"https:\\\/\\\/blogs.es.amnesty.org\\\/andalucia\\\/2026\\\/03\\\/07\\\/discriminacion-de-la-mujer\\\/\",\"name\":\"Discriminaci\u00f3n de la mujer. - Andaluc\u00eda\",\"isPartOf\":{\"@id\":\"https:\\\/\\\/blogs.es.amnesty.org\\\/andalucia\\\/#website\"},\"primaryImageOfPage\":{\"@id\":\"https:\\\/\\\/blogs.es.amnesty.org\\\/andalucia\\\/2026\\\/03\\\/07\\\/discriminacion-de-la-mujer\\\/#primaryimage\"},\"image\":{\"@id\":\"https:\\\/\\\/blogs.es.amnesty.org\\\/andalucia\\\/2026\\\/03\\\/07\\\/discriminacion-de-la-mujer\\\/#primaryimage\"},\"thumbnailUrl\":\"https:\\\/\\\/blogs.es.amnesty.org\\\/files\\\/uploads\\\/sites\\\/8\\\/2026\\\/03\\\/cartel-8M.jpg\",\"datePublished\":\"2026-03-07T20:31:12+00:00\",\"dateModified\":\"2026-03-07T20:31:13+00:00\",\"author\":{\"@id\":\"https:\\\/\\\/blogs.es.amnesty.org\\\/andalucia\\\/#\\\/schema\\\/person\\\/af4da7a0f65663eebce577f3ff83e652\"},\"breadcrumb\":{\"@id\":\"https:\\\/\\\/blogs.es.amnesty.org\\\/andalucia\\\/2026\\\/03\\\/07\\\/discriminacion-de-la-mujer\\\/#breadcrumb\"},\"inLanguage\":\"es\",\"potentialAction\":[{\"@type\":\"ReadAction\",\"target\":[\"https:\\\/\\\/blogs.es.amnesty.org\\\/andalucia\\\/2026\\\/03\\\/07\\\/discriminacion-de-la-mujer\\\/\"]}]},{\"@type\":\"ImageObject\",\"inLanguage\":\"es\",\"@id\":\"https:\\\/\\\/blogs.es.amnesty.org\\\/andalucia\\\/2026\\\/03\\\/07\\\/discriminacion-de-la-mujer\\\/#primaryimage\",\"url\":\"https:\\\/\\\/blogs.es.amnesty.org\\\/files\\\/uploads\\\/sites\\\/8\\\/2026\\\/03\\\/cartel-8M.jpg\",\"contentUrl\":\"https:\\\/\\\/blogs.es.amnesty.org\\\/files\\\/uploads\\\/sites\\\/8\\\/2026\\\/03\\\/cartel-8M.jpg\",\"width\":1170,\"height\":1550},{\"@type\":\"BreadcrumbList\",\"@id\":\"https:\\\/\\\/blogs.es.amnesty.org\\\/andalucia\\\/2026\\\/03\\\/07\\\/discriminacion-de-la-mujer\\\/#breadcrumb\",\"itemListElement\":[{\"@type\":\"ListItem\",\"position\":1,\"name\":\"Portada\",\"item\":\"https:\\\/\\\/blogs.es.amnesty.org\\\/andalucia\\\/\"},{\"@type\":\"ListItem\",\"position\":2,\"name\":\"Discriminaci\u00f3n de la mujer.\"}]},{\"@type\":\"WebSite\",\"@id\":\"https:\\\/\\\/blogs.es.amnesty.org\\\/andalucia\\\/#website\",\"url\":\"https:\\\/\\\/blogs.es.amnesty.org\\\/andalucia\\\/\",\"name\":\"Andaluc\u00eda\",\"description\":\"Blog de Amnist\u00eda Internacional Andaluc\u00eda\",\"potentialAction\":[{\"@type\":\"SearchAction\",\"target\":{\"@type\":\"EntryPoint\",\"urlTemplate\":\"https:\\\/\\\/blogs.es.amnesty.org\\\/andalucia\\\/?s={search_term_string}\"},\"query-input\":{\"@type\":\"PropertyValueSpecification\",\"valueRequired\":true,\"valueName\":\"search_term_string\"}}],\"inLanguage\":\"es\"},{\"@type\":\"Person\",\"@id\":\"https:\\\/\\\/blogs.es.amnesty.org\\\/andalucia\\\/#\\\/schema\\\/person\\\/af4da7a0f65663eebce577f3ff83e652\",\"name\":\"Amnistia Internacional Andaluc\u00eda\",\"image\":{\"@type\":\"ImageObject\",\"inLanguage\":\"es\",\"@id\":\"https:\\\/\\\/secure.gravatar.com\\\/avatar\\\/aaf22604dc5cd5a1c2fc8602da3f4d678adf4f4d2b36f078916b108c75b4572b?s=96&d=mm&r=g\",\"url\":\"https:\\\/\\\/secure.gravatar.com\\\/avatar\\\/aaf22604dc5cd5a1c2fc8602da3f4d678adf4f4d2b36f078916b108c75b4572b?s=96&d=mm&r=g\",\"contentUrl\":\"https:\\\/\\\/secure.gravatar.com\\\/avatar\\\/aaf22604dc5cd5a1c2fc8602da3f4d678adf4f4d2b36f078916b108c75b4572b?s=96&d=mm&r=g\",\"caption\":\"Amnistia Internacional Andaluc\u00eda\"},\"sameAs\":[\"https:\\\/\\\/www.instagram.com\\\/amnistia_andalucia\\\/\",\"https:\\\/\\\/www.youtube.com\\\/channel\\\/UCZAB9s-PaxKw5AsgKeJY4Cg\"],\"url\":\"https:\\\/\\\/blogs.es.amnesty.org\\\/andalucia\\\/autor\\\/andalucia\\\/\"}]}<\/script>\n<!-- \/ Yoast SEO plugin. -->","yoast_head_json":{"title":"Discriminaci\u00f3n de la mujer. - Andaluc\u00eda","robots":{"index":"index","follow":"follow","max-snippet":"max-snippet:-1","max-image-preview":"max-image-preview:large","max-video-preview":"max-video-preview:-1"},"canonical":"https:\/\/blogs.es.amnesty.org\/andalucia\/2026\/03\/07\/discriminacion-de-la-mujer\/","og_locale":"es_ES","og_type":"article","og_title":"Discriminaci\u00f3n de la mujer. - Andaluc\u00eda","og_description":"ESTE 8M V\u00cdSTETE DE FEMINISMO. JUNTAS CONTRA EL ODIO.","og_url":"https:\/\/blogs.es.amnesty.org\/andalucia\/2026\/03\/07\/discriminacion-de-la-mujer\/","og_site_name":"Andaluc\u00eda","article_published_time":"2026-03-07T20:31:12+00:00","article_modified_time":"2026-03-07T20:31:13+00:00","og_image":[{"width":1170,"height":1550,"url":"http:\/\/blogs.es.amnesty.org\/files\/uploads\/sites\/8\/2026\/03\/cartel-8M.jpg","type":"image\/jpeg"}],"author":"Amnistia Internacional Andaluc\u00eda","twitter_card":"summary_large_image","twitter_misc":{"Escrito por":"Amnistia Internacional Andaluc\u00eda","Tiempo de lectura":"3 minutos"},"schema":{"@context":"https:\/\/schema.org","@graph":[{"@type":"Article","@id":"https:\/\/blogs.es.amnesty.org\/andalucia\/2026\/03\/07\/discriminacion-de-la-mujer\/#article","isPartOf":{"@id":"https:\/\/blogs.es.amnesty.org\/andalucia\/2026\/03\/07\/discriminacion-de-la-mujer\/"},"author":{"name":"Amnistia Internacional Andaluc\u00eda","@id":"https:\/\/blogs.es.amnesty.org\/andalucia\/#\/schema\/person\/af4da7a0f65663eebce577f3ff83e652"},"headline":"Discriminaci\u00f3n de la mujer.","datePublished":"2026-03-07T20:31:12+00:00","dateModified":"2026-03-07T20:31:13+00:00","mainEntityOfPage":{"@id":"https:\/\/blogs.es.amnesty.org\/andalucia\/2026\/03\/07\/discriminacion-de-la-mujer\/"},"wordCount":697,"commentCount":0,"image":{"@id":"https:\/\/blogs.es.amnesty.org\/andalucia\/2026\/03\/07\/discriminacion-de-la-mujer\/#primaryimage"},"thumbnailUrl":"https:\/\/blogs.es.amnesty.org\/files\/uploads\/sites\/8\/2026\/03\/cartel-8M.jpg","articleSection":["Andaluc\u00eda"],"inLanguage":"es","potentialAction":[{"@type":"CommentAction","name":"Comment","target":["https:\/\/blogs.es.amnesty.org\/andalucia\/2026\/03\/07\/discriminacion-de-la-mujer\/#respond"]}]},{"@type":"WebPage","@id":"https:\/\/blogs.es.amnesty.org\/andalucia\/2026\/03\/07\/discriminacion-de-la-mujer\/","url":"https:\/\/blogs.es.amnesty.org\/andalucia\/2026\/03\/07\/discriminacion-de-la-mujer\/","name":"Discriminaci\u00f3n de la mujer. - Andaluc\u00eda","isPartOf":{"@id":"https:\/\/blogs.es.amnesty.org\/andalucia\/#website"},"primaryImageOfPage":{"@id":"https:\/\/blogs.es.amnesty.org\/andalucia\/2026\/03\/07\/discriminacion-de-la-mujer\/#primaryimage"},"image":{"@id":"https:\/\/blogs.es.amnesty.org\/andalucia\/2026\/03\/07\/discriminacion-de-la-mujer\/#primaryimage"},"thumbnailUrl":"https:\/\/blogs.es.amnesty.org\/files\/uploads\/sites\/8\/2026\/03\/cartel-8M.jpg","datePublished":"2026-03-07T20:31:12+00:00","dateModified":"2026-03-07T20:31:13+00:00","author":{"@id":"https:\/\/blogs.es.amnesty.org\/andalucia\/#\/schema\/person\/af4da7a0f65663eebce577f3ff83e652"},"breadcrumb":{"@id":"https:\/\/blogs.es.amnesty.org\/andalucia\/2026\/03\/07\/discriminacion-de-la-mujer\/#breadcrumb"},"inLanguage":"es","potentialAction":[{"@type":"ReadAction","target":["https:\/\/blogs.es.amnesty.org\/andalucia\/2026\/03\/07\/discriminacion-de-la-mujer\/"]}]},{"@type":"ImageObject","inLanguage":"es","@id":"https:\/\/blogs.es.amnesty.org\/andalucia\/2026\/03\/07\/discriminacion-de-la-mujer\/#primaryimage","url":"https:\/\/blogs.es.amnesty.org\/files\/uploads\/sites\/8\/2026\/03\/cartel-8M.jpg","contentUrl":"https:\/\/blogs.es.amnesty.org\/files\/uploads\/sites\/8\/2026\/03\/cartel-8M.jpg","width":1170,"height":1550},{"@type":"BreadcrumbList","@id":"https:\/\/blogs.es.amnesty.org\/andalucia\/2026\/03\/07\/discriminacion-de-la-mujer\/#breadcrumb","itemListElement":[{"@type":"ListItem","position":1,"name":"Portada","item":"https:\/\/blogs.es.amnesty.org\/andalucia\/"},{"@type":"ListItem","position":2,"name":"Discriminaci\u00f3n de la mujer."}]},{"@type":"WebSite","@id":"https:\/\/blogs.es.amnesty.org\/andalucia\/#website","url":"https:\/\/blogs.es.amnesty.org\/andalucia\/","name":"Andaluc\u00eda","description":"Blog de Amnist\u00eda Internacional Andaluc\u00eda","potentialAction":[{"@type":"SearchAction","target":{"@type":"EntryPoint","urlTemplate":"https:\/\/blogs.es.amnesty.org\/andalucia\/?s={search_term_string}"},"query-input":{"@type":"PropertyValueSpecification","valueRequired":true,"valueName":"search_term_string"}}],"inLanguage":"es"},{"@type":"Person","@id":"https:\/\/blogs.es.amnesty.org\/andalucia\/#\/schema\/person\/af4da7a0f65663eebce577f3ff83e652","name":"Amnistia Internacional Andaluc\u00eda","image":{"@type":"ImageObject","inLanguage":"es","@id":"https:\/\/secure.gravatar.com\/avatar\/aaf22604dc5cd5a1c2fc8602da3f4d678adf4f4d2b36f078916b108c75b4572b?s=96&d=mm&r=g","url":"https:\/\/secure.gravatar.com\/avatar\/aaf22604dc5cd5a1c2fc8602da3f4d678adf4f4d2b36f078916b108c75b4572b?s=96&d=mm&r=g","contentUrl":"https:\/\/secure.gravatar.com\/avatar\/aaf22604dc5cd5a1c2fc8602da3f4d678adf4f4d2b36f078916b108c75b4572b?s=96&d=mm&r=g","caption":"Amnistia Internacional Andaluc\u00eda"},"sameAs":["https:\/\/www.instagram.com\/amnistia_andalucia\/","https:\/\/www.youtube.com\/channel\/UCZAB9s-PaxKw5AsgKeJY4Cg"],"url":"https:\/\/blogs.es.amnesty.org\/andalucia\/autor\/andalucia\/"}]}},"_links":{"self":[{"href":"https:\/\/blogs.es.amnesty.org\/andalucia\/wp-json\/wp\/v2\/posts\/5184","targetHints":{"allow":["GET"]}}],"collection":[{"href":"https:\/\/blogs.es.amnesty.org\/andalucia\/wp-json\/wp\/v2\/posts"}],"about":[{"href":"https:\/\/blogs.es.amnesty.org\/andalucia\/wp-json\/wp\/v2\/types\/post"}],"author":[{"embeddable":true,"href":"https:\/\/blogs.es.amnesty.org\/andalucia\/wp-json\/wp\/v2\/users\/39"}],"replies":[{"embeddable":true,"href":"https:\/\/blogs.es.amnesty.org\/andalucia\/wp-json\/wp\/v2\/comments?post=5184"}],"version-history":[{"count":0,"href":"https:\/\/blogs.es.amnesty.org\/andalucia\/wp-json\/wp\/v2\/posts\/5184\/revisions"}],"wp:featuredmedia":[{"embeddable":true,"href":"https:\/\/blogs.es.amnesty.org\/andalucia\/wp-json\/wp\/v2\/media\/5185"}],"wp:attachment":[{"href":"https:\/\/blogs.es.amnesty.org\/andalucia\/wp-json\/wp\/v2\/media?parent=5184"}],"wp:term":[{"taxonomy":"category","embeddable":true,"href":"https:\/\/blogs.es.amnesty.org\/andalucia\/wp-json\/wp\/v2\/categories?post=5184"},{"taxonomy":"post_tag","embeddable":true,"href":"https:\/\/blogs.es.amnesty.org\/andalucia\/wp-json\/wp\/v2\/tags?post=5184"}],"curies":[{"name":"wp","href":"https:\/\/api.w.org\/{rel}","templated":true}]}}