{"id":1076,"date":"2022-11-11T08:27:06","date_gmt":"2022-11-11T08:27:06","guid":{"rendered":"https:\/\/blogs.es.amnesty.org\/castilla-leon\/?p=1076"},"modified":"2022-11-11T08:27:07","modified_gmt":"2022-11-11T08:27:07","slug":"asegurar-el-derecho-a-la-salud-y-a-la-atencion-primaria","status":"publish","type":"post","link":"https:\/\/blogs.es.amnesty.org\/castilla-leon\/2022\/11\/11\/asegurar-el-derecho-a-la-salud-y-a-la-atencion-primaria\/","title":{"rendered":"Asegurar el derecho a la salud y a la atenci\u00f3n primaria"},"content":{"rendered":"\n<p class=\"wp-block-paragraph\">Amnist\u00eda Internacional de Castilla y Le\u00f3n pide que se contemplen en los Presupuestos Generales de la Comunidad Aut\u00f3noma para 2023 un incremento del porcentaje del gasto sanitario a la Atenci\u00f3n Primaria.<\/p>\n\n\n\n<p class=\"wp-block-paragraph\"><strong>La Atenci\u00f3n Primaria<\/strong><\/p>\n\n\n\n<p class=\"wp-block-paragraph\">La Organizaci\u00f3n Mundial de la Salud (OMS) estima que <strong>la atenci\u00f3n primaria puede satisfacer m\u00e1s del 70% de las necesidades de salud de las personas<\/strong> a lo largo de su vida.<\/p>\n\n\n\n<p class=\"wp-block-paragraph\">Diversos estudios han destacado que los sistemas de salud basados en una atenci\u00f3n primaria fuerte <strong>garantizan niveles de salud m\u00e1s altos a la poblaci\u00f3n, son m\u00e1s equitativos y eficientes en el uso de recursos y disminuyen las desigualdades y la mortalidad<\/strong>.<\/p>\n\n\n\n<p class=\"wp-block-paragraph\"><strong>Situaci\u00f3n en Espa\u00f1a<\/strong><\/p>\n\n\n\n<p class=\"wp-block-paragraph\">En el Estado espa\u00f1ol, las medidas de austeridad adoptadas durante la crisis econ\u00f3mica a partir de 2008 supusieron una fuerte desinversi\u00f3n en el sistema sanitario, que <strong>no se ha recuperado tras la crisis<\/strong>. El porcentaje que representa el <strong>gasto sanitario p\u00fablico de Espa\u00f1a del PIB, un 6,4%<\/strong> \u2013seg\u00fan fechas publicadas en 2018\u2013 est\u00e1 muy alejado del porcentaje de inversi\u00f3n que dedican pa\u00edses como Alemania (9,7%), Francia (9,4%), Suecia (9,3%), Dinamarca (8,5%) y Pa\u00edses Bajos (8,2%).<\/p>\n\n\n\n<p class=\"wp-block-paragraph\">La <strong>OMS<\/strong> ha instado a los Estados desde hace a\u00f1os a basar los sistemas de salud en una s\u00f3lida atenci\u00f3n primaria, <strong>recomendando que el porcentaje de inversi\u00f3n en ese nivel asistencial sea de un 25% del presupuesto sanitario<\/strong>, evitando la inversi\u00f3n de forma desproporcionada en la atenci\u00f3n especializada.&nbsp; Sin embargo, en Espa\u00f1a el porcentaje de gasto que representa la atenci\u00f3n primaria respecto al gasto sanitario p\u00fablico <strong>total ha bajado del 14,3% en 2009 al 13,9% en 2018.<\/strong><\/p>\n\n\n\n<p class=\"wp-block-paragraph\"><strong>Las cifras de Castilla y Le\u00f3n<\/strong><\/p>\n\n\n\n<p class=\"wp-block-paragraph\"><strong>El porcentaje de gasto en atenci\u00f3n primaria de la Comunidad Aut\u00f3noma de Castilla y Le\u00f3n, dentro del gasto sanitario total, pr\u00e1cticamente no ha variado<\/strong> entre los a\u00f1os 2010 y 2020: si en 2010 dicho porcentaje era del 16,5 % del gasto sanitario total, en 2020 era ligeramente inferior, un <strong>16,1 %<\/strong>.<\/p>\n\n\n\n<p class=\"wp-block-paragraph\">A d\u00eda de hoy, la Comunidad Aut\u00f3noma de <strong>Castilla y Le\u00f3n est\u00e1 muy lejos de cumplir con las recomendaciones internacionales<\/strong> en materia de inversi\u00f3n en atenci\u00f3n primaria. En este sentido, <strong>Amnist\u00eda Internacional manifiesta su satisfacci\u00f3n por la declaraci\u00f3n de intenciones<\/strong>, manifestada por el Consejero de Sanidad al inicio de la legislatura, de realizar un esfuerzo presupuestario para que, <strong>al menos, la Comunidad Aut\u00f3noma llegue a destinar un 20 % de su gasto sanitario a la atenci\u00f3n primaria<\/strong>.<\/p>\n\n\n\n<p class=\"wp-block-paragraph\"><br>Aunque de llegar a <strong>ese porcentaje a\u00fan ser\u00eda insuficiente<\/strong> hay que a\u00f1adir que dicho compromiso solamente <strong>ser\u00e1 cre\u00edble si en los presupuestos de cada a\u00f1o<\/strong> (empezando ya, por consiguiente, con el Proyecto de Presupuestos de 2023) <strong>se establecen medidas extraordinarias de inversi\u00f3n y gasto<\/strong> en el reforzamiento de la atenci\u00f3n primaria, que permitan alcanzar el objetivo propuesto. Si no, en ausencia de tales inversiones extraordinarias, el deterioro experimentado durante la \u00faltima d\u00e9cada permanecer\u00e1 y no podr\u00e1 ser revertido.\u00a0<\/p>\n\n\n\n<p class=\"wp-block-paragraph\">Parece evidente que <strong>no existe, en el Proyecto de Presupuestos, un compromiso efectivo<\/strong> con el objetivo de reforzar de manera contundente el sistema de atenci\u00f3n primaria de la Comunidad.<\/p>\n\n\n\n<p class=\"wp-block-paragraph\"><strong>Por todo lo anterior, Amnist\u00eda Internacional recomienda:<\/strong><\/p>\n\n\n\n<p class=\"wp-block-paragraph\">&#8211;&nbsp;Llevar a cabo una <strong>inversi\u00f3n por encima de lo presupuestado inicialmente para este a\u00f1o y para el a\u00f1o 2023<\/strong>, con la finalidad de reforzar las <strong>plantillas<\/strong> de la atenci\u00f3n primaria e incrementar la inversi\u00f3n en <strong>infraestructuras y recursos materiales en los centros de atenci\u00f3n primaria<\/strong>.<\/p>\n\n\n\n<p class=\"wp-block-paragraph\">&#8211; <strong>Duplicar la inversi\u00f3n destinada a la atenci\u00f3n primaria durante los pr\u00f3ximos a\u00f1os<\/strong> para recuperar el peso perdido en este nivel asistencial, hasta llegar a alcanzar el objetivo de que, a finales de la actual legislatura (es decir, en <strong>2026<\/strong>), el 25 % del gasto sanitario efectivo de la Comunidad Aut\u00f3noma se destine a atenci\u00f3n primaria.<\/p>\n\n\n\n<p class=\"wp-block-paragraph\">&#8211; <strong>Publicar sus Planes de atenci\u00f3n primaria con acciones y presupuesto para asegurar el cumplimiento del Plan de Acci\u00f3n de Atenci\u00f3n Primaria y Comunitaria 2022-2023<\/strong> aprobado por el Consejo Interterritorial del Sistema Nacional de Salud.<\/p>\n\n\n\n<p class=\"wp-block-paragraph\"><strong>Amnist\u00eda Internacional Castilla y Le\u00f3n ha enviado a los\/as procuradores\/as de la Comisi\u00f3n de Econom\u00eda y Hacienda de las Cortes<\/strong> este mensaje:<\/p>\n\n\n\n<p class=\"wp-block-paragraph\">\u201cEn vistas de la actual tramitaci\u00f3n en las Cortes de Castilla y Le\u00f3n del Proyecto de <strong>Presupuestos Generales de la Comunidad Aut\u00f3noma para el a\u00f1o 2023<\/strong>, desde Amnist\u00eda Internacional de Castilla y Le\u00f3n solicitamos a los grupos parlamentarios la <strong>presentaci\u00f3n de las enmiendas indicadas abajo<\/strong> antes de la fecha se\u00f1alada para su aceptaci\u00f3n, <strong>el&nbsp;18 de Noviembre&nbsp;de 2022<\/strong>, con el fin de acomodar las partidas presupuestarias con los objetivos se\u00f1alados para la legislatura as\u00ed como las recomendaciones internacionales de derechos humanos en materia de Atenci\u00f3n Primaria:<br><br>&nbsp;&nbsp;&nbsp;&#8211;&nbsp; Enmienda al presupuesto previsto para la Gerencia Regional de Salud, dentro del Proyecto de Presupuestos, <strong>requiriendo un incremento del porcentaje de gasto destinado a Atenci\u00f3n Primaria<\/strong> (Programa 312A &#8211; Subprograma 312A01) que se concrete en Gastos de <strong>personal<\/strong> (Subconcepto 1) e <strong>Inversiones reales<\/strong> (Subconcepto 6).<br><br>&nbsp;&nbsp;&#8211; &nbsp; A\u00f1adir una Disposici\u00f3n Adicional en el Proyecto de Ley de Presupuestos que <strong>comprometa al Gobierno auton\u00f3mico<\/strong> a presentar durante el pr\u00f3ximo a\u00f1o 2023 un Plan plurianual de gasto e inversi\u00f3n en Atenci\u00f3n sanitaria primaria, a fin de garantizar <strong>que al t\u00e9rmino de la legislatura se haya alcanzado el objetivo de destinar el 25% del gasto sanitario efectivo de la Comunidad Aut\u00f3noma a la Atenci\u00f3n Primaria<\/strong>.<\/p>\n","protected":false},"excerpt":{"rendered":"<p>Recomendaciones al Proyecto de Presupuestos Generales para el a\u00f1o 2023<\/p>\n","protected":false},"author":41,"featured_media":1077,"comment_status":"open","ping_status":"open","sticky":false,"template":"","format":"standard","meta":{"_acf_changed":false,"footnotes":"","_members_access_role":[],"_members_access_error":""},"categories":[29,47],"tags":[],"class_list":["post-1076","post","type-post","status-publish","format-standard","has-post-thumbnail","hentry","category-recomendaciones-legislativas","category-sanidad"],"acf":[],"yoast_head":"<!-- This site is optimized with the Yoast SEO plugin v28.2 - https:\/\/yoast.com\/product\/yoast-seo-wordpress\/ -->\n<title>Asegurar el derecho a la salud y a la atenci\u00f3n primaria - Castilla y Le\u00f3n<\/title>\n<meta name=\"robots\" content=\"index, follow, max-snippet:-1, max-image-preview:large, max-video-preview:-1\" \/>\n<link rel=\"canonical\" href=\"https:\/\/blogs.es.amnesty.org\/castilla-leon\/2022\/11\/11\/asegurar-el-derecho-a-la-salud-y-a-la-atencion-primaria\/\" \/>\n<meta property=\"og:locale\" content=\"es_ES\" \/>\n<meta property=\"og:type\" content=\"article\" \/>\n<meta property=\"og:title\" content=\"Asegurar el derecho a la salud y a la atenci\u00f3n primaria - Castilla y Le\u00f3n\" \/>\n<meta property=\"og:description\" content=\"Recomendaciones al Proyecto de Presupuestos Generales para el a\u00f1o 2023\" \/>\n<meta property=\"og:url\" content=\"https:\/\/blogs.es.amnesty.org\/castilla-leon\/2022\/11\/11\/asegurar-el-derecho-a-la-salud-y-a-la-atencion-primaria\/\" \/>\n<meta property=\"og:site_name\" content=\"Castilla y Le\u00f3n\" \/>\n<meta property=\"article:published_time\" content=\"2022-11-11T08:27:06+00:00\" \/>\n<meta property=\"article:modified_time\" content=\"2022-11-11T08:27:07+00:00\" \/>\n<meta property=\"og:image\" content=\"https:\/\/blogs.es.amnesty.org\/files\/uploads\/sites\/10\/2022\/11\/Diseno-sin-titulo.jpg\" \/>\n\t<meta property=\"og:image:width\" content=\"1920\" \/>\n\t<meta property=\"og:image:height\" content=\"1080\" \/>\n\t<meta property=\"og:image:type\" content=\"image\/jpeg\" \/>\n<meta name=\"author\" content=\"AI Castilla y Le\u00f3n\" \/>\n<meta name=\"twitter:card\" content=\"summary_large_image\" \/>\n<meta name=\"twitter:label1\" content=\"Escrito por\" \/>\n\t<meta name=\"twitter:data1\" content=\"AI Castilla y Le\u00f3n\" \/>\n\t<meta name=\"twitter:label2\" content=\"Tiempo de lectura\" \/>\n\t<meta name=\"twitter:data2\" content=\"5 minutos\" \/>\n<script type=\"application\/ld+json\" class=\"yoast-schema-graph\">{\"@context\":\"https:\\\/\\\/schema.org\",\"@graph\":[{\"@type\":\"Article\",\"@id\":\"https:\\\/\\\/blogs.es.amnesty.org\\\/castilla-leon\\\/2022\\\/11\\\/11\\\/asegurar-el-derecho-a-la-salud-y-a-la-atencion-primaria\\\/#article\",\"isPartOf\":{\"@id\":\"https:\\\/\\\/blogs.es.amnesty.org\\\/castilla-leon\\\/2022\\\/11\\\/11\\\/asegurar-el-derecho-a-la-salud-y-a-la-atencion-primaria\\\/\"},\"author\":{\"name\":\"AI Castilla y Le\u00f3n\",\"@id\":\"https:\\\/\\\/blogs.es.amnesty.org\\\/castilla-leon\\\/#\\\/schema\\\/person\\\/72c02e2f7c0653ba4613756a4f42e5f0\"},\"headline\":\"Asegurar el derecho a la salud y a la atenci\u00f3n primaria\",\"datePublished\":\"2022-11-11T08:27:06+00:00\",\"dateModified\":\"2022-11-11T08:27:07+00:00\",\"mainEntityOfPage\":{\"@id\":\"https:\\\/\\\/blogs.es.amnesty.org\\\/castilla-leon\\\/2022\\\/11\\\/11\\\/asegurar-el-derecho-a-la-salud-y-a-la-atencion-primaria\\\/\"},\"wordCount\":954,\"commentCount\":0,\"image\":{\"@id\":\"https:\\\/\\\/blogs.es.amnesty.org\\\/castilla-leon\\\/2022\\\/11\\\/11\\\/asegurar-el-derecho-a-la-salud-y-a-la-atencion-primaria\\\/#primaryimage\"},\"thumbnailUrl\":\"https:\\\/\\\/blogs.es.amnesty.org\\\/files\\\/uploads\\\/sites\\\/10\\\/2022\\\/11\\\/Diseno-sin-titulo.jpg\",\"articleSection\":[\"Recomendaciones legislativas\",\"Sanidad\"],\"inLanguage\":\"es\",\"potentialAction\":[{\"@type\":\"CommentAction\",\"name\":\"Comment\",\"target\":[\"https:\\\/\\\/blogs.es.amnesty.org\\\/castilla-leon\\\/2022\\\/11\\\/11\\\/asegurar-el-derecho-a-la-salud-y-a-la-atencion-primaria\\\/#respond\"]}]},{\"@type\":\"WebPage\",\"@id\":\"https:\\\/\\\/blogs.es.amnesty.org\\\/castilla-leon\\\/2022\\\/11\\\/11\\\/asegurar-el-derecho-a-la-salud-y-a-la-atencion-primaria\\\/\",\"url\":\"https:\\\/\\\/blogs.es.amnesty.org\\\/castilla-leon\\\/2022\\\/11\\\/11\\\/asegurar-el-derecho-a-la-salud-y-a-la-atencion-primaria\\\/\",\"name\":\"Asegurar el derecho a la salud y a la atenci\u00f3n primaria - Castilla y Le\u00f3n\",\"isPartOf\":{\"@id\":\"https:\\\/\\\/blogs.es.amnesty.org\\\/castilla-leon\\\/#website\"},\"primaryImageOfPage\":{\"@id\":\"https:\\\/\\\/blogs.es.amnesty.org\\\/castilla-leon\\\/2022\\\/11\\\/11\\\/asegurar-el-derecho-a-la-salud-y-a-la-atencion-primaria\\\/#primaryimage\"},\"image\":{\"@id\":\"https:\\\/\\\/blogs.es.amnesty.org\\\/castilla-leon\\\/2022\\\/11\\\/11\\\/asegurar-el-derecho-a-la-salud-y-a-la-atencion-primaria\\\/#primaryimage\"},\"thumbnailUrl\":\"https:\\\/\\\/blogs.es.amnesty.org\\\/files\\\/uploads\\\/sites\\\/10\\\/2022\\\/11\\\/Diseno-sin-titulo.jpg\",\"datePublished\":\"2022-11-11T08:27:06+00:00\",\"dateModified\":\"2022-11-11T08:27:07+00:00\",\"author\":{\"@id\":\"https:\\\/\\\/blogs.es.amnesty.org\\\/castilla-leon\\\/#\\\/schema\\\/person\\\/72c02e2f7c0653ba4613756a4f42e5f0\"},\"breadcrumb\":{\"@id\":\"https:\\\/\\\/blogs.es.amnesty.org\\\/castilla-leon\\\/2022\\\/11\\\/11\\\/asegurar-el-derecho-a-la-salud-y-a-la-atencion-primaria\\\/#breadcrumb\"},\"inLanguage\":\"es\",\"potentialAction\":[{\"@type\":\"ReadAction\",\"target\":[\"https:\\\/\\\/blogs.es.amnesty.org\\\/castilla-leon\\\/2022\\\/11\\\/11\\\/asegurar-el-derecho-a-la-salud-y-a-la-atencion-primaria\\\/\"]}]},{\"@type\":\"ImageObject\",\"inLanguage\":\"es\",\"@id\":\"https:\\\/\\\/blogs.es.amnesty.org\\\/castilla-leon\\\/2022\\\/11\\\/11\\\/asegurar-el-derecho-a-la-salud-y-a-la-atencion-primaria\\\/#primaryimage\",\"url\":\"https:\\\/\\\/blogs.es.amnesty.org\\\/files\\\/uploads\\\/sites\\\/10\\\/2022\\\/11\\\/Diseno-sin-titulo.jpg\",\"contentUrl\":\"https:\\\/\\\/blogs.es.amnesty.org\\\/files\\\/uploads\\\/sites\\\/10\\\/2022\\\/11\\\/Diseno-sin-titulo.jpg\",\"width\":1920,\"height\":1080,\"caption\":\"Presupuestos\"},{\"@type\":\"BreadcrumbList\",\"@id\":\"https:\\\/\\\/blogs.es.amnesty.org\\\/castilla-leon\\\/2022\\\/11\\\/11\\\/asegurar-el-derecho-a-la-salud-y-a-la-atencion-primaria\\\/#breadcrumb\",\"itemListElement\":[{\"@type\":\"ListItem\",\"position\":1,\"name\":\"Portada\",\"item\":\"https:\\\/\\\/blogs.es.amnesty.org\\\/castilla-leon\\\/\"},{\"@type\":\"ListItem\",\"position\":2,\"name\":\"Asegurar el derecho a la salud y a la atenci\u00f3n primaria\"}]},{\"@type\":\"WebSite\",\"@id\":\"https:\\\/\\\/blogs.es.amnesty.org\\\/castilla-leon\\\/#website\",\"url\":\"https:\\\/\\\/blogs.es.amnesty.org\\\/castilla-leon\\\/\",\"name\":\"Castilla y Le\u00f3n\",\"description\":\"Blog de Amnist\u00eda Internacional en Castilla y Le\u00f3n\",\"potentialAction\":[{\"@type\":\"SearchAction\",\"target\":{\"@type\":\"EntryPoint\",\"urlTemplate\":\"https:\\\/\\\/blogs.es.amnesty.org\\\/castilla-leon\\\/?s={search_term_string}\"},\"query-input\":{\"@type\":\"PropertyValueSpecification\",\"valueRequired\":true,\"valueName\":\"search_term_string\"}}],\"inLanguage\":\"es\"},{\"@type\":\"Person\",\"@id\":\"https:\\\/\\\/blogs.es.amnesty.org\\\/castilla-leon\\\/#\\\/schema\\\/person\\\/72c02e2f7c0653ba4613756a4f42e5f0\",\"name\":\"AI Castilla y Le\u00f3n\",\"image\":{\"@type\":\"ImageObject\",\"inLanguage\":\"es\",\"@id\":\"https:\\\/\\\/secure.gravatar.com\\\/avatar\\\/49824f30513cadad841c65412211570e575ce18e1ec799f652f2c085f1a695fc?s=96&d=mm&r=g\",\"url\":\"https:\\\/\\\/secure.gravatar.com\\\/avatar\\\/49824f30513cadad841c65412211570e575ce18e1ec799f652f2c085f1a695fc?s=96&d=mm&r=g\",\"contentUrl\":\"https:\\\/\\\/secure.gravatar.com\\\/avatar\\\/49824f30513cadad841c65412211570e575ce18e1ec799f652f2c085f1a695fc?s=96&d=mm&r=g\",\"caption\":\"AI Castilla y Le\u00f3n\"},\"url\":\"https:\\\/\\\/blogs.es.amnesty.org\\\/castilla-leon\\\/autor\\\/comunicacioncyl\\\/\"}]}<\/script>\n<!-- \/ Yoast SEO plugin. -->","yoast_head_json":{"title":"Asegurar el derecho a la salud y a la atenci\u00f3n primaria - Castilla y Le\u00f3n","robots":{"index":"index","follow":"follow","max-snippet":"max-snippet:-1","max-image-preview":"max-image-preview:large","max-video-preview":"max-video-preview:-1"},"canonical":"https:\/\/blogs.es.amnesty.org\/castilla-leon\/2022\/11\/11\/asegurar-el-derecho-a-la-salud-y-a-la-atencion-primaria\/","og_locale":"es_ES","og_type":"article","og_title":"Asegurar el derecho a la salud y a la atenci\u00f3n primaria - Castilla y Le\u00f3n","og_description":"Recomendaciones al Proyecto de Presupuestos Generales para el a\u00f1o 2023","og_url":"https:\/\/blogs.es.amnesty.org\/castilla-leon\/2022\/11\/11\/asegurar-el-derecho-a-la-salud-y-a-la-atencion-primaria\/","og_site_name":"Castilla y Le\u00f3n","article_published_time":"2022-11-11T08:27:06+00:00","article_modified_time":"2022-11-11T08:27:07+00:00","og_image":[{"width":1920,"height":1080,"url":"https:\/\/blogs.es.amnesty.org\/files\/uploads\/sites\/10\/2022\/11\/Diseno-sin-titulo.jpg","type":"image\/jpeg"}],"author":"AI Castilla y Le\u00f3n","twitter_card":"summary_large_image","twitter_misc":{"Escrito por":"AI Castilla y Le\u00f3n","Tiempo de lectura":"5 minutos"},"schema":{"@context":"https:\/\/schema.org","@graph":[{"@type":"Article","@id":"https:\/\/blogs.es.amnesty.org\/castilla-leon\/2022\/11\/11\/asegurar-el-derecho-a-la-salud-y-a-la-atencion-primaria\/#article","isPartOf":{"@id":"https:\/\/blogs.es.amnesty.org\/castilla-leon\/2022\/11\/11\/asegurar-el-derecho-a-la-salud-y-a-la-atencion-primaria\/"},"author":{"name":"AI Castilla y Le\u00f3n","@id":"https:\/\/blogs.es.amnesty.org\/castilla-leon\/#\/schema\/person\/72c02e2f7c0653ba4613756a4f42e5f0"},"headline":"Asegurar el derecho a la salud y a la atenci\u00f3n primaria","datePublished":"2022-11-11T08:27:06+00:00","dateModified":"2022-11-11T08:27:07+00:00","mainEntityOfPage":{"@id":"https:\/\/blogs.es.amnesty.org\/castilla-leon\/2022\/11\/11\/asegurar-el-derecho-a-la-salud-y-a-la-atencion-primaria\/"},"wordCount":954,"commentCount":0,"image":{"@id":"https:\/\/blogs.es.amnesty.org\/castilla-leon\/2022\/11\/11\/asegurar-el-derecho-a-la-salud-y-a-la-atencion-primaria\/#primaryimage"},"thumbnailUrl":"https:\/\/blogs.es.amnesty.org\/files\/uploads\/sites\/10\/2022\/11\/Diseno-sin-titulo.jpg","articleSection":["Recomendaciones legislativas","Sanidad"],"inLanguage":"es","potentialAction":[{"@type":"CommentAction","name":"Comment","target":["https:\/\/blogs.es.amnesty.org\/castilla-leon\/2022\/11\/11\/asegurar-el-derecho-a-la-salud-y-a-la-atencion-primaria\/#respond"]}]},{"@type":"WebPage","@id":"https:\/\/blogs.es.amnesty.org\/castilla-leon\/2022\/11\/11\/asegurar-el-derecho-a-la-salud-y-a-la-atencion-primaria\/","url":"https:\/\/blogs.es.amnesty.org\/castilla-leon\/2022\/11\/11\/asegurar-el-derecho-a-la-salud-y-a-la-atencion-primaria\/","name":"Asegurar el derecho a la salud y a la atenci\u00f3n primaria - Castilla y Le\u00f3n","isPartOf":{"@id":"https:\/\/blogs.es.amnesty.org\/castilla-leon\/#website"},"primaryImageOfPage":{"@id":"https:\/\/blogs.es.amnesty.org\/castilla-leon\/2022\/11\/11\/asegurar-el-derecho-a-la-salud-y-a-la-atencion-primaria\/#primaryimage"},"image":{"@id":"https:\/\/blogs.es.amnesty.org\/castilla-leon\/2022\/11\/11\/asegurar-el-derecho-a-la-salud-y-a-la-atencion-primaria\/#primaryimage"},"thumbnailUrl":"https:\/\/blogs.es.amnesty.org\/files\/uploads\/sites\/10\/2022\/11\/Diseno-sin-titulo.jpg","datePublished":"2022-11-11T08:27:06+00:00","dateModified":"2022-11-11T08:27:07+00:00","author":{"@id":"https:\/\/blogs.es.amnesty.org\/castilla-leon\/#\/schema\/person\/72c02e2f7c0653ba4613756a4f42e5f0"},"breadcrumb":{"@id":"https:\/\/blogs.es.amnesty.org\/castilla-leon\/2022\/11\/11\/asegurar-el-derecho-a-la-salud-y-a-la-atencion-primaria\/#breadcrumb"},"inLanguage":"es","potentialAction":[{"@type":"ReadAction","target":["https:\/\/blogs.es.amnesty.org\/castilla-leon\/2022\/11\/11\/asegurar-el-derecho-a-la-salud-y-a-la-atencion-primaria\/"]}]},{"@type":"ImageObject","inLanguage":"es","@id":"https:\/\/blogs.es.amnesty.org\/castilla-leon\/2022\/11\/11\/asegurar-el-derecho-a-la-salud-y-a-la-atencion-primaria\/#primaryimage","url":"https:\/\/blogs.es.amnesty.org\/files\/uploads\/sites\/10\/2022\/11\/Diseno-sin-titulo.jpg","contentUrl":"https:\/\/blogs.es.amnesty.org\/files\/uploads\/sites\/10\/2022\/11\/Diseno-sin-titulo.jpg","width":1920,"height":1080,"caption":"Presupuestos"},{"@type":"BreadcrumbList","@id":"https:\/\/blogs.es.amnesty.org\/castilla-leon\/2022\/11\/11\/asegurar-el-derecho-a-la-salud-y-a-la-atencion-primaria\/#breadcrumb","itemListElement":[{"@type":"ListItem","position":1,"name":"Portada","item":"https:\/\/blogs.es.amnesty.org\/castilla-leon\/"},{"@type":"ListItem","position":2,"name":"Asegurar el derecho a la salud y a la atenci\u00f3n primaria"}]},{"@type":"WebSite","@id":"https:\/\/blogs.es.amnesty.org\/castilla-leon\/#website","url":"https:\/\/blogs.es.amnesty.org\/castilla-leon\/","name":"Castilla y Le\u00f3n","description":"Blog de Amnist\u00eda Internacional en Castilla y Le\u00f3n","potentialAction":[{"@type":"SearchAction","target":{"@type":"EntryPoint","urlTemplate":"https:\/\/blogs.es.amnesty.org\/castilla-leon\/?s={search_term_string}"},"query-input":{"@type":"PropertyValueSpecification","valueRequired":true,"valueName":"search_term_string"}}],"inLanguage":"es"},{"@type":"Person","@id":"https:\/\/blogs.es.amnesty.org\/castilla-leon\/#\/schema\/person\/72c02e2f7c0653ba4613756a4f42e5f0","name":"AI Castilla y Le\u00f3n","image":{"@type":"ImageObject","inLanguage":"es","@id":"https:\/\/secure.gravatar.com\/avatar\/49824f30513cadad841c65412211570e575ce18e1ec799f652f2c085f1a695fc?s=96&d=mm&r=g","url":"https:\/\/secure.gravatar.com\/avatar\/49824f30513cadad841c65412211570e575ce18e1ec799f652f2c085f1a695fc?s=96&d=mm&r=g","contentUrl":"https:\/\/secure.gravatar.com\/avatar\/49824f30513cadad841c65412211570e575ce18e1ec799f652f2c085f1a695fc?s=96&d=mm&r=g","caption":"AI Castilla y Le\u00f3n"},"url":"https:\/\/blogs.es.amnesty.org\/castilla-leon\/autor\/comunicacioncyl\/"}]}},"_links":{"self":[{"href":"https:\/\/blogs.es.amnesty.org\/castilla-leon\/wp-json\/wp\/v2\/posts\/1076","targetHints":{"allow":["GET"]}}],"collection":[{"href":"https:\/\/blogs.es.amnesty.org\/castilla-leon\/wp-json\/wp\/v2\/posts"}],"about":[{"href":"https:\/\/blogs.es.amnesty.org\/castilla-leon\/wp-json\/wp\/v2\/types\/post"}],"author":[{"embeddable":true,"href":"https:\/\/blogs.es.amnesty.org\/castilla-leon\/wp-json\/wp\/v2\/users\/41"}],"replies":[{"embeddable":true,"href":"https:\/\/blogs.es.amnesty.org\/castilla-leon\/wp-json\/wp\/v2\/comments?post=1076"}],"version-history":[{"count":0,"href":"https:\/\/blogs.es.amnesty.org\/castilla-leon\/wp-json\/wp\/v2\/posts\/1076\/revisions"}],"wp:featuredmedia":[{"embeddable":true,"href":"https:\/\/blogs.es.amnesty.org\/castilla-leon\/wp-json\/wp\/v2\/media\/1077"}],"wp:attachment":[{"href":"https:\/\/blogs.es.amnesty.org\/castilla-leon\/wp-json\/wp\/v2\/media?parent=1076"}],"wp:term":[{"taxonomy":"category","embeddable":true,"href":"https:\/\/blogs.es.amnesty.org\/castilla-leon\/wp-json\/wp\/v2\/categories?post=1076"},{"taxonomy":"post_tag","embeddable":true,"href":"https:\/\/blogs.es.amnesty.org\/castilla-leon\/wp-json\/wp\/v2\/tags?post=1076"}],"curies":[{"name":"wp","href":"https:\/\/api.w.org\/{rel}","templated":true}]}}