{"id":1095,"date":"2024-12-21T20:36:30","date_gmt":"2024-12-21T20:36:30","guid":{"rendered":"https:\/\/blogs.es.amnesty.org\/castilla-leon\/?p=1095"},"modified":"2024-12-21T20:36:31","modified_gmt":"2024-12-21T20:36:31","slug":"trabajando-por-la-paz-en-gaza-desde-castilla-y-leon","status":"publish","type":"post","link":"https:\/\/blogs.es.amnesty.org\/castilla-leon\/2024\/12\/21\/trabajando-por-la-paz-en-gaza-desde-castilla-y-leon\/","title":{"rendered":"TRABAJANDO POR LA PAZ EN GAZA DESDE CASTILLA Y LE\u00d3N"},"content":{"rendered":"\n<p class=\"has-text-align-left wp-block-paragraph\">El 5 de diciembre 2024 Amnist\u00eda Internacional concluye que<strong> Israel ha llevado a cabo y sigue cometiendo actos de genocidio contra la poblaci\u00f3n palestina<\/strong> en la Franja de Gaza ocupada.&nbsp;<\/p>\n\n\n\n<p class=\"wp-block-paragraph\">El informe se\u00f1ala que Israel ha llevado a cabo acciones prohibidas por la Convenci\u00f3n sobre el Genocidio, orientadas espec\u00edficamente a la destrucci\u00f3n de la poblaci\u00f3n palestina en Gaza. Estas acciones incluyen asesinatos y medidas que causan graves lesiones f\u00edsicas y psicol\u00f3gicas, adem\u00e1s de someter a la poblaci\u00f3n palestina a condiciones de vida extremas que amenazan su supervivencia como las restricciones al acceso a alimentos, agua, medicinas, refugio y otros recursos esenciales, as\u00ed como el desplazamiento forzado y la obstrucci\u00f3n de servicios fundamentales.&nbsp;<\/p>\n\n\n\n<p class=\"wp-block-paragraph\">Asimismo, se menciona la destrucci\u00f3n de lugares culturales y religiosos, la deshumanizaci\u00f3n sistem\u00e1tica de la poblaci\u00f3n palestina y la emisi\u00f3n de declaraciones que promueven o justifican su destrucci\u00f3n parcial o total.<\/p>\n\n\n\n<p class=\"wp-block-paragraph\"><strong>La Amnist\u00eda Internacional postula:<\/strong><\/p>\n\n\n\n<ul class=\"wp-block-list\">\n<li>Se debe ejercer presi\u00f3n sobre Israel para que detenga sus acciones atroces en Gaza, especialmente considerando su retraso en solicitar un alto el fuego y la continua entrega de armamento. Es imperativo que los gobiernos abandonen la pretensi\u00f3n de impotencia frente a este genocidio.<\/li>\n\n\n\n<li>Las \u00f3rdenes de arresto emitidas por la Corte Penal Internacional contra el primer ministro israel\u00ed, Benjamin Netanyahu, y el exministro de Defensa, Yoav Gallant, por cr\u00edmenes de guerra y de lesa humanidad, deben ser respetadas por los Estados.<\/li>\n\n\n\n<li>Se insta a la Fiscal\u00eda de la Corte Penal Internacional a considerar con urgencia la inclusi\u00f3n del genocidio en las investigaciones en curso y se exhorta a todos los Estados a utilizar los mecanismos legales disponibles para garantizar que los responsables sean llevados ante la justicia.<\/li>\n\n\n\n<li>Se pide la liberaci\u00f3n inmediata e incondicional de todas las personas civiles retenidas como rehenes, y se demanda que Ham\u00e1s y otros grupos armados palestinos rindan cuentas por los cr\u00edmenes cometidos el 7 de octubre de 2023.<\/li>\n\n\n\n<li>Se insta al Consejo de Seguridad de la ONU a imponer sanciones espec\u00edficas tanto a las autoridades israel\u00edes como a las de Ham\u00e1s que est\u00e9n particularmente implicadas en violaciones del derecho internacional.<\/li>\n<\/ul>\n\n\n\n<p class=\"has-medium-font-size wp-block-paragraph\"><strong>\u00bfC\u00f3mo trabajamos desde Castilla y Le\u00f3n sobre el caso?<\/strong><\/p>\n\n\n\n<p class=\"wp-block-paragraph\">Desde el pasado 7 de octubre de 2023, hemos estado trabajando de manera constante para que las Cortes de Castilla y Le\u00f3n tomen una postura frente a esta crisis y aprueben una declaraci\u00f3n en favor del alto el fuego en Gaza.&nbsp;<\/p>\n\n\n\n<p class=\"wp-block-paragraph\">Sin embargo, hasta ahora no hemos obtenido \u00e9xito en ese objetivo. A pesar de ello, <strong>hemos logrado avances importantes a nivel municipal: cinco ayuntamientos de Castilla y Le\u00f3n han emitido pronunciamientos en este sentido.<\/strong> Estos son los <em>Ayuntamientos <\/em>de <em>Herrera de Pisuerga, Venta de Ba\u00f1os <\/em>y<em> Barruelo de Santull\u00e1n<\/em> en la provincia de Palencia; el <em>Ayuntamiento de Casavieja<\/em> en la provincia de \u00c1vila; y el <em>Ayuntamiento de Valderrueda<\/em> en la provincia de Le\u00f3n.&nbsp;<\/p>\n\n\n\n<p class=\"wp-block-paragraph\"><img decoding=\"async\" src=\"https:\/\/lh7-qw.googleusercontent.com\/docsz\/AD_4nXfUE9_YgVv7dfgpNOCqaY5A5NByKn3IW9dVZqs5nkX1A_rrWNbXqk9eMt9gVv8p7tYQ3mWDpc1KKpyfGZBaxhXp9QoABhqHh8Mnn4kj7-MrxOn0tuezVn6CgT3roaEfEHvd_YGc?key=1Bi6npIaDvwyZzTV7KMzbZnG\" alt=\"\"><\/p>\n\n\n\n<p class=\"has-small-font-size wp-block-paragraph\"><em>Manifestaci\u00f3n del grupo de Palencia<\/em><\/p>\n\n\n\n<p class=\"wp-block-paragraph\">Adem\u00e1s, el PSOE de Castilla y Le\u00f3n present\u00f3 una propuesta a las Cortes de la comunidad, solicitando a la Junta que pidiera al Gobierno de Espa\u00f1a exigir a todas las partes del conflicto un alto el fuego inmediato y duradero para proteger a la poblaci\u00f3n civil. Tambi\u00e9n solicitaron que Israel, Ham\u00e1s y otros grupos armados palestinos respeten las leyes internacionales humanitarias, promoviendo el mensaje de #AltoElFuegoYA. Desde Amnist\u00eda Internacional Castilla y Le\u00f3n contactamos con todos los Grupos Parlamentarios y realizamos acciones en redes sociales para apoyar la iniciativa, pero no tuvo \u00e9xito. Las Cortes no aprobaron esta propuesta ni se comprometieron a poner fin a la tragedia en Gaza.<\/p>\n\n\n\n<p class=\"wp-block-paragraph\"><strong>Estamos retomando nuestras gestiones con las autoridades auton\u00f3micas<\/strong> para insistir en la importancia de que se pronuncien al respecto.<\/p>\n\n\n\n<p class=\"wp-block-paragraph\"><\/p>\n\n\n\n<p class=\"wp-block-paragraph\">Art\u00edculos de inter\u00e9s:<\/p>\n\n\n\n<p class=\"wp-block-paragraph\"><em><a href=\"https:\/\/www.amnesty.org\/es\/documents\/mde15\/8744\/2024\/es\/\">Israel\/Territorio Palestino Ocupado: \u201cEs como si fu\u00e9ramos seres infrahumanos\u201d: El genocidio de Israel contra la poblaci\u00f3n palestina de Gaza: Resumen Ejecutivo<\/a><\/em><\/p>\n\n\n\n<p class=\"wp-block-paragraph\"><em><a href=\"https:\/\/www.amnesty.org\/es\/latest\/news\/2024\/12\/amnesty-international-concludes-israel-is-committing-genocide-against-palestinians-in-gaza\/\">Amnist\u00eda Internacional concluye que Israel est\u00e1 cometiendo genocidio contra la poblaci\u00f3n palestina de Gaza<\/a><\/em><\/p>\n\n\n\n<p class=\"wp-block-paragraph\"><\/p>\n","protected":false},"excerpt":{"rendered":"<p>El 5 de diciembre 2024 Amnist\u00eda Internacional concluye que Israel ha llevado a cabo y sigue cometiendo actos de genocidio contra la poblaci\u00f3n palestina en la Franja de Gaza ocupada.<\/p>\n","protected":false},"author":41,"featured_media":1096,"comment_status":"open","ping_status":"open","sticky":false,"template":"","format":"standard","meta":{"_acf_changed":false,"footnotes":"","_members_access_role":[],"_members_access_error":""},"categories":[173,172,13],"tags":[],"class_list":["post-1095","post","type-post","status-publish","format-standard","has-post-thumbnail","hentry","category-conflicto-armado","category-gaza","category-palencia"],"acf":[],"yoast_head":"<!-- This site is optimized with the Yoast SEO plugin v28.2 - https:\/\/yoast.com\/product\/yoast-seo-wordpress\/ -->\n<title>TRABAJANDO POR LA PAZ EN GAZA DESDE CASTILLA Y LE\u00d3N - Castilla y Le\u00f3n<\/title>\n<meta name=\"description\" content=\"El 5 de diciembre 2024 Amnist\u00eda Internacional concluye que Israel ha llevado a cabo y sigue cometiendo actos de genocidio contra la poblaci\u00f3n palestina en la Franja de Gaza ocupada.\u00a0\" \/>\n<meta name=\"robots\" content=\"index, follow, max-snippet:-1, max-image-preview:large, max-video-preview:-1\" \/>\n<link rel=\"canonical\" href=\"https:\/\/blogs.es.amnesty.org\/castilla-leon\/2024\/12\/21\/trabajando-por-la-paz-en-gaza-desde-castilla-y-leon\/\" \/>\n<meta property=\"og:locale\" content=\"es_ES\" \/>\n<meta property=\"og:type\" content=\"article\" \/>\n<meta property=\"og:title\" content=\"TRABAJANDO POR LA PAZ EN GAZA DESDE CASTILLA Y LE\u00d3N - Castilla y Le\u00f3n\" \/>\n<meta property=\"og:description\" content=\"El 5 de diciembre 2024 Amnist\u00eda Internacional concluye que Israel ha llevado a cabo y sigue cometiendo actos de genocidio contra la poblaci\u00f3n palestina en la Franja de Gaza ocupada.\u00a0\" \/>\n<meta property=\"og:url\" content=\"https:\/\/blogs.es.amnesty.org\/castilla-leon\/2024\/12\/21\/trabajando-por-la-paz-en-gaza-desde-castilla-y-leon\/\" \/>\n<meta property=\"og:site_name\" content=\"Castilla y Le\u00f3n\" \/>\n<meta property=\"article:published_time\" content=\"2024-12-21T20:36:30+00:00\" \/>\n<meta property=\"article:modified_time\" content=\"2024-12-21T20:36:31+00:00\" \/>\n<meta property=\"og:image\" content=\"http:\/\/blogs.es.amnesty.org\/files\/uploads\/sites\/10\/2024\/12\/GET17WoWsAAwz0L-1.jpg\" \/>\n\t<meta property=\"og:image:width\" content=\"1024\" \/>\n\t<meta property=\"og:image:height\" content=\"512\" \/>\n\t<meta property=\"og:image:type\" content=\"image\/jpeg\" \/>\n<meta name=\"author\" content=\"AI Castilla y Le\u00f3n\" \/>\n<meta name=\"twitter:card\" content=\"summary_large_image\" \/>\n<meta name=\"twitter:label1\" content=\"Escrito por\" \/>\n\t<meta name=\"twitter:data1\" content=\"AI Castilla y Le\u00f3n\" \/>\n\t<meta name=\"twitter:label2\" content=\"Tiempo de lectura\" \/>\n\t<meta name=\"twitter:data2\" content=\"4 minutos\" \/>\n<script type=\"application\/ld+json\" class=\"yoast-schema-graph\">{\"@context\":\"https:\\\/\\\/schema.org\",\"@graph\":[{\"@type\":\"Article\",\"@id\":\"https:\\\/\\\/blogs.es.amnesty.org\\\/castilla-leon\\\/2024\\\/12\\\/21\\\/trabajando-por-la-paz-en-gaza-desde-castilla-y-leon\\\/#article\",\"isPartOf\":{\"@id\":\"https:\\\/\\\/blogs.es.amnesty.org\\\/castilla-leon\\\/2024\\\/12\\\/21\\\/trabajando-por-la-paz-en-gaza-desde-castilla-y-leon\\\/\"},\"author\":{\"name\":\"AI Castilla y Le\u00f3n\",\"@id\":\"https:\\\/\\\/blogs.es.amnesty.org\\\/castilla-leon\\\/#\\\/schema\\\/person\\\/72c02e2f7c0653ba4613756a4f42e5f0\"},\"headline\":\"TRABAJANDO POR LA PAZ EN GAZA DESDE CASTILLA Y LE\u00d3N\",\"datePublished\":\"2024-12-21T20:36:30+00:00\",\"dateModified\":\"2024-12-21T20:36:31+00:00\",\"mainEntityOfPage\":{\"@id\":\"https:\\\/\\\/blogs.es.amnesty.org\\\/castilla-leon\\\/2024\\\/12\\\/21\\\/trabajando-por-la-paz-en-gaza-desde-castilla-y-leon\\\/\"},\"wordCount\":703,\"commentCount\":0,\"image\":{\"@id\":\"https:\\\/\\\/blogs.es.amnesty.org\\\/castilla-leon\\\/2024\\\/12\\\/21\\\/trabajando-por-la-paz-en-gaza-desde-castilla-y-leon\\\/#primaryimage\"},\"thumbnailUrl\":\"https:\\\/\\\/blogs.es.amnesty.org\\\/files\\\/uploads\\\/sites\\\/10\\\/2024\\\/12\\\/GET17WoWsAAwz0L-1.jpg\",\"articleSection\":[\"Conflicto armado\",\"Gaza\",\"Palencia\"],\"inLanguage\":\"es\",\"potentialAction\":[{\"@type\":\"CommentAction\",\"name\":\"Comment\",\"target\":[\"https:\\\/\\\/blogs.es.amnesty.org\\\/castilla-leon\\\/2024\\\/12\\\/21\\\/trabajando-por-la-paz-en-gaza-desde-castilla-y-leon\\\/#respond\"]}]},{\"@type\":\"WebPage\",\"@id\":\"https:\\\/\\\/blogs.es.amnesty.org\\\/castilla-leon\\\/2024\\\/12\\\/21\\\/trabajando-por-la-paz-en-gaza-desde-castilla-y-leon\\\/\",\"url\":\"https:\\\/\\\/blogs.es.amnesty.org\\\/castilla-leon\\\/2024\\\/12\\\/21\\\/trabajando-por-la-paz-en-gaza-desde-castilla-y-leon\\\/\",\"name\":\"TRABAJANDO POR LA PAZ EN GAZA DESDE CASTILLA Y LE\u00d3N - Castilla y Le\u00f3n\",\"isPartOf\":{\"@id\":\"https:\\\/\\\/blogs.es.amnesty.org\\\/castilla-leon\\\/#website\"},\"primaryImageOfPage\":{\"@id\":\"https:\\\/\\\/blogs.es.amnesty.org\\\/castilla-leon\\\/2024\\\/12\\\/21\\\/trabajando-por-la-paz-en-gaza-desde-castilla-y-leon\\\/#primaryimage\"},\"image\":{\"@id\":\"https:\\\/\\\/blogs.es.amnesty.org\\\/castilla-leon\\\/2024\\\/12\\\/21\\\/trabajando-por-la-paz-en-gaza-desde-castilla-y-leon\\\/#primaryimage\"},\"thumbnailUrl\":\"https:\\\/\\\/blogs.es.amnesty.org\\\/files\\\/uploads\\\/sites\\\/10\\\/2024\\\/12\\\/GET17WoWsAAwz0L-1.jpg\",\"datePublished\":\"2024-12-21T20:36:30+00:00\",\"dateModified\":\"2024-12-21T20:36:31+00:00\",\"author\":{\"@id\":\"https:\\\/\\\/blogs.es.amnesty.org\\\/castilla-leon\\\/#\\\/schema\\\/person\\\/72c02e2f7c0653ba4613756a4f42e5f0\"},\"description\":\"El 5 de diciembre 2024 Amnist\u00eda Internacional concluye que Israel ha llevado a cabo y sigue cometiendo actos de genocidio contra la poblaci\u00f3n palestina en la Franja de Gaza ocupada.\u00a0\",\"breadcrumb\":{\"@id\":\"https:\\\/\\\/blogs.es.amnesty.org\\\/castilla-leon\\\/2024\\\/12\\\/21\\\/trabajando-por-la-paz-en-gaza-desde-castilla-y-leon\\\/#breadcrumb\"},\"inLanguage\":\"es\",\"potentialAction\":[{\"@type\":\"ReadAction\",\"target\":[\"https:\\\/\\\/blogs.es.amnesty.org\\\/castilla-leon\\\/2024\\\/12\\\/21\\\/trabajando-por-la-paz-en-gaza-desde-castilla-y-leon\\\/\"]}]},{\"@type\":\"ImageObject\",\"inLanguage\":\"es\",\"@id\":\"https:\\\/\\\/blogs.es.amnesty.org\\\/castilla-leon\\\/2024\\\/12\\\/21\\\/trabajando-por-la-paz-en-gaza-desde-castilla-y-leon\\\/#primaryimage\",\"url\":\"https:\\\/\\\/blogs.es.amnesty.org\\\/files\\\/uploads\\\/sites\\\/10\\\/2024\\\/12\\\/GET17WoWsAAwz0L-1.jpg\",\"contentUrl\":\"https:\\\/\\\/blogs.es.amnesty.org\\\/files\\\/uploads\\\/sites\\\/10\\\/2024\\\/12\\\/GET17WoWsAAwz0L-1.jpg\",\"width\":1024,\"height\":512},{\"@type\":\"BreadcrumbList\",\"@id\":\"https:\\\/\\\/blogs.es.amnesty.org\\\/castilla-leon\\\/2024\\\/12\\\/21\\\/trabajando-por-la-paz-en-gaza-desde-castilla-y-leon\\\/#breadcrumb\",\"itemListElement\":[{\"@type\":\"ListItem\",\"position\":1,\"name\":\"Portada\",\"item\":\"https:\\\/\\\/blogs.es.amnesty.org\\\/castilla-leon\\\/\"},{\"@type\":\"ListItem\",\"position\":2,\"name\":\"TRABAJANDO POR LA PAZ EN GAZA DESDE CASTILLA Y LE\u00d3N\"}]},{\"@type\":\"WebSite\",\"@id\":\"https:\\\/\\\/blogs.es.amnesty.org\\\/castilla-leon\\\/#website\",\"url\":\"https:\\\/\\\/blogs.es.amnesty.org\\\/castilla-leon\\\/\",\"name\":\"Castilla y Le\u00f3n\",\"description\":\"Blog de Amnist\u00eda Internacional en Castilla y Le\u00f3n\",\"potentialAction\":[{\"@type\":\"SearchAction\",\"target\":{\"@type\":\"EntryPoint\",\"urlTemplate\":\"https:\\\/\\\/blogs.es.amnesty.org\\\/castilla-leon\\\/?s={search_term_string}\"},\"query-input\":{\"@type\":\"PropertyValueSpecification\",\"valueRequired\":true,\"valueName\":\"search_term_string\"}}],\"inLanguage\":\"es\"},{\"@type\":\"Person\",\"@id\":\"https:\\\/\\\/blogs.es.amnesty.org\\\/castilla-leon\\\/#\\\/schema\\\/person\\\/72c02e2f7c0653ba4613756a4f42e5f0\",\"name\":\"AI Castilla y Le\u00f3n\",\"image\":{\"@type\":\"ImageObject\",\"inLanguage\":\"es\",\"@id\":\"https:\\\/\\\/secure.gravatar.com\\\/avatar\\\/49824f30513cadad841c65412211570e575ce18e1ec799f652f2c085f1a695fc?s=96&d=mm&r=g\",\"url\":\"https:\\\/\\\/secure.gravatar.com\\\/avatar\\\/49824f30513cadad841c65412211570e575ce18e1ec799f652f2c085f1a695fc?s=96&d=mm&r=g\",\"contentUrl\":\"https:\\\/\\\/secure.gravatar.com\\\/avatar\\\/49824f30513cadad841c65412211570e575ce18e1ec799f652f2c085f1a695fc?s=96&d=mm&r=g\",\"caption\":\"AI Castilla y Le\u00f3n\"},\"url\":\"https:\\\/\\\/blogs.es.amnesty.org\\\/castilla-leon\\\/autor\\\/comunicacioncyl\\\/\"}]}<\/script>\n<!-- \/ Yoast SEO plugin. -->","yoast_head_json":{"title":"TRABAJANDO POR LA PAZ EN GAZA DESDE CASTILLA Y LE\u00d3N - Castilla y Le\u00f3n","description":"El 5 de diciembre 2024 Amnist\u00eda Internacional concluye que Israel ha llevado a cabo y sigue cometiendo actos de genocidio contra la poblaci\u00f3n palestina en la Franja de Gaza ocupada.\u00a0","robots":{"index":"index","follow":"follow","max-snippet":"max-snippet:-1","max-image-preview":"max-image-preview:large","max-video-preview":"max-video-preview:-1"},"canonical":"https:\/\/blogs.es.amnesty.org\/castilla-leon\/2024\/12\/21\/trabajando-por-la-paz-en-gaza-desde-castilla-y-leon\/","og_locale":"es_ES","og_type":"article","og_title":"TRABAJANDO POR LA PAZ EN GAZA DESDE CASTILLA Y LE\u00d3N - Castilla y Le\u00f3n","og_description":"El 5 de diciembre 2024 Amnist\u00eda Internacional concluye que Israel ha llevado a cabo y sigue cometiendo actos de genocidio contra la poblaci\u00f3n palestina en la Franja de Gaza ocupada.\u00a0","og_url":"https:\/\/blogs.es.amnesty.org\/castilla-leon\/2024\/12\/21\/trabajando-por-la-paz-en-gaza-desde-castilla-y-leon\/","og_site_name":"Castilla y Le\u00f3n","article_published_time":"2024-12-21T20:36:30+00:00","article_modified_time":"2024-12-21T20:36:31+00:00","og_image":[{"width":1024,"height":512,"url":"http:\/\/blogs.es.amnesty.org\/files\/uploads\/sites\/10\/2024\/12\/GET17WoWsAAwz0L-1.jpg","type":"image\/jpeg"}],"author":"AI Castilla y Le\u00f3n","twitter_card":"summary_large_image","twitter_misc":{"Escrito por":"AI Castilla y Le\u00f3n","Tiempo de lectura":"4 minutos"},"schema":{"@context":"https:\/\/schema.org","@graph":[{"@type":"Article","@id":"https:\/\/blogs.es.amnesty.org\/castilla-leon\/2024\/12\/21\/trabajando-por-la-paz-en-gaza-desde-castilla-y-leon\/#article","isPartOf":{"@id":"https:\/\/blogs.es.amnesty.org\/castilla-leon\/2024\/12\/21\/trabajando-por-la-paz-en-gaza-desde-castilla-y-leon\/"},"author":{"name":"AI Castilla y Le\u00f3n","@id":"https:\/\/blogs.es.amnesty.org\/castilla-leon\/#\/schema\/person\/72c02e2f7c0653ba4613756a4f42e5f0"},"headline":"TRABAJANDO POR LA PAZ EN GAZA DESDE CASTILLA Y LE\u00d3N","datePublished":"2024-12-21T20:36:30+00:00","dateModified":"2024-12-21T20:36:31+00:00","mainEntityOfPage":{"@id":"https:\/\/blogs.es.amnesty.org\/castilla-leon\/2024\/12\/21\/trabajando-por-la-paz-en-gaza-desde-castilla-y-leon\/"},"wordCount":703,"commentCount":0,"image":{"@id":"https:\/\/blogs.es.amnesty.org\/castilla-leon\/2024\/12\/21\/trabajando-por-la-paz-en-gaza-desde-castilla-y-leon\/#primaryimage"},"thumbnailUrl":"https:\/\/blogs.es.amnesty.org\/files\/uploads\/sites\/10\/2024\/12\/GET17WoWsAAwz0L-1.jpg","articleSection":["Conflicto armado","Gaza","Palencia"],"inLanguage":"es","potentialAction":[{"@type":"CommentAction","name":"Comment","target":["https:\/\/blogs.es.amnesty.org\/castilla-leon\/2024\/12\/21\/trabajando-por-la-paz-en-gaza-desde-castilla-y-leon\/#respond"]}]},{"@type":"WebPage","@id":"https:\/\/blogs.es.amnesty.org\/castilla-leon\/2024\/12\/21\/trabajando-por-la-paz-en-gaza-desde-castilla-y-leon\/","url":"https:\/\/blogs.es.amnesty.org\/castilla-leon\/2024\/12\/21\/trabajando-por-la-paz-en-gaza-desde-castilla-y-leon\/","name":"TRABAJANDO POR LA PAZ EN GAZA DESDE CASTILLA Y LE\u00d3N - Castilla y Le\u00f3n","isPartOf":{"@id":"https:\/\/blogs.es.amnesty.org\/castilla-leon\/#website"},"primaryImageOfPage":{"@id":"https:\/\/blogs.es.amnesty.org\/castilla-leon\/2024\/12\/21\/trabajando-por-la-paz-en-gaza-desde-castilla-y-leon\/#primaryimage"},"image":{"@id":"https:\/\/blogs.es.amnesty.org\/castilla-leon\/2024\/12\/21\/trabajando-por-la-paz-en-gaza-desde-castilla-y-leon\/#primaryimage"},"thumbnailUrl":"https:\/\/blogs.es.amnesty.org\/files\/uploads\/sites\/10\/2024\/12\/GET17WoWsAAwz0L-1.jpg","datePublished":"2024-12-21T20:36:30+00:00","dateModified":"2024-12-21T20:36:31+00:00","author":{"@id":"https:\/\/blogs.es.amnesty.org\/castilla-leon\/#\/schema\/person\/72c02e2f7c0653ba4613756a4f42e5f0"},"description":"El 5 de diciembre 2024 Amnist\u00eda Internacional concluye que Israel ha llevado a cabo y sigue cometiendo actos de genocidio contra la poblaci\u00f3n palestina en la Franja de Gaza ocupada.\u00a0","breadcrumb":{"@id":"https:\/\/blogs.es.amnesty.org\/castilla-leon\/2024\/12\/21\/trabajando-por-la-paz-en-gaza-desde-castilla-y-leon\/#breadcrumb"},"inLanguage":"es","potentialAction":[{"@type":"ReadAction","target":["https:\/\/blogs.es.amnesty.org\/castilla-leon\/2024\/12\/21\/trabajando-por-la-paz-en-gaza-desde-castilla-y-leon\/"]}]},{"@type":"ImageObject","inLanguage":"es","@id":"https:\/\/blogs.es.amnesty.org\/castilla-leon\/2024\/12\/21\/trabajando-por-la-paz-en-gaza-desde-castilla-y-leon\/#primaryimage","url":"https:\/\/blogs.es.amnesty.org\/files\/uploads\/sites\/10\/2024\/12\/GET17WoWsAAwz0L-1.jpg","contentUrl":"https:\/\/blogs.es.amnesty.org\/files\/uploads\/sites\/10\/2024\/12\/GET17WoWsAAwz0L-1.jpg","width":1024,"height":512},{"@type":"BreadcrumbList","@id":"https:\/\/blogs.es.amnesty.org\/castilla-leon\/2024\/12\/21\/trabajando-por-la-paz-en-gaza-desde-castilla-y-leon\/#breadcrumb","itemListElement":[{"@type":"ListItem","position":1,"name":"Portada","item":"https:\/\/blogs.es.amnesty.org\/castilla-leon\/"},{"@type":"ListItem","position":2,"name":"TRABAJANDO POR LA PAZ EN GAZA DESDE CASTILLA Y LE\u00d3N"}]},{"@type":"WebSite","@id":"https:\/\/blogs.es.amnesty.org\/castilla-leon\/#website","url":"https:\/\/blogs.es.amnesty.org\/castilla-leon\/","name":"Castilla y Le\u00f3n","description":"Blog de Amnist\u00eda Internacional en Castilla y Le\u00f3n","potentialAction":[{"@type":"SearchAction","target":{"@type":"EntryPoint","urlTemplate":"https:\/\/blogs.es.amnesty.org\/castilla-leon\/?s={search_term_string}"},"query-input":{"@type":"PropertyValueSpecification","valueRequired":true,"valueName":"search_term_string"}}],"inLanguage":"es"},{"@type":"Person","@id":"https:\/\/blogs.es.amnesty.org\/castilla-leon\/#\/schema\/person\/72c02e2f7c0653ba4613756a4f42e5f0","name":"AI Castilla y Le\u00f3n","image":{"@type":"ImageObject","inLanguage":"es","@id":"https:\/\/secure.gravatar.com\/avatar\/49824f30513cadad841c65412211570e575ce18e1ec799f652f2c085f1a695fc?s=96&d=mm&r=g","url":"https:\/\/secure.gravatar.com\/avatar\/49824f30513cadad841c65412211570e575ce18e1ec799f652f2c085f1a695fc?s=96&d=mm&r=g","contentUrl":"https:\/\/secure.gravatar.com\/avatar\/49824f30513cadad841c65412211570e575ce18e1ec799f652f2c085f1a695fc?s=96&d=mm&r=g","caption":"AI Castilla y Le\u00f3n"},"url":"https:\/\/blogs.es.amnesty.org\/castilla-leon\/autor\/comunicacioncyl\/"}]}},"_links":{"self":[{"href":"https:\/\/blogs.es.amnesty.org\/castilla-leon\/wp-json\/wp\/v2\/posts\/1095","targetHints":{"allow":["GET"]}}],"collection":[{"href":"https:\/\/blogs.es.amnesty.org\/castilla-leon\/wp-json\/wp\/v2\/posts"}],"about":[{"href":"https:\/\/blogs.es.amnesty.org\/castilla-leon\/wp-json\/wp\/v2\/types\/post"}],"author":[{"embeddable":true,"href":"https:\/\/blogs.es.amnesty.org\/castilla-leon\/wp-json\/wp\/v2\/users\/41"}],"replies":[{"embeddable":true,"href":"https:\/\/blogs.es.amnesty.org\/castilla-leon\/wp-json\/wp\/v2\/comments?post=1095"}],"version-history":[{"count":0,"href":"https:\/\/blogs.es.amnesty.org\/castilla-leon\/wp-json\/wp\/v2\/posts\/1095\/revisions"}],"wp:featuredmedia":[{"embeddable":true,"href":"https:\/\/blogs.es.amnesty.org\/castilla-leon\/wp-json\/wp\/v2\/media\/1096"}],"wp:attachment":[{"href":"https:\/\/blogs.es.amnesty.org\/castilla-leon\/wp-json\/wp\/v2\/media?parent=1095"}],"wp:term":[{"taxonomy":"category","embeddable":true,"href":"https:\/\/blogs.es.amnesty.org\/castilla-leon\/wp-json\/wp\/v2\/categories?post=1095"},{"taxonomy":"post_tag","embeddable":true,"href":"https:\/\/blogs.es.amnesty.org\/castilla-leon\/wp-json\/wp\/v2\/tags?post=1095"}],"curies":[{"name":"wp","href":"https:\/\/api.w.org\/{rel}","templated":true}]}}