{"id":1105,"date":"2026-06-04T10:58:34","date_gmt":"2026-06-04T10:58:34","guid":{"rendered":"https:\/\/blogs.es.amnesty.org\/castilla-leon\/?p=1105"},"modified":"2026-06-04T12:53:21","modified_gmt":"2026-06-04T12:53:21","slug":"nota-de-prensa-grave-retroceso-en-los-derechos-humanos-en-castilla-y-leon","status":"publish","type":"post","link":"https:\/\/blogs.es.amnesty.org\/castilla-leon\/2026\/06\/04\/nota-de-prensa-grave-retroceso-en-los-derechos-humanos-en-castilla-y-leon\/","title":{"rendered":"Nota de prensa: Grave retroceso en los derechos humanos en Castilla y Le\u00f3n"},"content":{"rendered":"\n<p class=\"wp-block-paragraph\">3 de junio de 2026<\/p>\n\n\n\n<p class=\"wp-block-paragraph\">El acuerdo de gobierno de PP y VOX cuestiona que los derechos humanos sean para todas las personas<\/p>\n\n\n\n<p class=\"wp-block-paragraph\">Valladolid, 3 de junio.- Amnist\u00eda Internacional Castilla y Le\u00f3n alerta de los graves retrocesos ya acordados en Extremadura y Arag\u00f3n y que, con el acuerdo de gobierno entre PP y Vox firmado en el d\u00eda de hoy en nuestra Comunidad, se ampl\u00edan a Castilla y Le\u00f3n:<\/p>\n\n\n\n<p class=\"wp-block-paragraph\">El principio de prioridad nacional, el rechazo a acoger menores migrantes, los<br>planes de repatriaci\u00f3n, la supresi\u00f3n de subvenciones a las ONG, la vinculaci\u00f3n<br>de la delincuencia con la inmigraci\u00f3n, la prohibici\u00f3n del burka y el nicab, el<br>endurecimiento de los centros de menores, la reforma restrictiva del padr\u00f3n, la<br>exclusi\u00f3n de personas en situaci\u00f3n irregular de prestaciones esenciales y la<br>ausencia de medidas contra la violencia de g\u00e9nero.<\/p>\n\n\n\n<p class=\"wp-block-paragraph\">Estas pol\u00edticas vulneran obligaciones internacionales de no discriminaci\u00f3n,<br>protecci\u00f3n de la infancia, libertad religiosa y derecho a la vivienda. Amnist\u00eda<br>Internacional subraya que ning\u00fan acuerdo pol\u00edtico puede justificar retrocesos<br>en derechos humanos y que Castilla y Le\u00f3n debe garantizar una protecci\u00f3n<br>plena y efectiva de todas las personas, sin excepciones.<\/p>\n\n\n\n<p class=\"wp-block-paragraph\">En concreto, AI urge a las instituciones de Castilla y Le\u00f3n a defender sin ambages los derechos humanos, adoptando pol\u00edticas eficaces que garanticen el derecho a la vivienda \u2014contenci\u00f3n de precios, aumento verificable del parque p\u00fablico o la eliminaci\u00f3n de barreras discriminatorias en ayudas y empadronamiento\u2014.<br>Las autoridades de Castilla y Le\u00f3n deben actuar con firmeza frente a la<br>normalizaci\u00f3n del racismo y los discursos del odio.<\/p>\n\n\n\n<p class=\"wp-block-paragraph\">La organizaci\u00f3n exige protecci\u00f3n efectiva para quienes sufren exclusi\u00f3n por su<br>origen, situaci\u00f3n administrativa o identidad, as\u00ed como recursos especializados<br>accesibles para las v\u00edctimas de violencia sexual, garantizando el<br>funcionamiento adecuado a los centros de crisis 24\/7.<\/p>\n\n\n\n<p class=\"wp-block-paragraph\">Igualmente reclama que la acogida de la infancia que llega en solitario se base<br>en el inter\u00e9s superior de cada ni\u00f1o y ni\u00f1a y que los j\u00f3venes extutelados<br>accedan a documentaci\u00f3n, formaci\u00f3n y oportunidades reales de integraci\u00f3n<br>sociolaboral.<\/p>\n\n\n\n<p class=\"wp-block-paragraph\">Amnist\u00eda Internacional Castilla y Le\u00f3n &#8211; \u00c1rea de Comunicaci\u00f3n<br>Tfno.: 615 129 278<br>comunicacion.castillayleon@es.amnesty.org<br>Twitter: @amnistiacyl<\/p>\n\n\n\n<p class=\"wp-block-paragraph\">Documentos y comunicados de prensa<br><a href=\"http:\/\/www.es.amnesty.org\">www.es.amnesty.org<\/a><\/p>\n","protected":false},"excerpt":{"rendered":"<p>3 de junio de 2026 El acuerdo de gobierno de PP y VOX cuestiona que los derechos humanos sean para todas las personas Valladolid, 3 de junio.- Amnist\u00eda Internacional Castilla y Le\u00f3n alerta de los graves retrocesos ya acordados en Extremadura y Arag\u00f3n y que, con el acuerdo de gobierno entre PP y Vox firmado [&hellip;]<\/p>\n","protected":false},"author":57,"featured_media":1107,"comment_status":"open","ping_status":"open","sticky":false,"template":"","format":"standard","meta":{"_acf_changed":false,"footnotes":"","_members_access_role":[],"_members_access_error":""},"categories":[90,24],"tags":[176,181,111,80,180,179,177,178,175,94,9],"class_list":["post-1105","post","type-post","status-publish","format-standard","has-post-thumbnail","hentry","category-derechos-humanos","category-notas-de-prensa","tag-burka","tag-derecho-internacional","tag-derechos-humanos","tag-inmigracion","tag-libertad-religiosa","tag-menores-migrantes","tag-nicab","tag-ong","tag-prioridad-nacional","tag-violencia-de-genero","tag-vivienda"],"acf":[],"yoast_head":"<!-- This site is optimized with the Yoast SEO plugin v28.2 - https:\/\/yoast.com\/product\/yoast-seo-wordpress\/ -->\n<title>Nota de prensa: Grave retroceso en los derechos humanos en Castilla y Le\u00f3n - Castilla y Le\u00f3n<\/title>\n<meta name=\"robots\" content=\"index, follow, max-snippet:-1, max-image-preview:large, max-video-preview:-1\" \/>\n<link rel=\"canonical\" href=\"https:\/\/blogs.es.amnesty.org\/castilla-leon\/2026\/06\/04\/nota-de-prensa-grave-retroceso-en-los-derechos-humanos-en-castilla-y-leon\/\" \/>\n<meta property=\"og:locale\" content=\"es_ES\" \/>\n<meta property=\"og:type\" content=\"article\" \/>\n<meta property=\"og:title\" content=\"Nota de prensa: Grave retroceso en los derechos humanos en Castilla y Le\u00f3n - Castilla y Le\u00f3n\" \/>\n<meta property=\"og:description\" content=\"3 de junio de 2026 El acuerdo de gobierno de PP y VOX cuestiona que los derechos humanos sean para todas las personas Valladolid, 3 de junio.- Amnist\u00eda Internacional Castilla y Le\u00f3n alerta de los graves retrocesos ya acordados en Extremadura y Arag\u00f3n y que, con el acuerdo de gobierno entre PP y Vox firmado [&hellip;]\" \/>\n<meta property=\"og:url\" content=\"https:\/\/blogs.es.amnesty.org\/castilla-leon\/2026\/06\/04\/nota-de-prensa-grave-retroceso-en-los-derechos-humanos-en-castilla-y-leon\/\" \/>\n<meta property=\"og:site_name\" content=\"Castilla y Le\u00f3n\" \/>\n<meta property=\"article:author\" content=\"https:\/\/www.facebook.com\/AMNISTIA.INTERNACIONAL.LEON.ESP\" \/>\n<meta property=\"article:published_time\" content=\"2026-06-04T10:58:34+00:00\" \/>\n<meta property=\"article:modified_time\" content=\"2026-06-04T12:53:21+00:00\" \/>\n<meta property=\"og:image\" content=\"http:\/\/blogs.es.amnesty.org\/files\/uploads\/sites\/10\/2026\/06\/Blog.jpg\" \/>\n\t<meta property=\"og:image:width\" content=\"1280\" \/>\n\t<meta property=\"og:image:height\" content=\"720\" \/>\n\t<meta property=\"og:image:type\" content=\"image\/jpeg\" \/>\n<meta name=\"author\" content=\"Grupo local del Le\u00f3n\" \/>\n<meta name=\"twitter:card\" content=\"summary_large_image\" \/>\n<meta name=\"twitter:label1\" content=\"Escrito por\" \/>\n\t<meta name=\"twitter:data1\" content=\"Grupo local del Le\u00f3n\" \/>\n\t<meta name=\"twitter:label2\" content=\"Tiempo de lectura\" \/>\n\t<meta name=\"twitter:data2\" content=\"2 minutos\" \/>\n<script type=\"application\/ld+json\" class=\"yoast-schema-graph\">{\"@context\":\"https:\\\/\\\/schema.org\",\"@graph\":[{\"@type\":\"Article\",\"@id\":\"https:\\\/\\\/blogs.es.amnesty.org\\\/castilla-leon\\\/2026\\\/06\\\/04\\\/nota-de-prensa-grave-retroceso-en-los-derechos-humanos-en-castilla-y-leon\\\/#article\",\"isPartOf\":{\"@id\":\"https:\\\/\\\/blogs.es.amnesty.org\\\/castilla-leon\\\/2026\\\/06\\\/04\\\/nota-de-prensa-grave-retroceso-en-los-derechos-humanos-en-castilla-y-leon\\\/\"},\"author\":{\"name\":\"Grupo local del Le\u00f3n\",\"@id\":\"https:\\\/\\\/blogs.es.amnesty.org\\\/castilla-leon\\\/#\\\/schema\\\/person\\\/7154ecadc7d14c976f5363215f1858e2\"},\"headline\":\"Nota de prensa: Grave retroceso en los derechos humanos en Castilla y Le\u00f3n\",\"datePublished\":\"2026-06-04T10:58:34+00:00\",\"dateModified\":\"2026-06-04T12:53:21+00:00\",\"mainEntityOfPage\":{\"@id\":\"https:\\\/\\\/blogs.es.amnesty.org\\\/castilla-leon\\\/2026\\\/06\\\/04\\\/nota-de-prensa-grave-retroceso-en-los-derechos-humanos-en-castilla-y-leon\\\/\"},\"wordCount\":395,\"commentCount\":0,\"image\":{\"@id\":\"https:\\\/\\\/blogs.es.amnesty.org\\\/castilla-leon\\\/2026\\\/06\\\/04\\\/nota-de-prensa-grave-retroceso-en-los-derechos-humanos-en-castilla-y-leon\\\/#primaryimage\"},\"thumbnailUrl\":\"https:\\\/\\\/blogs.es.amnesty.org\\\/files\\\/uploads\\\/sites\\\/10\\\/2026\\\/06\\\/Blog.jpg\",\"keywords\":[\"Burka\",\"Derecho Internacional\",\"derechos humanos\",\"inmigraci\u00f3n\",\"Libertad Religiosa\",\"Menores Migrantes\",\"Nicab\",\"ONG\",\"Prioridad Nacional\",\"Violencia de g\u00e9nero\",\"Vivienda\"],\"articleSection\":[\"Derechos humanos\",\"Notas de prensa\"],\"inLanguage\":\"es\",\"potentialAction\":[{\"@type\":\"CommentAction\",\"name\":\"Comment\",\"target\":[\"https:\\\/\\\/blogs.es.amnesty.org\\\/castilla-leon\\\/2026\\\/06\\\/04\\\/nota-de-prensa-grave-retroceso-en-los-derechos-humanos-en-castilla-y-leon\\\/#respond\"]}]},{\"@type\":\"WebPage\",\"@id\":\"https:\\\/\\\/blogs.es.amnesty.org\\\/castilla-leon\\\/2026\\\/06\\\/04\\\/nota-de-prensa-grave-retroceso-en-los-derechos-humanos-en-castilla-y-leon\\\/\",\"url\":\"https:\\\/\\\/blogs.es.amnesty.org\\\/castilla-leon\\\/2026\\\/06\\\/04\\\/nota-de-prensa-grave-retroceso-en-los-derechos-humanos-en-castilla-y-leon\\\/\",\"name\":\"Nota de prensa: Grave retroceso en los derechos humanos en Castilla y Le\u00f3n - Castilla y Le\u00f3n\",\"isPartOf\":{\"@id\":\"https:\\\/\\\/blogs.es.amnesty.org\\\/castilla-leon\\\/#website\"},\"primaryImageOfPage\":{\"@id\":\"https:\\\/\\\/blogs.es.amnesty.org\\\/castilla-leon\\\/2026\\\/06\\\/04\\\/nota-de-prensa-grave-retroceso-en-los-derechos-humanos-en-castilla-y-leon\\\/#primaryimage\"},\"image\":{\"@id\":\"https:\\\/\\\/blogs.es.amnesty.org\\\/castilla-leon\\\/2026\\\/06\\\/04\\\/nota-de-prensa-grave-retroceso-en-los-derechos-humanos-en-castilla-y-leon\\\/#primaryimage\"},\"thumbnailUrl\":\"https:\\\/\\\/blogs.es.amnesty.org\\\/files\\\/uploads\\\/sites\\\/10\\\/2026\\\/06\\\/Blog.jpg\",\"datePublished\":\"2026-06-04T10:58:34+00:00\",\"dateModified\":\"2026-06-04T12:53:21+00:00\",\"author\":{\"@id\":\"https:\\\/\\\/blogs.es.amnesty.org\\\/castilla-leon\\\/#\\\/schema\\\/person\\\/7154ecadc7d14c976f5363215f1858e2\"},\"breadcrumb\":{\"@id\":\"https:\\\/\\\/blogs.es.amnesty.org\\\/castilla-leon\\\/2026\\\/06\\\/04\\\/nota-de-prensa-grave-retroceso-en-los-derechos-humanos-en-castilla-y-leon\\\/#breadcrumb\"},\"inLanguage\":\"es\",\"potentialAction\":[{\"@type\":\"ReadAction\",\"target\":[\"https:\\\/\\\/blogs.es.amnesty.org\\\/castilla-leon\\\/2026\\\/06\\\/04\\\/nota-de-prensa-grave-retroceso-en-los-derechos-humanos-en-castilla-y-leon\\\/\"]}]},{\"@type\":\"ImageObject\",\"inLanguage\":\"es\",\"@id\":\"https:\\\/\\\/blogs.es.amnesty.org\\\/castilla-leon\\\/2026\\\/06\\\/04\\\/nota-de-prensa-grave-retroceso-en-los-derechos-humanos-en-castilla-y-leon\\\/#primaryimage\",\"url\":\"https:\\\/\\\/blogs.es.amnesty.org\\\/files\\\/uploads\\\/sites\\\/10\\\/2026\\\/06\\\/Blog.jpg\",\"contentUrl\":\"https:\\\/\\\/blogs.es.amnesty.org\\\/files\\\/uploads\\\/sites\\\/10\\\/2026\\\/06\\\/Blog.jpg\",\"width\":1280,\"height\":720},{\"@type\":\"BreadcrumbList\",\"@id\":\"https:\\\/\\\/blogs.es.amnesty.org\\\/castilla-leon\\\/2026\\\/06\\\/04\\\/nota-de-prensa-grave-retroceso-en-los-derechos-humanos-en-castilla-y-leon\\\/#breadcrumb\",\"itemListElement\":[{\"@type\":\"ListItem\",\"position\":1,\"name\":\"Portada\",\"item\":\"https:\\\/\\\/blogs.es.amnesty.org\\\/castilla-leon\\\/\"},{\"@type\":\"ListItem\",\"position\":2,\"name\":\"Nota de prensa: Grave retroceso en los derechos humanos en Castilla y Le\u00f3n\"}]},{\"@type\":\"WebSite\",\"@id\":\"https:\\\/\\\/blogs.es.amnesty.org\\\/castilla-leon\\\/#website\",\"url\":\"https:\\\/\\\/blogs.es.amnesty.org\\\/castilla-leon\\\/\",\"name\":\"Castilla y Le\u00f3n\",\"description\":\"Blog de Amnist\u00eda Internacional en Castilla y Le\u00f3n\",\"potentialAction\":[{\"@type\":\"SearchAction\",\"target\":{\"@type\":\"EntryPoint\",\"urlTemplate\":\"https:\\\/\\\/blogs.es.amnesty.org\\\/castilla-leon\\\/?s={search_term_string}\"},\"query-input\":{\"@type\":\"PropertyValueSpecification\",\"valueRequired\":true,\"valueName\":\"search_term_string\"}}],\"inLanguage\":\"es\"},{\"@type\":\"Person\",\"@id\":\"https:\\\/\\\/blogs.es.amnesty.org\\\/castilla-leon\\\/#\\\/schema\\\/person\\\/7154ecadc7d14c976f5363215f1858e2\",\"name\":\"Grupo local del Le\u00f3n\",\"image\":{\"@type\":\"ImageObject\",\"inLanguage\":\"es\",\"@id\":\"https:\\\/\\\/secure.gravatar.com\\\/avatar\\\/cc27391bc28caf3413d2e918119bd1a7ab2674e1c222131cb51422a18e2cc8dc?s=96&d=mm&r=g\",\"url\":\"https:\\\/\\\/secure.gravatar.com\\\/avatar\\\/cc27391bc28caf3413d2e918119bd1a7ab2674e1c222131cb51422a18e2cc8dc?s=96&d=mm&r=g\",\"contentUrl\":\"https:\\\/\\\/secure.gravatar.com\\\/avatar\\\/cc27391bc28caf3413d2e918119bd1a7ab2674e1c222131cb51422a18e2cc8dc?s=96&d=mm&r=g\",\"caption\":\"Grupo local del Le\u00f3n\"},\"sameAs\":[\"https:\\\/\\\/www.facebook.com\\\/AMNISTIA.INTERNACIONAL.LEON.ESP\",\"https:\\\/\\\/www.instagram.com\\\/amnistialeon\\\/\"],\"url\":\"https:\\\/\\\/blogs.es.amnesty.org\\\/castilla-leon\\\/autor\\\/leon\\\/\"}]}<\/script>\n<!-- \/ Yoast SEO plugin. -->","yoast_head_json":{"title":"Nota de prensa: Grave retroceso en los derechos humanos en Castilla y Le\u00f3n - Castilla y Le\u00f3n","robots":{"index":"index","follow":"follow","max-snippet":"max-snippet:-1","max-image-preview":"max-image-preview:large","max-video-preview":"max-video-preview:-1"},"canonical":"https:\/\/blogs.es.amnesty.org\/castilla-leon\/2026\/06\/04\/nota-de-prensa-grave-retroceso-en-los-derechos-humanos-en-castilla-y-leon\/","og_locale":"es_ES","og_type":"article","og_title":"Nota de prensa: Grave retroceso en los derechos humanos en Castilla y Le\u00f3n - Castilla y Le\u00f3n","og_description":"3 de junio de 2026 El acuerdo de gobierno de PP y VOX cuestiona que los derechos humanos sean para todas las personas Valladolid, 3 de junio.- Amnist\u00eda Internacional Castilla y Le\u00f3n alerta de los graves retrocesos ya acordados en Extremadura y Arag\u00f3n y que, con el acuerdo de gobierno entre PP y Vox firmado [&hellip;]","og_url":"https:\/\/blogs.es.amnesty.org\/castilla-leon\/2026\/06\/04\/nota-de-prensa-grave-retroceso-en-los-derechos-humanos-en-castilla-y-leon\/","og_site_name":"Castilla y Le\u00f3n","article_author":"https:\/\/www.facebook.com\/AMNISTIA.INTERNACIONAL.LEON.ESP","article_published_time":"2026-06-04T10:58:34+00:00","article_modified_time":"2026-06-04T12:53:21+00:00","og_image":[{"width":1280,"height":720,"url":"http:\/\/blogs.es.amnesty.org\/files\/uploads\/sites\/10\/2026\/06\/Blog.jpg","type":"image\/jpeg"}],"author":"Grupo local del Le\u00f3n","twitter_card":"summary_large_image","twitter_misc":{"Escrito por":"Grupo local del Le\u00f3n","Tiempo de lectura":"2 minutos"},"schema":{"@context":"https:\/\/schema.org","@graph":[{"@type":"Article","@id":"https:\/\/blogs.es.amnesty.org\/castilla-leon\/2026\/06\/04\/nota-de-prensa-grave-retroceso-en-los-derechos-humanos-en-castilla-y-leon\/#article","isPartOf":{"@id":"https:\/\/blogs.es.amnesty.org\/castilla-leon\/2026\/06\/04\/nota-de-prensa-grave-retroceso-en-los-derechos-humanos-en-castilla-y-leon\/"},"author":{"name":"Grupo local del Le\u00f3n","@id":"https:\/\/blogs.es.amnesty.org\/castilla-leon\/#\/schema\/person\/7154ecadc7d14c976f5363215f1858e2"},"headline":"Nota de prensa: Grave retroceso en los derechos humanos en Castilla y Le\u00f3n","datePublished":"2026-06-04T10:58:34+00:00","dateModified":"2026-06-04T12:53:21+00:00","mainEntityOfPage":{"@id":"https:\/\/blogs.es.amnesty.org\/castilla-leon\/2026\/06\/04\/nota-de-prensa-grave-retroceso-en-los-derechos-humanos-en-castilla-y-leon\/"},"wordCount":395,"commentCount":0,"image":{"@id":"https:\/\/blogs.es.amnesty.org\/castilla-leon\/2026\/06\/04\/nota-de-prensa-grave-retroceso-en-los-derechos-humanos-en-castilla-y-leon\/#primaryimage"},"thumbnailUrl":"https:\/\/blogs.es.amnesty.org\/files\/uploads\/sites\/10\/2026\/06\/Blog.jpg","keywords":["Burka","Derecho Internacional","derechos humanos","inmigraci\u00f3n","Libertad Religiosa","Menores Migrantes","Nicab","ONG","Prioridad Nacional","Violencia de g\u00e9nero","Vivienda"],"articleSection":["Derechos humanos","Notas de prensa"],"inLanguage":"es","potentialAction":[{"@type":"CommentAction","name":"Comment","target":["https:\/\/blogs.es.amnesty.org\/castilla-leon\/2026\/06\/04\/nota-de-prensa-grave-retroceso-en-los-derechos-humanos-en-castilla-y-leon\/#respond"]}]},{"@type":"WebPage","@id":"https:\/\/blogs.es.amnesty.org\/castilla-leon\/2026\/06\/04\/nota-de-prensa-grave-retroceso-en-los-derechos-humanos-en-castilla-y-leon\/","url":"https:\/\/blogs.es.amnesty.org\/castilla-leon\/2026\/06\/04\/nota-de-prensa-grave-retroceso-en-los-derechos-humanos-en-castilla-y-leon\/","name":"Nota de prensa: Grave retroceso en los derechos humanos en Castilla y Le\u00f3n - Castilla y Le\u00f3n","isPartOf":{"@id":"https:\/\/blogs.es.amnesty.org\/castilla-leon\/#website"},"primaryImageOfPage":{"@id":"https:\/\/blogs.es.amnesty.org\/castilla-leon\/2026\/06\/04\/nota-de-prensa-grave-retroceso-en-los-derechos-humanos-en-castilla-y-leon\/#primaryimage"},"image":{"@id":"https:\/\/blogs.es.amnesty.org\/castilla-leon\/2026\/06\/04\/nota-de-prensa-grave-retroceso-en-los-derechos-humanos-en-castilla-y-leon\/#primaryimage"},"thumbnailUrl":"https:\/\/blogs.es.amnesty.org\/files\/uploads\/sites\/10\/2026\/06\/Blog.jpg","datePublished":"2026-06-04T10:58:34+00:00","dateModified":"2026-06-04T12:53:21+00:00","author":{"@id":"https:\/\/blogs.es.amnesty.org\/castilla-leon\/#\/schema\/person\/7154ecadc7d14c976f5363215f1858e2"},"breadcrumb":{"@id":"https:\/\/blogs.es.amnesty.org\/castilla-leon\/2026\/06\/04\/nota-de-prensa-grave-retroceso-en-los-derechos-humanos-en-castilla-y-leon\/#breadcrumb"},"inLanguage":"es","potentialAction":[{"@type":"ReadAction","target":["https:\/\/blogs.es.amnesty.org\/castilla-leon\/2026\/06\/04\/nota-de-prensa-grave-retroceso-en-los-derechos-humanos-en-castilla-y-leon\/"]}]},{"@type":"ImageObject","inLanguage":"es","@id":"https:\/\/blogs.es.amnesty.org\/castilla-leon\/2026\/06\/04\/nota-de-prensa-grave-retroceso-en-los-derechos-humanos-en-castilla-y-leon\/#primaryimage","url":"https:\/\/blogs.es.amnesty.org\/files\/uploads\/sites\/10\/2026\/06\/Blog.jpg","contentUrl":"https:\/\/blogs.es.amnesty.org\/files\/uploads\/sites\/10\/2026\/06\/Blog.jpg","width":1280,"height":720},{"@type":"BreadcrumbList","@id":"https:\/\/blogs.es.amnesty.org\/castilla-leon\/2026\/06\/04\/nota-de-prensa-grave-retroceso-en-los-derechos-humanos-en-castilla-y-leon\/#breadcrumb","itemListElement":[{"@type":"ListItem","position":1,"name":"Portada","item":"https:\/\/blogs.es.amnesty.org\/castilla-leon\/"},{"@type":"ListItem","position":2,"name":"Nota de prensa: Grave retroceso en los derechos humanos en Castilla y Le\u00f3n"}]},{"@type":"WebSite","@id":"https:\/\/blogs.es.amnesty.org\/castilla-leon\/#website","url":"https:\/\/blogs.es.amnesty.org\/castilla-leon\/","name":"Castilla y Le\u00f3n","description":"Blog de Amnist\u00eda Internacional en Castilla y Le\u00f3n","potentialAction":[{"@type":"SearchAction","target":{"@type":"EntryPoint","urlTemplate":"https:\/\/blogs.es.amnesty.org\/castilla-leon\/?s={search_term_string}"},"query-input":{"@type":"PropertyValueSpecification","valueRequired":true,"valueName":"search_term_string"}}],"inLanguage":"es"},{"@type":"Person","@id":"https:\/\/blogs.es.amnesty.org\/castilla-leon\/#\/schema\/person\/7154ecadc7d14c976f5363215f1858e2","name":"Grupo local del Le\u00f3n","image":{"@type":"ImageObject","inLanguage":"es","@id":"https:\/\/secure.gravatar.com\/avatar\/cc27391bc28caf3413d2e918119bd1a7ab2674e1c222131cb51422a18e2cc8dc?s=96&d=mm&r=g","url":"https:\/\/secure.gravatar.com\/avatar\/cc27391bc28caf3413d2e918119bd1a7ab2674e1c222131cb51422a18e2cc8dc?s=96&d=mm&r=g","contentUrl":"https:\/\/secure.gravatar.com\/avatar\/cc27391bc28caf3413d2e918119bd1a7ab2674e1c222131cb51422a18e2cc8dc?s=96&d=mm&r=g","caption":"Grupo local del Le\u00f3n"},"sameAs":["https:\/\/www.facebook.com\/AMNISTIA.INTERNACIONAL.LEON.ESP","https:\/\/www.instagram.com\/amnistialeon\/"],"url":"https:\/\/blogs.es.amnesty.org\/castilla-leon\/autor\/leon\/"}]}},"_links":{"self":[{"href":"https:\/\/blogs.es.amnesty.org\/castilla-leon\/wp-json\/wp\/v2\/posts\/1105","targetHints":{"allow":["GET"]}}],"collection":[{"href":"https:\/\/blogs.es.amnesty.org\/castilla-leon\/wp-json\/wp\/v2\/posts"}],"about":[{"href":"https:\/\/blogs.es.amnesty.org\/castilla-leon\/wp-json\/wp\/v2\/types\/post"}],"author":[{"embeddable":true,"href":"https:\/\/blogs.es.amnesty.org\/castilla-leon\/wp-json\/wp\/v2\/users\/57"}],"replies":[{"embeddable":true,"href":"https:\/\/blogs.es.amnesty.org\/castilla-leon\/wp-json\/wp\/v2\/comments?post=1105"}],"version-history":[{"count":1,"href":"https:\/\/blogs.es.amnesty.org\/castilla-leon\/wp-json\/wp\/v2\/posts\/1105\/revisions"}],"predecessor-version":[{"id":1106,"href":"https:\/\/blogs.es.amnesty.org\/castilla-leon\/wp-json\/wp\/v2\/posts\/1105\/revisions\/1106"}],"wp:featuredmedia":[{"embeddable":true,"href":"https:\/\/blogs.es.amnesty.org\/castilla-leon\/wp-json\/wp\/v2\/media\/1107"}],"wp:attachment":[{"href":"https:\/\/blogs.es.amnesty.org\/castilla-leon\/wp-json\/wp\/v2\/media?parent=1105"}],"wp:term":[{"taxonomy":"category","embeddable":true,"href":"https:\/\/blogs.es.amnesty.org\/castilla-leon\/wp-json\/wp\/v2\/categories?post=1105"},{"taxonomy":"post_tag","embeddable":true,"href":"https:\/\/blogs.es.amnesty.org\/castilla-leon\/wp-json\/wp\/v2\/tags?post=1105"}],"curies":[{"name":"wp","href":"https:\/\/api.w.org\/{rel}","templated":true}]}}