{"id":268,"date":"2020-06-20T10:36:31","date_gmt":"2020-06-20T10:36:31","guid":{"rendered":"https:\/\/blogs.es.amnesty.org\/castilla-leon\/?p=268"},"modified":"2020-06-22T17:13:20","modified_gmt":"2020-06-22T17:13:20","slug":"dia-del-refugiado-en-busca-de-una-vida-mejor","status":"publish","type":"post","link":"https:\/\/blogs.es.amnesty.org\/castilla-leon\/2020\/06\/20\/dia-del-refugiado-en-busca-de-una-vida-mejor\/","title":{"rendered":"D\u00eda del Refugiado: en busca de una vida mejor"},"content":{"rendered":"\n<p class=\"wp-block-paragraph\">Cierra los ojos e imagina que eres homosexual o transexual y no puedes amar o sentirte libre en tu pa\u00eds. Imagina que tu ciudad vive un conflicto armado y no puedes asegurar la seguridad de tus seres queridos ni la tuya propia. Imagina que d\u00eda tras d\u00eda no tienes para comer. Imagina que tu pa\u00eds te oprime por el mero hecho de ser mujer o que temes por tu integridad f\u00edsica y la de tu familia por tener una ideolog\u00eda diferente a la del Gobierno de tu pa\u00eds.<strong> Esta es la historia de miles de personas que cada d\u00eda huyen de sus pa\u00edses por diversas razones. Personas como t\u00fa y como yo<\/strong>.<\/p>\n\n\n\n<figure class=\"wp-block-embed-youtube wp-block-embed is-type-video is-provider-youtube wp-embed-aspect-16-9 wp-has-aspect-ratio\"><div class=\"wp-block-embed__wrapper\">\n<iframe loading=\"lazy\" title=\"A trav\u00e9s de los ojos de una persona refugiada\" width=\"640\" height=\"360\" src=\"https:\/\/www.youtube.com\/embed\/A43bPkevL90?feature=oembed\" frameborder=\"0\" allow=\"accelerometer; autoplay; clipboard-write; encrypted-media; gyroscope; picture-in-picture; web-share\" referrerpolicy=\"strict-origin-when-cross-origin\" allowfullscreen><\/iframe>\n<\/div><\/figure>\n\n\n\n<p class=\"wp-block-paragraph\"><strong>\u00bfPor qu\u00e9 huyen de sus pa\u00edses?<\/strong><\/p>\n\n\n\n<p class=\"wp-block-paragraph\">Hay quien huyen por un conflicto armado en su pa\u00eds, donde los bombardeos y la violencia irrumpe cada d\u00eda su vida. Hay personas que, sin embargo, inmigran por la pobreza, debido a situaciones econ\u00f3micas muy precarias por las que apenas tiene comida que llevarse a la boca. Mientras que hay quienes escapan porque en su lugar de origen no se les acepta tal y como son, ya sea por su religi\u00f3n, raza, ideales pol\u00edticos, orientaci\u00f3n sexual o g\u00e9nero, entre otras muchas causas.<\/p>\n\n\n\n<p class=\"wp-block-paragraph\">Son m\u00faltiples los motivos por los que una persona decide irse de su pa\u00eds y emprender su vida de cero en otro lugar. Pero<strong> todas comparten un mismo sentimiento: no se sienten seguras en sus pa\u00edses<\/strong>,<strong> huyen por supervivencia<\/strong>. <\/p>\n\n\n\n<p class=\"wp-block-paragraph\">Una decisi\u00f3n dif\u00edcil, que\nconlleva un acto de valent\u00eda y coraje.<\/p>\n\n\n\n<figure class=\"wp-block-image size-large\"><img loading=\"lazy\" decoding=\"async\" width=\"1040\" height=\"697\" src=\"https:\/\/blogs.es.amnesty.org\/files\/uploads\/sites\/10\/2020\/06\/csm_269422_e59dccf509.jpg\" alt=\"\" class=\"wp-image-274\" srcset=\"https:\/\/blogs.es.amnesty.org\/files\/uploads\/sites\/10\/2020\/06\/csm_269422_e59dccf509.jpg 1040w, https:\/\/blogs.es.amnesty.org\/files\/uploads\/sites\/10\/2020\/06\/csm_269422_e59dccf509-770x516.jpg 770w, https:\/\/blogs.es.amnesty.org\/files\/uploads\/sites\/10\/2020\/06\/csm_269422_e59dccf509-768x515.jpg 768w\" sizes=\"auto, (max-width: 1040px) 100vw, 1040px\" \/><figcaption> <em>Migrantes en la frontera entre Grecia y Turqu\u00eda, 1 de marzo de 2020, \u00a9 Arif Hudaverdi Yaman\/Anadolu Agency via Getty Images<\/em> <\/figcaption><\/figure>\n\n\n\n<p class=\"wp-block-paragraph\"><strong>\u00bfC\u00f3mo es el viaje hacia este nuevo destino?<\/strong><\/p>\n\n\n\n<p class=\"wp-block-paragraph\">Todas estas personas llenan su maleta de sue\u00f1os, ilusiones y esperanzas depositadas en su nuevo destino. Pero, desgraciadamente, muchas de ellas no llegan a cumplir estos sue\u00f1os. Son miles las vidas que se han perdido en el mar Mediterr\u00e1neo en busca de ese \u00abfuturo mejor\u00bb. Quienes logran llegar a la orilla no lo tiene f\u00e1cil. Muchos son destinados a campos de refugiados, donde la vida diaria est\u00e1 llena de complicaciones. Algunos lo han perdido todo, <strong>se sienten solos y desamparados<\/strong>. <\/p>\n\n\n\n<figure class=\"wp-block-image size-large\"><img loading=\"lazy\" decoding=\"async\" width=\"1040\" height=\"693\" src=\"https:\/\/blogs.es.amnesty.org\/files\/uploads\/sites\/10\/2020\/06\/Portada-1.jpg\" alt=\"\" class=\"wp-image-279\" srcset=\"https:\/\/blogs.es.amnesty.org\/files\/uploads\/sites\/10\/2020\/06\/Portada-1.jpg 1040w, https:\/\/blogs.es.amnesty.org\/files\/uploads\/sites\/10\/2020\/06\/Portada-1-770x513.jpg 770w, https:\/\/blogs.es.amnesty.org\/files\/uploads\/sites\/10\/2020\/06\/Portada-1-768x512.jpg 768w\" sizes=\"auto, (max-width: 1040px) 100vw, 1040px\" \/><figcaption>Dos beb\u00e9s durmiendo en el Open Arms.<\/figcaption><\/figure>\n\n\n\n<p class=\"wp-block-paragraph\">Algunos colectivos son m\u00e1s vulnerables que otros ante esta situaci\u00f3n. <strong>Las mujeres y los ni\u00f1os se enfrentan al doble de problemas y adversidades, corren el riesgo de sufrir violencia o violaciones<\/strong>. Pero entre tanto caos, la solidad y el apoyo mutuo les devuelve a estas personas las ganas de continuar luchando. Yvette es el nombre ficticio de una de las refugiadas del campo de en Moria. Es procedente de Camer\u00fan. En su estancia en el campo, Yvette ced\u00eda su cama a las mujeres embarazadas. \u201cSoy madre y comprendo sus dificultades. Me imagino lo duro que debe de ser estar en embarazada en Moria\u201d, <a href=\"https:\/\/www.es.amnesty.org\/en-que-estamos\/blog\/historia\/articulo\/si-quieren-saber-lo-que-es-pasar-miedo-hambre-y-frio-de-verdad-vengan-aqui\/\" target=\"_blank\" rel=\"noreferrer noopener\" aria-label=\"le contaba esta refugiada (se abre en una nueva pesta\u00f1a)\">le contaba esta refugiada<\/a> a Yara Boff, directora de medios de comunicaci\u00f3n de Amnist\u00eda Internacional Pa\u00edses Bajos. Amina, tambi\u00e9n refugiada en Moria, confesaba que no hubiera soportado tanto sufrimiento sin las amistades que construy\u00f3 en aquel lugar. <\/p>\n\n\n\n<figure class=\"wp-block-image size-large\"><img loading=\"lazy\" decoding=\"async\" width=\"1000\" height=\"699\" src=\"https:\/\/blogs.es.amnesty.org\/files\/uploads\/sites\/10\/2020\/06\/Yvette.jpg\" alt=\"\" class=\"wp-image-270\" srcset=\"https:\/\/blogs.es.amnesty.org\/files\/uploads\/sites\/10\/2020\/06\/Yvette.jpg 1000w, https:\/\/blogs.es.amnesty.org\/files\/uploads\/sites\/10\/2020\/06\/Yvette-770x538.jpg 770w, https:\/\/blogs.es.amnesty.org\/files\/uploads\/sites\/10\/2020\/06\/Yvette-768x537.jpg 768w\" sizes=\"auto, (max-width: 1000px) 100vw, 1000px\" \/><figcaption>Yvette ced\u00eda su cama a las mujeres embarazadas en el campo de refugiados de Moria (Grecia).<\/figcaption><\/figure>\n\n\n\n<p class=\"wp-block-paragraph\"><strong>\u00bfQu\u00e9 ocurre cuando llegan a su destino?<\/strong><\/p>\n\n\n\n<p class=\"wp-block-paragraph\">Si, finalmente, estas personas consiguen llegar a su nuevo lugar. <strong>Su recibimiento, en algunos casos, es amargo<\/strong>.<strong> Se enfrentan <a rel=\"noreferrer noopener\" aria-label=\"comentarios y situaciones racistas (se abre en una nueva pesta\u00f1a)\" href=\"https:\/\/www.es.amnesty.org\/en-que-estamos\/blog\/historia\/articulo\/bulos-que-generan-odio-vacunate-contra-el-racismo\/\" target=\"_blank\">comentarios y situaciones racistas<\/a><\/strong> <strong>basados en estereotipos falsos<\/strong> que dificultan a\u00fan m\u00e1s su situaci\u00f3n. Los prejuicios como \u201cLos inmigrantes nada m\u00e1s vienen a quitarnos el trabajo\u201d, hacen que la adaptaci\u00f3n al mundo laboral sea m\u00e1s complicada de lo habitual. Diversos informes desmienten este bulo como lo hace el \u00faltimo realizado por<strong> el <a href=\"https:\/\/www.europapress.es\/epsocial\/migracion\/noticia-defensor-pueblo-reivindica-impacto-positivo-inmigracion-contra-juicios-poco-informados-xenofobos-20200513113941.html\" target=\"_blank\" rel=\"noreferrer noopener\" aria-label=\"Defensor del Pueblo (se abre en una nueva pesta\u00f1a)\">Defensor del Pueblo<\/a>, que destaca los beneficios de la migraci\u00f3n a nivel econ\u00f3mico y social y se\u00f1ala que la poblaci\u00f3n extranjera resulta fundamental para el crecimiento econ\u00f3mico del pa\u00eds.<\/strong> <\/p>\n\n\n\n<p class=\"wp-block-paragraph\"><strong>El rechazo tambi\u00e9n puede proceder por su cultura o su propia identidad<\/strong>. \u00abYo no soy racista, pero&#8230;\u00bb. Es otro de los discursos que llevan incrustada la discriminaci\u00f3n. Esto hace que la nueva vida que estas personas intentan construir lejos de sus pa\u00edses de origen sea a\u00fan m\u00e1s complicada de llevar.<\/p>\n\n\n\n<p class=\"wp-block-paragraph\">As\u00ed que ahora, <strong>\u201cimagina que no hay pa\u00edses\u201d, \u201cnada por lo que matar o morir, ni religiones tampoco. Imagina a toda la gente viviendo la vida en paz. Puedes decir que soy un so\u00f1ador, pero no soy el \u00fanico\u201d<\/strong>. Ayudemos a construir un futuro mejor para estas personas. <\/p>\n\n\n\n<figure class=\"wp-block-embed-youtube wp-block-embed is-type-video is-provider-youtube wp-embed-aspect-4-3 wp-has-aspect-ratio\"><div class=\"wp-block-embed__wrapper\">\n<iframe loading=\"lazy\" title=\"John Lennon Imagine Letra en Ingles Subtitulo\" width=\"640\" height=\"480\" src=\"https:\/\/www.youtube.com\/embed\/rxCWSHzxjlU?feature=oembed\" frameborder=\"0\" allow=\"accelerometer; autoplay; clipboard-write; encrypted-media; gyroscope; picture-in-picture; web-share\" referrerpolicy=\"strict-origin-when-cross-origin\" allowfullscreen><\/iframe>\n<\/div><\/figure>\n","protected":false},"excerpt":{"rendered":"<p>El 20 de junio se celebra el D\u00eda Mundial del Refugiado. Son miles de personas las que cada a\u00f1o abandonan sus pa\u00edses en busca de una vida mejor.  Algunos de estos sue\u00f1os mueren en el mar Mediterr\u00e1neo. <\/p>\n","protected":false},"author":41,"featured_media":278,"comment_status":"open","ping_status":"open","sticky":false,"template":"","format":"standard","meta":{"_acf_changed":false,"footnotes":"","_members_access_role":[],"_members_access_error":""},"categories":[42],"tags":[43],"class_list":["post-268","post","type-post","status-publish","format-standard","has-post-thumbnail","hentry","category-refugiados","tag-refugiados"],"acf":[],"yoast_head":"<!-- This site is optimized with the Yoast SEO plugin v28.2 - https:\/\/yoast.com\/product\/yoast-seo-wordpress\/ -->\n<title>D\u00eda del Refugiado: en busca de una vida mejor - Castilla y Le\u00f3n<\/title>\n<meta name=\"robots\" content=\"index, follow, max-snippet:-1, max-image-preview:large, max-video-preview:-1\" \/>\n<link rel=\"canonical\" href=\"https:\/\/blogs.es.amnesty.org\/castilla-leon\/2020\/06\/20\/dia-del-refugiado-en-busca-de-una-vida-mejor\/\" \/>\n<meta property=\"og:locale\" content=\"es_ES\" \/>\n<meta property=\"og:type\" content=\"article\" \/>\n<meta property=\"og:title\" content=\"D\u00eda del Refugiado: en busca de una vida mejor - Castilla y Le\u00f3n\" \/>\n<meta property=\"og:description\" content=\"El 20 de junio se celebra el D\u00eda Mundial del Refugiado. Son miles de personas las que cada a\u00f1o abandonan sus pa\u00edses en busca de una vida mejor. Algunos de estos sue\u00f1os mueren en el mar Mediterr\u00e1neo.\" \/>\n<meta property=\"og:url\" content=\"https:\/\/blogs.es.amnesty.org\/castilla-leon\/2020\/06\/20\/dia-del-refugiado-en-busca-de-una-vida-mejor\/\" \/>\n<meta property=\"og:site_name\" content=\"Castilla y Le\u00f3n\" \/>\n<meta property=\"article:published_time\" content=\"2020-06-20T10:36:31+00:00\" \/>\n<meta property=\"article:modified_time\" content=\"2020-06-22T17:13:20+00:00\" \/>\n<meta property=\"og:image\" content=\"https:\/\/blogs.es.amnesty.org\/files\/uploads\/sites\/10\/2020\/06\/csm_aquarius-2_01_9880cf753f.jpg\" \/>\n\t<meta property=\"og:image:width\" content=\"1040\" \/>\n\t<meta property=\"og:image:height\" content=\"442\" \/>\n\t<meta property=\"og:image:type\" content=\"image\/jpeg\" \/>\n<meta name=\"author\" content=\"AI Castilla y Le\u00f3n\" \/>\n<meta name=\"twitter:card\" content=\"summary_large_image\" \/>\n<meta name=\"twitter:label1\" content=\"Escrito por\" \/>\n\t<meta name=\"twitter:data1\" content=\"AI Castilla y Le\u00f3n\" \/>\n\t<meta name=\"twitter:label2\" content=\"Tiempo de lectura\" \/>\n\t<meta name=\"twitter:data2\" content=\"4 minutos\" \/>\n<script type=\"application\/ld+json\" class=\"yoast-schema-graph\">{\"@context\":\"https:\\\/\\\/schema.org\",\"@graph\":[{\"@type\":\"Article\",\"@id\":\"https:\\\/\\\/blogs.es.amnesty.org\\\/castilla-leon\\\/2020\\\/06\\\/20\\\/dia-del-refugiado-en-busca-de-una-vida-mejor\\\/#article\",\"isPartOf\":{\"@id\":\"https:\\\/\\\/blogs.es.amnesty.org\\\/castilla-leon\\\/2020\\\/06\\\/20\\\/dia-del-refugiado-en-busca-de-una-vida-mejor\\\/\"},\"author\":{\"name\":\"AI Castilla y Le\u00f3n\",\"@id\":\"https:\\\/\\\/blogs.es.amnesty.org\\\/castilla-leon\\\/#\\\/schema\\\/person\\\/72c02e2f7c0653ba4613756a4f42e5f0\"},\"headline\":\"D\u00eda del Refugiado: en busca de una vida mejor\",\"datePublished\":\"2020-06-20T10:36:31+00:00\",\"dateModified\":\"2020-06-22T17:13:20+00:00\",\"mainEntityOfPage\":{\"@id\":\"https:\\\/\\\/blogs.es.amnesty.org\\\/castilla-leon\\\/2020\\\/06\\\/20\\\/dia-del-refugiado-en-busca-de-una-vida-mejor\\\/\"},\"wordCount\":813,\"commentCount\":0,\"image\":{\"@id\":\"https:\\\/\\\/blogs.es.amnesty.org\\\/castilla-leon\\\/2020\\\/06\\\/20\\\/dia-del-refugiado-en-busca-de-una-vida-mejor\\\/#primaryimage\"},\"thumbnailUrl\":\"https:\\\/\\\/blogs.es.amnesty.org\\\/files\\\/uploads\\\/sites\\\/10\\\/2020\\\/06\\\/csm_aquarius-2_01_9880cf753f.jpg\",\"keywords\":[\"Refugiados\"],\"articleSection\":[\"Refugiados\"],\"inLanguage\":\"es\",\"potentialAction\":[{\"@type\":\"CommentAction\",\"name\":\"Comment\",\"target\":[\"https:\\\/\\\/blogs.es.amnesty.org\\\/castilla-leon\\\/2020\\\/06\\\/20\\\/dia-del-refugiado-en-busca-de-una-vida-mejor\\\/#respond\"]}]},{\"@type\":\"WebPage\",\"@id\":\"https:\\\/\\\/blogs.es.amnesty.org\\\/castilla-leon\\\/2020\\\/06\\\/20\\\/dia-del-refugiado-en-busca-de-una-vida-mejor\\\/\",\"url\":\"https:\\\/\\\/blogs.es.amnesty.org\\\/castilla-leon\\\/2020\\\/06\\\/20\\\/dia-del-refugiado-en-busca-de-una-vida-mejor\\\/\",\"name\":\"D\u00eda del Refugiado: en busca de una vida mejor - Castilla y Le\u00f3n\",\"isPartOf\":{\"@id\":\"https:\\\/\\\/blogs.es.amnesty.org\\\/castilla-leon\\\/#website\"},\"primaryImageOfPage\":{\"@id\":\"https:\\\/\\\/blogs.es.amnesty.org\\\/castilla-leon\\\/2020\\\/06\\\/20\\\/dia-del-refugiado-en-busca-de-una-vida-mejor\\\/#primaryimage\"},\"image\":{\"@id\":\"https:\\\/\\\/blogs.es.amnesty.org\\\/castilla-leon\\\/2020\\\/06\\\/20\\\/dia-del-refugiado-en-busca-de-una-vida-mejor\\\/#primaryimage\"},\"thumbnailUrl\":\"https:\\\/\\\/blogs.es.amnesty.org\\\/files\\\/uploads\\\/sites\\\/10\\\/2020\\\/06\\\/csm_aquarius-2_01_9880cf753f.jpg\",\"datePublished\":\"2020-06-20T10:36:31+00:00\",\"dateModified\":\"2020-06-22T17:13:20+00:00\",\"author\":{\"@id\":\"https:\\\/\\\/blogs.es.amnesty.org\\\/castilla-leon\\\/#\\\/schema\\\/person\\\/72c02e2f7c0653ba4613756a4f42e5f0\"},\"breadcrumb\":{\"@id\":\"https:\\\/\\\/blogs.es.amnesty.org\\\/castilla-leon\\\/2020\\\/06\\\/20\\\/dia-del-refugiado-en-busca-de-una-vida-mejor\\\/#breadcrumb\"},\"inLanguage\":\"es\",\"potentialAction\":[{\"@type\":\"ReadAction\",\"target\":[\"https:\\\/\\\/blogs.es.amnesty.org\\\/castilla-leon\\\/2020\\\/06\\\/20\\\/dia-del-refugiado-en-busca-de-una-vida-mejor\\\/\"]}]},{\"@type\":\"ImageObject\",\"inLanguage\":\"es\",\"@id\":\"https:\\\/\\\/blogs.es.amnesty.org\\\/castilla-leon\\\/2020\\\/06\\\/20\\\/dia-del-refugiado-en-busca-de-una-vida-mejor\\\/#primaryimage\",\"url\":\"https:\\\/\\\/blogs.es.amnesty.org\\\/files\\\/uploads\\\/sites\\\/10\\\/2020\\\/06\\\/csm_aquarius-2_01_9880cf753f.jpg\",\"contentUrl\":\"https:\\\/\\\/blogs.es.amnesty.org\\\/files\\\/uploads\\\/sites\\\/10\\\/2020\\\/06\\\/csm_aquarius-2_01_9880cf753f.jpg\",\"width\":1040,\"height\":442,\"caption\":\"Una voluntaria ayudando a una ni\u00f1a a ponerse el chaleco salvavidas en el Aquarius\"},{\"@type\":\"BreadcrumbList\",\"@id\":\"https:\\\/\\\/blogs.es.amnesty.org\\\/castilla-leon\\\/2020\\\/06\\\/20\\\/dia-del-refugiado-en-busca-de-una-vida-mejor\\\/#breadcrumb\",\"itemListElement\":[{\"@type\":\"ListItem\",\"position\":1,\"name\":\"Portada\",\"item\":\"https:\\\/\\\/blogs.es.amnesty.org\\\/castilla-leon\\\/\"},{\"@type\":\"ListItem\",\"position\":2,\"name\":\"D\u00eda del Refugiado: en busca de una vida mejor\"}]},{\"@type\":\"WebSite\",\"@id\":\"https:\\\/\\\/blogs.es.amnesty.org\\\/castilla-leon\\\/#website\",\"url\":\"https:\\\/\\\/blogs.es.amnesty.org\\\/castilla-leon\\\/\",\"name\":\"Castilla y Le\u00f3n\",\"description\":\"Blog de Amnist\u00eda Internacional en Castilla y Le\u00f3n\",\"potentialAction\":[{\"@type\":\"SearchAction\",\"target\":{\"@type\":\"EntryPoint\",\"urlTemplate\":\"https:\\\/\\\/blogs.es.amnesty.org\\\/castilla-leon\\\/?s={search_term_string}\"},\"query-input\":{\"@type\":\"PropertyValueSpecification\",\"valueRequired\":true,\"valueName\":\"search_term_string\"}}],\"inLanguage\":\"es\"},{\"@type\":\"Person\",\"@id\":\"https:\\\/\\\/blogs.es.amnesty.org\\\/castilla-leon\\\/#\\\/schema\\\/person\\\/72c02e2f7c0653ba4613756a4f42e5f0\",\"name\":\"AI Castilla y Le\u00f3n\",\"image\":{\"@type\":\"ImageObject\",\"inLanguage\":\"es\",\"@id\":\"https:\\\/\\\/secure.gravatar.com\\\/avatar\\\/49824f30513cadad841c65412211570e575ce18e1ec799f652f2c085f1a695fc?s=96&d=mm&r=g\",\"url\":\"https:\\\/\\\/secure.gravatar.com\\\/avatar\\\/49824f30513cadad841c65412211570e575ce18e1ec799f652f2c085f1a695fc?s=96&d=mm&r=g\",\"contentUrl\":\"https:\\\/\\\/secure.gravatar.com\\\/avatar\\\/49824f30513cadad841c65412211570e575ce18e1ec799f652f2c085f1a695fc?s=96&d=mm&r=g\",\"caption\":\"AI Castilla y Le\u00f3n\"},\"url\":\"https:\\\/\\\/blogs.es.amnesty.org\\\/castilla-leon\\\/autor\\\/comunicacioncyl\\\/\"}]}<\/script>\n<!-- \/ Yoast SEO plugin. -->","yoast_head_json":{"title":"D\u00eda del Refugiado: en busca de una vida mejor - Castilla y Le\u00f3n","robots":{"index":"index","follow":"follow","max-snippet":"max-snippet:-1","max-image-preview":"max-image-preview:large","max-video-preview":"max-video-preview:-1"},"canonical":"https:\/\/blogs.es.amnesty.org\/castilla-leon\/2020\/06\/20\/dia-del-refugiado-en-busca-de-una-vida-mejor\/","og_locale":"es_ES","og_type":"article","og_title":"D\u00eda del Refugiado: en busca de una vida mejor - Castilla y Le\u00f3n","og_description":"El 20 de junio se celebra el D\u00eda Mundial del Refugiado. Son miles de personas las que cada a\u00f1o abandonan sus pa\u00edses en busca de una vida mejor. Algunos de estos sue\u00f1os mueren en el mar Mediterr\u00e1neo.","og_url":"https:\/\/blogs.es.amnesty.org\/castilla-leon\/2020\/06\/20\/dia-del-refugiado-en-busca-de-una-vida-mejor\/","og_site_name":"Castilla y Le\u00f3n","article_published_time":"2020-06-20T10:36:31+00:00","article_modified_time":"2020-06-22T17:13:20+00:00","og_image":[{"width":1040,"height":442,"url":"https:\/\/blogs.es.amnesty.org\/files\/uploads\/sites\/10\/2020\/06\/csm_aquarius-2_01_9880cf753f.jpg","type":"image\/jpeg"}],"author":"AI Castilla y Le\u00f3n","twitter_card":"summary_large_image","twitter_misc":{"Escrito por":"AI Castilla y Le\u00f3n","Tiempo de lectura":"4 minutos"},"schema":{"@context":"https:\/\/schema.org","@graph":[{"@type":"Article","@id":"https:\/\/blogs.es.amnesty.org\/castilla-leon\/2020\/06\/20\/dia-del-refugiado-en-busca-de-una-vida-mejor\/#article","isPartOf":{"@id":"https:\/\/blogs.es.amnesty.org\/castilla-leon\/2020\/06\/20\/dia-del-refugiado-en-busca-de-una-vida-mejor\/"},"author":{"name":"AI Castilla y Le\u00f3n","@id":"https:\/\/blogs.es.amnesty.org\/castilla-leon\/#\/schema\/person\/72c02e2f7c0653ba4613756a4f42e5f0"},"headline":"D\u00eda del Refugiado: en busca de una vida mejor","datePublished":"2020-06-20T10:36:31+00:00","dateModified":"2020-06-22T17:13:20+00:00","mainEntityOfPage":{"@id":"https:\/\/blogs.es.amnesty.org\/castilla-leon\/2020\/06\/20\/dia-del-refugiado-en-busca-de-una-vida-mejor\/"},"wordCount":813,"commentCount":0,"image":{"@id":"https:\/\/blogs.es.amnesty.org\/castilla-leon\/2020\/06\/20\/dia-del-refugiado-en-busca-de-una-vida-mejor\/#primaryimage"},"thumbnailUrl":"https:\/\/blogs.es.amnesty.org\/files\/uploads\/sites\/10\/2020\/06\/csm_aquarius-2_01_9880cf753f.jpg","keywords":["Refugiados"],"articleSection":["Refugiados"],"inLanguage":"es","potentialAction":[{"@type":"CommentAction","name":"Comment","target":["https:\/\/blogs.es.amnesty.org\/castilla-leon\/2020\/06\/20\/dia-del-refugiado-en-busca-de-una-vida-mejor\/#respond"]}]},{"@type":"WebPage","@id":"https:\/\/blogs.es.amnesty.org\/castilla-leon\/2020\/06\/20\/dia-del-refugiado-en-busca-de-una-vida-mejor\/","url":"https:\/\/blogs.es.amnesty.org\/castilla-leon\/2020\/06\/20\/dia-del-refugiado-en-busca-de-una-vida-mejor\/","name":"D\u00eda del Refugiado: en busca de una vida mejor - Castilla y Le\u00f3n","isPartOf":{"@id":"https:\/\/blogs.es.amnesty.org\/castilla-leon\/#website"},"primaryImageOfPage":{"@id":"https:\/\/blogs.es.amnesty.org\/castilla-leon\/2020\/06\/20\/dia-del-refugiado-en-busca-de-una-vida-mejor\/#primaryimage"},"image":{"@id":"https:\/\/blogs.es.amnesty.org\/castilla-leon\/2020\/06\/20\/dia-del-refugiado-en-busca-de-una-vida-mejor\/#primaryimage"},"thumbnailUrl":"https:\/\/blogs.es.amnesty.org\/files\/uploads\/sites\/10\/2020\/06\/csm_aquarius-2_01_9880cf753f.jpg","datePublished":"2020-06-20T10:36:31+00:00","dateModified":"2020-06-22T17:13:20+00:00","author":{"@id":"https:\/\/blogs.es.amnesty.org\/castilla-leon\/#\/schema\/person\/72c02e2f7c0653ba4613756a4f42e5f0"},"breadcrumb":{"@id":"https:\/\/blogs.es.amnesty.org\/castilla-leon\/2020\/06\/20\/dia-del-refugiado-en-busca-de-una-vida-mejor\/#breadcrumb"},"inLanguage":"es","potentialAction":[{"@type":"ReadAction","target":["https:\/\/blogs.es.amnesty.org\/castilla-leon\/2020\/06\/20\/dia-del-refugiado-en-busca-de-una-vida-mejor\/"]}]},{"@type":"ImageObject","inLanguage":"es","@id":"https:\/\/blogs.es.amnesty.org\/castilla-leon\/2020\/06\/20\/dia-del-refugiado-en-busca-de-una-vida-mejor\/#primaryimage","url":"https:\/\/blogs.es.amnesty.org\/files\/uploads\/sites\/10\/2020\/06\/csm_aquarius-2_01_9880cf753f.jpg","contentUrl":"https:\/\/blogs.es.amnesty.org\/files\/uploads\/sites\/10\/2020\/06\/csm_aquarius-2_01_9880cf753f.jpg","width":1040,"height":442,"caption":"Una voluntaria ayudando a una ni\u00f1a a ponerse el chaleco salvavidas en el Aquarius"},{"@type":"BreadcrumbList","@id":"https:\/\/blogs.es.amnesty.org\/castilla-leon\/2020\/06\/20\/dia-del-refugiado-en-busca-de-una-vida-mejor\/#breadcrumb","itemListElement":[{"@type":"ListItem","position":1,"name":"Portada","item":"https:\/\/blogs.es.amnesty.org\/castilla-leon\/"},{"@type":"ListItem","position":2,"name":"D\u00eda del Refugiado: en busca de una vida mejor"}]},{"@type":"WebSite","@id":"https:\/\/blogs.es.amnesty.org\/castilla-leon\/#website","url":"https:\/\/blogs.es.amnesty.org\/castilla-leon\/","name":"Castilla y Le\u00f3n","description":"Blog de Amnist\u00eda Internacional en Castilla y Le\u00f3n","potentialAction":[{"@type":"SearchAction","target":{"@type":"EntryPoint","urlTemplate":"https:\/\/blogs.es.amnesty.org\/castilla-leon\/?s={search_term_string}"},"query-input":{"@type":"PropertyValueSpecification","valueRequired":true,"valueName":"search_term_string"}}],"inLanguage":"es"},{"@type":"Person","@id":"https:\/\/blogs.es.amnesty.org\/castilla-leon\/#\/schema\/person\/72c02e2f7c0653ba4613756a4f42e5f0","name":"AI Castilla y Le\u00f3n","image":{"@type":"ImageObject","inLanguage":"es","@id":"https:\/\/secure.gravatar.com\/avatar\/49824f30513cadad841c65412211570e575ce18e1ec799f652f2c085f1a695fc?s=96&d=mm&r=g","url":"https:\/\/secure.gravatar.com\/avatar\/49824f30513cadad841c65412211570e575ce18e1ec799f652f2c085f1a695fc?s=96&d=mm&r=g","contentUrl":"https:\/\/secure.gravatar.com\/avatar\/49824f30513cadad841c65412211570e575ce18e1ec799f652f2c085f1a695fc?s=96&d=mm&r=g","caption":"AI Castilla y Le\u00f3n"},"url":"https:\/\/blogs.es.amnesty.org\/castilla-leon\/autor\/comunicacioncyl\/"}]}},"_links":{"self":[{"href":"https:\/\/blogs.es.amnesty.org\/castilla-leon\/wp-json\/wp\/v2\/posts\/268","targetHints":{"allow":["GET"]}}],"collection":[{"href":"https:\/\/blogs.es.amnesty.org\/castilla-leon\/wp-json\/wp\/v2\/posts"}],"about":[{"href":"https:\/\/blogs.es.amnesty.org\/castilla-leon\/wp-json\/wp\/v2\/types\/post"}],"author":[{"embeddable":true,"href":"https:\/\/blogs.es.amnesty.org\/castilla-leon\/wp-json\/wp\/v2\/users\/41"}],"replies":[{"embeddable":true,"href":"https:\/\/blogs.es.amnesty.org\/castilla-leon\/wp-json\/wp\/v2\/comments?post=268"}],"version-history":[{"count":0,"href":"https:\/\/blogs.es.amnesty.org\/castilla-leon\/wp-json\/wp\/v2\/posts\/268\/revisions"}],"wp:featuredmedia":[{"embeddable":true,"href":"https:\/\/blogs.es.amnesty.org\/castilla-leon\/wp-json\/wp\/v2\/media\/278"}],"wp:attachment":[{"href":"https:\/\/blogs.es.amnesty.org\/castilla-leon\/wp-json\/wp\/v2\/media?parent=268"}],"wp:term":[{"taxonomy":"category","embeddable":true,"href":"https:\/\/blogs.es.amnesty.org\/castilla-leon\/wp-json\/wp\/v2\/categories?post=268"},{"taxonomy":"post_tag","embeddable":true,"href":"https:\/\/blogs.es.amnesty.org\/castilla-leon\/wp-json\/wp\/v2\/tags?post=268"}],"curies":[{"name":"wp","href":"https:\/\/api.w.org\/{rel}","templated":true}]}}