{"id":287,"date":"2020-07-03T19:09:34","date_gmt":"2020-07-03T19:09:34","guid":{"rendered":"https:\/\/blogs.es.amnesty.org\/castilla-leon\/?p=287"},"modified":"2020-07-06T15:00:13","modified_gmt":"2020-07-06T15:00:13","slug":"la-historia-del-orgullo-lgtbi-en-espana","status":"publish","type":"post","link":"https:\/\/blogs.es.amnesty.org\/castilla-leon\/2020\/07\/03\/la-historia-del-orgullo-lgtbi-en-espana\/","title":{"rendered":"La historia del Orgullo LGTBI en Espa\u00f1a"},"content":{"rendered":"\n<p class=\"wp-block-paragraph\">Durante el franquismo, miles de personas transexuales y homosexuales no pod\u00edan expresarse libremente tal y c\u00f3mo eran. La dictadura en la que Espa\u00f1a estaba sumergida hac\u00eda que tuvieran que reprimir su identidad o amor para no ser perseguidas por el r\u00e9gimen de Franco.<strong> Eran denominadas enfermas y su orientaci\u00f3n sexual era considerada un delito.<\/strong> &nbsp;Quienes se atrevieran a ir contra ello sufr\u00edan unas graves consecuencias, como el encarcelamiento o la muerte.<\/p>\n\n\n\n<p class=\"wp-block-paragraph\">Durante su dictadura, Franco dict\u00f3 una ley que le robaba la libertad a estas personas y les obligaba a ce\u00f1irse a su r\u00e9gimen. <strong>En 1954, modific\u00f3 la Ley de Vagos y Maleantes, creada en 1933, e incluy\u00f3 a las personas LGTBI con el fin de reformar su identidad y privarles de amar a quien ellos realmente quer\u00edan.<\/strong> Algunos de ellos permanecieron en c\u00e1rceles o  en manicomios, en los que se elaboraba todo tipo de terapias experimentales, como electroshock o lobotom\u00edas. &nbsp;En estos lugares, las personas transexuales y homosexuales <strong>sufr\u00edan todo tipo de vejaciones, como abusos o violaciones. Muchos llegaron hasta fueron asesinados<\/strong>. <\/p>\n\n\n\n<p class=\"wp-block-paragraph\">En 1970, Franco dictamin\u00f3 una nueva normativa m\u00e1s restrictiva, <strong>la Ley de Peligrosidad Social<\/strong>. Esta ley castigaba a las personas LGTBI con penas de hasta cinco a\u00f1os de prisi\u00f3n por \u201cesc\u00e1ndalo p\u00fablico\u201d. <\/p>\n\n\n\n<p class=\"wp-block-paragraph\">Ese mismo a\u00f1o, 1970, se cre\u00f3 en Espa\u00f1a la primera asociaci\u00f3n en defensa de los derechos de las personas LGTBI, llamado el <strong>Movimiento Espa\u00f1ol de Liberaci\u00f3n Homosexual<\/strong>. &nbsp;Por aquella \u00e9poca en Torremolinos, el pasaje de Bego\u00f1a era el \u00fanico lugar donde se pod\u00eda expresar la libertad del mundo LGTBI. <\/p>\n\n\n\n<p class=\"wp-block-paragraph\"><strong>El 26 de junio de 1977<\/strong>, dos a\u00f1os despu\u00e9s de la muerte de Franco, se llev\u00f3 a cabo en Barcelona <strong>la primera manifestaci\u00f3n LGTBI a favor de que se derogara la Ley de Peligrosidad Social.<\/strong> Esta reivindicaci\u00f3n organizada por Front d\u2019Aliberament Gai de Catalunya fue considera como una victoria. Cientos de personas recorrieron las Ramblas de Barcelona en busca de la libertad. La polic\u00eda irrumpi\u00f3 a base de golpes y las mujeres transexuales se pusieron delante para hacerle frente a los disturbios. Esta manifestaci\u00f3n fue censurada por algunos medios de comunicaci\u00f3n, pero el colectivo LGTBI empez\u00f3 a sentirse unido y apoyado por primera vez.<\/p>\n\n\n\n<figure class=\"wp-block-image size-large\"><img loading=\"lazy\" decoding=\"async\" width=\"980\" height=\"562\" src=\"https:\/\/blogs.es.amnesty.org\/files\/uploads\/sites\/10\/2020\/07\/1498647028_431114_1498647410_noticia_normal.jpg\" alt=\"\" class=\"wp-image-290\" srcset=\"https:\/\/blogs.es.amnesty.org\/files\/uploads\/sites\/10\/2020\/07\/1498647028_431114_1498647410_noticia_normal.jpg 980w, https:\/\/blogs.es.amnesty.org\/files\/uploads\/sites\/10\/2020\/07\/1498647028_431114_1498647410_noticia_normal-770x442.jpg 770w, https:\/\/blogs.es.amnesty.org\/files\/uploads\/sites\/10\/2020\/07\/1498647028_431114_1498647410_noticia_normal-768x440.jpg 768w\" sizes=\"auto, (max-width: 980px) 100vw, 980px\" \/><figcaption>La primera manifestaci\u00f3n LGTBI en Espa\u00f1a. Fuente: Diario \u00abEl Pa\u00eds\u00bb<\/figcaption><\/figure>\n\n\n\n<p class=\"wp-block-paragraph\">El colectivo LGTBI no se rindi\u00f3 y al a\u00f1o siguiente volvi\u00f3 a salir a la calle. Sevilla, Madrid y Bilbao se unieron a la causa. <strong>A finales de 1978, ganaron la batalla y consiguieron derogar la Ley de Peligrosidad Social. <\/strong><\/p>\n\n\n\n<p class=\"wp-block-paragraph\"><strong>En 1980 se dio un paso m\u00e1s y se consigui\u00f3 la legislaci\u00f3n de las organizaciones LGTBI en Espa\u00f1a<\/strong>. En esta d\u00e9cada de la transici\u00f3n, surgieron grandes iconos del LGTBI que ayudaron a miles de personas a expresarse tal y c\u00f3mo eran.<\/p>\n\n\n\n<p class=\"wp-block-paragraph\"><strong>El 1 de julio de 2005, Espa\u00f1a se convirti\u00f3 en uno de los primeros pa\u00edses en el mundo en aprobar el matrimonio homosexual<\/strong>. Un gran paso para el colectivo LGTBI que hizo que se modificaran 16 art\u00edculos del C\u00f3digo Civil. En \u00e9l se cambiaban algunos conceptos como \u201cmarido\u201d y \u201cmujer\u201d por \u201cc\u00f3nyuges\u201d o \u201cpadre\u201d y \u201cmadre\u201d por \u201cprogenitores\u201d. Una reforma que, por fin, daba lugar a todo tipo de familias, parejas y matrimonios.<\/p>\n\n\n\n<p class=\"wp-block-paragraph\">A d\u00eda de hoy <strong>a\u00fan queda mucho camino por recorrer<\/strong>. Son <strong>muchas las personas que <a href=\"https:\/\/www.es.amnesty.org\/en-que-estamos\/noticias\/noticia\/articulo\/orgullo-2020-mas-discriminacion-y-violencia-contra-el-colectivo-lgbti-durante-la-covid-19\/\">a\u00fan sienten miedo a ser rechazadas<\/a> por expresar su forma de ser libremente<\/strong>. La homofobia sigue presente en nuestros d\u00edas a trav\u00e9s de la palabra o la violencia. Luchemos por erradicar esta lacra social. <strong>Celebra con orgullo cada d\u00eda quien eres.<\/strong><\/p>\n\n\n\n<figure class=\"wp-block-image size-large\"><img loading=\"lazy\" decoding=\"async\" width=\"1044\" height=\"1029\" src=\"https:\/\/blogs.es.amnesty.org\/files\/uploads\/sites\/10\/2020\/07\/Screenshot_20200703_210001_com.instagram.android-1044x1029.jpg\" alt=\"\" class=\"wp-image-292\" srcset=\"https:\/\/blogs.es.amnesty.org\/files\/uploads\/sites\/10\/2020\/07\/Screenshot_20200703_210001_com.instagram.android-1044x1029.jpg 1044w, https:\/\/blogs.es.amnesty.org\/files\/uploads\/sites\/10\/2020\/07\/Screenshot_20200703_210001_com.instagram.android-578x570.jpg 578w, https:\/\/blogs.es.amnesty.org\/files\/uploads\/sites\/10\/2020\/07\/Screenshot_20200703_210001_com.instagram.android-768x757.jpg 768w, https:\/\/blogs.es.amnesty.org\/files\/uploads\/sites\/10\/2020\/07\/Screenshot_20200703_210001_com.instagram.android.jpg 1075w\" sizes=\"auto, (max-width: 1044px) 100vw, 1044px\" \/><\/figure>\n","protected":false},"excerpt":{"rendered":"<p>Esta semana se celebra la semana del Orgullo LGTBI. Una reivindicaci\u00f3n que se conmemora cada a\u00f1o el 28 de junio desde 1969. Su origen tuvo lugar en Nueva York (EEUU) con la popular revuelta de Stonewall, en la que el colectivo LGTBI luch\u00f3 por conseguir sus derechos. Ahora esta manifestaci\u00f3n se celebra en gran parte del mundo. Pero, \u00bfc\u00f3mo surgi\u00f3 el  D\u00eda del Orgullo LGTBI en Espa\u00f1a?<\/p>\n","protected":false},"author":41,"featured_media":291,"comment_status":"open","ping_status":"open","sticky":false,"template":"","format":"standard","meta":{"_acf_changed":false,"footnotes":"","_members_access_role":[],"_members_access_error":""},"categories":[44],"tags":[45,46],"class_list":["post-287","post","type-post","status-publish","format-standard","has-post-thumbnail","hentry","category-lgtbi","tag-lgtbi","tag-orgullo"],"acf":[],"yoast_head":"<!-- This site is optimized with the Yoast SEO plugin v28.2 - https:\/\/yoast.com\/product\/yoast-seo-wordpress\/ -->\n<title>La historia del Orgullo LGTBI en Espa\u00f1a - Castilla y Le\u00f3n<\/title>\n<meta name=\"robots\" content=\"index, follow, max-snippet:-1, max-image-preview:large, max-video-preview:-1\" \/>\n<link rel=\"canonical\" href=\"https:\/\/blogs.es.amnesty.org\/castilla-leon\/2020\/07\/03\/la-historia-del-orgullo-lgtbi-en-espana\/\" \/>\n<meta property=\"og:locale\" content=\"es_ES\" \/>\n<meta property=\"og:type\" content=\"article\" \/>\n<meta property=\"og:title\" content=\"La historia del Orgullo LGTBI en Espa\u00f1a - Castilla y Le\u00f3n\" \/>\n<meta property=\"og:description\" content=\"Esta semana se celebra la semana del Orgullo LGTBI. Una reivindicaci\u00f3n que se conmemora cada a\u00f1o el 28 de junio desde 1969. Su origen tuvo lugar en Nueva York (EEUU) con la popular revuelta de Stonewall, en la que el colectivo LGTBI luch\u00f3 por conseguir sus derechos. Ahora esta manifestaci\u00f3n se celebra en gran parte del mundo. Pero, \u00bfc\u00f3mo surgi\u00f3 el D\u00eda del Orgullo LGTBI en Espa\u00f1a?\" \/>\n<meta property=\"og:url\" content=\"https:\/\/blogs.es.amnesty.org\/castilla-leon\/2020\/07\/03\/la-historia-del-orgullo-lgtbi-en-espana\/\" \/>\n<meta property=\"og:site_name\" content=\"Castilla y Le\u00f3n\" \/>\n<meta property=\"article:published_time\" content=\"2020-07-03T19:09:34+00:00\" \/>\n<meta property=\"article:modified_time\" content=\"2020-07-06T15:00:13+00:00\" \/>\n<meta property=\"og:image\" content=\"https:\/\/blogs.es.amnesty.org\/files\/uploads\/sites\/10\/2020\/07\/Screenshot_20200703_205953_com.instagram.android.jpg\" \/>\n\t<meta property=\"og:image:width\" content=\"1072\" \/>\n\t<meta property=\"og:image:height\" content=\"1054\" \/>\n\t<meta property=\"og:image:type\" content=\"image\/jpeg\" \/>\n<meta name=\"author\" content=\"AI Castilla y Le\u00f3n\" \/>\n<meta name=\"twitter:card\" content=\"summary_large_image\" \/>\n<meta name=\"twitter:label1\" content=\"Escrito por\" \/>\n\t<meta name=\"twitter:data1\" content=\"AI Castilla y Le\u00f3n\" \/>\n\t<meta name=\"twitter:label2\" content=\"Tiempo de lectura\" \/>\n\t<meta name=\"twitter:data2\" content=\"3 minutos\" \/>\n<script type=\"application\/ld+json\" class=\"yoast-schema-graph\">{\"@context\":\"https:\\\/\\\/schema.org\",\"@graph\":[{\"@type\":\"Article\",\"@id\":\"https:\\\/\\\/blogs.es.amnesty.org\\\/castilla-leon\\\/2020\\\/07\\\/03\\\/la-historia-del-orgullo-lgtbi-en-espana\\\/#article\",\"isPartOf\":{\"@id\":\"https:\\\/\\\/blogs.es.amnesty.org\\\/castilla-leon\\\/2020\\\/07\\\/03\\\/la-historia-del-orgullo-lgtbi-en-espana\\\/\"},\"author\":{\"name\":\"AI Castilla y Le\u00f3n\",\"@id\":\"https:\\\/\\\/blogs.es.amnesty.org\\\/castilla-leon\\\/#\\\/schema\\\/person\\\/72c02e2f7c0653ba4613756a4f42e5f0\"},\"headline\":\"La historia del Orgullo LGTBI en Espa\u00f1a\",\"datePublished\":\"2020-07-03T19:09:34+00:00\",\"dateModified\":\"2020-07-06T15:00:13+00:00\",\"mainEntityOfPage\":{\"@id\":\"https:\\\/\\\/blogs.es.amnesty.org\\\/castilla-leon\\\/2020\\\/07\\\/03\\\/la-historia-del-orgullo-lgtbi-en-espana\\\/\"},\"wordCount\":632,\"commentCount\":0,\"image\":{\"@id\":\"https:\\\/\\\/blogs.es.amnesty.org\\\/castilla-leon\\\/2020\\\/07\\\/03\\\/la-historia-del-orgullo-lgtbi-en-espana\\\/#primaryimage\"},\"thumbnailUrl\":\"https:\\\/\\\/blogs.es.amnesty.org\\\/files\\\/uploads\\\/sites\\\/10\\\/2020\\\/07\\\/Screenshot_20200703_205953_com.instagram.android.jpg\",\"keywords\":[\"LGTBI\",\"Orgullo\"],\"articleSection\":[\"LGTBI\"],\"inLanguage\":\"es\",\"potentialAction\":[{\"@type\":\"CommentAction\",\"name\":\"Comment\",\"target\":[\"https:\\\/\\\/blogs.es.amnesty.org\\\/castilla-leon\\\/2020\\\/07\\\/03\\\/la-historia-del-orgullo-lgtbi-en-espana\\\/#respond\"]}]},{\"@type\":\"WebPage\",\"@id\":\"https:\\\/\\\/blogs.es.amnesty.org\\\/castilla-leon\\\/2020\\\/07\\\/03\\\/la-historia-del-orgullo-lgtbi-en-espana\\\/\",\"url\":\"https:\\\/\\\/blogs.es.amnesty.org\\\/castilla-leon\\\/2020\\\/07\\\/03\\\/la-historia-del-orgullo-lgtbi-en-espana\\\/\",\"name\":\"La historia del Orgullo LGTBI en Espa\u00f1a - Castilla y Le\u00f3n\",\"isPartOf\":{\"@id\":\"https:\\\/\\\/blogs.es.amnesty.org\\\/castilla-leon\\\/#website\"},\"primaryImageOfPage\":{\"@id\":\"https:\\\/\\\/blogs.es.amnesty.org\\\/castilla-leon\\\/2020\\\/07\\\/03\\\/la-historia-del-orgullo-lgtbi-en-espana\\\/#primaryimage\"},\"image\":{\"@id\":\"https:\\\/\\\/blogs.es.amnesty.org\\\/castilla-leon\\\/2020\\\/07\\\/03\\\/la-historia-del-orgullo-lgtbi-en-espana\\\/#primaryimage\"},\"thumbnailUrl\":\"https:\\\/\\\/blogs.es.amnesty.org\\\/files\\\/uploads\\\/sites\\\/10\\\/2020\\\/07\\\/Screenshot_20200703_205953_com.instagram.android.jpg\",\"datePublished\":\"2020-07-03T19:09:34+00:00\",\"dateModified\":\"2020-07-06T15:00:13+00:00\",\"author\":{\"@id\":\"https:\\\/\\\/blogs.es.amnesty.org\\\/castilla-leon\\\/#\\\/schema\\\/person\\\/72c02e2f7c0653ba4613756a4f42e5f0\"},\"breadcrumb\":{\"@id\":\"https:\\\/\\\/blogs.es.amnesty.org\\\/castilla-leon\\\/2020\\\/07\\\/03\\\/la-historia-del-orgullo-lgtbi-en-espana\\\/#breadcrumb\"},\"inLanguage\":\"es\",\"potentialAction\":[{\"@type\":\"ReadAction\",\"target\":[\"https:\\\/\\\/blogs.es.amnesty.org\\\/castilla-leon\\\/2020\\\/07\\\/03\\\/la-historia-del-orgullo-lgtbi-en-espana\\\/\"]}]},{\"@type\":\"ImageObject\",\"inLanguage\":\"es\",\"@id\":\"https:\\\/\\\/blogs.es.amnesty.org\\\/castilla-leon\\\/2020\\\/07\\\/03\\\/la-historia-del-orgullo-lgtbi-en-espana\\\/#primaryimage\",\"url\":\"https:\\\/\\\/blogs.es.amnesty.org\\\/files\\\/uploads\\\/sites\\\/10\\\/2020\\\/07\\\/Screenshot_20200703_205953_com.instagram.android.jpg\",\"contentUrl\":\"https:\\\/\\\/blogs.es.amnesty.org\\\/files\\\/uploads\\\/sites\\\/10\\\/2020\\\/07\\\/Screenshot_20200703_205953_com.instagram.android.jpg\",\"width\":1072,\"height\":1054,\"caption\":\"La historia del Orgullo LGTBI en Espa\u00f1a\"},{\"@type\":\"BreadcrumbList\",\"@id\":\"https:\\\/\\\/blogs.es.amnesty.org\\\/castilla-leon\\\/2020\\\/07\\\/03\\\/la-historia-del-orgullo-lgtbi-en-espana\\\/#breadcrumb\",\"itemListElement\":[{\"@type\":\"ListItem\",\"position\":1,\"name\":\"Portada\",\"item\":\"https:\\\/\\\/blogs.es.amnesty.org\\\/castilla-leon\\\/\"},{\"@type\":\"ListItem\",\"position\":2,\"name\":\"La historia del Orgullo LGTBI en Espa\u00f1a\"}]},{\"@type\":\"WebSite\",\"@id\":\"https:\\\/\\\/blogs.es.amnesty.org\\\/castilla-leon\\\/#website\",\"url\":\"https:\\\/\\\/blogs.es.amnesty.org\\\/castilla-leon\\\/\",\"name\":\"Castilla y Le\u00f3n\",\"description\":\"Blog de Amnist\u00eda Internacional en Castilla y Le\u00f3n\",\"potentialAction\":[{\"@type\":\"SearchAction\",\"target\":{\"@type\":\"EntryPoint\",\"urlTemplate\":\"https:\\\/\\\/blogs.es.amnesty.org\\\/castilla-leon\\\/?s={search_term_string}\"},\"query-input\":{\"@type\":\"PropertyValueSpecification\",\"valueRequired\":true,\"valueName\":\"search_term_string\"}}],\"inLanguage\":\"es\"},{\"@type\":\"Person\",\"@id\":\"https:\\\/\\\/blogs.es.amnesty.org\\\/castilla-leon\\\/#\\\/schema\\\/person\\\/72c02e2f7c0653ba4613756a4f42e5f0\",\"name\":\"AI Castilla y Le\u00f3n\",\"image\":{\"@type\":\"ImageObject\",\"inLanguage\":\"es\",\"@id\":\"https:\\\/\\\/secure.gravatar.com\\\/avatar\\\/49824f30513cadad841c65412211570e575ce18e1ec799f652f2c085f1a695fc?s=96&d=mm&r=g\",\"url\":\"https:\\\/\\\/secure.gravatar.com\\\/avatar\\\/49824f30513cadad841c65412211570e575ce18e1ec799f652f2c085f1a695fc?s=96&d=mm&r=g\",\"contentUrl\":\"https:\\\/\\\/secure.gravatar.com\\\/avatar\\\/49824f30513cadad841c65412211570e575ce18e1ec799f652f2c085f1a695fc?s=96&d=mm&r=g\",\"caption\":\"AI Castilla y Le\u00f3n\"},\"url\":\"https:\\\/\\\/blogs.es.amnesty.org\\\/castilla-leon\\\/autor\\\/comunicacioncyl\\\/\"}]}<\/script>\n<!-- \/ Yoast SEO plugin. -->","yoast_head_json":{"title":"La historia del Orgullo LGTBI en Espa\u00f1a - Castilla y Le\u00f3n","robots":{"index":"index","follow":"follow","max-snippet":"max-snippet:-1","max-image-preview":"max-image-preview:large","max-video-preview":"max-video-preview:-1"},"canonical":"https:\/\/blogs.es.amnesty.org\/castilla-leon\/2020\/07\/03\/la-historia-del-orgullo-lgtbi-en-espana\/","og_locale":"es_ES","og_type":"article","og_title":"La historia del Orgullo LGTBI en Espa\u00f1a - Castilla y Le\u00f3n","og_description":"Esta semana se celebra la semana del Orgullo LGTBI. Una reivindicaci\u00f3n que se conmemora cada a\u00f1o el 28 de junio desde 1969. Su origen tuvo lugar en Nueva York (EEUU) con la popular revuelta de Stonewall, en la que el colectivo LGTBI luch\u00f3 por conseguir sus derechos. Ahora esta manifestaci\u00f3n se celebra en gran parte del mundo. Pero, \u00bfc\u00f3mo surgi\u00f3 el D\u00eda del Orgullo LGTBI en Espa\u00f1a?","og_url":"https:\/\/blogs.es.amnesty.org\/castilla-leon\/2020\/07\/03\/la-historia-del-orgullo-lgtbi-en-espana\/","og_site_name":"Castilla y Le\u00f3n","article_published_time":"2020-07-03T19:09:34+00:00","article_modified_time":"2020-07-06T15:00:13+00:00","og_image":[{"width":1072,"height":1054,"url":"https:\/\/blogs.es.amnesty.org\/files\/uploads\/sites\/10\/2020\/07\/Screenshot_20200703_205953_com.instagram.android.jpg","type":"image\/jpeg"}],"author":"AI Castilla y Le\u00f3n","twitter_card":"summary_large_image","twitter_misc":{"Escrito por":"AI Castilla y Le\u00f3n","Tiempo de lectura":"3 minutos"},"schema":{"@context":"https:\/\/schema.org","@graph":[{"@type":"Article","@id":"https:\/\/blogs.es.amnesty.org\/castilla-leon\/2020\/07\/03\/la-historia-del-orgullo-lgtbi-en-espana\/#article","isPartOf":{"@id":"https:\/\/blogs.es.amnesty.org\/castilla-leon\/2020\/07\/03\/la-historia-del-orgullo-lgtbi-en-espana\/"},"author":{"name":"AI Castilla y Le\u00f3n","@id":"https:\/\/blogs.es.amnesty.org\/castilla-leon\/#\/schema\/person\/72c02e2f7c0653ba4613756a4f42e5f0"},"headline":"La historia del Orgullo LGTBI en Espa\u00f1a","datePublished":"2020-07-03T19:09:34+00:00","dateModified":"2020-07-06T15:00:13+00:00","mainEntityOfPage":{"@id":"https:\/\/blogs.es.amnesty.org\/castilla-leon\/2020\/07\/03\/la-historia-del-orgullo-lgtbi-en-espana\/"},"wordCount":632,"commentCount":0,"image":{"@id":"https:\/\/blogs.es.amnesty.org\/castilla-leon\/2020\/07\/03\/la-historia-del-orgullo-lgtbi-en-espana\/#primaryimage"},"thumbnailUrl":"https:\/\/blogs.es.amnesty.org\/files\/uploads\/sites\/10\/2020\/07\/Screenshot_20200703_205953_com.instagram.android.jpg","keywords":["LGTBI","Orgullo"],"articleSection":["LGTBI"],"inLanguage":"es","potentialAction":[{"@type":"CommentAction","name":"Comment","target":["https:\/\/blogs.es.amnesty.org\/castilla-leon\/2020\/07\/03\/la-historia-del-orgullo-lgtbi-en-espana\/#respond"]}]},{"@type":"WebPage","@id":"https:\/\/blogs.es.amnesty.org\/castilla-leon\/2020\/07\/03\/la-historia-del-orgullo-lgtbi-en-espana\/","url":"https:\/\/blogs.es.amnesty.org\/castilla-leon\/2020\/07\/03\/la-historia-del-orgullo-lgtbi-en-espana\/","name":"La historia del Orgullo LGTBI en Espa\u00f1a - Castilla y Le\u00f3n","isPartOf":{"@id":"https:\/\/blogs.es.amnesty.org\/castilla-leon\/#website"},"primaryImageOfPage":{"@id":"https:\/\/blogs.es.amnesty.org\/castilla-leon\/2020\/07\/03\/la-historia-del-orgullo-lgtbi-en-espana\/#primaryimage"},"image":{"@id":"https:\/\/blogs.es.amnesty.org\/castilla-leon\/2020\/07\/03\/la-historia-del-orgullo-lgtbi-en-espana\/#primaryimage"},"thumbnailUrl":"https:\/\/blogs.es.amnesty.org\/files\/uploads\/sites\/10\/2020\/07\/Screenshot_20200703_205953_com.instagram.android.jpg","datePublished":"2020-07-03T19:09:34+00:00","dateModified":"2020-07-06T15:00:13+00:00","author":{"@id":"https:\/\/blogs.es.amnesty.org\/castilla-leon\/#\/schema\/person\/72c02e2f7c0653ba4613756a4f42e5f0"},"breadcrumb":{"@id":"https:\/\/blogs.es.amnesty.org\/castilla-leon\/2020\/07\/03\/la-historia-del-orgullo-lgtbi-en-espana\/#breadcrumb"},"inLanguage":"es","potentialAction":[{"@type":"ReadAction","target":["https:\/\/blogs.es.amnesty.org\/castilla-leon\/2020\/07\/03\/la-historia-del-orgullo-lgtbi-en-espana\/"]}]},{"@type":"ImageObject","inLanguage":"es","@id":"https:\/\/blogs.es.amnesty.org\/castilla-leon\/2020\/07\/03\/la-historia-del-orgullo-lgtbi-en-espana\/#primaryimage","url":"https:\/\/blogs.es.amnesty.org\/files\/uploads\/sites\/10\/2020\/07\/Screenshot_20200703_205953_com.instagram.android.jpg","contentUrl":"https:\/\/blogs.es.amnesty.org\/files\/uploads\/sites\/10\/2020\/07\/Screenshot_20200703_205953_com.instagram.android.jpg","width":1072,"height":1054,"caption":"La historia del Orgullo LGTBI en Espa\u00f1a"},{"@type":"BreadcrumbList","@id":"https:\/\/blogs.es.amnesty.org\/castilla-leon\/2020\/07\/03\/la-historia-del-orgullo-lgtbi-en-espana\/#breadcrumb","itemListElement":[{"@type":"ListItem","position":1,"name":"Portada","item":"https:\/\/blogs.es.amnesty.org\/castilla-leon\/"},{"@type":"ListItem","position":2,"name":"La historia del Orgullo LGTBI en Espa\u00f1a"}]},{"@type":"WebSite","@id":"https:\/\/blogs.es.amnesty.org\/castilla-leon\/#website","url":"https:\/\/blogs.es.amnesty.org\/castilla-leon\/","name":"Castilla y Le\u00f3n","description":"Blog de Amnist\u00eda Internacional en Castilla y Le\u00f3n","potentialAction":[{"@type":"SearchAction","target":{"@type":"EntryPoint","urlTemplate":"https:\/\/blogs.es.amnesty.org\/castilla-leon\/?s={search_term_string}"},"query-input":{"@type":"PropertyValueSpecification","valueRequired":true,"valueName":"search_term_string"}}],"inLanguage":"es"},{"@type":"Person","@id":"https:\/\/blogs.es.amnesty.org\/castilla-leon\/#\/schema\/person\/72c02e2f7c0653ba4613756a4f42e5f0","name":"AI Castilla y Le\u00f3n","image":{"@type":"ImageObject","inLanguage":"es","@id":"https:\/\/secure.gravatar.com\/avatar\/49824f30513cadad841c65412211570e575ce18e1ec799f652f2c085f1a695fc?s=96&d=mm&r=g","url":"https:\/\/secure.gravatar.com\/avatar\/49824f30513cadad841c65412211570e575ce18e1ec799f652f2c085f1a695fc?s=96&d=mm&r=g","contentUrl":"https:\/\/secure.gravatar.com\/avatar\/49824f30513cadad841c65412211570e575ce18e1ec799f652f2c085f1a695fc?s=96&d=mm&r=g","caption":"AI Castilla y Le\u00f3n"},"url":"https:\/\/blogs.es.amnesty.org\/castilla-leon\/autor\/comunicacioncyl\/"}]}},"_links":{"self":[{"href":"https:\/\/blogs.es.amnesty.org\/castilla-leon\/wp-json\/wp\/v2\/posts\/287","targetHints":{"allow":["GET"]}}],"collection":[{"href":"https:\/\/blogs.es.amnesty.org\/castilla-leon\/wp-json\/wp\/v2\/posts"}],"about":[{"href":"https:\/\/blogs.es.amnesty.org\/castilla-leon\/wp-json\/wp\/v2\/types\/post"}],"author":[{"embeddable":true,"href":"https:\/\/blogs.es.amnesty.org\/castilla-leon\/wp-json\/wp\/v2\/users\/41"}],"replies":[{"embeddable":true,"href":"https:\/\/blogs.es.amnesty.org\/castilla-leon\/wp-json\/wp\/v2\/comments?post=287"}],"version-history":[{"count":0,"href":"https:\/\/blogs.es.amnesty.org\/castilla-leon\/wp-json\/wp\/v2\/posts\/287\/revisions"}],"wp:featuredmedia":[{"embeddable":true,"href":"https:\/\/blogs.es.amnesty.org\/castilla-leon\/wp-json\/wp\/v2\/media\/291"}],"wp:attachment":[{"href":"https:\/\/blogs.es.amnesty.org\/castilla-leon\/wp-json\/wp\/v2\/media?parent=287"}],"wp:term":[{"taxonomy":"category","embeddable":true,"href":"https:\/\/blogs.es.amnesty.org\/castilla-leon\/wp-json\/wp\/v2\/categories?post=287"},{"taxonomy":"post_tag","embeddable":true,"href":"https:\/\/blogs.es.amnesty.org\/castilla-leon\/wp-json\/wp\/v2\/tags?post=287"}],"curies":[{"name":"wp","href":"https:\/\/api.w.org\/{rel}","templated":true}]}}