{"id":303,"date":"2020-07-07T17:57:27","date_gmt":"2020-07-07T17:57:27","guid":{"rendered":"https:\/\/blogs.es.amnesty.org\/castilla-leon\/?p=303"},"modified":"2020-07-07T18:10:55","modified_gmt":"2020-07-07T18:10:55","slug":"entregamos-cerca-de-80-000-firmas-en-la-consejeria-de-sanidad-en-apoyo-a-la-sanidad-publica","status":"publish","type":"post","link":"https:\/\/blogs.es.amnesty.org\/castilla-leon\/2020\/07\/07\/entregamos-cerca-de-80-000-firmas-en-la-consejeria-de-sanidad-en-apoyo-a-la-sanidad-publica\/","title":{"rendered":"Entregamos cerca de 80.000 firmas en la Consejer\u00eda de Sanidad en apoyo al sistema de salud p\u00fablico"},"content":{"rendered":"\n<p class=\"wp-block-paragraph\">El pasado martes 30 de junio, <strong>un grupo de activistas de Amnist\u00eda internacional hizo efectiva la entrega, en la Consejer\u00eda de Sanidad de Castilla y Le\u00f3n, de casi 80.000 firmas recogidas a nivel nacional en apoyo la campa\u00f1a <a rel=\"noreferrer noopener\" aria-label=\"#ProtegeAlPersonalSanitario (se abre en una nueva pesta\u00f1a)\" href=\"https:\/\/www.es.amnesty.org\/actua\/acciones\/coronavirus-personal-sanitario-mar20\/?utm_source=twitter&amp;utm_medium=social&amp;utm_content=Web_petition-pai_espana_mar20-Amnesty-20200702-TWITTER&amp;utm_campaign=Web_petition-pai_espana_mar20-Amnesty-Living_in_Dignity\" target=\"_blank\">#ProtegeAlPersonalSanitario<\/a><\/strong>, sum\u00e1ndose as\u00ed a la entrega que <a rel=\"noreferrer noopener\" aria-label=\"tambi\u00e9n se llev\u00f3 a cabo en otras comunidades aut\u00f3nomas (se abre en una nueva pesta\u00f1a)\" href=\"https:\/\/twitter.com\/amnistiaespana\/status\/1278622715470065667\" target=\"_blank\">tambi\u00e9n se llev\u00f3 a cabo en otras comunidades aut\u00f3nomas<\/a>. Una campa\u00f1a que naci\u00f3 con la irrupci\u00f3n del coronavirus y por la que se exige a las autoridades sanitarias auton\u00f3micas y estatales <strong>m\u00e1s recursos para la atenci\u00f3n primaria, m\u00e1s materiales de protecci\u00f3n para el personal sanitario<\/strong>, as\u00ed como informaci\u00f3n desglosada de datos de contagios, fallecimientos y pruebas de detecci\u00f3n realizadas a los profesionales sanitarios.<\/p>\n\n\n\n<p class=\"wp-block-paragraph\"><strong>\u201cNos da miedo que se est\u00e1 dando por hecho que ya hemos pasado lo m\u00e1s grave y que vamos a convivir con el virus. Pero nadie sabe lo que va a pasar en oto\u00f1o, si va a haber nuevos brotes, mutaciones, etc.. Ahora toca dotar de recursos a la atenci\u00f3n primaria y hay que prepararse a medio plazo\u201d<\/strong>. Estas palabras son repetidas entre m\u00e9dicas, m\u00e9dicos, enfermeras y profesionales de la atenci\u00f3n primaria a quienes, sin duda, debemos nuestra salud. Han trabajado sin descanso y siguen haci\u00e9ndolo en primera l\u00ednea para curar a la ciudadan\u00eda, sin embargo su seguridad no est\u00e1 garantizada.\u00a0<\/p>\n\n\n\n<p class=\"wp-block-paragraph\">En estos meses, <strong>m\u00e1s de 51.000 profesionales de la salud se han contagiado<\/strong>, de ellas, el 76,5% son mujeres. Y, <strong>al menos, 63 han muerto<\/strong>, quienes, seg\u00fan las organizaciones de profesionales, la mayor\u00eda trabajaba en atenci\u00f3n primaria. Pero tres meses despu\u00e9s, las autoridades no han identificado qui\u00e9nes son, ni qu\u00e9 puestos ocupaban, ni en qu\u00e9 centros trabajaban. Unos datos que son esenciales para prevenir el contagio en siguientes fases de la pandemia.<\/p>\n\n\n\n<p class=\"wp-block-paragraph\">Ante la crisis econ\u00f3mica generada por la COVID-19, \u201ces imprescindible que no repitamos los errores de la crisis de 2008: <strong>no hagamos pol\u00edticas de austeridad que arruinan la vida de miles de personas, especialmente las m\u00e1s vulnerables<\/strong>\u201d, se\u00f1al\u00f3 Esteban Beltr\u00e1n, director de Amnist\u00eda Internacional Espa\u00f1a, en <a href=\"https:\/\/www.es.amnesty.org\/en-que-estamos\/noticias\/noticia\/articulo\/amnistia-internacional-no-repitamos-los-errores-de-la-crisis-de-2008-con-politicas-de-austeridad-que\/?utm_source=twitter&amp;utm_medium=social&amp;utm_content=News--Inbound_Engagement_Response-Spain-20200702-3463644523-TWITTER&amp;utm_campaign=News--Inbound_Engagement_Response-Living_in_Dignity\">su comparecencia<\/a> del pasado 12 de junio en <a href=\"http:\/\/www.congreso.es\/portal\/page\/portal\/Congreso\/Congreso\/Actualidad\/ConOrdDia\/ConOrdDiaCom?_piref73_1444033_73_1339181_1339181.next_page=\/wc\/ordenDiaDetalle&amp;idOrgano=390304&amp;idSesion=6&amp;fecha=12\/06\/2020&amp;codOrgano=390\">grupo de trabajo Uni\u00f3n Europea de la Comisi\u00f3n para la Reconstrucci\u00f3n Social y Econ\u00f3mica del Congreso de los Diputados<\/a>. \u201cTenemos la oportunidad de salir de esta crisis de manera unida, protegiendo a las personas, en lugar de <strong>revivir escenas del pasado como los recortes en sanidad, el aumento de desahucios, de la pobreza y la desigualdad.<\/strong> Para ello, no nos cansaremos de repetirlo: los derechos humanos deben estar en el centro\u201d, a\u00f1ade.<\/p>\n\n\n\n<p class=\"wp-block-paragraph\">La ciberacci\u00f3n de <strong>la campa\u00f1a #ProtegeAlPersonalSanitario <a rel=\"noreferrer noopener\" aria-label=\"sigue recogiendo firmas (se abre en una nueva pesta\u00f1a)\" href=\"https:\/\/www.es.amnesty.org\/actua\/acciones\/coronavirus-personal-sanitario-mar20\/?utm_source=twitter&amp;utm_medium=social&amp;utm_content=Web_petition-pai_espana_mar20-Amnesty-20200702-TWITTER&amp;utm_campaign=Web_petition-pai_espana_mar20-Amnesty-Living_in_Dignity\" target=\"_blank\">sigue recogiendo firmas<\/a><\/strong> para exigir el cumplimiento de los derechos de quienes trabajan en primera l\u00ednea. <strong>\u00bfTe unes?<\/strong><\/p>\n","protected":false},"excerpt":{"rendered":"<p>Un grupo de activistas de Amnist\u00eda Internacional Castilla y Le\u00f3n hemos registrado miles de firmas recogidas a nivel nacional para exigir m\u00e1s recursos para la sanidad p\u00fablica y para la protecci\u00f3n del personal sanitario tras la crisis de la COVID-19.<\/p>\n","protected":false},"author":41,"featured_media":306,"comment_status":"open","ping_status":"open","sticky":false,"template":"","format":"standard","meta":{"_acf_changed":false,"footnotes":"","_members_access_role":[],"_members_access_error":""},"categories":[47],"tags":[48,49,50],"class_list":["post-303","post","type-post","status-publish","format-standard","has-post-thumbnail","hentry","category-sanidad","tag-coronavirus","tag-covid19","tag-sanidad"],"acf":[],"yoast_head":"<!-- This site is optimized with the Yoast SEO plugin v28.2 - https:\/\/yoast.com\/product\/yoast-seo-wordpress\/ -->\n<title>Entregamos cerca de 80.000 firmas en la Consejer\u00eda de Sanidad en apoyo al sistema de salud p\u00fablico - Castilla y Le\u00f3n<\/title>\n<meta name=\"robots\" content=\"index, follow, max-snippet:-1, max-image-preview:large, max-video-preview:-1\" \/>\n<link rel=\"canonical\" href=\"https:\/\/blogs.es.amnesty.org\/castilla-leon\/2020\/07\/07\/entregamos-cerca-de-80-000-firmas-en-la-consejeria-de-sanidad-en-apoyo-a-la-sanidad-publica\/\" \/>\n<meta property=\"og:locale\" content=\"es_ES\" \/>\n<meta property=\"og:type\" content=\"article\" \/>\n<meta property=\"og:title\" content=\"Entregamos cerca de 80.000 firmas en la Consejer\u00eda de Sanidad en apoyo al sistema de salud p\u00fablico - Castilla y Le\u00f3n\" \/>\n<meta property=\"og:description\" content=\"Un grupo de activistas de Amnist\u00eda Internacional Castilla y Le\u00f3n hemos registrado miles de firmas recogidas a nivel nacional para exigir m\u00e1s recursos para la sanidad p\u00fablica y para la protecci\u00f3n del personal sanitario tras la crisis de la COVID-19.\" \/>\n<meta property=\"og:url\" content=\"https:\/\/blogs.es.amnesty.org\/castilla-leon\/2020\/07\/07\/entregamos-cerca-de-80-000-firmas-en-la-consejeria-de-sanidad-en-apoyo-a-la-sanidad-publica\/\" \/>\n<meta property=\"og:site_name\" content=\"Castilla y Le\u00f3n\" \/>\n<meta property=\"article:published_time\" content=\"2020-07-07T17:57:27+00:00\" \/>\n<meta property=\"article:modified_time\" content=\"2020-07-07T18:10:55+00:00\" \/>\n<meta property=\"og:image\" content=\"https:\/\/blogs.es.amnesty.org\/files\/uploads\/sites\/10\/2020\/07\/Entrega-de-firmas.jpeg\" \/>\n\t<meta property=\"og:image:width\" content=\"826\" \/>\n\t<meta property=\"og:image:height\" content=\"830\" \/>\n\t<meta property=\"og:image:type\" content=\"image\/jpeg\" \/>\n<meta name=\"author\" content=\"AI Castilla y Le\u00f3n\" \/>\n<meta name=\"twitter:card\" content=\"summary_large_image\" \/>\n<meta name=\"twitter:label1\" content=\"Escrito por\" \/>\n\t<meta name=\"twitter:data1\" content=\"AI Castilla y Le\u00f3n\" \/>\n\t<meta name=\"twitter:label2\" content=\"Tiempo de lectura\" \/>\n\t<meta name=\"twitter:data2\" content=\"2 minutos\" \/>\n<script type=\"application\/ld+json\" class=\"yoast-schema-graph\">{\"@context\":\"https:\\\/\\\/schema.org\",\"@graph\":[{\"@type\":\"Article\",\"@id\":\"https:\\\/\\\/blogs.es.amnesty.org\\\/castilla-leon\\\/2020\\\/07\\\/07\\\/entregamos-cerca-de-80-000-firmas-en-la-consejeria-de-sanidad-en-apoyo-a-la-sanidad-publica\\\/#article\",\"isPartOf\":{\"@id\":\"https:\\\/\\\/blogs.es.amnesty.org\\\/castilla-leon\\\/2020\\\/07\\\/07\\\/entregamos-cerca-de-80-000-firmas-en-la-consejeria-de-sanidad-en-apoyo-a-la-sanidad-publica\\\/\"},\"author\":{\"name\":\"AI Castilla y Le\u00f3n\",\"@id\":\"https:\\\/\\\/blogs.es.amnesty.org\\\/castilla-leon\\\/#\\\/schema\\\/person\\\/72c02e2f7c0653ba4613756a4f42e5f0\"},\"headline\":\"Entregamos cerca de 80.000 firmas en la Consejer\u00eda de Sanidad en apoyo al sistema de salud p\u00fablico\",\"datePublished\":\"2020-07-07T17:57:27+00:00\",\"dateModified\":\"2020-07-07T18:10:55+00:00\",\"mainEntityOfPage\":{\"@id\":\"https:\\\/\\\/blogs.es.amnesty.org\\\/castilla-leon\\\/2020\\\/07\\\/07\\\/entregamos-cerca-de-80-000-firmas-en-la-consejeria-de-sanidad-en-apoyo-a-la-sanidad-publica\\\/\"},\"wordCount\":488,\"commentCount\":0,\"image\":{\"@id\":\"https:\\\/\\\/blogs.es.amnesty.org\\\/castilla-leon\\\/2020\\\/07\\\/07\\\/entregamos-cerca-de-80-000-firmas-en-la-consejeria-de-sanidad-en-apoyo-a-la-sanidad-publica\\\/#primaryimage\"},\"thumbnailUrl\":\"https:\\\/\\\/blogs.es.amnesty.org\\\/files\\\/uploads\\\/sites\\\/10\\\/2020\\\/07\\\/Entrega-de-firmas.jpeg\",\"keywords\":[\"coronavirus\",\"COVID19\",\"Sanidad\"],\"articleSection\":[\"Sanidad\"],\"inLanguage\":\"es\",\"potentialAction\":[{\"@type\":\"CommentAction\",\"name\":\"Comment\",\"target\":[\"https:\\\/\\\/blogs.es.amnesty.org\\\/castilla-leon\\\/2020\\\/07\\\/07\\\/entregamos-cerca-de-80-000-firmas-en-la-consejeria-de-sanidad-en-apoyo-a-la-sanidad-publica\\\/#respond\"]}]},{\"@type\":\"WebPage\",\"@id\":\"https:\\\/\\\/blogs.es.amnesty.org\\\/castilla-leon\\\/2020\\\/07\\\/07\\\/entregamos-cerca-de-80-000-firmas-en-la-consejeria-de-sanidad-en-apoyo-a-la-sanidad-publica\\\/\",\"url\":\"https:\\\/\\\/blogs.es.amnesty.org\\\/castilla-leon\\\/2020\\\/07\\\/07\\\/entregamos-cerca-de-80-000-firmas-en-la-consejeria-de-sanidad-en-apoyo-a-la-sanidad-publica\\\/\",\"name\":\"Entregamos cerca de 80.000 firmas en la Consejer\u00eda de Sanidad en apoyo al sistema de salud p\u00fablico - Castilla y Le\u00f3n\",\"isPartOf\":{\"@id\":\"https:\\\/\\\/blogs.es.amnesty.org\\\/castilla-leon\\\/#website\"},\"primaryImageOfPage\":{\"@id\":\"https:\\\/\\\/blogs.es.amnesty.org\\\/castilla-leon\\\/2020\\\/07\\\/07\\\/entregamos-cerca-de-80-000-firmas-en-la-consejeria-de-sanidad-en-apoyo-a-la-sanidad-publica\\\/#primaryimage\"},\"image\":{\"@id\":\"https:\\\/\\\/blogs.es.amnesty.org\\\/castilla-leon\\\/2020\\\/07\\\/07\\\/entregamos-cerca-de-80-000-firmas-en-la-consejeria-de-sanidad-en-apoyo-a-la-sanidad-publica\\\/#primaryimage\"},\"thumbnailUrl\":\"https:\\\/\\\/blogs.es.amnesty.org\\\/files\\\/uploads\\\/sites\\\/10\\\/2020\\\/07\\\/Entrega-de-firmas.jpeg\",\"datePublished\":\"2020-07-07T17:57:27+00:00\",\"dateModified\":\"2020-07-07T18:10:55+00:00\",\"author\":{\"@id\":\"https:\\\/\\\/blogs.es.amnesty.org\\\/castilla-leon\\\/#\\\/schema\\\/person\\\/72c02e2f7c0653ba4613756a4f42e5f0\"},\"breadcrumb\":{\"@id\":\"https:\\\/\\\/blogs.es.amnesty.org\\\/castilla-leon\\\/2020\\\/07\\\/07\\\/entregamos-cerca-de-80-000-firmas-en-la-consejeria-de-sanidad-en-apoyo-a-la-sanidad-publica\\\/#breadcrumb\"},\"inLanguage\":\"es\",\"potentialAction\":[{\"@type\":\"ReadAction\",\"target\":[\"https:\\\/\\\/blogs.es.amnesty.org\\\/castilla-leon\\\/2020\\\/07\\\/07\\\/entregamos-cerca-de-80-000-firmas-en-la-consejeria-de-sanidad-en-apoyo-a-la-sanidad-publica\\\/\"]}]},{\"@type\":\"ImageObject\",\"inLanguage\":\"es\",\"@id\":\"https:\\\/\\\/blogs.es.amnesty.org\\\/castilla-leon\\\/2020\\\/07\\\/07\\\/entregamos-cerca-de-80-000-firmas-en-la-consejeria-de-sanidad-en-apoyo-a-la-sanidad-publica\\\/#primaryimage\",\"url\":\"https:\\\/\\\/blogs.es.amnesty.org\\\/files\\\/uploads\\\/sites\\\/10\\\/2020\\\/07\\\/Entrega-de-firmas.jpeg\",\"contentUrl\":\"https:\\\/\\\/blogs.es.amnesty.org\\\/files\\\/uploads\\\/sites\\\/10\\\/2020\\\/07\\\/Entrega-de-firmas.jpeg\",\"width\":826,\"height\":830},{\"@type\":\"BreadcrumbList\",\"@id\":\"https:\\\/\\\/blogs.es.amnesty.org\\\/castilla-leon\\\/2020\\\/07\\\/07\\\/entregamos-cerca-de-80-000-firmas-en-la-consejeria-de-sanidad-en-apoyo-a-la-sanidad-publica\\\/#breadcrumb\",\"itemListElement\":[{\"@type\":\"ListItem\",\"position\":1,\"name\":\"Portada\",\"item\":\"https:\\\/\\\/blogs.es.amnesty.org\\\/castilla-leon\\\/\"},{\"@type\":\"ListItem\",\"position\":2,\"name\":\"Entregamos cerca de 80.000 firmas en la Consejer\u00eda de Sanidad en apoyo al sistema de salud p\u00fablico\"}]},{\"@type\":\"WebSite\",\"@id\":\"https:\\\/\\\/blogs.es.amnesty.org\\\/castilla-leon\\\/#website\",\"url\":\"https:\\\/\\\/blogs.es.amnesty.org\\\/castilla-leon\\\/\",\"name\":\"Castilla y Le\u00f3n\",\"description\":\"Blog de Amnist\u00eda Internacional en Castilla y Le\u00f3n\",\"potentialAction\":[{\"@type\":\"SearchAction\",\"target\":{\"@type\":\"EntryPoint\",\"urlTemplate\":\"https:\\\/\\\/blogs.es.amnesty.org\\\/castilla-leon\\\/?s={search_term_string}\"},\"query-input\":{\"@type\":\"PropertyValueSpecification\",\"valueRequired\":true,\"valueName\":\"search_term_string\"}}],\"inLanguage\":\"es\"},{\"@type\":\"Person\",\"@id\":\"https:\\\/\\\/blogs.es.amnesty.org\\\/castilla-leon\\\/#\\\/schema\\\/person\\\/72c02e2f7c0653ba4613756a4f42e5f0\",\"name\":\"AI Castilla y Le\u00f3n\",\"image\":{\"@type\":\"ImageObject\",\"inLanguage\":\"es\",\"@id\":\"https:\\\/\\\/secure.gravatar.com\\\/avatar\\\/49824f30513cadad841c65412211570e575ce18e1ec799f652f2c085f1a695fc?s=96&d=mm&r=g\",\"url\":\"https:\\\/\\\/secure.gravatar.com\\\/avatar\\\/49824f30513cadad841c65412211570e575ce18e1ec799f652f2c085f1a695fc?s=96&d=mm&r=g\",\"contentUrl\":\"https:\\\/\\\/secure.gravatar.com\\\/avatar\\\/49824f30513cadad841c65412211570e575ce18e1ec799f652f2c085f1a695fc?s=96&d=mm&r=g\",\"caption\":\"AI Castilla y Le\u00f3n\"},\"url\":\"https:\\\/\\\/blogs.es.amnesty.org\\\/castilla-leon\\\/autor\\\/comunicacioncyl\\\/\"}]}<\/script>\n<!-- \/ Yoast SEO plugin. -->","yoast_head_json":{"title":"Entregamos cerca de 80.000 firmas en la Consejer\u00eda de Sanidad en apoyo al sistema de salud p\u00fablico - Castilla y Le\u00f3n","robots":{"index":"index","follow":"follow","max-snippet":"max-snippet:-1","max-image-preview":"max-image-preview:large","max-video-preview":"max-video-preview:-1"},"canonical":"https:\/\/blogs.es.amnesty.org\/castilla-leon\/2020\/07\/07\/entregamos-cerca-de-80-000-firmas-en-la-consejeria-de-sanidad-en-apoyo-a-la-sanidad-publica\/","og_locale":"es_ES","og_type":"article","og_title":"Entregamos cerca de 80.000 firmas en la Consejer\u00eda de Sanidad en apoyo al sistema de salud p\u00fablico - Castilla y Le\u00f3n","og_description":"Un grupo de activistas de Amnist\u00eda Internacional Castilla y Le\u00f3n hemos registrado miles de firmas recogidas a nivel nacional para exigir m\u00e1s recursos para la sanidad p\u00fablica y para la protecci\u00f3n del personal sanitario tras la crisis de la COVID-19.","og_url":"https:\/\/blogs.es.amnesty.org\/castilla-leon\/2020\/07\/07\/entregamos-cerca-de-80-000-firmas-en-la-consejeria-de-sanidad-en-apoyo-a-la-sanidad-publica\/","og_site_name":"Castilla y Le\u00f3n","article_published_time":"2020-07-07T17:57:27+00:00","article_modified_time":"2020-07-07T18:10:55+00:00","og_image":[{"width":826,"height":830,"url":"https:\/\/blogs.es.amnesty.org\/files\/uploads\/sites\/10\/2020\/07\/Entrega-de-firmas.jpeg","type":"image\/jpeg"}],"author":"AI Castilla y Le\u00f3n","twitter_card":"summary_large_image","twitter_misc":{"Escrito por":"AI Castilla y Le\u00f3n","Tiempo de lectura":"2 minutos"},"schema":{"@context":"https:\/\/schema.org","@graph":[{"@type":"Article","@id":"https:\/\/blogs.es.amnesty.org\/castilla-leon\/2020\/07\/07\/entregamos-cerca-de-80-000-firmas-en-la-consejeria-de-sanidad-en-apoyo-a-la-sanidad-publica\/#article","isPartOf":{"@id":"https:\/\/blogs.es.amnesty.org\/castilla-leon\/2020\/07\/07\/entregamos-cerca-de-80-000-firmas-en-la-consejeria-de-sanidad-en-apoyo-a-la-sanidad-publica\/"},"author":{"name":"AI Castilla y Le\u00f3n","@id":"https:\/\/blogs.es.amnesty.org\/castilla-leon\/#\/schema\/person\/72c02e2f7c0653ba4613756a4f42e5f0"},"headline":"Entregamos cerca de 80.000 firmas en la Consejer\u00eda de Sanidad en apoyo al sistema de salud p\u00fablico","datePublished":"2020-07-07T17:57:27+00:00","dateModified":"2020-07-07T18:10:55+00:00","mainEntityOfPage":{"@id":"https:\/\/blogs.es.amnesty.org\/castilla-leon\/2020\/07\/07\/entregamos-cerca-de-80-000-firmas-en-la-consejeria-de-sanidad-en-apoyo-a-la-sanidad-publica\/"},"wordCount":488,"commentCount":0,"image":{"@id":"https:\/\/blogs.es.amnesty.org\/castilla-leon\/2020\/07\/07\/entregamos-cerca-de-80-000-firmas-en-la-consejeria-de-sanidad-en-apoyo-a-la-sanidad-publica\/#primaryimage"},"thumbnailUrl":"https:\/\/blogs.es.amnesty.org\/files\/uploads\/sites\/10\/2020\/07\/Entrega-de-firmas.jpeg","keywords":["coronavirus","COVID19","Sanidad"],"articleSection":["Sanidad"],"inLanguage":"es","potentialAction":[{"@type":"CommentAction","name":"Comment","target":["https:\/\/blogs.es.amnesty.org\/castilla-leon\/2020\/07\/07\/entregamos-cerca-de-80-000-firmas-en-la-consejeria-de-sanidad-en-apoyo-a-la-sanidad-publica\/#respond"]}]},{"@type":"WebPage","@id":"https:\/\/blogs.es.amnesty.org\/castilla-leon\/2020\/07\/07\/entregamos-cerca-de-80-000-firmas-en-la-consejeria-de-sanidad-en-apoyo-a-la-sanidad-publica\/","url":"https:\/\/blogs.es.amnesty.org\/castilla-leon\/2020\/07\/07\/entregamos-cerca-de-80-000-firmas-en-la-consejeria-de-sanidad-en-apoyo-a-la-sanidad-publica\/","name":"Entregamos cerca de 80.000 firmas en la Consejer\u00eda de Sanidad en apoyo al sistema de salud p\u00fablico - Castilla y Le\u00f3n","isPartOf":{"@id":"https:\/\/blogs.es.amnesty.org\/castilla-leon\/#website"},"primaryImageOfPage":{"@id":"https:\/\/blogs.es.amnesty.org\/castilla-leon\/2020\/07\/07\/entregamos-cerca-de-80-000-firmas-en-la-consejeria-de-sanidad-en-apoyo-a-la-sanidad-publica\/#primaryimage"},"image":{"@id":"https:\/\/blogs.es.amnesty.org\/castilla-leon\/2020\/07\/07\/entregamos-cerca-de-80-000-firmas-en-la-consejeria-de-sanidad-en-apoyo-a-la-sanidad-publica\/#primaryimage"},"thumbnailUrl":"https:\/\/blogs.es.amnesty.org\/files\/uploads\/sites\/10\/2020\/07\/Entrega-de-firmas.jpeg","datePublished":"2020-07-07T17:57:27+00:00","dateModified":"2020-07-07T18:10:55+00:00","author":{"@id":"https:\/\/blogs.es.amnesty.org\/castilla-leon\/#\/schema\/person\/72c02e2f7c0653ba4613756a4f42e5f0"},"breadcrumb":{"@id":"https:\/\/blogs.es.amnesty.org\/castilla-leon\/2020\/07\/07\/entregamos-cerca-de-80-000-firmas-en-la-consejeria-de-sanidad-en-apoyo-a-la-sanidad-publica\/#breadcrumb"},"inLanguage":"es","potentialAction":[{"@type":"ReadAction","target":["https:\/\/blogs.es.amnesty.org\/castilla-leon\/2020\/07\/07\/entregamos-cerca-de-80-000-firmas-en-la-consejeria-de-sanidad-en-apoyo-a-la-sanidad-publica\/"]}]},{"@type":"ImageObject","inLanguage":"es","@id":"https:\/\/blogs.es.amnesty.org\/castilla-leon\/2020\/07\/07\/entregamos-cerca-de-80-000-firmas-en-la-consejeria-de-sanidad-en-apoyo-a-la-sanidad-publica\/#primaryimage","url":"https:\/\/blogs.es.amnesty.org\/files\/uploads\/sites\/10\/2020\/07\/Entrega-de-firmas.jpeg","contentUrl":"https:\/\/blogs.es.amnesty.org\/files\/uploads\/sites\/10\/2020\/07\/Entrega-de-firmas.jpeg","width":826,"height":830},{"@type":"BreadcrumbList","@id":"https:\/\/blogs.es.amnesty.org\/castilla-leon\/2020\/07\/07\/entregamos-cerca-de-80-000-firmas-en-la-consejeria-de-sanidad-en-apoyo-a-la-sanidad-publica\/#breadcrumb","itemListElement":[{"@type":"ListItem","position":1,"name":"Portada","item":"https:\/\/blogs.es.amnesty.org\/castilla-leon\/"},{"@type":"ListItem","position":2,"name":"Entregamos cerca de 80.000 firmas en la Consejer\u00eda de Sanidad en apoyo al sistema de salud p\u00fablico"}]},{"@type":"WebSite","@id":"https:\/\/blogs.es.amnesty.org\/castilla-leon\/#website","url":"https:\/\/blogs.es.amnesty.org\/castilla-leon\/","name":"Castilla y Le\u00f3n","description":"Blog de Amnist\u00eda Internacional en Castilla y Le\u00f3n","potentialAction":[{"@type":"SearchAction","target":{"@type":"EntryPoint","urlTemplate":"https:\/\/blogs.es.amnesty.org\/castilla-leon\/?s={search_term_string}"},"query-input":{"@type":"PropertyValueSpecification","valueRequired":true,"valueName":"search_term_string"}}],"inLanguage":"es"},{"@type":"Person","@id":"https:\/\/blogs.es.amnesty.org\/castilla-leon\/#\/schema\/person\/72c02e2f7c0653ba4613756a4f42e5f0","name":"AI Castilla y Le\u00f3n","image":{"@type":"ImageObject","inLanguage":"es","@id":"https:\/\/secure.gravatar.com\/avatar\/49824f30513cadad841c65412211570e575ce18e1ec799f652f2c085f1a695fc?s=96&d=mm&r=g","url":"https:\/\/secure.gravatar.com\/avatar\/49824f30513cadad841c65412211570e575ce18e1ec799f652f2c085f1a695fc?s=96&d=mm&r=g","contentUrl":"https:\/\/secure.gravatar.com\/avatar\/49824f30513cadad841c65412211570e575ce18e1ec799f652f2c085f1a695fc?s=96&d=mm&r=g","caption":"AI Castilla y Le\u00f3n"},"url":"https:\/\/blogs.es.amnesty.org\/castilla-leon\/autor\/comunicacioncyl\/"}]}},"_links":{"self":[{"href":"https:\/\/blogs.es.amnesty.org\/castilla-leon\/wp-json\/wp\/v2\/posts\/303","targetHints":{"allow":["GET"]}}],"collection":[{"href":"https:\/\/blogs.es.amnesty.org\/castilla-leon\/wp-json\/wp\/v2\/posts"}],"about":[{"href":"https:\/\/blogs.es.amnesty.org\/castilla-leon\/wp-json\/wp\/v2\/types\/post"}],"author":[{"embeddable":true,"href":"https:\/\/blogs.es.amnesty.org\/castilla-leon\/wp-json\/wp\/v2\/users\/41"}],"replies":[{"embeddable":true,"href":"https:\/\/blogs.es.amnesty.org\/castilla-leon\/wp-json\/wp\/v2\/comments?post=303"}],"version-history":[{"count":0,"href":"https:\/\/blogs.es.amnesty.org\/castilla-leon\/wp-json\/wp\/v2\/posts\/303\/revisions"}],"wp:featuredmedia":[{"embeddable":true,"href":"https:\/\/blogs.es.amnesty.org\/castilla-leon\/wp-json\/wp\/v2\/media\/306"}],"wp:attachment":[{"href":"https:\/\/blogs.es.amnesty.org\/castilla-leon\/wp-json\/wp\/v2\/media?parent=303"}],"wp:term":[{"taxonomy":"category","embeddable":true,"href":"https:\/\/blogs.es.amnesty.org\/castilla-leon\/wp-json\/wp\/v2\/categories?post=303"},{"taxonomy":"post_tag","embeddable":true,"href":"https:\/\/blogs.es.amnesty.org\/castilla-leon\/wp-json\/wp\/v2\/tags?post=303"}],"curies":[{"name":"wp","href":"https:\/\/api.w.org\/{rel}","templated":true}]}}