{"id":309,"date":"2020-07-13T16:13:21","date_gmt":"2020-07-13T16:13:21","guid":{"rendered":"https:\/\/blogs.es.amnesty.org\/castilla-leon\/?p=309"},"modified":"2020-07-13T16:15:36","modified_gmt":"2020-07-13T16:15:36","slug":"recomendaciones-para-el-anteproyecto-de-la-ley-de-transparencia-de-castilla-y-leon","status":"publish","type":"post","link":"https:\/\/blogs.es.amnesty.org\/castilla-leon\/2020\/07\/13\/recomendaciones-para-el-anteproyecto-de-la-ley-de-transparencia-de-castilla-y-leon\/","title":{"rendered":"RECOMENDACIONES PARA EL ANTEPROYECTO DE LA LEY DE TRANSPARENCIA DE CASTILLA Y LE\u00d3N"},"content":{"rendered":"\n<p class=\"wp-block-paragraph\"><strong>Desde Amnist\u00eda Internacional Castilla y Le\u00f3n celebramos la iniciativa de la Junta de Castilla y Le\u00f3n para la elaboraci\u00f3n <a rel=\"noreferrer noopener\" aria-label=\" (se abre en una nueva pesta\u00f1a)\" href=\"https:\/\/comunicacion.jcyl.es\/web\/jcyl\/Comunicacion\/es\/Plantilla100Detalle\/1284882231857\/NotaPrensa\/1284961003740\/Comunicacion\" target=\"_blank\">una nueva ley de transparencia<\/a><\/strong> que garantice el acceso a la informaci\u00f3n de toda la ciudadan\u00eda. El derecho de acceso a la informaci\u00f3n es un derecho fundamental reconocido por la legislaci\u00f3n internacional, por Constituciones y leyes de todo el mundo.<\/p>\n\n\n\n<p class=\"wp-block-paragraph\">Para garantizar la efectividad del derecho al acceso de la informaci\u00f3n, <strong>Amnist\u00eda Internacional recomienda que las leyes de transparencia se basen en los est\u00e1ndares de la organizaci\u00f3n <a rel=\"noreferrer noopener\" aria-label=\" (se abre en una nueva pesta\u00f1a)\" href=\"https:\/\/www.proacceso.org\/\" target=\"_blank\">Coalici\u00f3n Pro Acceso<\/a><\/strong>. Entre esos est\u00e1ndares se encuentran algunos como: la aplicaci\u00f3n del derecho de acceso a la informaci\u00f3n a \u00a0las entidades p\u00fablicas y privadas que realicen funciones p\u00fablicas o la necesidad de garantizar que la realizaci\u00f3n de solicitudes de informaci\u00f3n por parte del ciudadano sea sencilla, r\u00e1pida y gratuita.<\/p>\n\n\n\n<p class=\"wp-block-paragraph\">De esta forma, hemos presentado a la Junta un <strong><a href=\"https:\/\/blogs.es.amnesty.org\/castilla-leon\/?p=309&amp;preview=true&amp;_thumbnail_id=313\">documento explicativo con los cambios que proponemos para cinco art\u00edculos del anteproyecto de la ley de transparencia para Castilla y Le\u00f3n<\/a><\/strong>:<\/p>\n\n\n\n<ul class=\"wp-block-list\"><li>En el anteproyecto de ley se se\u00f1ala que aquellas entidades privadas que reciban m\u00e1s de 50.000 \u20ac de fondos p\u00fablicos o que cuyos ingresos desde fondos p\u00fablicos superen el 40% de sus ingresos totales sean las obligadas al deber de transparencia. Desde Amnist\u00eda entendemos que esto puede beneficiar a grandes entidades y perjudicar a peque\u00f1as. Por ello <strong>proponemos extender la obligaci\u00f3n de transparencia a un mayor n\u00famero de entidades privadas que reciben fondos p\u00fablicos<\/strong>. Por ejemplo, todas aquellas que reciban m\u00e1s de 5.000 \u20ac anuales. <\/li><li>Se establece, en el anteproyecto, que se han de publicar todos los contenidos \u201crelevantes\u201d de la toma de decisiones de la actuaci\u00f3n p\u00fablica. En cambio, <strong>proponemos definir claramente qu\u00e9 se entiende por informaci\u00f3n \u201crelevante<\/strong>\u201d.<\/li><li>Recomendamos <strong>incluir dentro de esta informaci\u00f3n relevante toda la informaci\u00f3n auxiliar <\/strong>como notas, borradores, opiniones o informes internos que formen parte de los procesos de toma de decisiones en la administraci\u00f3n p\u00fablica. La informaci\u00f3n auxiliar es imprescindible para entender y seguir el proceso de toma de decisiones<\/li><li>Tambi\u00e9n se recomienda <strong>incorporar la previsi\u00f3n de que la Ley de transparencia actuar\u00e1, en todos los casos como normativa supletoria.<\/strong><\/li><li>La lista de excepciones al derecho de acceso a la informaci\u00f3n es acorde con los est\u00e1ndares internacionales. Sin embargo, atendiendo al Consejo de Europa, es necesario <strong>aclarar que \u201ccuando la causa para no publicar deje de existir deber\u00e1 publicarse la informaci\u00f3n o establecerse un l\u00edmite de tiempo para que deje de ser informaci\u00f3n no publicable\u201d.<\/strong><\/li><li>En el anteproyecto de ley se incorpora un art\u00edculo que limita totalmente la posibilidad de presentar una reclamaci\u00f3n en relaci\u00f3n con informaciones procedentes de determinadas entidades dependientes de fundaciones p\u00fablicas como consorcios, fundaciones, etc. Esto implica, una desprotecci\u00f3n del derecho claramente contraria a los est\u00e1ndares internacionales. Atendiendo a estos est\u00e1ndares todos los poderes p\u00fablicos, sin distinciones, est\u00e1n obligados a proporcionar informaci\u00f3n p\u00fablica y garantizar el derecho de acceso a informaci\u00f3n de todas las personas. De este modo, <strong>proponemos la eliminaci\u00f3n total del art\u00edculo que suprime el derecho a presentar una reclamaci\u00f3n<\/strong> <strong>en determinadas entidades.<\/strong> <\/li><\/ul>\n\n\n\n<p class=\"wp-block-paragraph\">Aqu\u00ed puedes leer el documento completo: <em><a href=\"https:\/\/blogs.es.amnesty.org\/files\/uploads\/sites\/10\/2020\/07\/Anteproyecto-de-Ley-de-Transparencia-CyL-Observaciones-de-Amnist\u00eda-Internacional.pdf\">Observaciones sobre el Borrador de anteproyecto de Ley de transparencia, acceso a la informaci\u00f3n p\u00fablica y su reutilizaci\u00f3n de la Comunidad de Castilla y Le\u00f3n<\/a><\/em>.<\/p>\n","protected":false},"excerpt":{"rendered":"<p>El \u00c1rea de Investigaci\u00f3n de Amnist\u00eda Internacional Castilla y Le\u00f3n ha elaborado una serie de recomendaciones para mejorar el anteproyecto de Ley de transparencia, acceso a la informaci\u00f3n p\u00fablica y su reutilizaci\u00f3n de la Comunidad de Castilla y Le\u00f3n.<\/p>\n","protected":false},"author":41,"featured_media":313,"comment_status":"open","ping_status":"open","sticky":false,"template":"","format":"standard","meta":{"_acf_changed":false,"footnotes":"","_members_access_role":[],"_members_access_error":""},"categories":[29],"tags":[54,27,55],"class_list":["post-309","post","type-post","status-publish","format-standard","has-post-thumbnail","hentry","category-recomendaciones-legislativas","tag-derecho-a-la-informacion","tag-junta-de-castilla-y-leon","tag-ley-de-transparencia"],"acf":[],"yoast_head":"<!-- This site is optimized with the Yoast SEO plugin v28.2 - https:\/\/yoast.com\/product\/yoast-seo-wordpress\/ -->\n<title>RECOMENDACIONES PARA EL ANTEPROYECTO DE LA LEY DE TRANSPARENCIA DE CASTILLA Y LE\u00d3N - Castilla y Le\u00f3n<\/title>\n<meta name=\"robots\" content=\"index, follow, max-snippet:-1, max-image-preview:large, max-video-preview:-1\" \/>\n<link rel=\"canonical\" href=\"https:\/\/blogs.es.amnesty.org\/castilla-leon\/2020\/07\/13\/recomendaciones-para-el-anteproyecto-de-la-ley-de-transparencia-de-castilla-y-leon\/\" \/>\n<meta property=\"og:locale\" content=\"es_ES\" \/>\n<meta property=\"og:type\" content=\"article\" \/>\n<meta property=\"og:title\" content=\"RECOMENDACIONES PARA EL ANTEPROYECTO DE LA LEY DE TRANSPARENCIA DE CASTILLA Y LE\u00d3N - Castilla y Le\u00f3n\" \/>\n<meta property=\"og:description\" content=\"El \u00c1rea de Investigaci\u00f3n de Amnist\u00eda Internacional Castilla y Le\u00f3n ha elaborado una serie de recomendaciones para mejorar el anteproyecto de Ley de transparencia, acceso a la informaci\u00f3n p\u00fablica y su reutilizaci\u00f3n de la Comunidad de Castilla y Le\u00f3n.\" \/>\n<meta property=\"og:url\" content=\"https:\/\/blogs.es.amnesty.org\/castilla-leon\/2020\/07\/13\/recomendaciones-para-el-anteproyecto-de-la-ley-de-transparencia-de-castilla-y-leon\/\" \/>\n<meta property=\"og:site_name\" content=\"Castilla y Le\u00f3n\" \/>\n<meta property=\"article:published_time\" content=\"2020-07-13T16:13:21+00:00\" \/>\n<meta property=\"article:modified_time\" content=\"2020-07-13T16:15:36+00:00\" \/>\n<meta property=\"og:image\" content=\"https:\/\/blogs.es.amnesty.org\/files\/uploads\/sites\/10\/2020\/07\/lu\u00e0.jpeg\" \/>\n\t<meta property=\"og:image:width\" content=\"1733\" \/>\n\t<meta property=\"og:image:height\" content=\"1300\" \/>\n\t<meta property=\"og:image:type\" content=\"image\/jpeg\" \/>\n<meta name=\"author\" content=\"AI Castilla y Le\u00f3n\" \/>\n<meta name=\"twitter:card\" content=\"summary_large_image\" \/>\n<meta name=\"twitter:label1\" content=\"Escrito por\" \/>\n\t<meta name=\"twitter:data1\" content=\"AI Castilla y Le\u00f3n\" \/>\n\t<meta name=\"twitter:label2\" content=\"Tiempo de lectura\" \/>\n\t<meta name=\"twitter:data2\" content=\"3 minutos\" \/>\n<script type=\"application\/ld+json\" class=\"yoast-schema-graph\">{\"@context\":\"https:\\\/\\\/schema.org\",\"@graph\":[{\"@type\":\"Article\",\"@id\":\"https:\\\/\\\/blogs.es.amnesty.org\\\/castilla-leon\\\/2020\\\/07\\\/13\\\/recomendaciones-para-el-anteproyecto-de-la-ley-de-transparencia-de-castilla-y-leon\\\/#article\",\"isPartOf\":{\"@id\":\"https:\\\/\\\/blogs.es.amnesty.org\\\/castilla-leon\\\/2020\\\/07\\\/13\\\/recomendaciones-para-el-anteproyecto-de-la-ley-de-transparencia-de-castilla-y-leon\\\/\"},\"author\":{\"name\":\"AI Castilla y Le\u00f3n\",\"@id\":\"https:\\\/\\\/blogs.es.amnesty.org\\\/castilla-leon\\\/#\\\/schema\\\/person\\\/72c02e2f7c0653ba4613756a4f42e5f0\"},\"headline\":\"RECOMENDACIONES PARA EL ANTEPROYECTO DE LA LEY DE TRANSPARENCIA DE CASTILLA Y LE\u00d3N\",\"datePublished\":\"2020-07-13T16:13:21+00:00\",\"dateModified\":\"2020-07-13T16:15:36+00:00\",\"mainEntityOfPage\":{\"@id\":\"https:\\\/\\\/blogs.es.amnesty.org\\\/castilla-leon\\\/2020\\\/07\\\/13\\\/recomendaciones-para-el-anteproyecto-de-la-ley-de-transparencia-de-castilla-y-leon\\\/\"},\"wordCount\":608,\"commentCount\":0,\"image\":{\"@id\":\"https:\\\/\\\/blogs.es.amnesty.org\\\/castilla-leon\\\/2020\\\/07\\\/13\\\/recomendaciones-para-el-anteproyecto-de-la-ley-de-transparencia-de-castilla-y-leon\\\/#primaryimage\"},\"thumbnailUrl\":\"https:\\\/\\\/blogs.es.amnesty.org\\\/files\\\/uploads\\\/sites\\\/10\\\/2020\\\/07\\\/lu\u00e0.jpeg\",\"keywords\":[\"Derecho a la informaci\u00f3n\",\"Junta de Castilla y Le\u00f3n\",\"Ley de Transparencia\"],\"articleSection\":[\"Recomendaciones legislativas\"],\"inLanguage\":\"es\",\"potentialAction\":[{\"@type\":\"CommentAction\",\"name\":\"Comment\",\"target\":[\"https:\\\/\\\/blogs.es.amnesty.org\\\/castilla-leon\\\/2020\\\/07\\\/13\\\/recomendaciones-para-el-anteproyecto-de-la-ley-de-transparencia-de-castilla-y-leon\\\/#respond\"]}]},{\"@type\":\"WebPage\",\"@id\":\"https:\\\/\\\/blogs.es.amnesty.org\\\/castilla-leon\\\/2020\\\/07\\\/13\\\/recomendaciones-para-el-anteproyecto-de-la-ley-de-transparencia-de-castilla-y-leon\\\/\",\"url\":\"https:\\\/\\\/blogs.es.amnesty.org\\\/castilla-leon\\\/2020\\\/07\\\/13\\\/recomendaciones-para-el-anteproyecto-de-la-ley-de-transparencia-de-castilla-y-leon\\\/\",\"name\":\"RECOMENDACIONES PARA EL ANTEPROYECTO DE LA LEY DE TRANSPARENCIA DE CASTILLA Y LE\u00d3N - Castilla y Le\u00f3n\",\"isPartOf\":{\"@id\":\"https:\\\/\\\/blogs.es.amnesty.org\\\/castilla-leon\\\/#website\"},\"primaryImageOfPage\":{\"@id\":\"https:\\\/\\\/blogs.es.amnesty.org\\\/castilla-leon\\\/2020\\\/07\\\/13\\\/recomendaciones-para-el-anteproyecto-de-la-ley-de-transparencia-de-castilla-y-leon\\\/#primaryimage\"},\"image\":{\"@id\":\"https:\\\/\\\/blogs.es.amnesty.org\\\/castilla-leon\\\/2020\\\/07\\\/13\\\/recomendaciones-para-el-anteproyecto-de-la-ley-de-transparencia-de-castilla-y-leon\\\/#primaryimage\"},\"thumbnailUrl\":\"https:\\\/\\\/blogs.es.amnesty.org\\\/files\\\/uploads\\\/sites\\\/10\\\/2020\\\/07\\\/lu\u00e0.jpeg\",\"datePublished\":\"2020-07-13T16:13:21+00:00\",\"dateModified\":\"2020-07-13T16:15:36+00:00\",\"author\":{\"@id\":\"https:\\\/\\\/blogs.es.amnesty.org\\\/castilla-leon\\\/#\\\/schema\\\/person\\\/72c02e2f7c0653ba4613756a4f42e5f0\"},\"breadcrumb\":{\"@id\":\"https:\\\/\\\/blogs.es.amnesty.org\\\/castilla-leon\\\/2020\\\/07\\\/13\\\/recomendaciones-para-el-anteproyecto-de-la-ley-de-transparencia-de-castilla-y-leon\\\/#breadcrumb\"},\"inLanguage\":\"es\",\"potentialAction\":[{\"@type\":\"ReadAction\",\"target\":[\"https:\\\/\\\/blogs.es.amnesty.org\\\/castilla-leon\\\/2020\\\/07\\\/13\\\/recomendaciones-para-el-anteproyecto-de-la-ley-de-transparencia-de-castilla-y-leon\\\/\"]}]},{\"@type\":\"ImageObject\",\"inLanguage\":\"es\",\"@id\":\"https:\\\/\\\/blogs.es.amnesty.org\\\/castilla-leon\\\/2020\\\/07\\\/13\\\/recomendaciones-para-el-anteproyecto-de-la-ley-de-transparencia-de-castilla-y-leon\\\/#primaryimage\",\"url\":\"https:\\\/\\\/blogs.es.amnesty.org\\\/files\\\/uploads\\\/sites\\\/10\\\/2020\\\/07\\\/lu\u00e0.jpeg\",\"contentUrl\":\"https:\\\/\\\/blogs.es.amnesty.org\\\/files\\\/uploads\\\/sites\\\/10\\\/2020\\\/07\\\/lu\u00e0.jpeg\",\"width\":1733,\"height\":1300},{\"@type\":\"BreadcrumbList\",\"@id\":\"https:\\\/\\\/blogs.es.amnesty.org\\\/castilla-leon\\\/2020\\\/07\\\/13\\\/recomendaciones-para-el-anteproyecto-de-la-ley-de-transparencia-de-castilla-y-leon\\\/#breadcrumb\",\"itemListElement\":[{\"@type\":\"ListItem\",\"position\":1,\"name\":\"Portada\",\"item\":\"https:\\\/\\\/blogs.es.amnesty.org\\\/castilla-leon\\\/\"},{\"@type\":\"ListItem\",\"position\":2,\"name\":\"RECOMENDACIONES PARA EL ANTEPROYECTO DE LA LEY DE TRANSPARENCIA DE CASTILLA Y LE\u00d3N\"}]},{\"@type\":\"WebSite\",\"@id\":\"https:\\\/\\\/blogs.es.amnesty.org\\\/castilla-leon\\\/#website\",\"url\":\"https:\\\/\\\/blogs.es.amnesty.org\\\/castilla-leon\\\/\",\"name\":\"Castilla y Le\u00f3n\",\"description\":\"Blog de Amnist\u00eda Internacional en Castilla y Le\u00f3n\",\"potentialAction\":[{\"@type\":\"SearchAction\",\"target\":{\"@type\":\"EntryPoint\",\"urlTemplate\":\"https:\\\/\\\/blogs.es.amnesty.org\\\/castilla-leon\\\/?s={search_term_string}\"},\"query-input\":{\"@type\":\"PropertyValueSpecification\",\"valueRequired\":true,\"valueName\":\"search_term_string\"}}],\"inLanguage\":\"es\"},{\"@type\":\"Person\",\"@id\":\"https:\\\/\\\/blogs.es.amnesty.org\\\/castilla-leon\\\/#\\\/schema\\\/person\\\/72c02e2f7c0653ba4613756a4f42e5f0\",\"name\":\"AI Castilla y Le\u00f3n\",\"image\":{\"@type\":\"ImageObject\",\"inLanguage\":\"es\",\"@id\":\"https:\\\/\\\/secure.gravatar.com\\\/avatar\\\/49824f30513cadad841c65412211570e575ce18e1ec799f652f2c085f1a695fc?s=96&d=mm&r=g\",\"url\":\"https:\\\/\\\/secure.gravatar.com\\\/avatar\\\/49824f30513cadad841c65412211570e575ce18e1ec799f652f2c085f1a695fc?s=96&d=mm&r=g\",\"contentUrl\":\"https:\\\/\\\/secure.gravatar.com\\\/avatar\\\/49824f30513cadad841c65412211570e575ce18e1ec799f652f2c085f1a695fc?s=96&d=mm&r=g\",\"caption\":\"AI Castilla y Le\u00f3n\"},\"url\":\"https:\\\/\\\/blogs.es.amnesty.org\\\/castilla-leon\\\/autor\\\/comunicacioncyl\\\/\"}]}<\/script>\n<!-- \/ Yoast SEO plugin. -->","yoast_head_json":{"title":"RECOMENDACIONES PARA EL ANTEPROYECTO DE LA LEY DE TRANSPARENCIA DE CASTILLA Y LE\u00d3N - Castilla y Le\u00f3n","robots":{"index":"index","follow":"follow","max-snippet":"max-snippet:-1","max-image-preview":"max-image-preview:large","max-video-preview":"max-video-preview:-1"},"canonical":"https:\/\/blogs.es.amnesty.org\/castilla-leon\/2020\/07\/13\/recomendaciones-para-el-anteproyecto-de-la-ley-de-transparencia-de-castilla-y-leon\/","og_locale":"es_ES","og_type":"article","og_title":"RECOMENDACIONES PARA EL ANTEPROYECTO DE LA LEY DE TRANSPARENCIA DE CASTILLA Y LE\u00d3N - Castilla y Le\u00f3n","og_description":"El \u00c1rea de Investigaci\u00f3n de Amnist\u00eda Internacional Castilla y Le\u00f3n ha elaborado una serie de recomendaciones para mejorar el anteproyecto de Ley de transparencia, acceso a la informaci\u00f3n p\u00fablica y su reutilizaci\u00f3n de la Comunidad de Castilla y Le\u00f3n.","og_url":"https:\/\/blogs.es.amnesty.org\/castilla-leon\/2020\/07\/13\/recomendaciones-para-el-anteproyecto-de-la-ley-de-transparencia-de-castilla-y-leon\/","og_site_name":"Castilla y Le\u00f3n","article_published_time":"2020-07-13T16:13:21+00:00","article_modified_time":"2020-07-13T16:15:36+00:00","og_image":[{"width":1733,"height":1300,"url":"https:\/\/blogs.es.amnesty.org\/files\/uploads\/sites\/10\/2020\/07\/lu\u00e0.jpeg","type":"image\/jpeg"}],"author":"AI Castilla y Le\u00f3n","twitter_card":"summary_large_image","twitter_misc":{"Escrito por":"AI Castilla y Le\u00f3n","Tiempo de lectura":"3 minutos"},"schema":{"@context":"https:\/\/schema.org","@graph":[{"@type":"Article","@id":"https:\/\/blogs.es.amnesty.org\/castilla-leon\/2020\/07\/13\/recomendaciones-para-el-anteproyecto-de-la-ley-de-transparencia-de-castilla-y-leon\/#article","isPartOf":{"@id":"https:\/\/blogs.es.amnesty.org\/castilla-leon\/2020\/07\/13\/recomendaciones-para-el-anteproyecto-de-la-ley-de-transparencia-de-castilla-y-leon\/"},"author":{"name":"AI Castilla y Le\u00f3n","@id":"https:\/\/blogs.es.amnesty.org\/castilla-leon\/#\/schema\/person\/72c02e2f7c0653ba4613756a4f42e5f0"},"headline":"RECOMENDACIONES PARA EL ANTEPROYECTO DE LA LEY DE TRANSPARENCIA DE CASTILLA Y LE\u00d3N","datePublished":"2020-07-13T16:13:21+00:00","dateModified":"2020-07-13T16:15:36+00:00","mainEntityOfPage":{"@id":"https:\/\/blogs.es.amnesty.org\/castilla-leon\/2020\/07\/13\/recomendaciones-para-el-anteproyecto-de-la-ley-de-transparencia-de-castilla-y-leon\/"},"wordCount":608,"commentCount":0,"image":{"@id":"https:\/\/blogs.es.amnesty.org\/castilla-leon\/2020\/07\/13\/recomendaciones-para-el-anteproyecto-de-la-ley-de-transparencia-de-castilla-y-leon\/#primaryimage"},"thumbnailUrl":"https:\/\/blogs.es.amnesty.org\/files\/uploads\/sites\/10\/2020\/07\/lu\u00e0.jpeg","keywords":["Derecho a la informaci\u00f3n","Junta de Castilla y Le\u00f3n","Ley de Transparencia"],"articleSection":["Recomendaciones legislativas"],"inLanguage":"es","potentialAction":[{"@type":"CommentAction","name":"Comment","target":["https:\/\/blogs.es.amnesty.org\/castilla-leon\/2020\/07\/13\/recomendaciones-para-el-anteproyecto-de-la-ley-de-transparencia-de-castilla-y-leon\/#respond"]}]},{"@type":"WebPage","@id":"https:\/\/blogs.es.amnesty.org\/castilla-leon\/2020\/07\/13\/recomendaciones-para-el-anteproyecto-de-la-ley-de-transparencia-de-castilla-y-leon\/","url":"https:\/\/blogs.es.amnesty.org\/castilla-leon\/2020\/07\/13\/recomendaciones-para-el-anteproyecto-de-la-ley-de-transparencia-de-castilla-y-leon\/","name":"RECOMENDACIONES PARA EL ANTEPROYECTO DE LA LEY DE TRANSPARENCIA DE CASTILLA Y LE\u00d3N - Castilla y Le\u00f3n","isPartOf":{"@id":"https:\/\/blogs.es.amnesty.org\/castilla-leon\/#website"},"primaryImageOfPage":{"@id":"https:\/\/blogs.es.amnesty.org\/castilla-leon\/2020\/07\/13\/recomendaciones-para-el-anteproyecto-de-la-ley-de-transparencia-de-castilla-y-leon\/#primaryimage"},"image":{"@id":"https:\/\/blogs.es.amnesty.org\/castilla-leon\/2020\/07\/13\/recomendaciones-para-el-anteproyecto-de-la-ley-de-transparencia-de-castilla-y-leon\/#primaryimage"},"thumbnailUrl":"https:\/\/blogs.es.amnesty.org\/files\/uploads\/sites\/10\/2020\/07\/lu\u00e0.jpeg","datePublished":"2020-07-13T16:13:21+00:00","dateModified":"2020-07-13T16:15:36+00:00","author":{"@id":"https:\/\/blogs.es.amnesty.org\/castilla-leon\/#\/schema\/person\/72c02e2f7c0653ba4613756a4f42e5f0"},"breadcrumb":{"@id":"https:\/\/blogs.es.amnesty.org\/castilla-leon\/2020\/07\/13\/recomendaciones-para-el-anteproyecto-de-la-ley-de-transparencia-de-castilla-y-leon\/#breadcrumb"},"inLanguage":"es","potentialAction":[{"@type":"ReadAction","target":["https:\/\/blogs.es.amnesty.org\/castilla-leon\/2020\/07\/13\/recomendaciones-para-el-anteproyecto-de-la-ley-de-transparencia-de-castilla-y-leon\/"]}]},{"@type":"ImageObject","inLanguage":"es","@id":"https:\/\/blogs.es.amnesty.org\/castilla-leon\/2020\/07\/13\/recomendaciones-para-el-anteproyecto-de-la-ley-de-transparencia-de-castilla-y-leon\/#primaryimage","url":"https:\/\/blogs.es.amnesty.org\/files\/uploads\/sites\/10\/2020\/07\/lu\u00e0.jpeg","contentUrl":"https:\/\/blogs.es.amnesty.org\/files\/uploads\/sites\/10\/2020\/07\/lu\u00e0.jpeg","width":1733,"height":1300},{"@type":"BreadcrumbList","@id":"https:\/\/blogs.es.amnesty.org\/castilla-leon\/2020\/07\/13\/recomendaciones-para-el-anteproyecto-de-la-ley-de-transparencia-de-castilla-y-leon\/#breadcrumb","itemListElement":[{"@type":"ListItem","position":1,"name":"Portada","item":"https:\/\/blogs.es.amnesty.org\/castilla-leon\/"},{"@type":"ListItem","position":2,"name":"RECOMENDACIONES PARA EL ANTEPROYECTO DE LA LEY DE TRANSPARENCIA DE CASTILLA Y LE\u00d3N"}]},{"@type":"WebSite","@id":"https:\/\/blogs.es.amnesty.org\/castilla-leon\/#website","url":"https:\/\/blogs.es.amnesty.org\/castilla-leon\/","name":"Castilla y Le\u00f3n","description":"Blog de Amnist\u00eda Internacional en Castilla y Le\u00f3n","potentialAction":[{"@type":"SearchAction","target":{"@type":"EntryPoint","urlTemplate":"https:\/\/blogs.es.amnesty.org\/castilla-leon\/?s={search_term_string}"},"query-input":{"@type":"PropertyValueSpecification","valueRequired":true,"valueName":"search_term_string"}}],"inLanguage":"es"},{"@type":"Person","@id":"https:\/\/blogs.es.amnesty.org\/castilla-leon\/#\/schema\/person\/72c02e2f7c0653ba4613756a4f42e5f0","name":"AI Castilla y Le\u00f3n","image":{"@type":"ImageObject","inLanguage":"es","@id":"https:\/\/secure.gravatar.com\/avatar\/49824f30513cadad841c65412211570e575ce18e1ec799f652f2c085f1a695fc?s=96&d=mm&r=g","url":"https:\/\/secure.gravatar.com\/avatar\/49824f30513cadad841c65412211570e575ce18e1ec799f652f2c085f1a695fc?s=96&d=mm&r=g","contentUrl":"https:\/\/secure.gravatar.com\/avatar\/49824f30513cadad841c65412211570e575ce18e1ec799f652f2c085f1a695fc?s=96&d=mm&r=g","caption":"AI Castilla y Le\u00f3n"},"url":"https:\/\/blogs.es.amnesty.org\/castilla-leon\/autor\/comunicacioncyl\/"}]}},"_links":{"self":[{"href":"https:\/\/blogs.es.amnesty.org\/castilla-leon\/wp-json\/wp\/v2\/posts\/309","targetHints":{"allow":["GET"]}}],"collection":[{"href":"https:\/\/blogs.es.amnesty.org\/castilla-leon\/wp-json\/wp\/v2\/posts"}],"about":[{"href":"https:\/\/blogs.es.amnesty.org\/castilla-leon\/wp-json\/wp\/v2\/types\/post"}],"author":[{"embeddable":true,"href":"https:\/\/blogs.es.amnesty.org\/castilla-leon\/wp-json\/wp\/v2\/users\/41"}],"replies":[{"embeddable":true,"href":"https:\/\/blogs.es.amnesty.org\/castilla-leon\/wp-json\/wp\/v2\/comments?post=309"}],"version-history":[{"count":0,"href":"https:\/\/blogs.es.amnesty.org\/castilla-leon\/wp-json\/wp\/v2\/posts\/309\/revisions"}],"wp:featuredmedia":[{"embeddable":true,"href":"https:\/\/blogs.es.amnesty.org\/castilla-leon\/wp-json\/wp\/v2\/media\/313"}],"wp:attachment":[{"href":"https:\/\/blogs.es.amnesty.org\/castilla-leon\/wp-json\/wp\/v2\/media?parent=309"}],"wp:term":[{"taxonomy":"category","embeddable":true,"href":"https:\/\/blogs.es.amnesty.org\/castilla-leon\/wp-json\/wp\/v2\/categories?post=309"},{"taxonomy":"post_tag","embeddable":true,"href":"https:\/\/blogs.es.amnesty.org\/castilla-leon\/wp-json\/wp\/v2\/tags?post=309"}],"curies":[{"name":"wp","href":"https:\/\/api.w.org\/{rel}","templated":true}]}}