{"id":365,"date":"2020-09-21T19:34:49","date_gmt":"2020-09-21T19:34:49","guid":{"rendered":"https:\/\/blogs.es.amnesty.org\/castilla-leon\/?p=365"},"modified":"2020-09-21T19:34:50","modified_gmt":"2020-09-21T19:34:50","slug":"moria-el-lugar-donde-los-suenos-se-hicieron-cenizas","status":"publish","type":"post","link":"https:\/\/blogs.es.amnesty.org\/castilla-leon\/2020\/09\/21\/moria-el-lugar-donde-los-suenos-se-hicieron-cenizas\/","title":{"rendered":"Moria, el lugar donde los sue\u00f1os se hicieron cenizas"},"content":{"rendered":"\n<p class=\"wp-block-paragraph\">Una situaci\u00f3n l\u00edmite que ha dejado a miles de familias sin nada. <\/p>\n\n\n\n<p class=\"wp-block-paragraph\"><strong><a href=\"https:\/\/www.es.amnesty.org\/en-que-estamos\/noticias\/noticia\/articulo\/greciaue-el-fuego-destruye-moria-dejando-a-12500-personas-sin-techo\/\">\u201cAhora mismo hay una emergencia humanitaria en Lesbos. De la noche a la ma\u00f1ana, casi 13.000 personas en el campamento de refugiados de Moria han perdido el escaso cobijo y saneamiento que ten\u00edan<\/a><\/strong>. La gente que vive all\u00ed ya ha soportado la p\u00e9rdida de su vida, su hogar y sus pertenencias al huir a Europa. Ahora, este incendio probablemente ha destruido lo que les quedaba, incluidos documentos esenciales, objetos personales y medicamentos\u201d, declara Adriana Tidona, investigadora de Amnist\u00eda Internacional sobre Migraci\u00f3n.<\/p>\n\n\n\n<p class=\"wp-block-paragraph\"><strong>Sin apenas agua, ni luz, ni atenci\u00f3n m\u00e9dica y con tan s\u00f3lo con una comida al d\u00eda<\/strong>, pasan los d\u00edas estas personas refugiadas esperando una salida de este infierno.<\/p>\n\n\n\n<p class=\"wp-block-paragraph\"><strong>Un tercio de la poblaci\u00f3n que reside en Moria son menores de edad.<\/strong> Algunos de ellos est\u00e1n solos; otros, sin embargo, no conocen otra vida fuera del campo. La falta de atenci\u00f3n m\u00e9dica hace que enfermen con mayor facilidad. Adem\u00e1s, la carencia de educaci\u00f3n provoca que no puedan desarrollarse adecuadamente. \u00a0<\/p>\n\n\n\n<p class=\"wp-block-paragraph\">El incendio ha convertido la vida de estas personas en una pesadilla. <strong>Las mujeres se sienten m\u00e1s vulnerables ante esta situaci\u00f3n.<\/strong> Tienen miedo a poder ser violadas o agredidas. Mientras tanto, las embarazadas que viven en el campo se quejan de la falta de medidas higi\u00e9nicas y atenci\u00f3n m\u00e9dica con la que afrontan la gestaci\u00f3n.<\/p>\n\n\n\n<figure class=\"wp-block-image size-large\"><img loading=\"lazy\" decoding=\"async\" width=\"900\" height=\"600\" src=\"https:\/\/blogs.es.amnesty.org\/files\/uploads\/sites\/10\/2020\/09\/RTX7UKB4_moria_web.jpg\" alt=\"\" class=\"wp-image-367\" srcset=\"https:\/\/blogs.es.amnesty.org\/files\/uploads\/sites\/10\/2020\/09\/RTX7UKB4_moria_web.jpg 900w, https:\/\/blogs.es.amnesty.org\/files\/uploads\/sites\/10\/2020\/09\/RTX7UKB4_moria_web-770x513.jpg 770w, https:\/\/blogs.es.amnesty.org\/files\/uploads\/sites\/10\/2020\/09\/RTX7UKB4_moria_web-768x512.jpg 768w\" sizes=\"auto, (max-width: 900px) 100vw, 900px\" \/><figcaption> <em>Personas refugiadas y migrantes tras el incendio en el campo de Moria \u00a9 REUTERS\/Alkis Konstantinidis<\/em> <\/figcaption><\/figure>\n\n\n\n<p class=\"wp-block-paragraph\">Adem\u00e1s, <strong>la falta de medidas higi\u00e9nicas y de distanciamiento social ha hecho que sea pr\u00e1cticamente imposible llevar a cabo las medidas frente al COVID-19. <\/strong>A consecuencia de ello, algunos de los refugiados han dado positivo en coronavirus. Lo que ha creado una gran alarma dentro del campo.<\/p>\n\n\n\n<p class=\"wp-block-paragraph\">Un d\u00eda a d\u00eda lleno de incertidumbre y desolaci\u00f3n, en el que estos refugiados se aferran a la esperanza como su mejor aliado.<strong> Tan s\u00f3lo quieren recuperar la tranquilidad y darle un futuro mejor a su familia. <\/strong>Tienen claro que no quieren volver a su lugar de origen, la vida que les espera all\u00ed es a\u00fan mucho peor. <\/p>\n\n\n\n<p class=\"wp-block-paragraph\">Desde hace unos d\u00edas, el Gobierno griego y ONGS como ACNUR trabajan para habilitar un nuevo campo de refugiados en Kara Tepe. Para ello, han escogido un antiguo campo de tiro situado en la localidad de Lesbos. Pero, <strong>los refugiados reclaman una respuesta por parte de Europa<\/strong>.<strong> Piden una salida de la isla, no un campo nuevo, donde las condiciones de vida son inhumanas.<\/strong><\/p>\n\n\n\n<p class=\"wp-block-paragraph\"><strong>El proceso de solicitud de asilo en Europa puede tardar hasta dos a\u00f1os<\/strong>. Mientras tanto, estas personas esperan en los campos de refugiados, donde no se respetan los derechos humanos. Si la respuesta a esta solicitud es negativa, estas personas son devueltas a su pa\u00eds de origen.<\/p>\n\n\n\n<p class=\"wp-block-paragraph\"><a href=\"https:\/\/www.es.amnesty.org\/en-que-estamos\/noticias\/noticia\/articulo\/greciaue-el-fuego-destruye-moria-dejando-a-12500-personas-sin-techo\/\"><strong>\u201cLas imprudentes pol\u00edticas de la UE han provocado una peligrosa masificaci\u00f3n y unas condiciones de vida miserables, ya que el campamento albergaba al cu\u00e1druple de personas de la cifra para la que fue concebido<\/strong>. <\/a>Las autoridades griegas, la Uni\u00f3n Europea y sus Estados miembros deben actuar de inmediato para garantizar la seguridad de todas las personas afectadas. Ahora es m\u00e1s urgente que nunca redoblar los esfuerzos de reubicaci\u00f3n y trasladar a la gente a alojamientos m\u00e1s seguros. Mientras se finaliza el Pacto Europeo sobre Migraci\u00f3n y Asilo, este incendio es una oportuna acusaci\u00f3n de la actual pol\u00edtica sobre campos y contenci\u00f3n.\u201d, conclu\u00eda Adriana Tidona, investigadora de Amnist\u00eda Internacional sobre Migraci\u00f3n.<\/p>\n\n\n\n<p class=\"wp-block-paragraph\">Desde Amnist\u00eda Internacional,<strong> <\/strong>pedimos a las autoridades griegas una ayuda humanitaria urgente para las personas residentes del campamento de Moria, incluido un refugio de emergencia y asistencia m\u00e9dica. Mientras tanto, la Uni\u00f3n Europea no puede mirar hacia otro lado. Sus estados miembros deben aumentar el n\u00famero reubicaciones desde Grecia y poner fin a la pol\u00edtica de contenci\u00f3n en las islas.<\/p>\n\n\n\n<p class=\"wp-block-paragraph\"><strong>Ay\u00fadanos a conseguirlo.<\/strong> <strong><a href=\"https:\/\/www.es.amnesty.org\/actua\/acciones\/grecia-moria-refugio-sep20\/?utm_source=instagram&amp;utm_medium=social&amp;utm_content=Web_petition-pai_grecia_sep20-Refugees-Greece-20200911-instagramR&amp;utm_campaign=Web_petition-pai_grecia_sep20-Refugees-People_on_the_Move#ai-accion-firma\">Firma nuestra campa\u00f1a.<\/a><\/strong><\/p>\n","protected":false},"excerpt":{"rendered":"<p>El pasado 8 de septiembre, por la noche, las esperanzas de miles de personas se volvieron a truncar en el campo de refugiados de Moria. Cerca 13.000 inmigrantes,  residentes en la isla griega de Lesbos, vieron como lo poco que les quedaba se hac\u00eda cenizas. Otra vez el contador se puso a cero. Vuelta a empezar. Pero esta vez, las circunstancias eran diferentes. Sin techo en el que cobijarse, con una pandemia de por medio y sin apenas medios, estas personas refugiadas se han visto obligados a vivir en la calle. <\/p>\n","protected":false},"author":41,"featured_media":366,"comment_status":"open","ping_status":"open","sticky":false,"template":"","format":"standard","meta":{"_acf_changed":false,"footnotes":"","_members_access_role":[],"_members_access_error":""},"categories":[42],"tags":[60,59,43],"class_list":["post-365","post","type-post","status-publish","format-standard","has-post-thumbnail","hentry","category-refugiados","tag-incendio","tag-moria","tag-refugiados"],"acf":[],"yoast_head":"<!-- This site is optimized with the Yoast SEO plugin v28.2 - https:\/\/yoast.com\/product\/yoast-seo-wordpress\/ -->\n<title>Moria, el lugar donde los sue\u00f1os se hicieron cenizas - Castilla y Le\u00f3n<\/title>\n<meta name=\"robots\" content=\"index, follow, max-snippet:-1, max-image-preview:large, max-video-preview:-1\" \/>\n<link rel=\"canonical\" href=\"https:\/\/blogs.es.amnesty.org\/castilla-leon\/2020\/09\/21\/moria-el-lugar-donde-los-suenos-se-hicieron-cenizas\/\" \/>\n<meta property=\"og:locale\" content=\"es_ES\" \/>\n<meta property=\"og:type\" content=\"article\" \/>\n<meta property=\"og:title\" content=\"Moria, el lugar donde los sue\u00f1os se hicieron cenizas - Castilla y Le\u00f3n\" \/>\n<meta property=\"og:description\" content=\"El pasado 8 de septiembre, por la noche, las esperanzas de miles de personas se volvieron a truncar en el campo de refugiados de Moria. Cerca 13.000 inmigrantes, residentes en la isla griega de Lesbos, vieron como lo poco que les quedaba se hac\u00eda cenizas. Otra vez el contador se puso a cero. Vuelta a empezar. Pero esta vez, las circunstancias eran diferentes. Sin techo en el que cobijarse, con una pandemia de por medio y sin apenas medios, estas personas refugiadas se han visto obligados a vivir en la calle.\" \/>\n<meta property=\"og:url\" content=\"https:\/\/blogs.es.amnesty.org\/castilla-leon\/2020\/09\/21\/moria-el-lugar-donde-los-suenos-se-hicieron-cenizas\/\" \/>\n<meta property=\"og:site_name\" content=\"Castilla y Le\u00f3n\" \/>\n<meta property=\"article:published_time\" content=\"2020-09-21T19:34:49+00:00\" \/>\n<meta property=\"article:modified_time\" content=\"2020-09-21T19:34:50+00:00\" \/>\n<meta property=\"og:image\" content=\"https:\/\/blogs.es.amnesty.org\/files\/uploads\/sites\/10\/2020\/09\/csm_RTX7UBBY_2488d612c8.jpg\" \/>\n\t<meta property=\"og:image:width\" content=\"1040\" \/>\n\t<meta property=\"og:image:height\" content=\"694\" \/>\n\t<meta property=\"og:image:type\" content=\"image\/jpeg\" \/>\n<meta name=\"author\" content=\"AI Castilla y Le\u00f3n\" \/>\n<meta name=\"twitter:card\" content=\"summary_large_image\" \/>\n<meta name=\"twitter:label1\" content=\"Escrito por\" \/>\n\t<meta name=\"twitter:data1\" content=\"AI Castilla y Le\u00f3n\" \/>\n\t<meta name=\"twitter:label2\" content=\"Tiempo de lectura\" \/>\n\t<meta name=\"twitter:data2\" content=\"3 minutos\" \/>\n<script type=\"application\/ld+json\" class=\"yoast-schema-graph\">{\"@context\":\"https:\\\/\\\/schema.org\",\"@graph\":[{\"@type\":\"Article\",\"@id\":\"https:\\\/\\\/blogs.es.amnesty.org\\\/castilla-leon\\\/2020\\\/09\\\/21\\\/moria-el-lugar-donde-los-suenos-se-hicieron-cenizas\\\/#article\",\"isPartOf\":{\"@id\":\"https:\\\/\\\/blogs.es.amnesty.org\\\/castilla-leon\\\/2020\\\/09\\\/21\\\/moria-el-lugar-donde-los-suenos-se-hicieron-cenizas\\\/\"},\"author\":{\"name\":\"AI Castilla y Le\u00f3n\",\"@id\":\"https:\\\/\\\/blogs.es.amnesty.org\\\/castilla-leon\\\/#\\\/schema\\\/person\\\/72c02e2f7c0653ba4613756a4f42e5f0\"},\"headline\":\"Moria, el lugar donde los sue\u00f1os se hicieron cenizas\",\"datePublished\":\"2020-09-21T19:34:49+00:00\",\"dateModified\":\"2020-09-21T19:34:50+00:00\",\"mainEntityOfPage\":{\"@id\":\"https:\\\/\\\/blogs.es.amnesty.org\\\/castilla-leon\\\/2020\\\/09\\\/21\\\/moria-el-lugar-donde-los-suenos-se-hicieron-cenizas\\\/\"},\"wordCount\":700,\"commentCount\":0,\"image\":{\"@id\":\"https:\\\/\\\/blogs.es.amnesty.org\\\/castilla-leon\\\/2020\\\/09\\\/21\\\/moria-el-lugar-donde-los-suenos-se-hicieron-cenizas\\\/#primaryimage\"},\"thumbnailUrl\":\"https:\\\/\\\/blogs.es.amnesty.org\\\/files\\\/uploads\\\/sites\\\/10\\\/2020\\\/09\\\/csm_RTX7UBBY_2488d612c8.jpg\",\"keywords\":[\"Incendio\",\"Moria\",\"Refugiados\"],\"articleSection\":[\"Refugiados\"],\"inLanguage\":\"es\",\"potentialAction\":[{\"@type\":\"CommentAction\",\"name\":\"Comment\",\"target\":[\"https:\\\/\\\/blogs.es.amnesty.org\\\/castilla-leon\\\/2020\\\/09\\\/21\\\/moria-el-lugar-donde-los-suenos-se-hicieron-cenizas\\\/#respond\"]}]},{\"@type\":\"WebPage\",\"@id\":\"https:\\\/\\\/blogs.es.amnesty.org\\\/castilla-leon\\\/2020\\\/09\\\/21\\\/moria-el-lugar-donde-los-suenos-se-hicieron-cenizas\\\/\",\"url\":\"https:\\\/\\\/blogs.es.amnesty.org\\\/castilla-leon\\\/2020\\\/09\\\/21\\\/moria-el-lugar-donde-los-suenos-se-hicieron-cenizas\\\/\",\"name\":\"Moria, el lugar donde los sue\u00f1os se hicieron cenizas - Castilla y Le\u00f3n\",\"isPartOf\":{\"@id\":\"https:\\\/\\\/blogs.es.amnesty.org\\\/castilla-leon\\\/#website\"},\"primaryImageOfPage\":{\"@id\":\"https:\\\/\\\/blogs.es.amnesty.org\\\/castilla-leon\\\/2020\\\/09\\\/21\\\/moria-el-lugar-donde-los-suenos-se-hicieron-cenizas\\\/#primaryimage\"},\"image\":{\"@id\":\"https:\\\/\\\/blogs.es.amnesty.org\\\/castilla-leon\\\/2020\\\/09\\\/21\\\/moria-el-lugar-donde-los-suenos-se-hicieron-cenizas\\\/#primaryimage\"},\"thumbnailUrl\":\"https:\\\/\\\/blogs.es.amnesty.org\\\/files\\\/uploads\\\/sites\\\/10\\\/2020\\\/09\\\/csm_RTX7UBBY_2488d612c8.jpg\",\"datePublished\":\"2020-09-21T19:34:49+00:00\",\"dateModified\":\"2020-09-21T19:34:50+00:00\",\"author\":{\"@id\":\"https:\\\/\\\/blogs.es.amnesty.org\\\/castilla-leon\\\/#\\\/schema\\\/person\\\/72c02e2f7c0653ba4613756a4f42e5f0\"},\"breadcrumb\":{\"@id\":\"https:\\\/\\\/blogs.es.amnesty.org\\\/castilla-leon\\\/2020\\\/09\\\/21\\\/moria-el-lugar-donde-los-suenos-se-hicieron-cenizas\\\/#breadcrumb\"},\"inLanguage\":\"es\",\"potentialAction\":[{\"@type\":\"ReadAction\",\"target\":[\"https:\\\/\\\/blogs.es.amnesty.org\\\/castilla-leon\\\/2020\\\/09\\\/21\\\/moria-el-lugar-donde-los-suenos-se-hicieron-cenizas\\\/\"]}]},{\"@type\":\"ImageObject\",\"inLanguage\":\"es\",\"@id\":\"https:\\\/\\\/blogs.es.amnesty.org\\\/castilla-leon\\\/2020\\\/09\\\/21\\\/moria-el-lugar-donde-los-suenos-se-hicieron-cenizas\\\/#primaryimage\",\"url\":\"https:\\\/\\\/blogs.es.amnesty.org\\\/files\\\/uploads\\\/sites\\\/10\\\/2020\\\/09\\\/csm_RTX7UBBY_2488d612c8.jpg\",\"contentUrl\":\"https:\\\/\\\/blogs.es.amnesty.org\\\/files\\\/uploads\\\/sites\\\/10\\\/2020\\\/09\\\/csm_RTX7UBBY_2488d612c8.jpg\",\"width\":1040,\"height\":694,\"caption\":\"Moria, el lugar donde los sue\u00f1os se hicieron cenizas\"},{\"@type\":\"BreadcrumbList\",\"@id\":\"https:\\\/\\\/blogs.es.amnesty.org\\\/castilla-leon\\\/2020\\\/09\\\/21\\\/moria-el-lugar-donde-los-suenos-se-hicieron-cenizas\\\/#breadcrumb\",\"itemListElement\":[{\"@type\":\"ListItem\",\"position\":1,\"name\":\"Portada\",\"item\":\"https:\\\/\\\/blogs.es.amnesty.org\\\/castilla-leon\\\/\"},{\"@type\":\"ListItem\",\"position\":2,\"name\":\"Moria, el lugar donde los sue\u00f1os se hicieron cenizas\"}]},{\"@type\":\"WebSite\",\"@id\":\"https:\\\/\\\/blogs.es.amnesty.org\\\/castilla-leon\\\/#website\",\"url\":\"https:\\\/\\\/blogs.es.amnesty.org\\\/castilla-leon\\\/\",\"name\":\"Castilla y Le\u00f3n\",\"description\":\"Blog de Amnist\u00eda Internacional en Castilla y Le\u00f3n\",\"potentialAction\":[{\"@type\":\"SearchAction\",\"target\":{\"@type\":\"EntryPoint\",\"urlTemplate\":\"https:\\\/\\\/blogs.es.amnesty.org\\\/castilla-leon\\\/?s={search_term_string}\"},\"query-input\":{\"@type\":\"PropertyValueSpecification\",\"valueRequired\":true,\"valueName\":\"search_term_string\"}}],\"inLanguage\":\"es\"},{\"@type\":\"Person\",\"@id\":\"https:\\\/\\\/blogs.es.amnesty.org\\\/castilla-leon\\\/#\\\/schema\\\/person\\\/72c02e2f7c0653ba4613756a4f42e5f0\",\"name\":\"AI Castilla y Le\u00f3n\",\"image\":{\"@type\":\"ImageObject\",\"inLanguage\":\"es\",\"@id\":\"https:\\\/\\\/secure.gravatar.com\\\/avatar\\\/49824f30513cadad841c65412211570e575ce18e1ec799f652f2c085f1a695fc?s=96&d=mm&r=g\",\"url\":\"https:\\\/\\\/secure.gravatar.com\\\/avatar\\\/49824f30513cadad841c65412211570e575ce18e1ec799f652f2c085f1a695fc?s=96&d=mm&r=g\",\"contentUrl\":\"https:\\\/\\\/secure.gravatar.com\\\/avatar\\\/49824f30513cadad841c65412211570e575ce18e1ec799f652f2c085f1a695fc?s=96&d=mm&r=g\",\"caption\":\"AI Castilla y Le\u00f3n\"},\"url\":\"https:\\\/\\\/blogs.es.amnesty.org\\\/castilla-leon\\\/autor\\\/comunicacioncyl\\\/\"}]}<\/script>\n<!-- \/ Yoast SEO plugin. -->","yoast_head_json":{"title":"Moria, el lugar donde los sue\u00f1os se hicieron cenizas - Castilla y Le\u00f3n","robots":{"index":"index","follow":"follow","max-snippet":"max-snippet:-1","max-image-preview":"max-image-preview:large","max-video-preview":"max-video-preview:-1"},"canonical":"https:\/\/blogs.es.amnesty.org\/castilla-leon\/2020\/09\/21\/moria-el-lugar-donde-los-suenos-se-hicieron-cenizas\/","og_locale":"es_ES","og_type":"article","og_title":"Moria, el lugar donde los sue\u00f1os se hicieron cenizas - Castilla y Le\u00f3n","og_description":"El pasado 8 de septiembre, por la noche, las esperanzas de miles de personas se volvieron a truncar en el campo de refugiados de Moria. Cerca 13.000 inmigrantes, residentes en la isla griega de Lesbos, vieron como lo poco que les quedaba se hac\u00eda cenizas. Otra vez el contador se puso a cero. Vuelta a empezar. Pero esta vez, las circunstancias eran diferentes. Sin techo en el que cobijarse, con una pandemia de por medio y sin apenas medios, estas personas refugiadas se han visto obligados a vivir en la calle.","og_url":"https:\/\/blogs.es.amnesty.org\/castilla-leon\/2020\/09\/21\/moria-el-lugar-donde-los-suenos-se-hicieron-cenizas\/","og_site_name":"Castilla y Le\u00f3n","article_published_time":"2020-09-21T19:34:49+00:00","article_modified_time":"2020-09-21T19:34:50+00:00","og_image":[{"width":1040,"height":694,"url":"https:\/\/blogs.es.amnesty.org\/files\/uploads\/sites\/10\/2020\/09\/csm_RTX7UBBY_2488d612c8.jpg","type":"image\/jpeg"}],"author":"AI Castilla y Le\u00f3n","twitter_card":"summary_large_image","twitter_misc":{"Escrito por":"AI Castilla y Le\u00f3n","Tiempo de lectura":"3 minutos"},"schema":{"@context":"https:\/\/schema.org","@graph":[{"@type":"Article","@id":"https:\/\/blogs.es.amnesty.org\/castilla-leon\/2020\/09\/21\/moria-el-lugar-donde-los-suenos-se-hicieron-cenizas\/#article","isPartOf":{"@id":"https:\/\/blogs.es.amnesty.org\/castilla-leon\/2020\/09\/21\/moria-el-lugar-donde-los-suenos-se-hicieron-cenizas\/"},"author":{"name":"AI Castilla y Le\u00f3n","@id":"https:\/\/blogs.es.amnesty.org\/castilla-leon\/#\/schema\/person\/72c02e2f7c0653ba4613756a4f42e5f0"},"headline":"Moria, el lugar donde los sue\u00f1os se hicieron cenizas","datePublished":"2020-09-21T19:34:49+00:00","dateModified":"2020-09-21T19:34:50+00:00","mainEntityOfPage":{"@id":"https:\/\/blogs.es.amnesty.org\/castilla-leon\/2020\/09\/21\/moria-el-lugar-donde-los-suenos-se-hicieron-cenizas\/"},"wordCount":700,"commentCount":0,"image":{"@id":"https:\/\/blogs.es.amnesty.org\/castilla-leon\/2020\/09\/21\/moria-el-lugar-donde-los-suenos-se-hicieron-cenizas\/#primaryimage"},"thumbnailUrl":"https:\/\/blogs.es.amnesty.org\/files\/uploads\/sites\/10\/2020\/09\/csm_RTX7UBBY_2488d612c8.jpg","keywords":["Incendio","Moria","Refugiados"],"articleSection":["Refugiados"],"inLanguage":"es","potentialAction":[{"@type":"CommentAction","name":"Comment","target":["https:\/\/blogs.es.amnesty.org\/castilla-leon\/2020\/09\/21\/moria-el-lugar-donde-los-suenos-se-hicieron-cenizas\/#respond"]}]},{"@type":"WebPage","@id":"https:\/\/blogs.es.amnesty.org\/castilla-leon\/2020\/09\/21\/moria-el-lugar-donde-los-suenos-se-hicieron-cenizas\/","url":"https:\/\/blogs.es.amnesty.org\/castilla-leon\/2020\/09\/21\/moria-el-lugar-donde-los-suenos-se-hicieron-cenizas\/","name":"Moria, el lugar donde los sue\u00f1os se hicieron cenizas - Castilla y Le\u00f3n","isPartOf":{"@id":"https:\/\/blogs.es.amnesty.org\/castilla-leon\/#website"},"primaryImageOfPage":{"@id":"https:\/\/blogs.es.amnesty.org\/castilla-leon\/2020\/09\/21\/moria-el-lugar-donde-los-suenos-se-hicieron-cenizas\/#primaryimage"},"image":{"@id":"https:\/\/blogs.es.amnesty.org\/castilla-leon\/2020\/09\/21\/moria-el-lugar-donde-los-suenos-se-hicieron-cenizas\/#primaryimage"},"thumbnailUrl":"https:\/\/blogs.es.amnesty.org\/files\/uploads\/sites\/10\/2020\/09\/csm_RTX7UBBY_2488d612c8.jpg","datePublished":"2020-09-21T19:34:49+00:00","dateModified":"2020-09-21T19:34:50+00:00","author":{"@id":"https:\/\/blogs.es.amnesty.org\/castilla-leon\/#\/schema\/person\/72c02e2f7c0653ba4613756a4f42e5f0"},"breadcrumb":{"@id":"https:\/\/blogs.es.amnesty.org\/castilla-leon\/2020\/09\/21\/moria-el-lugar-donde-los-suenos-se-hicieron-cenizas\/#breadcrumb"},"inLanguage":"es","potentialAction":[{"@type":"ReadAction","target":["https:\/\/blogs.es.amnesty.org\/castilla-leon\/2020\/09\/21\/moria-el-lugar-donde-los-suenos-se-hicieron-cenizas\/"]}]},{"@type":"ImageObject","inLanguage":"es","@id":"https:\/\/blogs.es.amnesty.org\/castilla-leon\/2020\/09\/21\/moria-el-lugar-donde-los-suenos-se-hicieron-cenizas\/#primaryimage","url":"https:\/\/blogs.es.amnesty.org\/files\/uploads\/sites\/10\/2020\/09\/csm_RTX7UBBY_2488d612c8.jpg","contentUrl":"https:\/\/blogs.es.amnesty.org\/files\/uploads\/sites\/10\/2020\/09\/csm_RTX7UBBY_2488d612c8.jpg","width":1040,"height":694,"caption":"Moria, el lugar donde los sue\u00f1os se hicieron cenizas"},{"@type":"BreadcrumbList","@id":"https:\/\/blogs.es.amnesty.org\/castilla-leon\/2020\/09\/21\/moria-el-lugar-donde-los-suenos-se-hicieron-cenizas\/#breadcrumb","itemListElement":[{"@type":"ListItem","position":1,"name":"Portada","item":"https:\/\/blogs.es.amnesty.org\/castilla-leon\/"},{"@type":"ListItem","position":2,"name":"Moria, el lugar donde los sue\u00f1os se hicieron cenizas"}]},{"@type":"WebSite","@id":"https:\/\/blogs.es.amnesty.org\/castilla-leon\/#website","url":"https:\/\/blogs.es.amnesty.org\/castilla-leon\/","name":"Castilla y Le\u00f3n","description":"Blog de Amnist\u00eda Internacional en Castilla y Le\u00f3n","potentialAction":[{"@type":"SearchAction","target":{"@type":"EntryPoint","urlTemplate":"https:\/\/blogs.es.amnesty.org\/castilla-leon\/?s={search_term_string}"},"query-input":{"@type":"PropertyValueSpecification","valueRequired":true,"valueName":"search_term_string"}}],"inLanguage":"es"},{"@type":"Person","@id":"https:\/\/blogs.es.amnesty.org\/castilla-leon\/#\/schema\/person\/72c02e2f7c0653ba4613756a4f42e5f0","name":"AI Castilla y Le\u00f3n","image":{"@type":"ImageObject","inLanguage":"es","@id":"https:\/\/secure.gravatar.com\/avatar\/49824f30513cadad841c65412211570e575ce18e1ec799f652f2c085f1a695fc?s=96&d=mm&r=g","url":"https:\/\/secure.gravatar.com\/avatar\/49824f30513cadad841c65412211570e575ce18e1ec799f652f2c085f1a695fc?s=96&d=mm&r=g","contentUrl":"https:\/\/secure.gravatar.com\/avatar\/49824f30513cadad841c65412211570e575ce18e1ec799f652f2c085f1a695fc?s=96&d=mm&r=g","caption":"AI Castilla y Le\u00f3n"},"url":"https:\/\/blogs.es.amnesty.org\/castilla-leon\/autor\/comunicacioncyl\/"}]}},"_links":{"self":[{"href":"https:\/\/blogs.es.amnesty.org\/castilla-leon\/wp-json\/wp\/v2\/posts\/365","targetHints":{"allow":["GET"]}}],"collection":[{"href":"https:\/\/blogs.es.amnesty.org\/castilla-leon\/wp-json\/wp\/v2\/posts"}],"about":[{"href":"https:\/\/blogs.es.amnesty.org\/castilla-leon\/wp-json\/wp\/v2\/types\/post"}],"author":[{"embeddable":true,"href":"https:\/\/blogs.es.amnesty.org\/castilla-leon\/wp-json\/wp\/v2\/users\/41"}],"replies":[{"embeddable":true,"href":"https:\/\/blogs.es.amnesty.org\/castilla-leon\/wp-json\/wp\/v2\/comments?post=365"}],"version-history":[{"count":0,"href":"https:\/\/blogs.es.amnesty.org\/castilla-leon\/wp-json\/wp\/v2\/posts\/365\/revisions"}],"wp:featuredmedia":[{"embeddable":true,"href":"https:\/\/blogs.es.amnesty.org\/castilla-leon\/wp-json\/wp\/v2\/media\/366"}],"wp:attachment":[{"href":"https:\/\/blogs.es.amnesty.org\/castilla-leon\/wp-json\/wp\/v2\/media?parent=365"}],"wp:term":[{"taxonomy":"category","embeddable":true,"href":"https:\/\/blogs.es.amnesty.org\/castilla-leon\/wp-json\/wp\/v2\/categories?post=365"},{"taxonomy":"post_tag","embeddable":true,"href":"https:\/\/blogs.es.amnesty.org\/castilla-leon\/wp-json\/wp\/v2\/tags?post=365"}],"curies":[{"name":"wp","href":"https:\/\/api.w.org\/{rel}","templated":true}]}}