{"id":383,"date":"2018-12-14T11:31:00","date_gmt":"2018-12-14T11:31:00","guid":{"rendered":"https:\/\/blogs.es.amnesty.org\/pruebas\/?p=82"},"modified":"2020-11-18T09:35:36","modified_gmt":"2020-11-18T09:35:36","slug":"concierto-25-aniversario-grupo-de-burgos","status":"publish","type":"post","link":"https:\/\/blogs.es.amnesty.org\/castilla-leon\/2018\/12\/14\/concierto-25-aniversario-grupo-de-burgos\/","title":{"rendered":"CONCIERTO 25 ANIVERSARIO GRUPO DE BURGOS"},"content":{"rendered":"\n<p class=\"wp-block-paragraph\">La m\u00fasica y los derechos humanos una vez m\u00e1s \nresultaron ser una combinaci\u00f3n perfecta. Gracias a la entrega de&nbsp;D\u00fao La \nLoba, La Troupe del Swing, So What! y The Taverners el p\u00fablico pas\u00f3 una \nvelada inolvidable. Y todo ello ocurri\u00f3 bajo la sabia conducci\u00f3n de \nJavier Gil, de&nbsp;La Poes\u00eda es un Cuento, cuyas historias nos cautivaron \nhasta el final.\n<\/p>\n\n\n\n<p class=\"wp-block-paragraph\">El broche final a esta noche m\u00e1gica fue \u00abAll you \nneed is love\u00bb con la que consiguieron levantar de sus asientos&nbsp;a todo el\n Teatro Principal.\n<\/p>\n\n\n\n<figure class=\"wp-block-gallery columns-3 is-cropped wp-block-gallery-1 is-layout-flex wp-block-gallery-is-layout-flex\"><ul class=\"blocks-gallery-grid\"><li class=\"blocks-gallery-item\"><figure><img decoding=\"async\" src=\"https:\/\/blogs.es.amnesty.org\/files\/uploads\/sites\/19\/2020\/10\/Screenshot_2020-10-13-CONCIERTO-25-ANIVERSARIO-GRUPO-DE-BURGOS1.png\" alt=\"\" data-id=\"86\" data-full-url=\"https:\/\/blogs.es.amnesty.org\/files\/uploads\/sites\/19\/2020\/10\/Screenshot_2020-10-13-CONCIERTO-25-ANIVERSARIO-GRUPO-DE-BURGOS1.png\" data-link=\"https:\/\/blogs.es.amnesty.org\/pruebas\/?attachment_id=86\" class=\"wp-image-86\" \/><\/figure><\/li><li class=\"blocks-gallery-item\"><figure><img decoding=\"async\" src=\"https:\/\/blogs.es.amnesty.org\/files\/uploads\/sites\/19\/2020\/10\/Screenshot_2020-10-13-CONCIERTO-25-ANIVERSARIO-GRUPO-DE-BURGOS2-1044x589.png\" alt=\"\" data-id=\"87\" data-full-url=\"https:\/\/blogs.es.amnesty.org\/files\/uploads\/sites\/19\/2020\/10\/Screenshot_2020-10-13-CONCIERTO-25-ANIVERSARIO-GRUPO-DE-BURGOS2.png\" data-link=\"https:\/\/blogs.es.amnesty.org\/pruebas\/?attachment_id=87\" class=\"wp-image-87\" \/><\/figure><\/li><li class=\"blocks-gallery-item\"><figure><img decoding=\"async\" src=\"https:\/\/blogs.es.amnesty.org\/files\/uploads\/sites\/19\/2020\/10\/Screenshot_2020-10-13-CONCIERTO-25-ANIVERSARIO-GRUPO-DE-BURGOS.png\" alt=\"\" data-id=\"88\" data-full-url=\"https:\/\/blogs.es.amnesty.org\/files\/uploads\/sites\/19\/2020\/10\/Screenshot_2020-10-13-CONCIERTO-25-ANIVERSARIO-GRUPO-DE-BURGOS.png\" data-link=\"https:\/\/blogs.es.amnesty.org\/pruebas\/?attachment_id=88\" class=\"wp-image-88\" \/><\/figure><\/li><\/ul><\/figure>\n\n\n\n<p class=\"wp-block-paragraph\">Queremos agradecer su apoyo en la organizaci\u00f3n del \nconcierto a Fundaci\u00f3n Caja de Burgos y al Instituto Municipal de \nCultura, sin olvidarnos de Jos\u00e9 Soto y Jorge por grabar el concierto.\n<\/p>\n\n\n\n<p class=\"wp-block-paragraph\">Y por supuesto a quienes estuvieron acompa\u00f1\u00e1ndonos \nen esta noche m\u00e1gica y a quienes nos llevan acompa\u00f1ando estos 25 a\u00f1os. \n\u00a1Muchas gracias!\n<\/p>\n\n\n\n<p class=\"wp-block-paragraph\">Pod\u00e9is ver el v\u00eddeo de&nbsp;\u00abAll you need is love\u00bb&nbsp;en <a href=\"https:\/\/www.facebook.com\/watch\/?v=763244517370134\">nuestra p\u00e1gina de Facebook<\/a><\/p>\n\n\n\n<div class=\"wp-block-image\"><figure class=\"aligncenter size-large is-resized\"><a href=\"https:\/\/www.facebook.com\/watch\/?v=763244517370134\"><img loading=\"lazy\" decoding=\"async\" src=\"https:\/\/blogs.es.amnesty.org\/files\/uploads\/sites\/19\/2020\/10\/Screenshot_2020-10-13-CONCIERTO-25-ANIVERSARIO-GRUPO-DE-BURGOS-1.png\" alt=\"\" class=\"wp-image-91\" width=\"434\" height=\"326\" \/><\/a><\/figure><\/div>\n","protected":false},"excerpt":{"rendered":"<p>Una velada inolvidable en la que contamos con las actuaciones de los grupos: El D\u00fao La Loba, La Troupe del Swing, So What!, The Taverners, que fueron presentados por La Poes\u00eda es un cuento.<\/p>\n","protected":false},"author":58,"featured_media":390,"comment_status":"open","ping_status":"open","sticky":false,"template":"","format":"standard","meta":{"_acf_changed":false,"footnotes":"","_members_access_role":[],"_members_access_error":""},"categories":[73,14,75],"tags":[74,76,77],"class_list":["post-383","post","type-post","status-publish","format-standard","has-post-thumbnail","hentry","category-aniversario","category-burgos","category-eventos","tag-concierto","tag-eventos","tag-xxv-aniversario"],"acf":[],"yoast_head":"<!-- This site is optimized with the Yoast SEO plugin v28.2 - https:\/\/yoast.com\/product\/yoast-seo-wordpress\/ -->\n<title>CONCIERTO 25 ANIVERSARIO GRUPO DE BURGOS - Castilla y Le\u00f3n<\/title>\n<meta name=\"robots\" content=\"index, follow, max-snippet:-1, max-image-preview:large, max-video-preview:-1\" \/>\n<link rel=\"canonical\" href=\"https:\/\/blogs.es.amnesty.org\/castilla-leon\/2018\/12\/14\/concierto-25-aniversario-grupo-de-burgos\/\" \/>\n<meta property=\"og:locale\" content=\"es_ES\" \/>\n<meta property=\"og:type\" content=\"article\" \/>\n<meta property=\"og:title\" content=\"CONCIERTO 25 ANIVERSARIO GRUPO DE BURGOS - Castilla y Le\u00f3n\" \/>\n<meta property=\"og:description\" content=\"Una velada inolvidable en la que contamos con las actuaciones de los grupos: El D\u00fao La Loba, La Troupe del Swing, So What!, The Taverners, que fueron presentados por La Poes\u00eda es un cuento.\" \/>\n<meta property=\"og:url\" content=\"https:\/\/blogs.es.amnesty.org\/castilla-leon\/2018\/12\/14\/concierto-25-aniversario-grupo-de-burgos\/\" \/>\n<meta property=\"og:site_name\" content=\"Castilla y Le\u00f3n\" \/>\n<meta property=\"article:published_time\" content=\"2018-12-14T11:31:00+00:00\" \/>\n<meta property=\"article:modified_time\" content=\"2020-11-18T09:35:36+00:00\" \/>\n<meta property=\"og:image\" content=\"https:\/\/blogs.es.amnesty.org\/files\/uploads\/sites\/10\/2018\/12\/cartel-keoH-U601851902451ohH-624x385@Burgosconecta.jpg\" \/>\n\t<meta property=\"og:image:width\" content=\"624\" \/>\n\t<meta property=\"og:image:height\" content=\"385\" \/>\n\t<meta property=\"og:image:type\" content=\"image\/jpeg\" \/>\n<meta name=\"author\" content=\"Grupo local de Burgos\" \/>\n<meta name=\"twitter:card\" content=\"summary_large_image\" \/>\n<meta name=\"twitter:label1\" content=\"Escrito por\" \/>\n\t<meta name=\"twitter:data1\" content=\"Grupo local de Burgos\" \/>\n\t<meta name=\"twitter:label2\" content=\"Tiempo de lectura\" \/>\n\t<meta name=\"twitter:data2\" content=\"1 minuto\" \/>\n<script type=\"application\/ld+json\" class=\"yoast-schema-graph\">{\"@context\":\"https:\\\/\\\/schema.org\",\"@graph\":[{\"@type\":\"Article\",\"@id\":\"https:\\\/\\\/blogs.es.amnesty.org\\\/castilla-leon\\\/2018\\\/12\\\/14\\\/concierto-25-aniversario-grupo-de-burgos\\\/#article\",\"isPartOf\":{\"@id\":\"https:\\\/\\\/blogs.es.amnesty.org\\\/castilla-leon\\\/2018\\\/12\\\/14\\\/concierto-25-aniversario-grupo-de-burgos\\\/\"},\"author\":{\"name\":\"Grupo local de Burgos\",\"@id\":\"https:\\\/\\\/blogs.es.amnesty.org\\\/castilla-leon\\\/#\\\/schema\\\/person\\\/7636d532a5ce43dfae768fb154767fcf\"},\"headline\":\"CONCIERTO 25 ANIVERSARIO GRUPO DE BURGOS\",\"datePublished\":\"2018-12-14T11:31:00+00:00\",\"dateModified\":\"2020-11-18T09:35:36+00:00\",\"mainEntityOfPage\":{\"@id\":\"https:\\\/\\\/blogs.es.amnesty.org\\\/castilla-leon\\\/2018\\\/12\\\/14\\\/concierto-25-aniversario-grupo-de-burgos\\\/\"},\"wordCount\":181,\"commentCount\":0,\"image\":{\"@id\":\"https:\\\/\\\/blogs.es.amnesty.org\\\/castilla-leon\\\/2018\\\/12\\\/14\\\/concierto-25-aniversario-grupo-de-burgos\\\/#primaryimage\"},\"thumbnailUrl\":\"https:\\\/\\\/blogs.es.amnesty.org\\\/files\\\/uploads\\\/sites\\\/10\\\/2018\\\/12\\\/cartel-keoH-U601851902451ohH-624x385@Burgosconecta.jpg\",\"keywords\":[\"concierto\",\"eventos\",\"XXV aniversario\"],\"articleSection\":[\"Aniversario\",\"Burgos\",\"Eventos\"],\"inLanguage\":\"es\",\"potentialAction\":[{\"@type\":\"CommentAction\",\"name\":\"Comment\",\"target\":[\"https:\\\/\\\/blogs.es.amnesty.org\\\/castilla-leon\\\/2018\\\/12\\\/14\\\/concierto-25-aniversario-grupo-de-burgos\\\/#respond\"]}]},{\"@type\":\"WebPage\",\"@id\":\"https:\\\/\\\/blogs.es.amnesty.org\\\/castilla-leon\\\/2018\\\/12\\\/14\\\/concierto-25-aniversario-grupo-de-burgos\\\/\",\"url\":\"https:\\\/\\\/blogs.es.amnesty.org\\\/castilla-leon\\\/2018\\\/12\\\/14\\\/concierto-25-aniversario-grupo-de-burgos\\\/\",\"name\":\"CONCIERTO 25 ANIVERSARIO GRUPO DE BURGOS - Castilla y Le\u00f3n\",\"isPartOf\":{\"@id\":\"https:\\\/\\\/blogs.es.amnesty.org\\\/castilla-leon\\\/#website\"},\"primaryImageOfPage\":{\"@id\":\"https:\\\/\\\/blogs.es.amnesty.org\\\/castilla-leon\\\/2018\\\/12\\\/14\\\/concierto-25-aniversario-grupo-de-burgos\\\/#primaryimage\"},\"image\":{\"@id\":\"https:\\\/\\\/blogs.es.amnesty.org\\\/castilla-leon\\\/2018\\\/12\\\/14\\\/concierto-25-aniversario-grupo-de-burgos\\\/#primaryimage\"},\"thumbnailUrl\":\"https:\\\/\\\/blogs.es.amnesty.org\\\/files\\\/uploads\\\/sites\\\/10\\\/2018\\\/12\\\/cartel-keoH-U601851902451ohH-624x385@Burgosconecta.jpg\",\"datePublished\":\"2018-12-14T11:31:00+00:00\",\"dateModified\":\"2020-11-18T09:35:36+00:00\",\"author\":{\"@id\":\"https:\\\/\\\/blogs.es.amnesty.org\\\/castilla-leon\\\/#\\\/schema\\\/person\\\/7636d532a5ce43dfae768fb154767fcf\"},\"breadcrumb\":{\"@id\":\"https:\\\/\\\/blogs.es.amnesty.org\\\/castilla-leon\\\/2018\\\/12\\\/14\\\/concierto-25-aniversario-grupo-de-burgos\\\/#breadcrumb\"},\"inLanguage\":\"es\",\"potentialAction\":[{\"@type\":\"ReadAction\",\"target\":[\"https:\\\/\\\/blogs.es.amnesty.org\\\/castilla-leon\\\/2018\\\/12\\\/14\\\/concierto-25-aniversario-grupo-de-burgos\\\/\"]}]},{\"@type\":\"ImageObject\",\"inLanguage\":\"es\",\"@id\":\"https:\\\/\\\/blogs.es.amnesty.org\\\/castilla-leon\\\/2018\\\/12\\\/14\\\/concierto-25-aniversario-grupo-de-burgos\\\/#primaryimage\",\"url\":\"https:\\\/\\\/blogs.es.amnesty.org\\\/files\\\/uploads\\\/sites\\\/10\\\/2018\\\/12\\\/cartel-keoH-U601851902451ohH-624x385@Burgosconecta.jpg\",\"contentUrl\":\"https:\\\/\\\/blogs.es.amnesty.org\\\/files\\\/uploads\\\/sites\\\/10\\\/2018\\\/12\\\/cartel-keoH-U601851902451ohH-624x385@Burgosconecta.jpg\",\"width\":624,\"height\":385,\"caption\":\"concierto 25 aniversario\"},{\"@type\":\"BreadcrumbList\",\"@id\":\"https:\\\/\\\/blogs.es.amnesty.org\\\/castilla-leon\\\/2018\\\/12\\\/14\\\/concierto-25-aniversario-grupo-de-burgos\\\/#breadcrumb\",\"itemListElement\":[{\"@type\":\"ListItem\",\"position\":1,\"name\":\"Portada\",\"item\":\"https:\\\/\\\/blogs.es.amnesty.org\\\/castilla-leon\\\/\"},{\"@type\":\"ListItem\",\"position\":2,\"name\":\"CONCIERTO 25 ANIVERSARIO GRUPO DE BURGOS\"}]},{\"@type\":\"WebSite\",\"@id\":\"https:\\\/\\\/blogs.es.amnesty.org\\\/castilla-leon\\\/#website\",\"url\":\"https:\\\/\\\/blogs.es.amnesty.org\\\/castilla-leon\\\/\",\"name\":\"Castilla y Le\u00f3n\",\"description\":\"Blog de Amnist\u00eda Internacional en Castilla y Le\u00f3n\",\"potentialAction\":[{\"@type\":\"SearchAction\",\"target\":{\"@type\":\"EntryPoint\",\"urlTemplate\":\"https:\\\/\\\/blogs.es.amnesty.org\\\/castilla-leon\\\/?s={search_term_string}\"},\"query-input\":{\"@type\":\"PropertyValueSpecification\",\"valueRequired\":true,\"valueName\":\"search_term_string\"}}],\"inLanguage\":\"es\"},{\"@type\":\"Person\",\"@id\":\"https:\\\/\\\/blogs.es.amnesty.org\\\/castilla-leon\\\/#\\\/schema\\\/person\\\/7636d532a5ce43dfae768fb154767fcf\",\"name\":\"Grupo local de Burgos\",\"image\":{\"@type\":\"ImageObject\",\"inLanguage\":\"es\",\"@id\":\"https:\\\/\\\/secure.gravatar.com\\\/avatar\\\/9c63040123c66475eafe52a8af34bdca80e27f39af00901fcf6ccbe03e7bceb9?s=96&d=mm&r=g\",\"url\":\"https:\\\/\\\/secure.gravatar.com\\\/avatar\\\/9c63040123c66475eafe52a8af34bdca80e27f39af00901fcf6ccbe03e7bceb9?s=96&d=mm&r=g\",\"contentUrl\":\"https:\\\/\\\/secure.gravatar.com\\\/avatar\\\/9c63040123c66475eafe52a8af34bdca80e27f39af00901fcf6ccbe03e7bceb9?s=96&d=mm&r=g\",\"caption\":\"Grupo local de Burgos\"},\"url\":\"https:\\\/\\\/blogs.es.amnesty.org\\\/castilla-leon\\\/autor\\\/burgos\\\/\"}]}<\/script>\n<!-- \/ Yoast SEO plugin. -->","yoast_head_json":{"title":"CONCIERTO 25 ANIVERSARIO GRUPO DE BURGOS - Castilla y Le\u00f3n","robots":{"index":"index","follow":"follow","max-snippet":"max-snippet:-1","max-image-preview":"max-image-preview:large","max-video-preview":"max-video-preview:-1"},"canonical":"https:\/\/blogs.es.amnesty.org\/castilla-leon\/2018\/12\/14\/concierto-25-aniversario-grupo-de-burgos\/","og_locale":"es_ES","og_type":"article","og_title":"CONCIERTO 25 ANIVERSARIO GRUPO DE BURGOS - Castilla y Le\u00f3n","og_description":"Una velada inolvidable en la que contamos con las actuaciones de los grupos: El D\u00fao La Loba, La Troupe del Swing, So What!, The Taverners, que fueron presentados por La Poes\u00eda es un cuento.","og_url":"https:\/\/blogs.es.amnesty.org\/castilla-leon\/2018\/12\/14\/concierto-25-aniversario-grupo-de-burgos\/","og_site_name":"Castilla y Le\u00f3n","article_published_time":"2018-12-14T11:31:00+00:00","article_modified_time":"2020-11-18T09:35:36+00:00","og_image":[{"width":624,"height":385,"url":"https:\/\/blogs.es.amnesty.org\/files\/uploads\/sites\/10\/2018\/12\/cartel-keoH-U601851902451ohH-624x385@Burgosconecta.jpg","type":"image\/jpeg"}],"author":"Grupo local de Burgos","twitter_card":"summary_large_image","twitter_misc":{"Escrito por":"Grupo local de Burgos","Tiempo de lectura":"1 minuto"},"schema":{"@context":"https:\/\/schema.org","@graph":[{"@type":"Article","@id":"https:\/\/blogs.es.amnesty.org\/castilla-leon\/2018\/12\/14\/concierto-25-aniversario-grupo-de-burgos\/#article","isPartOf":{"@id":"https:\/\/blogs.es.amnesty.org\/castilla-leon\/2018\/12\/14\/concierto-25-aniversario-grupo-de-burgos\/"},"author":{"name":"Grupo local de Burgos","@id":"https:\/\/blogs.es.amnesty.org\/castilla-leon\/#\/schema\/person\/7636d532a5ce43dfae768fb154767fcf"},"headline":"CONCIERTO 25 ANIVERSARIO GRUPO DE BURGOS","datePublished":"2018-12-14T11:31:00+00:00","dateModified":"2020-11-18T09:35:36+00:00","mainEntityOfPage":{"@id":"https:\/\/blogs.es.amnesty.org\/castilla-leon\/2018\/12\/14\/concierto-25-aniversario-grupo-de-burgos\/"},"wordCount":181,"commentCount":0,"image":{"@id":"https:\/\/blogs.es.amnesty.org\/castilla-leon\/2018\/12\/14\/concierto-25-aniversario-grupo-de-burgos\/#primaryimage"},"thumbnailUrl":"https:\/\/blogs.es.amnesty.org\/files\/uploads\/sites\/10\/2018\/12\/cartel-keoH-U601851902451ohH-624x385@Burgosconecta.jpg","keywords":["concierto","eventos","XXV aniversario"],"articleSection":["Aniversario","Burgos","Eventos"],"inLanguage":"es","potentialAction":[{"@type":"CommentAction","name":"Comment","target":["https:\/\/blogs.es.amnesty.org\/castilla-leon\/2018\/12\/14\/concierto-25-aniversario-grupo-de-burgos\/#respond"]}]},{"@type":"WebPage","@id":"https:\/\/blogs.es.amnesty.org\/castilla-leon\/2018\/12\/14\/concierto-25-aniversario-grupo-de-burgos\/","url":"https:\/\/blogs.es.amnesty.org\/castilla-leon\/2018\/12\/14\/concierto-25-aniversario-grupo-de-burgos\/","name":"CONCIERTO 25 ANIVERSARIO GRUPO DE BURGOS - Castilla y Le\u00f3n","isPartOf":{"@id":"https:\/\/blogs.es.amnesty.org\/castilla-leon\/#website"},"primaryImageOfPage":{"@id":"https:\/\/blogs.es.amnesty.org\/castilla-leon\/2018\/12\/14\/concierto-25-aniversario-grupo-de-burgos\/#primaryimage"},"image":{"@id":"https:\/\/blogs.es.amnesty.org\/castilla-leon\/2018\/12\/14\/concierto-25-aniversario-grupo-de-burgos\/#primaryimage"},"thumbnailUrl":"https:\/\/blogs.es.amnesty.org\/files\/uploads\/sites\/10\/2018\/12\/cartel-keoH-U601851902451ohH-624x385@Burgosconecta.jpg","datePublished":"2018-12-14T11:31:00+00:00","dateModified":"2020-11-18T09:35:36+00:00","author":{"@id":"https:\/\/blogs.es.amnesty.org\/castilla-leon\/#\/schema\/person\/7636d532a5ce43dfae768fb154767fcf"},"breadcrumb":{"@id":"https:\/\/blogs.es.amnesty.org\/castilla-leon\/2018\/12\/14\/concierto-25-aniversario-grupo-de-burgos\/#breadcrumb"},"inLanguage":"es","potentialAction":[{"@type":"ReadAction","target":["https:\/\/blogs.es.amnesty.org\/castilla-leon\/2018\/12\/14\/concierto-25-aniversario-grupo-de-burgos\/"]}]},{"@type":"ImageObject","inLanguage":"es","@id":"https:\/\/blogs.es.amnesty.org\/castilla-leon\/2018\/12\/14\/concierto-25-aniversario-grupo-de-burgos\/#primaryimage","url":"https:\/\/blogs.es.amnesty.org\/files\/uploads\/sites\/10\/2018\/12\/cartel-keoH-U601851902451ohH-624x385@Burgosconecta.jpg","contentUrl":"https:\/\/blogs.es.amnesty.org\/files\/uploads\/sites\/10\/2018\/12\/cartel-keoH-U601851902451ohH-624x385@Burgosconecta.jpg","width":624,"height":385,"caption":"concierto 25 aniversario"},{"@type":"BreadcrumbList","@id":"https:\/\/blogs.es.amnesty.org\/castilla-leon\/2018\/12\/14\/concierto-25-aniversario-grupo-de-burgos\/#breadcrumb","itemListElement":[{"@type":"ListItem","position":1,"name":"Portada","item":"https:\/\/blogs.es.amnesty.org\/castilla-leon\/"},{"@type":"ListItem","position":2,"name":"CONCIERTO 25 ANIVERSARIO GRUPO DE BURGOS"}]},{"@type":"WebSite","@id":"https:\/\/blogs.es.amnesty.org\/castilla-leon\/#website","url":"https:\/\/blogs.es.amnesty.org\/castilla-leon\/","name":"Castilla y Le\u00f3n","description":"Blog de Amnist\u00eda Internacional en Castilla y Le\u00f3n","potentialAction":[{"@type":"SearchAction","target":{"@type":"EntryPoint","urlTemplate":"https:\/\/blogs.es.amnesty.org\/castilla-leon\/?s={search_term_string}"},"query-input":{"@type":"PropertyValueSpecification","valueRequired":true,"valueName":"search_term_string"}}],"inLanguage":"es"},{"@type":"Person","@id":"https:\/\/blogs.es.amnesty.org\/castilla-leon\/#\/schema\/person\/7636d532a5ce43dfae768fb154767fcf","name":"Grupo local de Burgos","image":{"@type":"ImageObject","inLanguage":"es","@id":"https:\/\/secure.gravatar.com\/avatar\/9c63040123c66475eafe52a8af34bdca80e27f39af00901fcf6ccbe03e7bceb9?s=96&d=mm&r=g","url":"https:\/\/secure.gravatar.com\/avatar\/9c63040123c66475eafe52a8af34bdca80e27f39af00901fcf6ccbe03e7bceb9?s=96&d=mm&r=g","contentUrl":"https:\/\/secure.gravatar.com\/avatar\/9c63040123c66475eafe52a8af34bdca80e27f39af00901fcf6ccbe03e7bceb9?s=96&d=mm&r=g","caption":"Grupo local de Burgos"},"url":"https:\/\/blogs.es.amnesty.org\/castilla-leon\/autor\/burgos\/"}]}},"_links":{"self":[{"href":"https:\/\/blogs.es.amnesty.org\/castilla-leon\/wp-json\/wp\/v2\/posts\/383","targetHints":{"allow":["GET"]}}],"collection":[{"href":"https:\/\/blogs.es.amnesty.org\/castilla-leon\/wp-json\/wp\/v2\/posts"}],"about":[{"href":"https:\/\/blogs.es.amnesty.org\/castilla-leon\/wp-json\/wp\/v2\/types\/post"}],"author":[{"embeddable":true,"href":"https:\/\/blogs.es.amnesty.org\/castilla-leon\/wp-json\/wp\/v2\/users\/58"}],"replies":[{"embeddable":true,"href":"https:\/\/blogs.es.amnesty.org\/castilla-leon\/wp-json\/wp\/v2\/comments?post=383"}],"version-history":[{"count":0,"href":"https:\/\/blogs.es.amnesty.org\/castilla-leon\/wp-json\/wp\/v2\/posts\/383\/revisions"}],"wp:featuredmedia":[{"embeddable":true,"href":"https:\/\/blogs.es.amnesty.org\/castilla-leon\/wp-json\/wp\/v2\/media\/390"}],"wp:attachment":[{"href":"https:\/\/blogs.es.amnesty.org\/castilla-leon\/wp-json\/wp\/v2\/media?parent=383"}],"wp:term":[{"taxonomy":"category","embeddable":true,"href":"https:\/\/blogs.es.amnesty.org\/castilla-leon\/wp-json\/wp\/v2\/categories?post=383"},{"taxonomy":"post_tag","embeddable":true,"href":"https:\/\/blogs.es.amnesty.org\/castilla-leon\/wp-json\/wp\/v2\/tags?post=383"}],"curies":[{"name":"wp","href":"https:\/\/api.w.org\/{rel}","templated":true}]}}