{"id":580,"date":"2020-12-17T17:44:13","date_gmt":"2020-12-17T17:44:13","guid":{"rendered":"https:\/\/blogs.es.amnesty.org\/castilla-leon\/?p=580"},"modified":"2020-12-21T19:59:50","modified_gmt":"2020-12-21T19:59:50","slug":"libertad-de-expresion-entrevista-con-endika-zulueta","status":"publish","type":"post","link":"https:\/\/blogs.es.amnesty.org\/castilla-leon\/2020\/12\/17\/libertad-de-expresion-entrevista-con-endika-zulueta\/","title":{"rendered":"Libertad de expresi\u00f3n. Entrevista a Endika Zulueta"},"content":{"rendered":"\n<p class=\"wp-block-paragraph\">Gracias al trabajo del \u00e1rea de derechos humanos en Espa\u00f1a y al grupo local de Amnist\u00eda Internacional en Palencia, hemos tenido la oportunidad de <strong>conversar sobre libertad de expresi\u00f3n con el abogado Endika Zulueta<\/strong> en el que ha sido nuestro primer evento en directo desde <a href=\"https:\/\/www.instagram.com\/amnistiacyl\/\">nuestra cuenta de Instagram<\/a>.<\/p>\n\n\n\n<p class=\"wp-block-paragraph\">Endika Zulueta es <strong>abogado penalista y una persona comprometida con causas como el antimilitarismo, el ecologismo, el feminismo o el movimiento vecinal<\/strong>. A lo largo de su carrera profesional ha intervenido en <strong>varios casos muy controvertidos<\/strong> entre la opini\u00f3n p\u00fablica, como lo fue <strong>la defensa del actor Willy Toledo,  el cual se convirti\u00f3 en uno de los juicios por la libertad de expresi\u00f3n m\u00e1s medi\u00e1ticos de nuestro pa\u00eds<\/strong>.&nbsp;<\/p>\n\n\n\n<p class=\"wp-block-paragraph\">El actor Willy Toledo fue <strong>denunciado por la asociaci\u00f3n ultracat\u00f3lica Abogados Cristianos<\/strong> por obstrucci\u00f3n a la justicia y contra los sentimientos religiosos. La raz\u00f3n fueron unas <strong>publicaciones en su perfil de Facebook con motivo del 12 de octubre de 2015 y sobre el juicio a las organizadoras de la conocida como Procesi\u00f3n del Co\u00f1o insumiso de Sevilla<\/strong>.<\/p>\n\n\n\n<p class=\"wp-block-paragraph\">Finalmente, el pasado febrero, Willy Toledo <strong>fue absuelto<\/strong> de todos los cargos por el juzgado de lo penal que lo juzg\u00f3, sentencia que ha sido recientemente confirmada por la Audiencia de Madrid, pues <strong>se entendi\u00f3 que las declaraciones podr\u00edan considerarse faltas de gusto o de mala educaci\u00f3n pero no supon\u00edan un delito contra los sentimientos religiosos<\/strong>. Como el propio actor mismo reconoci\u00f3: \u201che cometido un acto de blasfemia, pero en ning\u00fan caso he cometido un delito\u201d.<\/p>\n\n\n\n<figure class=\"wp-block-embed-youtube wp-block-embed is-type-video is-provider-youtube wp-embed-aspect-4-3 wp-has-aspect-ratio\"><div class=\"wp-block-embed__wrapper\">\n<iframe loading=\"lazy\" title=\"Libertad de expresi\u00f3n. Entrevista al abogado Endika Zulueta (1\/2)\" width=\"640\" height=\"480\" src=\"https:\/\/www.youtube.com\/embed\/AnhY9W8TpT0?feature=oembed\" frameborder=\"0\" allow=\"accelerometer; autoplay; clipboard-write; encrypted-media; gyroscope; picture-in-picture; web-share\" referrerpolicy=\"strict-origin-when-cross-origin\" allowfullscreen><\/iframe>\n<\/div><figcaption>Libertad de expresi\u00f3n. Entrevista al abogado Endika Zulueta. Parte 1<\/figcaption><\/figure>\n\n\n\n<p class=\"wp-block-paragraph\">En la entrevista, Endika Zulueta manifest\u00f3 su evidente alegr\u00eda por esta absoluci\u00f3n, pero <strong>considera \u00abmuy triste que se llegue a enjuiciar una causa por la libertad de expresi\u00f3n\u00bb<\/strong>. En su intervenci\u00f3n explic\u00f3 que <strong>\u00abno deber\u00edan existir los delitos de ofensa a los sentimientos\u00bb<\/strong>, sean religiosos o de cualquier otra \u00edndole, \u00abel C\u00f3digo Penal est\u00e1 para proteger la libertad ideol\u00f3gica y, la religiosa, es una libertad m\u00e1s\u00bb, matiz\u00f3. <\/p>\n\n\n\n<p class=\"wp-block-paragraph\">Seg\u00fan Zulueta, <strong>\u00ablo \u00fanico que deber\u00eda ser penado es el impedimento del ejercicio de la libertad (sea cual sea, religiosa o no), pero nunca el sentimiento\u00bb<\/strong>. Y, explicaba, que una opini\u00f3n en contra de cualquier religi\u00f3n (o en contra de cualquier ideolog\u00eda) no es punible, mientras que s\u00ed lo ser\u00eda tratar de impedir el ejercicio de esa libertad. <\/p>\n\n\n\n<p class=\"wp-block-paragraph\">\u00ab\u00bfPor qu\u00e9 existen los delitos religiosos en un Estado declarado aconfesional?\u00bb, se preguntaba tras explicar que, en nuestro pa\u00eds, esto se debe a una herencia del franquismo. <strong>\u00abEn un Estado que se sienta democr\u00e1tico el pensamiento no delinque y el poder religioso no puede entrar a juzgar<\/strong>. Nuestro sistema constitucional avala la libertad ideol\u00f3gica y la libertad de expresi\u00f3n\u00bb, puntualizaba. <\/p>\n\n\n\n<p class=\"wp-block-paragraph\">Por estos motivos, Endika Zulueta<strong> cree necesaria una reforma del C\u00f3digo Penal que derogue la ofensa a los sentimientos religiosos y las injurias a la Corona<\/strong>, \u00abalgo que debe hacerse desde el Parlamento y no se hace\u00bb, apostill\u00f3.  En este sentido, para este abogado penalista, esto supone \u00abuna hiperprotecci\u00f3n a la Corona (al rey) que destruye el principio de igualdad reconocido en la Constituci\u00f3n\u00bb. <\/p>\n\n\n\n<p class=\"wp-block-paragraph\">Para Zulueta, <strong>\u00abla vivienda, la educaci\u00f3n, la sanidad y el empleo deber\u00edan ser los bienes jur\u00eddicos ha proteger por el C\u00f3digo Penal\u00bb y \u00abno la bandera, la Corona o la religi\u00f3n, pues se tratan de manifestaciones ideol\u00f3gicas\u00bb<\/strong>. A lo que explic\u00f3 que hay opiniones que pueden ofender y\/o ser reprobables, pero no por ello son delictivas; y record\u00f3 que \u00abel derecho al honor, el derecho a la imagen y a la intimidad se juzgan por lo civil, pero no por lo penal. El C\u00f3digo Penal es la \u00faltima soluci\u00f3n, la privaci\u00f3n de libertad ha de ser la \u00faltima soluci\u00f3n\u00bb, recalcaba. <\/p>\n\n\n\n<figure class=\"wp-block-embed-youtube wp-block-embed is-type-video is-provider-youtube wp-embed-aspect-4-3 wp-has-aspect-ratio\"><div class=\"wp-block-embed__wrapper\">\n<iframe loading=\"lazy\" title=\"Libertad de expresi\u00f3n. Entrevista al abogado Endika Zulueta (1\/2)\" width=\"640\" height=\"480\" src=\"https:\/\/www.youtube.com\/embed\/AnhY9W8TpT0?feature=oembed\" frameborder=\"0\" allow=\"accelerometer; autoplay; clipboard-write; encrypted-media; gyroscope; picture-in-picture; web-share\" referrerpolicy=\"strict-origin-when-cross-origin\" allowfullscreen><\/iframe>\n<\/div><figcaption>Libertad de expresi\u00f3n. Entrevista al abogado Endika Zulueta. Parte 2<\/figcaption><\/figure>\n\n\n\n<p class=\"wp-block-paragraph\">Que<strong> la justicia ha de condenar hechos, pero no ideolog\u00edas ni personas<\/strong>, fue una de las ideas m\u00e1s repetidas por Endika Zulueta a lo largo de conversaci\u00f3n. \u00abEn un Estado que se sienta democr\u00e1tico se debe perseguir, juzgar y condenar hechos. En un C\u00f3digo Penal autoritario se condena personas. El sistema nazi juzgaba jud\u00edos por ser jud\u00edos, no porque esas personas hubieran hecho algo. El franquismo juzgaba a los homosexuales por su condici\u00f3n sexual, no por haber hecho algo\u00bb. <\/p>\n\n\n\n<p class=\"wp-block-paragraph\">A Zulueta no le cabe la menor deuda de que en el caso de Willy Toledo se juzg\u00f3 a la persona. \u00abCuando el juez pide que se investigue si hay m\u00e1s delitos en la trayectoria de una persona, se juzga a la persona, no a un hecho cometido. Y eso es lo que le ocurri\u00f3 a Willy Toledo\u00bb, explica. <\/p>\n\n\n\n<p class=\"wp-block-paragraph\">Seg\u00fan cuenta el abogado, tras la denuncia, el juez mand\u00f3 investigar el contenido de las redes sociales del actor en busca de alg\u00fan hecho delictivo anterior. \u00abEs como si alguien roba una barra de pan y, cuando le detienen, y el juez pide investigar la vida de esa persona para ver si a lo largo de los a\u00f1os ha cometido un delito\u00bb. Por lo que considera que no existe otra causa que la ideol\u00f3gica. \u00abSi tenemos una Polic\u00eda que ve delitos \u00fanicamente en la ideolog\u00eda, es muy triste\u00bb, constata. Ante casos como este, Zulueta considera que <strong>\u00ablo peor que nos est\u00e1 pasando es la autocensura generada por el miedo. Y el miedo no nos puede paralizar, tenemos que transformarlo por prudencia\u00bb<\/strong>.<\/p>\n\n\n\n<p class=\"wp-block-paragraph\">Que <strong>\u00abel \u00fanico l\u00edmite de la libertad de expresi\u00f3n son los derechos fundamentales\u00bb<\/strong> fue otra de las ideas m\u00e1s repetidas en la entrevista, y explicaba: <strong>\u00abno puede ser delito todo aquello que nos ofenda. Desde una perspectiva progresista se ha de defender que existan pensamientos totalmente opuestos al m\u00edo, incluso aquellos que quieran acabar con el m\u00edo. Se est\u00e1 o no se est\u00e1 con la libertad de expresi\u00f3n\u00bb<\/strong>.<\/p>\n\n\n\n<p class=\"wp-block-paragraph\">Para terminar, Endika Zulueta quiso dejar un mensaje optimista, tanto por un lado personal como profesional. Seg\u00fan sus palabras \u00ab<strong>la lucha est\u00e1 en la conciencia social, no en los tribunales<\/strong>. La revoluci\u00f3n interior es necesaria para tratar de cambiar las cosas, pero primero hay que empezar por uno mismo\u00bb. Como abogado, <strong>considerara su trabajo una herramienta<\/strong> y cree que \u00abcada vez somos m\u00e1s abogadas y abogados que vemos la sociedad de manera distinta\u00bb.<\/p>\n\n\n\n<p class=\"wp-block-paragraph\">\u00ab<strong>La conciencia social ha avanzado mucho en los \u00faltimos a\u00f1os.<\/strong> Que cuando se produce un desalojo ahora se vea como un problema de acceso a la vivienda es un gran avance. <strong>Claro que queda mucho por hacer, pero tambi\u00e9n se est\u00e1 haciendo mucho. Y esto hay que reconocerlo esto<\/strong>\u00ab. De ah\u00ed que <strong>agradeciera a <a href=\"https:\/\/www.es.amnesty.org\/\" target=\"_blank\" rel=\"noreferrer noopener\" aria-label=\"Amnist\u00eda Internacional (se abre en una nueva pesta\u00f1a)\">Amnist\u00eda Internacional<\/a> \u00abno ya su invitaci\u00f3n a esta entrevista, si no, su existencia. As\u00ed como el trabajo y dedicaci\u00f3n de sus activistas<\/strong>\u00ab.<\/p>\n\n\n\n<p class=\"wp-block-paragraph\"><\/p>\n","protected":false},"excerpt":{"rendered":"<p>Endika Zulueta es abogado penalista y una persona comprometida con causas como el antimilitarismo, el ecologismo, el feminismo o el movimiento vecinal. A lo largo de su carrera profesional ha intervenido en varios casos muy controvertidos entre la opini\u00f3n p\u00fablica.<\/p>\n","protected":false},"author":41,"featured_media":588,"comment_status":"open","ping_status":"open","sticky":false,"template":"","format":"standard","meta":{"_acf_changed":false,"footnotes":"","_members_access_role":[],"_members_access_error":""},"categories":[90,13],"tags":[103,102],"class_list":["post-580","post","type-post","status-publish","format-standard","has-post-thumbnail","hentry","category-derechos-humanos","category-palencia","tag-entrevista","tag-libertad-de-expresion"],"acf":[],"yoast_head":"<!-- This site is optimized with the Yoast SEO plugin v28.2 - https:\/\/yoast.com\/product\/yoast-seo-wordpress\/ -->\n<title>Libertad de expresi\u00f3n. Entrevista a Endika Zulueta - Castilla y Le\u00f3n<\/title>\n<meta name=\"robots\" content=\"index, follow, max-snippet:-1, max-image-preview:large, max-video-preview:-1\" \/>\n<link rel=\"canonical\" href=\"https:\/\/blogs.es.amnesty.org\/castilla-leon\/2020\/12\/17\/libertad-de-expresion-entrevista-con-endika-zulueta\/\" \/>\n<meta property=\"og:locale\" content=\"es_ES\" \/>\n<meta property=\"og:type\" content=\"article\" \/>\n<meta property=\"og:title\" content=\"Libertad de expresi\u00f3n. Entrevista a Endika Zulueta - Castilla y Le\u00f3n\" \/>\n<meta property=\"og:description\" content=\"Endika Zulueta es abogado penalista y una persona comprometida con causas como el antimilitarismo, el ecologismo, el feminismo o el movimiento vecinal. A lo largo de su carrera profesional ha intervenido en varios casos muy controvertidos entre la opini\u00f3n p\u00fablica.\" \/>\n<meta property=\"og:url\" content=\"https:\/\/blogs.es.amnesty.org\/castilla-leon\/2020\/12\/17\/libertad-de-expresion-entrevista-con-endika-zulueta\/\" \/>\n<meta property=\"og:site_name\" content=\"Castilla y Le\u00f3n\" \/>\n<meta property=\"article:published_time\" content=\"2020-12-17T17:44:13+00:00\" \/>\n<meta property=\"article:modified_time\" content=\"2020-12-21T19:59:50+00:00\" \/>\n<meta property=\"og:image\" content=\"https:\/\/blogs.es.amnesty.org\/files\/uploads\/sites\/10\/2020\/12\/Desamordazate-Libertad-de-Expresio\u0301n.png\" \/>\n\t<meta property=\"og:image:width\" content=\"643\" \/>\n\t<meta property=\"og:image:height\" content=\"395\" \/>\n\t<meta property=\"og:image:type\" content=\"image\/png\" \/>\n<meta name=\"author\" content=\"AI Castilla y Le\u00f3n\" \/>\n<meta name=\"twitter:card\" content=\"summary_large_image\" \/>\n<meta name=\"twitter:label1\" content=\"Escrito por\" \/>\n\t<meta name=\"twitter:data1\" content=\"AI Castilla y Le\u00f3n\" \/>\n\t<meta name=\"twitter:label2\" content=\"Tiempo de lectura\" \/>\n\t<meta name=\"twitter:data2\" content=\"6 minutos\" \/>\n<script type=\"application\/ld+json\" class=\"yoast-schema-graph\">{\"@context\":\"https:\\\/\\\/schema.org\",\"@graph\":[{\"@type\":\"Article\",\"@id\":\"https:\\\/\\\/blogs.es.amnesty.org\\\/castilla-leon\\\/2020\\\/12\\\/17\\\/libertad-de-expresion-entrevista-con-endika-zulueta\\\/#article\",\"isPartOf\":{\"@id\":\"https:\\\/\\\/blogs.es.amnesty.org\\\/castilla-leon\\\/2020\\\/12\\\/17\\\/libertad-de-expresion-entrevista-con-endika-zulueta\\\/\"},\"author\":{\"name\":\"AI Castilla y Le\u00f3n\",\"@id\":\"https:\\\/\\\/blogs.es.amnesty.org\\\/castilla-leon\\\/#\\\/schema\\\/person\\\/72c02e2f7c0653ba4613756a4f42e5f0\"},\"headline\":\"Libertad de expresi\u00f3n. Entrevista a Endika Zulueta\",\"datePublished\":\"2020-12-17T17:44:13+00:00\",\"dateModified\":\"2020-12-21T19:59:50+00:00\",\"mainEntityOfPage\":{\"@id\":\"https:\\\/\\\/blogs.es.amnesty.org\\\/castilla-leon\\\/2020\\\/12\\\/17\\\/libertad-de-expresion-entrevista-con-endika-zulueta\\\/\"},\"wordCount\":1200,\"commentCount\":0,\"image\":{\"@id\":\"https:\\\/\\\/blogs.es.amnesty.org\\\/castilla-leon\\\/2020\\\/12\\\/17\\\/libertad-de-expresion-entrevista-con-endika-zulueta\\\/#primaryimage\"},\"thumbnailUrl\":\"https:\\\/\\\/blogs.es.amnesty.org\\\/files\\\/uploads\\\/sites\\\/10\\\/2020\\\/12\\\/Desamordazate-Libertad-de-Expresio\u0301n.png\",\"keywords\":[\"entrevista\",\"Libertad de expresi\u00f3n\"],\"articleSection\":[\"Derechos humanos\",\"Palencia\"],\"inLanguage\":\"es\",\"potentialAction\":[{\"@type\":\"CommentAction\",\"name\":\"Comment\",\"target\":[\"https:\\\/\\\/blogs.es.amnesty.org\\\/castilla-leon\\\/2020\\\/12\\\/17\\\/libertad-de-expresion-entrevista-con-endika-zulueta\\\/#respond\"]}]},{\"@type\":\"WebPage\",\"@id\":\"https:\\\/\\\/blogs.es.amnesty.org\\\/castilla-leon\\\/2020\\\/12\\\/17\\\/libertad-de-expresion-entrevista-con-endika-zulueta\\\/\",\"url\":\"https:\\\/\\\/blogs.es.amnesty.org\\\/castilla-leon\\\/2020\\\/12\\\/17\\\/libertad-de-expresion-entrevista-con-endika-zulueta\\\/\",\"name\":\"Libertad de expresi\u00f3n. Entrevista a Endika Zulueta - Castilla y Le\u00f3n\",\"isPartOf\":{\"@id\":\"https:\\\/\\\/blogs.es.amnesty.org\\\/castilla-leon\\\/#website\"},\"primaryImageOfPage\":{\"@id\":\"https:\\\/\\\/blogs.es.amnesty.org\\\/castilla-leon\\\/2020\\\/12\\\/17\\\/libertad-de-expresion-entrevista-con-endika-zulueta\\\/#primaryimage\"},\"image\":{\"@id\":\"https:\\\/\\\/blogs.es.amnesty.org\\\/castilla-leon\\\/2020\\\/12\\\/17\\\/libertad-de-expresion-entrevista-con-endika-zulueta\\\/#primaryimage\"},\"thumbnailUrl\":\"https:\\\/\\\/blogs.es.amnesty.org\\\/files\\\/uploads\\\/sites\\\/10\\\/2020\\\/12\\\/Desamordazate-Libertad-de-Expresio\u0301n.png\",\"datePublished\":\"2020-12-17T17:44:13+00:00\",\"dateModified\":\"2020-12-21T19:59:50+00:00\",\"author\":{\"@id\":\"https:\\\/\\\/blogs.es.amnesty.org\\\/castilla-leon\\\/#\\\/schema\\\/person\\\/72c02e2f7c0653ba4613756a4f42e5f0\"},\"breadcrumb\":{\"@id\":\"https:\\\/\\\/blogs.es.amnesty.org\\\/castilla-leon\\\/2020\\\/12\\\/17\\\/libertad-de-expresion-entrevista-con-endika-zulueta\\\/#breadcrumb\"},\"inLanguage\":\"es\",\"potentialAction\":[{\"@type\":\"ReadAction\",\"target\":[\"https:\\\/\\\/blogs.es.amnesty.org\\\/castilla-leon\\\/2020\\\/12\\\/17\\\/libertad-de-expresion-entrevista-con-endika-zulueta\\\/\"]}]},{\"@type\":\"ImageObject\",\"inLanguage\":\"es\",\"@id\":\"https:\\\/\\\/blogs.es.amnesty.org\\\/castilla-leon\\\/2020\\\/12\\\/17\\\/libertad-de-expresion-entrevista-con-endika-zulueta\\\/#primaryimage\",\"url\":\"https:\\\/\\\/blogs.es.amnesty.org\\\/files\\\/uploads\\\/sites\\\/10\\\/2020\\\/12\\\/Desamordazate-Libertad-de-Expresio\u0301n.png\",\"contentUrl\":\"https:\\\/\\\/blogs.es.amnesty.org\\\/files\\\/uploads\\\/sites\\\/10\\\/2020\\\/12\\\/Desamordazate-Libertad-de-Expresio\u0301n.png\",\"width\":643,\"height\":395,\"caption\":\"Entrevista a Endika Zulueta\"},{\"@type\":\"BreadcrumbList\",\"@id\":\"https:\\\/\\\/blogs.es.amnesty.org\\\/castilla-leon\\\/2020\\\/12\\\/17\\\/libertad-de-expresion-entrevista-con-endika-zulueta\\\/#breadcrumb\",\"itemListElement\":[{\"@type\":\"ListItem\",\"position\":1,\"name\":\"Portada\",\"item\":\"https:\\\/\\\/blogs.es.amnesty.org\\\/castilla-leon\\\/\"},{\"@type\":\"ListItem\",\"position\":2,\"name\":\"Libertad de expresi\u00f3n. Entrevista a Endika Zulueta\"}]},{\"@type\":\"WebSite\",\"@id\":\"https:\\\/\\\/blogs.es.amnesty.org\\\/castilla-leon\\\/#website\",\"url\":\"https:\\\/\\\/blogs.es.amnesty.org\\\/castilla-leon\\\/\",\"name\":\"Castilla y Le\u00f3n\",\"description\":\"Blog de Amnist\u00eda Internacional en Castilla y Le\u00f3n\",\"potentialAction\":[{\"@type\":\"SearchAction\",\"target\":{\"@type\":\"EntryPoint\",\"urlTemplate\":\"https:\\\/\\\/blogs.es.amnesty.org\\\/castilla-leon\\\/?s={search_term_string}\"},\"query-input\":{\"@type\":\"PropertyValueSpecification\",\"valueRequired\":true,\"valueName\":\"search_term_string\"}}],\"inLanguage\":\"es\"},{\"@type\":\"Person\",\"@id\":\"https:\\\/\\\/blogs.es.amnesty.org\\\/castilla-leon\\\/#\\\/schema\\\/person\\\/72c02e2f7c0653ba4613756a4f42e5f0\",\"name\":\"AI Castilla y Le\u00f3n\",\"image\":{\"@type\":\"ImageObject\",\"inLanguage\":\"es\",\"@id\":\"https:\\\/\\\/secure.gravatar.com\\\/avatar\\\/49824f30513cadad841c65412211570e575ce18e1ec799f652f2c085f1a695fc?s=96&d=mm&r=g\",\"url\":\"https:\\\/\\\/secure.gravatar.com\\\/avatar\\\/49824f30513cadad841c65412211570e575ce18e1ec799f652f2c085f1a695fc?s=96&d=mm&r=g\",\"contentUrl\":\"https:\\\/\\\/secure.gravatar.com\\\/avatar\\\/49824f30513cadad841c65412211570e575ce18e1ec799f652f2c085f1a695fc?s=96&d=mm&r=g\",\"caption\":\"AI Castilla y Le\u00f3n\"},\"url\":\"https:\\\/\\\/blogs.es.amnesty.org\\\/castilla-leon\\\/autor\\\/comunicacioncyl\\\/\"}]}<\/script>\n<!-- \/ Yoast SEO plugin. -->","yoast_head_json":{"title":"Libertad de expresi\u00f3n. Entrevista a Endika Zulueta - Castilla y Le\u00f3n","robots":{"index":"index","follow":"follow","max-snippet":"max-snippet:-1","max-image-preview":"max-image-preview:large","max-video-preview":"max-video-preview:-1"},"canonical":"https:\/\/blogs.es.amnesty.org\/castilla-leon\/2020\/12\/17\/libertad-de-expresion-entrevista-con-endika-zulueta\/","og_locale":"es_ES","og_type":"article","og_title":"Libertad de expresi\u00f3n. Entrevista a Endika Zulueta - Castilla y Le\u00f3n","og_description":"Endika Zulueta es abogado penalista y una persona comprometida con causas como el antimilitarismo, el ecologismo, el feminismo o el movimiento vecinal. A lo largo de su carrera profesional ha intervenido en varios casos muy controvertidos entre la opini\u00f3n p\u00fablica.","og_url":"https:\/\/blogs.es.amnesty.org\/castilla-leon\/2020\/12\/17\/libertad-de-expresion-entrevista-con-endika-zulueta\/","og_site_name":"Castilla y Le\u00f3n","article_published_time":"2020-12-17T17:44:13+00:00","article_modified_time":"2020-12-21T19:59:50+00:00","og_image":[{"width":643,"height":395,"url":"https:\/\/blogs.es.amnesty.org\/files\/uploads\/sites\/10\/2020\/12\/Desamordazate-Libertad-de-Expresio\u0301n.png","type":"image\/png"}],"author":"AI Castilla y Le\u00f3n","twitter_card":"summary_large_image","twitter_misc":{"Escrito por":"AI Castilla y Le\u00f3n","Tiempo de lectura":"6 minutos"},"schema":{"@context":"https:\/\/schema.org","@graph":[{"@type":"Article","@id":"https:\/\/blogs.es.amnesty.org\/castilla-leon\/2020\/12\/17\/libertad-de-expresion-entrevista-con-endika-zulueta\/#article","isPartOf":{"@id":"https:\/\/blogs.es.amnesty.org\/castilla-leon\/2020\/12\/17\/libertad-de-expresion-entrevista-con-endika-zulueta\/"},"author":{"name":"AI Castilla y Le\u00f3n","@id":"https:\/\/blogs.es.amnesty.org\/castilla-leon\/#\/schema\/person\/72c02e2f7c0653ba4613756a4f42e5f0"},"headline":"Libertad de expresi\u00f3n. Entrevista a Endika Zulueta","datePublished":"2020-12-17T17:44:13+00:00","dateModified":"2020-12-21T19:59:50+00:00","mainEntityOfPage":{"@id":"https:\/\/blogs.es.amnesty.org\/castilla-leon\/2020\/12\/17\/libertad-de-expresion-entrevista-con-endika-zulueta\/"},"wordCount":1200,"commentCount":0,"image":{"@id":"https:\/\/blogs.es.amnesty.org\/castilla-leon\/2020\/12\/17\/libertad-de-expresion-entrevista-con-endika-zulueta\/#primaryimage"},"thumbnailUrl":"https:\/\/blogs.es.amnesty.org\/files\/uploads\/sites\/10\/2020\/12\/Desamordazate-Libertad-de-Expresio\u0301n.png","keywords":["entrevista","Libertad de expresi\u00f3n"],"articleSection":["Derechos humanos","Palencia"],"inLanguage":"es","potentialAction":[{"@type":"CommentAction","name":"Comment","target":["https:\/\/blogs.es.amnesty.org\/castilla-leon\/2020\/12\/17\/libertad-de-expresion-entrevista-con-endika-zulueta\/#respond"]}]},{"@type":"WebPage","@id":"https:\/\/blogs.es.amnesty.org\/castilla-leon\/2020\/12\/17\/libertad-de-expresion-entrevista-con-endika-zulueta\/","url":"https:\/\/blogs.es.amnesty.org\/castilla-leon\/2020\/12\/17\/libertad-de-expresion-entrevista-con-endika-zulueta\/","name":"Libertad de expresi\u00f3n. Entrevista a Endika Zulueta - Castilla y Le\u00f3n","isPartOf":{"@id":"https:\/\/blogs.es.amnesty.org\/castilla-leon\/#website"},"primaryImageOfPage":{"@id":"https:\/\/blogs.es.amnesty.org\/castilla-leon\/2020\/12\/17\/libertad-de-expresion-entrevista-con-endika-zulueta\/#primaryimage"},"image":{"@id":"https:\/\/blogs.es.amnesty.org\/castilla-leon\/2020\/12\/17\/libertad-de-expresion-entrevista-con-endika-zulueta\/#primaryimage"},"thumbnailUrl":"https:\/\/blogs.es.amnesty.org\/files\/uploads\/sites\/10\/2020\/12\/Desamordazate-Libertad-de-Expresio\u0301n.png","datePublished":"2020-12-17T17:44:13+00:00","dateModified":"2020-12-21T19:59:50+00:00","author":{"@id":"https:\/\/blogs.es.amnesty.org\/castilla-leon\/#\/schema\/person\/72c02e2f7c0653ba4613756a4f42e5f0"},"breadcrumb":{"@id":"https:\/\/blogs.es.amnesty.org\/castilla-leon\/2020\/12\/17\/libertad-de-expresion-entrevista-con-endika-zulueta\/#breadcrumb"},"inLanguage":"es","potentialAction":[{"@type":"ReadAction","target":["https:\/\/blogs.es.amnesty.org\/castilla-leon\/2020\/12\/17\/libertad-de-expresion-entrevista-con-endika-zulueta\/"]}]},{"@type":"ImageObject","inLanguage":"es","@id":"https:\/\/blogs.es.amnesty.org\/castilla-leon\/2020\/12\/17\/libertad-de-expresion-entrevista-con-endika-zulueta\/#primaryimage","url":"https:\/\/blogs.es.amnesty.org\/files\/uploads\/sites\/10\/2020\/12\/Desamordazate-Libertad-de-Expresio\u0301n.png","contentUrl":"https:\/\/blogs.es.amnesty.org\/files\/uploads\/sites\/10\/2020\/12\/Desamordazate-Libertad-de-Expresio\u0301n.png","width":643,"height":395,"caption":"Entrevista a Endika Zulueta"},{"@type":"BreadcrumbList","@id":"https:\/\/blogs.es.amnesty.org\/castilla-leon\/2020\/12\/17\/libertad-de-expresion-entrevista-con-endika-zulueta\/#breadcrumb","itemListElement":[{"@type":"ListItem","position":1,"name":"Portada","item":"https:\/\/blogs.es.amnesty.org\/castilla-leon\/"},{"@type":"ListItem","position":2,"name":"Libertad de expresi\u00f3n. Entrevista a Endika Zulueta"}]},{"@type":"WebSite","@id":"https:\/\/blogs.es.amnesty.org\/castilla-leon\/#website","url":"https:\/\/blogs.es.amnesty.org\/castilla-leon\/","name":"Castilla y Le\u00f3n","description":"Blog de Amnist\u00eda Internacional en Castilla y Le\u00f3n","potentialAction":[{"@type":"SearchAction","target":{"@type":"EntryPoint","urlTemplate":"https:\/\/blogs.es.amnesty.org\/castilla-leon\/?s={search_term_string}"},"query-input":{"@type":"PropertyValueSpecification","valueRequired":true,"valueName":"search_term_string"}}],"inLanguage":"es"},{"@type":"Person","@id":"https:\/\/blogs.es.amnesty.org\/castilla-leon\/#\/schema\/person\/72c02e2f7c0653ba4613756a4f42e5f0","name":"AI Castilla y Le\u00f3n","image":{"@type":"ImageObject","inLanguage":"es","@id":"https:\/\/secure.gravatar.com\/avatar\/49824f30513cadad841c65412211570e575ce18e1ec799f652f2c085f1a695fc?s=96&d=mm&r=g","url":"https:\/\/secure.gravatar.com\/avatar\/49824f30513cadad841c65412211570e575ce18e1ec799f652f2c085f1a695fc?s=96&d=mm&r=g","contentUrl":"https:\/\/secure.gravatar.com\/avatar\/49824f30513cadad841c65412211570e575ce18e1ec799f652f2c085f1a695fc?s=96&d=mm&r=g","caption":"AI Castilla y Le\u00f3n"},"url":"https:\/\/blogs.es.amnesty.org\/castilla-leon\/autor\/comunicacioncyl\/"}]}},"_links":{"self":[{"href":"https:\/\/blogs.es.amnesty.org\/castilla-leon\/wp-json\/wp\/v2\/posts\/580","targetHints":{"allow":["GET"]}}],"collection":[{"href":"https:\/\/blogs.es.amnesty.org\/castilla-leon\/wp-json\/wp\/v2\/posts"}],"about":[{"href":"https:\/\/blogs.es.amnesty.org\/castilla-leon\/wp-json\/wp\/v2\/types\/post"}],"author":[{"embeddable":true,"href":"https:\/\/blogs.es.amnesty.org\/castilla-leon\/wp-json\/wp\/v2\/users\/41"}],"replies":[{"embeddable":true,"href":"https:\/\/blogs.es.amnesty.org\/castilla-leon\/wp-json\/wp\/v2\/comments?post=580"}],"version-history":[{"count":0,"href":"https:\/\/blogs.es.amnesty.org\/castilla-leon\/wp-json\/wp\/v2\/posts\/580\/revisions"}],"wp:featuredmedia":[{"embeddable":true,"href":"https:\/\/blogs.es.amnesty.org\/castilla-leon\/wp-json\/wp\/v2\/media\/588"}],"wp:attachment":[{"href":"https:\/\/blogs.es.amnesty.org\/castilla-leon\/wp-json\/wp\/v2\/media?parent=580"}],"wp:term":[{"taxonomy":"category","embeddable":true,"href":"https:\/\/blogs.es.amnesty.org\/castilla-leon\/wp-json\/wp\/v2\/categories?post=580"},{"taxonomy":"post_tag","embeddable":true,"href":"https:\/\/blogs.es.amnesty.org\/castilla-leon\/wp-json\/wp\/v2\/tags?post=580"}],"curies":[{"name":"wp","href":"https:\/\/api.w.org\/{rel}","templated":true}]}}