{"id":598,"date":"2020-12-21T17:51:28","date_gmt":"2020-12-21T17:51:28","guid":{"rendered":"https:\/\/blogs.es.amnesty.org\/castilla-leon\/?p=598"},"modified":"2021-02-03T19:03:35","modified_gmt":"2021-02-03T19:03:35","slug":"libertad-de-expresion-entrevista-a-cesar-strawberry","status":"publish","type":"post","link":"https:\/\/blogs.es.amnesty.org\/castilla-leon\/2020\/12\/21\/libertad-de-expresion-entrevista-a-cesar-strawberry\/","title":{"rendered":"Libertad de expresi\u00f3n. Entrevista a C\u00e9sar Strawberry"},"content":{"rendered":"\n<p class=\"wp-block-paragraph\">En el a\u00f1o 2005, <strong>C\u00e9sar Strawberry fue detenido<\/strong> dentro de la denominada como \u00abOperaci\u00f3n Ara\u00f1a\u00bb <strong>acusado<\/strong> de haber cometido sendos delitos d<strong>e enaltecimiento del terrorismo y humillaci\u00f3n a las v\u00edctimas a ra\u00edz de unos mensajes publicados en Twitter<\/strong>. <\/p>\n\n\n\n<p class=\"wp-block-paragraph\">La <strong>Audiencia Nacional absolvi\u00f3 <\/strong>a Strawberry por considerar que no estaba acreditado que \u201ccon estos mensajes buscase defender los postulados de una organizaci\u00f3n terrorista, ni tampoco despreciar o humillar a sus v\u00edctimas\u201d.  El Tribunal apreci\u00f3 iron\u00eda y humor negro y consider\u00f3 que no pod\u00edan interpretarse como una verdadera llamada a la violencia contra persona alguna, ni como enaltecedor de la acci\u00f3n terrorista o como ofensivo para las v\u00edctimas. <\/p>\n\n\n\n<p class=\"wp-block-paragraph\">En <strong>un recurso en 2017 por parte de la Fiscal\u00eda fue condenado a un a\u00f1o de prisi\u00f3n<\/strong>, que Strawberry recurri\u00f3 a su vez ante el <strong>Tribunal Constitucional<\/strong> que, finalmente, <strong>anul\u00f3 la condena <\/strong>el pasado febrero <strong>al considerar que vulneraba el derecho a la libertad de expresi\u00f3n<\/strong>.<\/p>\n\n\n\n<p class=\"wp-block-paragraph\">En el siguiente <a rel=\"noreferrer noopener\" aria-label=\"v\u00eddeo (se abre en una nueva pesta\u00f1a)\" href=\"https:\/\/www.youtube.com\/watch?v=cSPkZhaMB-U&amp;feature=youtu.be\" target=\"_blank\">v\u00eddeo<\/a>, puedes ver <strong>la interesante y sincera conversaci\u00f3n sobre la libertad de expresi\u00f3n<\/strong> que mantuvimos con \u00e9l gracias a la organizaci\u00f3n del \u00e1rea de derechos humanos en Espa\u00f1a y al grupo local de Amnist\u00eda Internacional en Palencia. En <a rel=\"noreferrer noopener\" aria-label=\"este enlace (se abre en una nueva pesta\u00f1a)\" href=\"https:\/\/twitter.com\/amnistiacyl\/status\/1340002477006057476\" target=\"_blank\">este enlace<\/a> puedes leer las <strong>ideas principales de la intervenci\u00f3n de C\u00e9sar Strawberry<\/strong> que recogimos en directo en <a rel=\"noreferrer noopener\" aria-label=\"nuestra cuenta de Twitter (se abre en una nueva pesta\u00f1a)\" href=\"https:\/\/twitter.com\/amnistiacyl\" target=\"_blank\">nuestra cuenta de Twitter<\/a>. <\/p>\n\n\n\n<figure class=\"wp-block-embed-youtube wp-block-embed is-type-video is-provider-youtube wp-embed-aspect-4-3 wp-has-aspect-ratio\"><div class=\"wp-block-embed__wrapper\">\n<iframe loading=\"lazy\" title=\"Libertad de expresi\u00f3n. Entrevista a C\u00e9sar Strawberry, vocalista de Def Con Dos\" width=\"640\" height=\"480\" src=\"https:\/\/www.youtube.com\/embed\/cSPkZhaMB-U?feature=oembed\" frameborder=\"0\" allow=\"accelerometer; autoplay; clipboard-write; encrypted-media; gyroscope; picture-in-picture; web-share\" referrerpolicy=\"strict-origin-when-cross-origin\" allowfullscreen><\/iframe>\n<\/div><figcaption>Libertad de expresi\u00f3n. Entrevista a C\u00e9sar Strawberry, vocalista de Def Con Dos<\/figcaption><\/figure>\n","protected":false},"excerpt":{"rendered":"<p>C\u00e9sar Monta\u00f1a Lehmann es m\u00e1s conocido como C\u00e9sar Strawberry y como vocalista del grupo de hip-hop y rap metal Def Con Dos, caracterizado por sus letras ir\u00f3nicas y reivindicativas. <\/p>\n","protected":false},"author":41,"featured_media":599,"comment_status":"open","ping_status":"open","sticky":false,"template":"","format":"standard","meta":{"_acf_changed":false,"footnotes":"","_members_access_role":[],"_members_access_error":""},"categories":[90,13],"tags":[103,102],"class_list":["post-598","post","type-post","status-publish","format-standard","has-post-thumbnail","hentry","category-derechos-humanos","category-palencia","tag-entrevista","tag-libertad-de-expresion"],"acf":[],"yoast_head":"<!-- This site is optimized with the Yoast SEO plugin v28.2 - https:\/\/yoast.com\/product\/yoast-seo-wordpress\/ -->\n<title>Libertad de expresi\u00f3n. Entrevista a C\u00e9sar Strawberry - Castilla y Le\u00f3n<\/title>\n<meta name=\"robots\" content=\"index, follow, max-snippet:-1, max-image-preview:large, max-video-preview:-1\" \/>\n<link rel=\"canonical\" href=\"https:\/\/blogs.es.amnesty.org\/castilla-leon\/2020\/12\/21\/libertad-de-expresion-entrevista-a-cesar-strawberry\/\" \/>\n<meta property=\"og:locale\" content=\"es_ES\" \/>\n<meta property=\"og:type\" content=\"article\" \/>\n<meta property=\"og:title\" content=\"Libertad de expresi\u00f3n. Entrevista a C\u00e9sar Strawberry - Castilla y Le\u00f3n\" \/>\n<meta property=\"og:description\" content=\"C\u00e9sar Monta\u00f1a Lehmann es m\u00e1s conocido como C\u00e9sar Strawberry y como vocalista del grupo de hip-hop y rap metal Def Con Dos, caracterizado por sus letras ir\u00f3nicas y reivindicativas.\" \/>\n<meta property=\"og:url\" content=\"https:\/\/blogs.es.amnesty.org\/castilla-leon\/2020\/12\/21\/libertad-de-expresion-entrevista-a-cesar-strawberry\/\" \/>\n<meta property=\"og:site_name\" content=\"Castilla y Le\u00f3n\" \/>\n<meta property=\"article:published_time\" content=\"2020-12-21T17:51:28+00:00\" \/>\n<meta property=\"article:modified_time\" content=\"2021-02-03T19:03:35+00:00\" \/>\n<meta property=\"og:image\" content=\"https:\/\/blogs.es.amnesty.org\/files\/uploads\/sites\/10\/2020\/12\/Libertad-de-expresio\u0301n.png\" \/>\n\t<meta property=\"og:image:width\" content=\"1200\" \/>\n\t<meta property=\"og:image:height\" content=\"1200\" \/>\n\t<meta property=\"og:image:type\" content=\"image\/png\" \/>\n<meta name=\"author\" content=\"AI Castilla y Le\u00f3n\" \/>\n<meta name=\"twitter:card\" content=\"summary_large_image\" \/>\n<meta name=\"twitter:label1\" content=\"Escrito por\" \/>\n\t<meta name=\"twitter:data1\" content=\"AI Castilla y Le\u00f3n\" \/>\n\t<meta name=\"twitter:label2\" content=\"Tiempo de lectura\" \/>\n\t<meta name=\"twitter:data2\" content=\"1 minuto\" \/>\n<script type=\"application\/ld+json\" class=\"yoast-schema-graph\">{\"@context\":\"https:\\\/\\\/schema.org\",\"@graph\":[{\"@type\":\"Article\",\"@id\":\"https:\\\/\\\/blogs.es.amnesty.org\\\/castilla-leon\\\/2020\\\/12\\\/21\\\/libertad-de-expresion-entrevista-a-cesar-strawberry\\\/#article\",\"isPartOf\":{\"@id\":\"https:\\\/\\\/blogs.es.amnesty.org\\\/castilla-leon\\\/2020\\\/12\\\/21\\\/libertad-de-expresion-entrevista-a-cesar-strawberry\\\/\"},\"author\":{\"name\":\"AI Castilla y Le\u00f3n\",\"@id\":\"https:\\\/\\\/blogs.es.amnesty.org\\\/castilla-leon\\\/#\\\/schema\\\/person\\\/72c02e2f7c0653ba4613756a4f42e5f0\"},\"headline\":\"Libertad de expresi\u00f3n. Entrevista a C\u00e9sar Strawberry\",\"datePublished\":\"2020-12-21T17:51:28+00:00\",\"dateModified\":\"2021-02-03T19:03:35+00:00\",\"mainEntityOfPage\":{\"@id\":\"https:\\\/\\\/blogs.es.amnesty.org\\\/castilla-leon\\\/2020\\\/12\\\/21\\\/libertad-de-expresion-entrevista-a-cesar-strawberry\\\/\"},\"wordCount\":272,\"commentCount\":0,\"image\":{\"@id\":\"https:\\\/\\\/blogs.es.amnesty.org\\\/castilla-leon\\\/2020\\\/12\\\/21\\\/libertad-de-expresion-entrevista-a-cesar-strawberry\\\/#primaryimage\"},\"thumbnailUrl\":\"https:\\\/\\\/blogs.es.amnesty.org\\\/files\\\/uploads\\\/sites\\\/10\\\/2020\\\/12\\\/Libertad-de-expresio\u0301n.png\",\"keywords\":[\"entrevista\",\"Libertad de expresi\u00f3n\"],\"articleSection\":[\"Derechos humanos\",\"Palencia\"],\"inLanguage\":\"es\",\"potentialAction\":[{\"@type\":\"CommentAction\",\"name\":\"Comment\",\"target\":[\"https:\\\/\\\/blogs.es.amnesty.org\\\/castilla-leon\\\/2020\\\/12\\\/21\\\/libertad-de-expresion-entrevista-a-cesar-strawberry\\\/#respond\"]}]},{\"@type\":\"WebPage\",\"@id\":\"https:\\\/\\\/blogs.es.amnesty.org\\\/castilla-leon\\\/2020\\\/12\\\/21\\\/libertad-de-expresion-entrevista-a-cesar-strawberry\\\/\",\"url\":\"https:\\\/\\\/blogs.es.amnesty.org\\\/castilla-leon\\\/2020\\\/12\\\/21\\\/libertad-de-expresion-entrevista-a-cesar-strawberry\\\/\",\"name\":\"Libertad de expresi\u00f3n. Entrevista a C\u00e9sar Strawberry - Castilla y Le\u00f3n\",\"isPartOf\":{\"@id\":\"https:\\\/\\\/blogs.es.amnesty.org\\\/castilla-leon\\\/#website\"},\"primaryImageOfPage\":{\"@id\":\"https:\\\/\\\/blogs.es.amnesty.org\\\/castilla-leon\\\/2020\\\/12\\\/21\\\/libertad-de-expresion-entrevista-a-cesar-strawberry\\\/#primaryimage\"},\"image\":{\"@id\":\"https:\\\/\\\/blogs.es.amnesty.org\\\/castilla-leon\\\/2020\\\/12\\\/21\\\/libertad-de-expresion-entrevista-a-cesar-strawberry\\\/#primaryimage\"},\"thumbnailUrl\":\"https:\\\/\\\/blogs.es.amnesty.org\\\/files\\\/uploads\\\/sites\\\/10\\\/2020\\\/12\\\/Libertad-de-expresio\u0301n.png\",\"datePublished\":\"2020-12-21T17:51:28+00:00\",\"dateModified\":\"2021-02-03T19:03:35+00:00\",\"author\":{\"@id\":\"https:\\\/\\\/blogs.es.amnesty.org\\\/castilla-leon\\\/#\\\/schema\\\/person\\\/72c02e2f7c0653ba4613756a4f42e5f0\"},\"breadcrumb\":{\"@id\":\"https:\\\/\\\/blogs.es.amnesty.org\\\/castilla-leon\\\/2020\\\/12\\\/21\\\/libertad-de-expresion-entrevista-a-cesar-strawberry\\\/#breadcrumb\"},\"inLanguage\":\"es\",\"potentialAction\":[{\"@type\":\"ReadAction\",\"target\":[\"https:\\\/\\\/blogs.es.amnesty.org\\\/castilla-leon\\\/2020\\\/12\\\/21\\\/libertad-de-expresion-entrevista-a-cesar-strawberry\\\/\"]}]},{\"@type\":\"ImageObject\",\"inLanguage\":\"es\",\"@id\":\"https:\\\/\\\/blogs.es.amnesty.org\\\/castilla-leon\\\/2020\\\/12\\\/21\\\/libertad-de-expresion-entrevista-a-cesar-strawberry\\\/#primaryimage\",\"url\":\"https:\\\/\\\/blogs.es.amnesty.org\\\/files\\\/uploads\\\/sites\\\/10\\\/2020\\\/12\\\/Libertad-de-expresio\u0301n.png\",\"contentUrl\":\"https:\\\/\\\/blogs.es.amnesty.org\\\/files\\\/uploads\\\/sites\\\/10\\\/2020\\\/12\\\/Libertad-de-expresio\u0301n.png\",\"width\":1200,\"height\":1200,\"caption\":\"Libertad de expresi\u00f3n. Entrevista a C\u00e9sar Strawberry, vocalista de Def Con Dos\"},{\"@type\":\"BreadcrumbList\",\"@id\":\"https:\\\/\\\/blogs.es.amnesty.org\\\/castilla-leon\\\/2020\\\/12\\\/21\\\/libertad-de-expresion-entrevista-a-cesar-strawberry\\\/#breadcrumb\",\"itemListElement\":[{\"@type\":\"ListItem\",\"position\":1,\"name\":\"Portada\",\"item\":\"https:\\\/\\\/blogs.es.amnesty.org\\\/castilla-leon\\\/\"},{\"@type\":\"ListItem\",\"position\":2,\"name\":\"Libertad de expresi\u00f3n. Entrevista a C\u00e9sar Strawberry\"}]},{\"@type\":\"WebSite\",\"@id\":\"https:\\\/\\\/blogs.es.amnesty.org\\\/castilla-leon\\\/#website\",\"url\":\"https:\\\/\\\/blogs.es.amnesty.org\\\/castilla-leon\\\/\",\"name\":\"Castilla y Le\u00f3n\",\"description\":\"Blog de Amnist\u00eda Internacional en Castilla y Le\u00f3n\",\"potentialAction\":[{\"@type\":\"SearchAction\",\"target\":{\"@type\":\"EntryPoint\",\"urlTemplate\":\"https:\\\/\\\/blogs.es.amnesty.org\\\/castilla-leon\\\/?s={search_term_string}\"},\"query-input\":{\"@type\":\"PropertyValueSpecification\",\"valueRequired\":true,\"valueName\":\"search_term_string\"}}],\"inLanguage\":\"es\"},{\"@type\":\"Person\",\"@id\":\"https:\\\/\\\/blogs.es.amnesty.org\\\/castilla-leon\\\/#\\\/schema\\\/person\\\/72c02e2f7c0653ba4613756a4f42e5f0\",\"name\":\"AI Castilla y Le\u00f3n\",\"image\":{\"@type\":\"ImageObject\",\"inLanguage\":\"es\",\"@id\":\"https:\\\/\\\/secure.gravatar.com\\\/avatar\\\/49824f30513cadad841c65412211570e575ce18e1ec799f652f2c085f1a695fc?s=96&d=mm&r=g\",\"url\":\"https:\\\/\\\/secure.gravatar.com\\\/avatar\\\/49824f30513cadad841c65412211570e575ce18e1ec799f652f2c085f1a695fc?s=96&d=mm&r=g\",\"contentUrl\":\"https:\\\/\\\/secure.gravatar.com\\\/avatar\\\/49824f30513cadad841c65412211570e575ce18e1ec799f652f2c085f1a695fc?s=96&d=mm&r=g\",\"caption\":\"AI Castilla y Le\u00f3n\"},\"url\":\"https:\\\/\\\/blogs.es.amnesty.org\\\/castilla-leon\\\/autor\\\/comunicacioncyl\\\/\"}]}<\/script>\n<!-- \/ Yoast SEO plugin. -->","yoast_head_json":{"title":"Libertad de expresi\u00f3n. Entrevista a C\u00e9sar Strawberry - Castilla y Le\u00f3n","robots":{"index":"index","follow":"follow","max-snippet":"max-snippet:-1","max-image-preview":"max-image-preview:large","max-video-preview":"max-video-preview:-1"},"canonical":"https:\/\/blogs.es.amnesty.org\/castilla-leon\/2020\/12\/21\/libertad-de-expresion-entrevista-a-cesar-strawberry\/","og_locale":"es_ES","og_type":"article","og_title":"Libertad de expresi\u00f3n. Entrevista a C\u00e9sar Strawberry - Castilla y Le\u00f3n","og_description":"C\u00e9sar Monta\u00f1a Lehmann es m\u00e1s conocido como C\u00e9sar Strawberry y como vocalista del grupo de hip-hop y rap metal Def Con Dos, caracterizado por sus letras ir\u00f3nicas y reivindicativas.","og_url":"https:\/\/blogs.es.amnesty.org\/castilla-leon\/2020\/12\/21\/libertad-de-expresion-entrevista-a-cesar-strawberry\/","og_site_name":"Castilla y Le\u00f3n","article_published_time":"2020-12-21T17:51:28+00:00","article_modified_time":"2021-02-03T19:03:35+00:00","og_image":[{"width":1200,"height":1200,"url":"https:\/\/blogs.es.amnesty.org\/files\/uploads\/sites\/10\/2020\/12\/Libertad-de-expresio\u0301n.png","type":"image\/png"}],"author":"AI Castilla y Le\u00f3n","twitter_card":"summary_large_image","twitter_misc":{"Escrito por":"AI Castilla y Le\u00f3n","Tiempo de lectura":"1 minuto"},"schema":{"@context":"https:\/\/schema.org","@graph":[{"@type":"Article","@id":"https:\/\/blogs.es.amnesty.org\/castilla-leon\/2020\/12\/21\/libertad-de-expresion-entrevista-a-cesar-strawberry\/#article","isPartOf":{"@id":"https:\/\/blogs.es.amnesty.org\/castilla-leon\/2020\/12\/21\/libertad-de-expresion-entrevista-a-cesar-strawberry\/"},"author":{"name":"AI Castilla y Le\u00f3n","@id":"https:\/\/blogs.es.amnesty.org\/castilla-leon\/#\/schema\/person\/72c02e2f7c0653ba4613756a4f42e5f0"},"headline":"Libertad de expresi\u00f3n. Entrevista a C\u00e9sar Strawberry","datePublished":"2020-12-21T17:51:28+00:00","dateModified":"2021-02-03T19:03:35+00:00","mainEntityOfPage":{"@id":"https:\/\/blogs.es.amnesty.org\/castilla-leon\/2020\/12\/21\/libertad-de-expresion-entrevista-a-cesar-strawberry\/"},"wordCount":272,"commentCount":0,"image":{"@id":"https:\/\/blogs.es.amnesty.org\/castilla-leon\/2020\/12\/21\/libertad-de-expresion-entrevista-a-cesar-strawberry\/#primaryimage"},"thumbnailUrl":"https:\/\/blogs.es.amnesty.org\/files\/uploads\/sites\/10\/2020\/12\/Libertad-de-expresio\u0301n.png","keywords":["entrevista","Libertad de expresi\u00f3n"],"articleSection":["Derechos humanos","Palencia"],"inLanguage":"es","potentialAction":[{"@type":"CommentAction","name":"Comment","target":["https:\/\/blogs.es.amnesty.org\/castilla-leon\/2020\/12\/21\/libertad-de-expresion-entrevista-a-cesar-strawberry\/#respond"]}]},{"@type":"WebPage","@id":"https:\/\/blogs.es.amnesty.org\/castilla-leon\/2020\/12\/21\/libertad-de-expresion-entrevista-a-cesar-strawberry\/","url":"https:\/\/blogs.es.amnesty.org\/castilla-leon\/2020\/12\/21\/libertad-de-expresion-entrevista-a-cesar-strawberry\/","name":"Libertad de expresi\u00f3n. Entrevista a C\u00e9sar Strawberry - Castilla y Le\u00f3n","isPartOf":{"@id":"https:\/\/blogs.es.amnesty.org\/castilla-leon\/#website"},"primaryImageOfPage":{"@id":"https:\/\/blogs.es.amnesty.org\/castilla-leon\/2020\/12\/21\/libertad-de-expresion-entrevista-a-cesar-strawberry\/#primaryimage"},"image":{"@id":"https:\/\/blogs.es.amnesty.org\/castilla-leon\/2020\/12\/21\/libertad-de-expresion-entrevista-a-cesar-strawberry\/#primaryimage"},"thumbnailUrl":"https:\/\/blogs.es.amnesty.org\/files\/uploads\/sites\/10\/2020\/12\/Libertad-de-expresio\u0301n.png","datePublished":"2020-12-21T17:51:28+00:00","dateModified":"2021-02-03T19:03:35+00:00","author":{"@id":"https:\/\/blogs.es.amnesty.org\/castilla-leon\/#\/schema\/person\/72c02e2f7c0653ba4613756a4f42e5f0"},"breadcrumb":{"@id":"https:\/\/blogs.es.amnesty.org\/castilla-leon\/2020\/12\/21\/libertad-de-expresion-entrevista-a-cesar-strawberry\/#breadcrumb"},"inLanguage":"es","potentialAction":[{"@type":"ReadAction","target":["https:\/\/blogs.es.amnesty.org\/castilla-leon\/2020\/12\/21\/libertad-de-expresion-entrevista-a-cesar-strawberry\/"]}]},{"@type":"ImageObject","inLanguage":"es","@id":"https:\/\/blogs.es.amnesty.org\/castilla-leon\/2020\/12\/21\/libertad-de-expresion-entrevista-a-cesar-strawberry\/#primaryimage","url":"https:\/\/blogs.es.amnesty.org\/files\/uploads\/sites\/10\/2020\/12\/Libertad-de-expresio\u0301n.png","contentUrl":"https:\/\/blogs.es.amnesty.org\/files\/uploads\/sites\/10\/2020\/12\/Libertad-de-expresio\u0301n.png","width":1200,"height":1200,"caption":"Libertad de expresi\u00f3n. Entrevista a C\u00e9sar Strawberry, vocalista de Def Con Dos"},{"@type":"BreadcrumbList","@id":"https:\/\/blogs.es.amnesty.org\/castilla-leon\/2020\/12\/21\/libertad-de-expresion-entrevista-a-cesar-strawberry\/#breadcrumb","itemListElement":[{"@type":"ListItem","position":1,"name":"Portada","item":"https:\/\/blogs.es.amnesty.org\/castilla-leon\/"},{"@type":"ListItem","position":2,"name":"Libertad de expresi\u00f3n. Entrevista a C\u00e9sar Strawberry"}]},{"@type":"WebSite","@id":"https:\/\/blogs.es.amnesty.org\/castilla-leon\/#website","url":"https:\/\/blogs.es.amnesty.org\/castilla-leon\/","name":"Castilla y Le\u00f3n","description":"Blog de Amnist\u00eda Internacional en Castilla y Le\u00f3n","potentialAction":[{"@type":"SearchAction","target":{"@type":"EntryPoint","urlTemplate":"https:\/\/blogs.es.amnesty.org\/castilla-leon\/?s={search_term_string}"},"query-input":{"@type":"PropertyValueSpecification","valueRequired":true,"valueName":"search_term_string"}}],"inLanguage":"es"},{"@type":"Person","@id":"https:\/\/blogs.es.amnesty.org\/castilla-leon\/#\/schema\/person\/72c02e2f7c0653ba4613756a4f42e5f0","name":"AI Castilla y Le\u00f3n","image":{"@type":"ImageObject","inLanguage":"es","@id":"https:\/\/secure.gravatar.com\/avatar\/49824f30513cadad841c65412211570e575ce18e1ec799f652f2c085f1a695fc?s=96&d=mm&r=g","url":"https:\/\/secure.gravatar.com\/avatar\/49824f30513cadad841c65412211570e575ce18e1ec799f652f2c085f1a695fc?s=96&d=mm&r=g","contentUrl":"https:\/\/secure.gravatar.com\/avatar\/49824f30513cadad841c65412211570e575ce18e1ec799f652f2c085f1a695fc?s=96&d=mm&r=g","caption":"AI Castilla y Le\u00f3n"},"url":"https:\/\/blogs.es.amnesty.org\/castilla-leon\/autor\/comunicacioncyl\/"}]}},"_links":{"self":[{"href":"https:\/\/blogs.es.amnesty.org\/castilla-leon\/wp-json\/wp\/v2\/posts\/598","targetHints":{"allow":["GET"]}}],"collection":[{"href":"https:\/\/blogs.es.amnesty.org\/castilla-leon\/wp-json\/wp\/v2\/posts"}],"about":[{"href":"https:\/\/blogs.es.amnesty.org\/castilla-leon\/wp-json\/wp\/v2\/types\/post"}],"author":[{"embeddable":true,"href":"https:\/\/blogs.es.amnesty.org\/castilla-leon\/wp-json\/wp\/v2\/users\/41"}],"replies":[{"embeddable":true,"href":"https:\/\/blogs.es.amnesty.org\/castilla-leon\/wp-json\/wp\/v2\/comments?post=598"}],"version-history":[{"count":0,"href":"https:\/\/blogs.es.amnesty.org\/castilla-leon\/wp-json\/wp\/v2\/posts\/598\/revisions"}],"wp:featuredmedia":[{"embeddable":true,"href":"https:\/\/blogs.es.amnesty.org\/castilla-leon\/wp-json\/wp\/v2\/media\/599"}],"wp:attachment":[{"href":"https:\/\/blogs.es.amnesty.org\/castilla-leon\/wp-json\/wp\/v2\/media?parent=598"}],"wp:term":[{"taxonomy":"category","embeddable":true,"href":"https:\/\/blogs.es.amnesty.org\/castilla-leon\/wp-json\/wp\/v2\/categories?post=598"},{"taxonomy":"post_tag","embeddable":true,"href":"https:\/\/blogs.es.amnesty.org\/castilla-leon\/wp-json\/wp\/v2\/tags?post=598"}],"curies":[{"name":"wp","href":"https:\/\/api.w.org\/{rel}","templated":true}]}}