{"id":615,"date":"2021-01-21T18:15:37","date_gmt":"2021-01-21T18:15:37","guid":{"rendered":"https:\/\/blogs.es.amnesty.org\/castilla-leon\/?p=615"},"modified":"2021-01-21T18:15:38","modified_gmt":"2021-01-21T18:15:38","slug":"19-anos-de-guantanamo-biden-debe-cumplir-su-palabra","status":"publish","type":"post","link":"https:\/\/blogs.es.amnesty.org\/castilla-leon\/2021\/01\/21\/19-anos-de-guantanamo-biden-debe-cumplir-su-palabra\/","title":{"rendered":"19 a\u00f1os de Guant\u00e1namo. Biden debe cumplir su palabra"},"content":{"rendered":"\n<p class=\"wp-block-paragraph\">Se cumplen 19 a\u00f1os de la creaci\u00f3n de la prisi\u00f3n de Guant\u00e1namo, un centro de detenci\u00f3n al margen de la legalidad donde siguen recluidas indefinidamente 40 personas privadas de sus derechos m\u00e1s elementales, sufriendo torturas y malos tratos, sin asistencia m\u00e9dica adecuada y sin un juicio con las debidas garant\u00edas. <\/p>\n\n\n\n<p class=\"wp-block-paragraph\">Amnist\u00eda Internacional (AI) acaba de publicar un informe que documenta estas violaciones de derechos humanos por las que nadie ha rendido cuentas. Los traslados desde sus instalaciones se han paralizado, e incluso personas cuya liberaci\u00f3n hab\u00eda sido autorizada han continuado encarceladas durante a\u00f1os.<\/p>\n\n\n\n<p class=\"wp-block-paragraph\"><br>En 2009, el entonces vicepresidente de EE.UU. y actual presidente electo Joe Biden declar\u00f3: \u201cHaremos respetar los derechos de las personas a las que llevemos ante la justicia. Y cerraremos el centro de detenci\u00f3n de Guant\u00e1namo\u201d, recalcando que \u201clos tratados y las organizaciones internacionales que establecemos han de ser cre\u00edbles y eficaces\u201d. <\/p>\n\n\n\n<p class=\"wp-block-paragraph\">Doce a\u00f1os despu\u00e9s, cuando se va a convertir en presidente, tiene la oportunidad de cumplir con su palabra. Es una cuesti\u00f3n de justicia y de derechos humanos. <\/p>\n\n\n\n<p class=\"wp-block-paragraph\"><br><em> Mar Mart\u00edn.<\/em> Publicado en Diario de Burgos en enero 2021<\/p>\n\n\n\n<div class=\"wp-block-button aligncenter\"><a class=\"wp-block-button__link has-text-color has-very-dark-gray-color has-background has-luminous-vivid-amber-background-color\" href=\"https:\/\/www.es.amnesty.org\/actua\/acciones\/cerrar-guantanamo-ene21\/\">Firma la petici\u00f3n<\/a><\/div>\n\n\n\n<p class=\"wp-block-paragraph\"><\/p>\n","protected":false},"excerpt":{"rendered":"<p>Se cumplen 19 a\u00f1os de la creaci\u00f3n de la prisi\u00f3n de Guant\u00e1namo, un centro de detenci\u00f3n al margen de la legalidad donde siguen recluidas indefinidamente 40 personas privadas de sus derechos m\u00e1s elementales, sufriendo torturas y malos tratos, sin asistencia m\u00e9dica adecuada y sin un juicio con las debidas garant\u00edas.<\/p>\n","protected":false},"author":58,"featured_media":616,"comment_status":"open","ping_status":"open","sticky":false,"template":"","format":"standard","meta":{"_acf_changed":false,"footnotes":"","_members_access_role":[],"_members_access_error":""},"categories":[14],"tags":[115,113,111,114,89,112],"class_list":["post-615","post","type-post","status-publish","format-standard","has-post-thumbnail","hentry","category-burgos","tag-biden","tag-carcel","tag-derechos-humanos","tag-detencion-ilegal","tag-eeuu","tag-guantanamo"],"acf":[],"yoast_head":"<!-- This site is optimized with the Yoast SEO plugin v28.2 - https:\/\/yoast.com\/product\/yoast-seo-wordpress\/ -->\n<title>19 a\u00f1os de Guant\u00e1namo. Biden debe cumplir su palabra - Castilla y Le\u00f3n<\/title>\n<meta name=\"robots\" content=\"index, follow, max-snippet:-1, max-image-preview:large, max-video-preview:-1\" \/>\n<link rel=\"canonical\" href=\"https:\/\/blogs.es.amnesty.org\/castilla-leon\/2021\/01\/21\/19-anos-de-guantanamo-biden-debe-cumplir-su-palabra\/\" \/>\n<meta property=\"og:locale\" content=\"es_ES\" \/>\n<meta property=\"og:type\" content=\"article\" \/>\n<meta property=\"og:title\" content=\"19 a\u00f1os de Guant\u00e1namo. Biden debe cumplir su palabra - Castilla y Le\u00f3n\" \/>\n<meta property=\"og:description\" content=\"Se cumplen 19 a\u00f1os de la creaci\u00f3n de la prisi\u00f3n de Guant\u00e1namo, un centro de detenci\u00f3n al margen de la legalidad donde siguen recluidas indefinidamente 40 personas privadas de sus derechos m\u00e1s elementales, sufriendo torturas y malos tratos, sin asistencia m\u00e9dica adecuada y sin un juicio con las debidas garant\u00edas.\" \/>\n<meta property=\"og:url\" content=\"https:\/\/blogs.es.amnesty.org\/castilla-leon\/2021\/01\/21\/19-anos-de-guantanamo-biden-debe-cumplir-su-palabra\/\" \/>\n<meta property=\"og:site_name\" content=\"Castilla y Le\u00f3n\" \/>\n<meta property=\"article:published_time\" content=\"2021-01-21T18:15:37+00:00\" \/>\n<meta property=\"article:modified_time\" content=\"2021-01-21T18:15:38+00:00\" \/>\n<meta property=\"og:image\" content=\"https:\/\/blogs.es.amnesty.org\/files\/uploads\/sites\/10\/2021\/01\/168080.jpg\" \/>\n\t<meta property=\"og:image:width\" content=\"1500\" \/>\n\t<meta property=\"og:image:height\" content=\"1000\" \/>\n\t<meta property=\"og:image:type\" content=\"image\/jpeg\" \/>\n<meta name=\"author\" content=\"Grupo local de Burgos\" \/>\n<meta name=\"twitter:card\" content=\"summary_large_image\" \/>\n<meta name=\"twitter:label1\" content=\"Escrito por\" \/>\n\t<meta name=\"twitter:data1\" content=\"Grupo local de Burgos\" \/>\n\t<meta name=\"twitter:label2\" content=\"Tiempo de lectura\" \/>\n\t<meta name=\"twitter:data2\" content=\"1 minuto\" \/>\n<script type=\"application\/ld+json\" class=\"yoast-schema-graph\">{\"@context\":\"https:\\\/\\\/schema.org\",\"@graph\":[{\"@type\":\"Article\",\"@id\":\"https:\\\/\\\/blogs.es.amnesty.org\\\/castilla-leon\\\/2021\\\/01\\\/21\\\/19-anos-de-guantanamo-biden-debe-cumplir-su-palabra\\\/#article\",\"isPartOf\":{\"@id\":\"https:\\\/\\\/blogs.es.amnesty.org\\\/castilla-leon\\\/2021\\\/01\\\/21\\\/19-anos-de-guantanamo-biden-debe-cumplir-su-palabra\\\/\"},\"author\":{\"name\":\"Grupo local de Burgos\",\"@id\":\"https:\\\/\\\/blogs.es.amnesty.org\\\/castilla-leon\\\/#\\\/schema\\\/person\\\/7636d532a5ce43dfae768fb154767fcf\"},\"headline\":\"19 a\u00f1os de Guant\u00e1namo. Biden debe cumplir su palabra\",\"datePublished\":\"2021-01-21T18:15:37+00:00\",\"dateModified\":\"2021-01-21T18:15:38+00:00\",\"mainEntityOfPage\":{\"@id\":\"https:\\\/\\\/blogs.es.amnesty.org\\\/castilla-leon\\\/2021\\\/01\\\/21\\\/19-anos-de-guantanamo-biden-debe-cumplir-su-palabra\\\/\"},\"wordCount\":212,\"commentCount\":0,\"image\":{\"@id\":\"https:\\\/\\\/blogs.es.amnesty.org\\\/castilla-leon\\\/2021\\\/01\\\/21\\\/19-anos-de-guantanamo-biden-debe-cumplir-su-palabra\\\/#primaryimage\"},\"thumbnailUrl\":\"https:\\\/\\\/blogs.es.amnesty.org\\\/files\\\/uploads\\\/sites\\\/10\\\/2021\\\/01\\\/168080.jpg\",\"keywords\":[\"Biden\",\"c\u00e1rcel\",\"derechos humanos\",\"detenci\u00f3n ilegal\",\"EEUU\",\"Guant\u00e1namo\"],\"articleSection\":[\"Burgos\"],\"inLanguage\":\"es\",\"potentialAction\":[{\"@type\":\"CommentAction\",\"name\":\"Comment\",\"target\":[\"https:\\\/\\\/blogs.es.amnesty.org\\\/castilla-leon\\\/2021\\\/01\\\/21\\\/19-anos-de-guantanamo-biden-debe-cumplir-su-palabra\\\/#respond\"]}]},{\"@type\":\"WebPage\",\"@id\":\"https:\\\/\\\/blogs.es.amnesty.org\\\/castilla-leon\\\/2021\\\/01\\\/21\\\/19-anos-de-guantanamo-biden-debe-cumplir-su-palabra\\\/\",\"url\":\"https:\\\/\\\/blogs.es.amnesty.org\\\/castilla-leon\\\/2021\\\/01\\\/21\\\/19-anos-de-guantanamo-biden-debe-cumplir-su-palabra\\\/\",\"name\":\"19 a\u00f1os de Guant\u00e1namo. Biden debe cumplir su palabra - Castilla y Le\u00f3n\",\"isPartOf\":{\"@id\":\"https:\\\/\\\/blogs.es.amnesty.org\\\/castilla-leon\\\/#website\"},\"primaryImageOfPage\":{\"@id\":\"https:\\\/\\\/blogs.es.amnesty.org\\\/castilla-leon\\\/2021\\\/01\\\/21\\\/19-anos-de-guantanamo-biden-debe-cumplir-su-palabra\\\/#primaryimage\"},\"image\":{\"@id\":\"https:\\\/\\\/blogs.es.amnesty.org\\\/castilla-leon\\\/2021\\\/01\\\/21\\\/19-anos-de-guantanamo-biden-debe-cumplir-su-palabra\\\/#primaryimage\"},\"thumbnailUrl\":\"https:\\\/\\\/blogs.es.amnesty.org\\\/files\\\/uploads\\\/sites\\\/10\\\/2021\\\/01\\\/168080.jpg\",\"datePublished\":\"2021-01-21T18:15:37+00:00\",\"dateModified\":\"2021-01-21T18:15:38+00:00\",\"author\":{\"@id\":\"https:\\\/\\\/blogs.es.amnesty.org\\\/castilla-leon\\\/#\\\/schema\\\/person\\\/7636d532a5ce43dfae768fb154767fcf\"},\"breadcrumb\":{\"@id\":\"https:\\\/\\\/blogs.es.amnesty.org\\\/castilla-leon\\\/2021\\\/01\\\/21\\\/19-anos-de-guantanamo-biden-debe-cumplir-su-palabra\\\/#breadcrumb\"},\"inLanguage\":\"es\",\"potentialAction\":[{\"@type\":\"ReadAction\",\"target\":[\"https:\\\/\\\/blogs.es.amnesty.org\\\/castilla-leon\\\/2021\\\/01\\\/21\\\/19-anos-de-guantanamo-biden-debe-cumplir-su-palabra\\\/\"]}]},{\"@type\":\"ImageObject\",\"inLanguage\":\"es\",\"@id\":\"https:\\\/\\\/blogs.es.amnesty.org\\\/castilla-leon\\\/2021\\\/01\\\/21\\\/19-anos-de-guantanamo-biden-debe-cumplir-su-palabra\\\/#primaryimage\",\"url\":\"https:\\\/\\\/blogs.es.amnesty.org\\\/files\\\/uploads\\\/sites\\\/10\\\/2021\\\/01\\\/168080.jpg\",\"contentUrl\":\"https:\\\/\\\/blogs.es.amnesty.org\\\/files\\\/uploads\\\/sites\\\/10\\\/2021\\\/01\\\/168080.jpg\",\"width\":1500,\"height\":1000,\"caption\":\"cierren guantanamo\"},{\"@type\":\"BreadcrumbList\",\"@id\":\"https:\\\/\\\/blogs.es.amnesty.org\\\/castilla-leon\\\/2021\\\/01\\\/21\\\/19-anos-de-guantanamo-biden-debe-cumplir-su-palabra\\\/#breadcrumb\",\"itemListElement\":[{\"@type\":\"ListItem\",\"position\":1,\"name\":\"Portada\",\"item\":\"https:\\\/\\\/blogs.es.amnesty.org\\\/castilla-leon\\\/\"},{\"@type\":\"ListItem\",\"position\":2,\"name\":\"19 a\u00f1os de Guant\u00e1namo. Biden debe cumplir su palabra\"}]},{\"@type\":\"WebSite\",\"@id\":\"https:\\\/\\\/blogs.es.amnesty.org\\\/castilla-leon\\\/#website\",\"url\":\"https:\\\/\\\/blogs.es.amnesty.org\\\/castilla-leon\\\/\",\"name\":\"Castilla y Le\u00f3n\",\"description\":\"Blog de Amnist\u00eda Internacional en Castilla y Le\u00f3n\",\"potentialAction\":[{\"@type\":\"SearchAction\",\"target\":{\"@type\":\"EntryPoint\",\"urlTemplate\":\"https:\\\/\\\/blogs.es.amnesty.org\\\/castilla-leon\\\/?s={search_term_string}\"},\"query-input\":{\"@type\":\"PropertyValueSpecification\",\"valueRequired\":true,\"valueName\":\"search_term_string\"}}],\"inLanguage\":\"es\"},{\"@type\":\"Person\",\"@id\":\"https:\\\/\\\/blogs.es.amnesty.org\\\/castilla-leon\\\/#\\\/schema\\\/person\\\/7636d532a5ce43dfae768fb154767fcf\",\"name\":\"Grupo local de Burgos\",\"image\":{\"@type\":\"ImageObject\",\"inLanguage\":\"es\",\"@id\":\"https:\\\/\\\/secure.gravatar.com\\\/avatar\\\/9c63040123c66475eafe52a8af34bdca80e27f39af00901fcf6ccbe03e7bceb9?s=96&d=mm&r=g\",\"url\":\"https:\\\/\\\/secure.gravatar.com\\\/avatar\\\/9c63040123c66475eafe52a8af34bdca80e27f39af00901fcf6ccbe03e7bceb9?s=96&d=mm&r=g\",\"contentUrl\":\"https:\\\/\\\/secure.gravatar.com\\\/avatar\\\/9c63040123c66475eafe52a8af34bdca80e27f39af00901fcf6ccbe03e7bceb9?s=96&d=mm&r=g\",\"caption\":\"Grupo local de Burgos\"},\"url\":\"https:\\\/\\\/blogs.es.amnesty.org\\\/castilla-leon\\\/autor\\\/burgos\\\/\"}]}<\/script>\n<!-- \/ Yoast SEO plugin. -->","yoast_head_json":{"title":"19 a\u00f1os de Guant\u00e1namo. Biden debe cumplir su palabra - Castilla y Le\u00f3n","robots":{"index":"index","follow":"follow","max-snippet":"max-snippet:-1","max-image-preview":"max-image-preview:large","max-video-preview":"max-video-preview:-1"},"canonical":"https:\/\/blogs.es.amnesty.org\/castilla-leon\/2021\/01\/21\/19-anos-de-guantanamo-biden-debe-cumplir-su-palabra\/","og_locale":"es_ES","og_type":"article","og_title":"19 a\u00f1os de Guant\u00e1namo. Biden debe cumplir su palabra - Castilla y Le\u00f3n","og_description":"Se cumplen 19 a\u00f1os de la creaci\u00f3n de la prisi\u00f3n de Guant\u00e1namo, un centro de detenci\u00f3n al margen de la legalidad donde siguen recluidas indefinidamente 40 personas privadas de sus derechos m\u00e1s elementales, sufriendo torturas y malos tratos, sin asistencia m\u00e9dica adecuada y sin un juicio con las debidas garant\u00edas.","og_url":"https:\/\/blogs.es.amnesty.org\/castilla-leon\/2021\/01\/21\/19-anos-de-guantanamo-biden-debe-cumplir-su-palabra\/","og_site_name":"Castilla y Le\u00f3n","article_published_time":"2021-01-21T18:15:37+00:00","article_modified_time":"2021-01-21T18:15:38+00:00","og_image":[{"width":1500,"height":1000,"url":"https:\/\/blogs.es.amnesty.org\/files\/uploads\/sites\/10\/2021\/01\/168080.jpg","type":"image\/jpeg"}],"author":"Grupo local de Burgos","twitter_card":"summary_large_image","twitter_misc":{"Escrito por":"Grupo local de Burgos","Tiempo de lectura":"1 minuto"},"schema":{"@context":"https:\/\/schema.org","@graph":[{"@type":"Article","@id":"https:\/\/blogs.es.amnesty.org\/castilla-leon\/2021\/01\/21\/19-anos-de-guantanamo-biden-debe-cumplir-su-palabra\/#article","isPartOf":{"@id":"https:\/\/blogs.es.amnesty.org\/castilla-leon\/2021\/01\/21\/19-anos-de-guantanamo-biden-debe-cumplir-su-palabra\/"},"author":{"name":"Grupo local de Burgos","@id":"https:\/\/blogs.es.amnesty.org\/castilla-leon\/#\/schema\/person\/7636d532a5ce43dfae768fb154767fcf"},"headline":"19 a\u00f1os de Guant\u00e1namo. Biden debe cumplir su palabra","datePublished":"2021-01-21T18:15:37+00:00","dateModified":"2021-01-21T18:15:38+00:00","mainEntityOfPage":{"@id":"https:\/\/blogs.es.amnesty.org\/castilla-leon\/2021\/01\/21\/19-anos-de-guantanamo-biden-debe-cumplir-su-palabra\/"},"wordCount":212,"commentCount":0,"image":{"@id":"https:\/\/blogs.es.amnesty.org\/castilla-leon\/2021\/01\/21\/19-anos-de-guantanamo-biden-debe-cumplir-su-palabra\/#primaryimage"},"thumbnailUrl":"https:\/\/blogs.es.amnesty.org\/files\/uploads\/sites\/10\/2021\/01\/168080.jpg","keywords":["Biden","c\u00e1rcel","derechos humanos","detenci\u00f3n ilegal","EEUU","Guant\u00e1namo"],"articleSection":["Burgos"],"inLanguage":"es","potentialAction":[{"@type":"CommentAction","name":"Comment","target":["https:\/\/blogs.es.amnesty.org\/castilla-leon\/2021\/01\/21\/19-anos-de-guantanamo-biden-debe-cumplir-su-palabra\/#respond"]}]},{"@type":"WebPage","@id":"https:\/\/blogs.es.amnesty.org\/castilla-leon\/2021\/01\/21\/19-anos-de-guantanamo-biden-debe-cumplir-su-palabra\/","url":"https:\/\/blogs.es.amnesty.org\/castilla-leon\/2021\/01\/21\/19-anos-de-guantanamo-biden-debe-cumplir-su-palabra\/","name":"19 a\u00f1os de Guant\u00e1namo. Biden debe cumplir su palabra - Castilla y Le\u00f3n","isPartOf":{"@id":"https:\/\/blogs.es.amnesty.org\/castilla-leon\/#website"},"primaryImageOfPage":{"@id":"https:\/\/blogs.es.amnesty.org\/castilla-leon\/2021\/01\/21\/19-anos-de-guantanamo-biden-debe-cumplir-su-palabra\/#primaryimage"},"image":{"@id":"https:\/\/blogs.es.amnesty.org\/castilla-leon\/2021\/01\/21\/19-anos-de-guantanamo-biden-debe-cumplir-su-palabra\/#primaryimage"},"thumbnailUrl":"https:\/\/blogs.es.amnesty.org\/files\/uploads\/sites\/10\/2021\/01\/168080.jpg","datePublished":"2021-01-21T18:15:37+00:00","dateModified":"2021-01-21T18:15:38+00:00","author":{"@id":"https:\/\/blogs.es.amnesty.org\/castilla-leon\/#\/schema\/person\/7636d532a5ce43dfae768fb154767fcf"},"breadcrumb":{"@id":"https:\/\/blogs.es.amnesty.org\/castilla-leon\/2021\/01\/21\/19-anos-de-guantanamo-biden-debe-cumplir-su-palabra\/#breadcrumb"},"inLanguage":"es","potentialAction":[{"@type":"ReadAction","target":["https:\/\/blogs.es.amnesty.org\/castilla-leon\/2021\/01\/21\/19-anos-de-guantanamo-biden-debe-cumplir-su-palabra\/"]}]},{"@type":"ImageObject","inLanguage":"es","@id":"https:\/\/blogs.es.amnesty.org\/castilla-leon\/2021\/01\/21\/19-anos-de-guantanamo-biden-debe-cumplir-su-palabra\/#primaryimage","url":"https:\/\/blogs.es.amnesty.org\/files\/uploads\/sites\/10\/2021\/01\/168080.jpg","contentUrl":"https:\/\/blogs.es.amnesty.org\/files\/uploads\/sites\/10\/2021\/01\/168080.jpg","width":1500,"height":1000,"caption":"cierren guantanamo"},{"@type":"BreadcrumbList","@id":"https:\/\/blogs.es.amnesty.org\/castilla-leon\/2021\/01\/21\/19-anos-de-guantanamo-biden-debe-cumplir-su-palabra\/#breadcrumb","itemListElement":[{"@type":"ListItem","position":1,"name":"Portada","item":"https:\/\/blogs.es.amnesty.org\/castilla-leon\/"},{"@type":"ListItem","position":2,"name":"19 a\u00f1os de Guant\u00e1namo. Biden debe cumplir su palabra"}]},{"@type":"WebSite","@id":"https:\/\/blogs.es.amnesty.org\/castilla-leon\/#website","url":"https:\/\/blogs.es.amnesty.org\/castilla-leon\/","name":"Castilla y Le\u00f3n","description":"Blog de Amnist\u00eda Internacional en Castilla y Le\u00f3n","potentialAction":[{"@type":"SearchAction","target":{"@type":"EntryPoint","urlTemplate":"https:\/\/blogs.es.amnesty.org\/castilla-leon\/?s={search_term_string}"},"query-input":{"@type":"PropertyValueSpecification","valueRequired":true,"valueName":"search_term_string"}}],"inLanguage":"es"},{"@type":"Person","@id":"https:\/\/blogs.es.amnesty.org\/castilla-leon\/#\/schema\/person\/7636d532a5ce43dfae768fb154767fcf","name":"Grupo local de Burgos","image":{"@type":"ImageObject","inLanguage":"es","@id":"https:\/\/secure.gravatar.com\/avatar\/9c63040123c66475eafe52a8af34bdca80e27f39af00901fcf6ccbe03e7bceb9?s=96&d=mm&r=g","url":"https:\/\/secure.gravatar.com\/avatar\/9c63040123c66475eafe52a8af34bdca80e27f39af00901fcf6ccbe03e7bceb9?s=96&d=mm&r=g","contentUrl":"https:\/\/secure.gravatar.com\/avatar\/9c63040123c66475eafe52a8af34bdca80e27f39af00901fcf6ccbe03e7bceb9?s=96&d=mm&r=g","caption":"Grupo local de Burgos"},"url":"https:\/\/blogs.es.amnesty.org\/castilla-leon\/autor\/burgos\/"}]}},"_links":{"self":[{"href":"https:\/\/blogs.es.amnesty.org\/castilla-leon\/wp-json\/wp\/v2\/posts\/615","targetHints":{"allow":["GET"]}}],"collection":[{"href":"https:\/\/blogs.es.amnesty.org\/castilla-leon\/wp-json\/wp\/v2\/posts"}],"about":[{"href":"https:\/\/blogs.es.amnesty.org\/castilla-leon\/wp-json\/wp\/v2\/types\/post"}],"author":[{"embeddable":true,"href":"https:\/\/blogs.es.amnesty.org\/castilla-leon\/wp-json\/wp\/v2\/users\/58"}],"replies":[{"embeddable":true,"href":"https:\/\/blogs.es.amnesty.org\/castilla-leon\/wp-json\/wp\/v2\/comments?post=615"}],"version-history":[{"count":0,"href":"https:\/\/blogs.es.amnesty.org\/castilla-leon\/wp-json\/wp\/v2\/posts\/615\/revisions"}],"wp:featuredmedia":[{"embeddable":true,"href":"https:\/\/blogs.es.amnesty.org\/castilla-leon\/wp-json\/wp\/v2\/media\/616"}],"wp:attachment":[{"href":"https:\/\/blogs.es.amnesty.org\/castilla-leon\/wp-json\/wp\/v2\/media?parent=615"}],"wp:term":[{"taxonomy":"category","embeddable":true,"href":"https:\/\/blogs.es.amnesty.org\/castilla-leon\/wp-json\/wp\/v2\/categories?post=615"},{"taxonomy":"post_tag","embeddable":true,"href":"https:\/\/blogs.es.amnesty.org\/castilla-leon\/wp-json\/wp\/v2\/tags?post=615"}],"curies":[{"name":"wp","href":"https:\/\/api.w.org\/{rel}","templated":true}]}}