{"id":618,"date":"2021-01-24T19:39:40","date_gmt":"2021-01-24T19:39:40","guid":{"rendered":"https:\/\/blogs.es.amnesty.org\/castilla-leon\/?p=618"},"modified":"2021-01-24T19:39:41","modified_gmt":"2021-01-24T19:39:41","slug":"deja-tu-mensaje-a-las-personas-defensoras-de-los-ddhh-en-china","status":"publish","type":"post","link":"https:\/\/blogs.es.amnesty.org\/castilla-leon\/2021\/01\/24\/deja-tu-mensaje-a-las-personas-defensoras-de-los-ddhh-en-china\/","title":{"rendered":"Deja tu mensaje a las personas defensoras de los DDHH en China"},"content":{"rendered":"\n<p class=\"wp-block-paragraph\">Con motivo del a\u00f1o nuevo chino te animamos a dejar tu mensaje de \u00e1nimo y solidaridad a las personas defensoras de los derechos humanos que han sido detenidas por su defensa de los derechos humanos en este pa\u00eds.<\/p>\n\n\n\n<p class=\"wp-block-paragraph\">Tu mensaje ser\u00e1 un gran apoyo para estas personas valientes y supondr\u00e1n un aviso a las autoridades chinas de que les estamos vigilando para que cumplan con el derecho internacional.<\/p>\n\n\n\n<figure class=\"wp-block-image size-large is-resized\"><a href=\"https:\/\/www.es.amnesty.org\/en-que-estamos\/campanas\/salva-una-vida\/\"><img loading=\"lazy\" decoding=\"async\" src=\"https:\/\/blogs.es.amnesty.org\/files\/uploads\/sites\/10\/2021\/01\/Screenshot_2021-01-24-Salva-una-vida-1044x440.png\" alt=\"defensores derechos humanos\" class=\"wp-image-620\" width=\"600\" height=\"220\" \/><\/a><\/figure>\n\n\n\n<p class=\"wp-block-paragraph\"><\/p>\n\n\n\n<p class=\"wp-block-paragraph\">Es muy f\u00e1cil enviar tu mensaje. Puedes inspirarte en los mensajes de ejemplo. <\/p>\n\n\n\n<div class=\"wp-block-button aligncenter\"><a class=\"wp-block-button__link has-text-color has-very-dark-gray-color has-background\" href=\"https:\/\/www.es.amnesty.org\/en-que-estamos\/campanas\/salva-una-vida\/\" style=\"background-color:#fffb06\"><strong>\u00a1Env\u00eda tu mensaje!<\/strong><\/a><\/div>\n","protected":false},"excerpt":{"rendered":"<p>Muestra tu apoyo y aliento a las personas defensoras de los derechos humanos con motivo del a\u00f1o nuevo chino.<\/p>\n","protected":false},"author":58,"featured_media":619,"comment_status":"open","ping_status":"open","sticky":false,"template":"","format":"standard","meta":{"_acf_changed":false,"footnotes":"","_members_access_role":[],"_members_access_error":""},"categories":[14],"tags":[116,63,117,118],"class_list":["post-618","post","type-post","status-publish","format-standard","has-post-thumbnail","hentry","category-burgos","tag-ano-nuevo-chino","tag-china","tag-defensores-derechos-humanos","tag-mensaje"],"acf":[],"yoast_head":"<!-- This site is optimized with the Yoast SEO plugin v28.2 - https:\/\/yoast.com\/product\/yoast-seo-wordpress\/ -->\n<title>Deja tu mensaje a las personas defensoras de los DDHH en China - Castilla y Le\u00f3n<\/title>\n<meta name=\"robots\" content=\"index, follow, max-snippet:-1, max-image-preview:large, max-video-preview:-1\" \/>\n<link rel=\"canonical\" href=\"https:\/\/blogs.es.amnesty.org\/castilla-leon\/2021\/01\/24\/deja-tu-mensaje-a-las-personas-defensoras-de-los-ddhh-en-china\/\" \/>\n<meta property=\"og:locale\" content=\"es_ES\" \/>\n<meta property=\"og:type\" content=\"article\" \/>\n<meta property=\"og:title\" content=\"Deja tu mensaje a las personas defensoras de los DDHH en China - Castilla y Le\u00f3n\" \/>\n<meta property=\"og:description\" content=\"Muestra tu apoyo y aliento a las personas defensoras de los derechos humanos con motivo del a\u00f1o nuevo chino.\" \/>\n<meta property=\"og:url\" content=\"https:\/\/blogs.es.amnesty.org\/castilla-leon\/2021\/01\/24\/deja-tu-mensaje-a-las-personas-defensoras-de-los-ddhh-en-china\/\" \/>\n<meta property=\"og:site_name\" content=\"Castilla y Le\u00f3n\" \/>\n<meta property=\"article:published_time\" content=\"2021-01-24T19:39:40+00:00\" \/>\n<meta property=\"article:modified_time\" content=\"2021-01-24T19:39:41+00:00\" \/>\n<meta property=\"og:image\" content=\"https:\/\/blogs.es.amnesty.org\/files\/uploads\/sites\/10\/2021\/01\/message-in-a-bottle-3437294_1920.jpg\" \/>\n\t<meta property=\"og:image:width\" content=\"1920\" \/>\n\t<meta property=\"og:image:height\" content=\"1293\" \/>\n\t<meta property=\"og:image:type\" content=\"image\/jpeg\" \/>\n<meta name=\"author\" content=\"Grupo local de Burgos\" \/>\n<meta name=\"twitter:card\" content=\"summary_large_image\" \/>\n<meta name=\"twitter:label1\" content=\"Escrito por\" \/>\n\t<meta name=\"twitter:data1\" content=\"Grupo local de Burgos\" \/>\n<script type=\"application\/ld+json\" class=\"yoast-schema-graph\">{\"@context\":\"https:\\\/\\\/schema.org\",\"@graph\":[{\"@type\":\"Article\",\"@id\":\"https:\\\/\\\/blogs.es.amnesty.org\\\/castilla-leon\\\/2021\\\/01\\\/24\\\/deja-tu-mensaje-a-las-personas-defensoras-de-los-ddhh-en-china\\\/#article\",\"isPartOf\":{\"@id\":\"https:\\\/\\\/blogs.es.amnesty.org\\\/castilla-leon\\\/2021\\\/01\\\/24\\\/deja-tu-mensaje-a-las-personas-defensoras-de-los-ddhh-en-china\\\/\"},\"author\":{\"name\":\"Grupo local de Burgos\",\"@id\":\"https:\\\/\\\/blogs.es.amnesty.org\\\/castilla-leon\\\/#\\\/schema\\\/person\\\/7636d532a5ce43dfae768fb154767fcf\"},\"headline\":\"Deja tu mensaje a las personas defensoras de los DDHH en China\",\"datePublished\":\"2021-01-24T19:39:40+00:00\",\"dateModified\":\"2021-01-24T19:39:41+00:00\",\"mainEntityOfPage\":{\"@id\":\"https:\\\/\\\/blogs.es.amnesty.org\\\/castilla-leon\\\/2021\\\/01\\\/24\\\/deja-tu-mensaje-a-las-personas-defensoras-de-los-ddhh-en-china\\\/\"},\"wordCount\":101,\"commentCount\":0,\"image\":{\"@id\":\"https:\\\/\\\/blogs.es.amnesty.org\\\/castilla-leon\\\/2021\\\/01\\\/24\\\/deja-tu-mensaje-a-las-personas-defensoras-de-los-ddhh-en-china\\\/#primaryimage\"},\"thumbnailUrl\":\"https:\\\/\\\/blogs.es.amnesty.org\\\/files\\\/uploads\\\/sites\\\/10\\\/2021\\\/01\\\/message-in-a-bottle-3437294_1920.jpg\",\"keywords\":[\"a\u00f1o nuevo chino\",\"china\",\"defensores derechos humanos\",\"mensaje\"],\"articleSection\":[\"Burgos\"],\"inLanguage\":\"es\",\"potentialAction\":[{\"@type\":\"CommentAction\",\"name\":\"Comment\",\"target\":[\"https:\\\/\\\/blogs.es.amnesty.org\\\/castilla-leon\\\/2021\\\/01\\\/24\\\/deja-tu-mensaje-a-las-personas-defensoras-de-los-ddhh-en-china\\\/#respond\"]}]},{\"@type\":\"WebPage\",\"@id\":\"https:\\\/\\\/blogs.es.amnesty.org\\\/castilla-leon\\\/2021\\\/01\\\/24\\\/deja-tu-mensaje-a-las-personas-defensoras-de-los-ddhh-en-china\\\/\",\"url\":\"https:\\\/\\\/blogs.es.amnesty.org\\\/castilla-leon\\\/2021\\\/01\\\/24\\\/deja-tu-mensaje-a-las-personas-defensoras-de-los-ddhh-en-china\\\/\",\"name\":\"Deja tu mensaje a las personas defensoras de los DDHH en China - Castilla y Le\u00f3n\",\"isPartOf\":{\"@id\":\"https:\\\/\\\/blogs.es.amnesty.org\\\/castilla-leon\\\/#website\"},\"primaryImageOfPage\":{\"@id\":\"https:\\\/\\\/blogs.es.amnesty.org\\\/castilla-leon\\\/2021\\\/01\\\/24\\\/deja-tu-mensaje-a-las-personas-defensoras-de-los-ddhh-en-china\\\/#primaryimage\"},\"image\":{\"@id\":\"https:\\\/\\\/blogs.es.amnesty.org\\\/castilla-leon\\\/2021\\\/01\\\/24\\\/deja-tu-mensaje-a-las-personas-defensoras-de-los-ddhh-en-china\\\/#primaryimage\"},\"thumbnailUrl\":\"https:\\\/\\\/blogs.es.amnesty.org\\\/files\\\/uploads\\\/sites\\\/10\\\/2021\\\/01\\\/message-in-a-bottle-3437294_1920.jpg\",\"datePublished\":\"2021-01-24T19:39:40+00:00\",\"dateModified\":\"2021-01-24T19:39:41+00:00\",\"author\":{\"@id\":\"https:\\\/\\\/blogs.es.amnesty.org\\\/castilla-leon\\\/#\\\/schema\\\/person\\\/7636d532a5ce43dfae768fb154767fcf\"},\"breadcrumb\":{\"@id\":\"https:\\\/\\\/blogs.es.amnesty.org\\\/castilla-leon\\\/2021\\\/01\\\/24\\\/deja-tu-mensaje-a-las-personas-defensoras-de-los-ddhh-en-china\\\/#breadcrumb\"},\"inLanguage\":\"es\",\"potentialAction\":[{\"@type\":\"ReadAction\",\"target\":[\"https:\\\/\\\/blogs.es.amnesty.org\\\/castilla-leon\\\/2021\\\/01\\\/24\\\/deja-tu-mensaje-a-las-personas-defensoras-de-los-ddhh-en-china\\\/\"]}]},{\"@type\":\"ImageObject\",\"inLanguage\":\"es\",\"@id\":\"https:\\\/\\\/blogs.es.amnesty.org\\\/castilla-leon\\\/2021\\\/01\\\/24\\\/deja-tu-mensaje-a-las-personas-defensoras-de-los-ddhh-en-china\\\/#primaryimage\",\"url\":\"https:\\\/\\\/blogs.es.amnesty.org\\\/files\\\/uploads\\\/sites\\\/10\\\/2021\\\/01\\\/message-in-a-bottle-3437294_1920.jpg\",\"contentUrl\":\"https:\\\/\\\/blogs.es.amnesty.org\\\/files\\\/uploads\\\/sites\\\/10\\\/2021\\\/01\\\/message-in-a-bottle-3437294_1920.jpg\",\"width\":1920,\"height\":1293,\"caption\":\"Imagen de Antonios Ntoumas en Pixabay\"},{\"@type\":\"BreadcrumbList\",\"@id\":\"https:\\\/\\\/blogs.es.amnesty.org\\\/castilla-leon\\\/2021\\\/01\\\/24\\\/deja-tu-mensaje-a-las-personas-defensoras-de-los-ddhh-en-china\\\/#breadcrumb\",\"itemListElement\":[{\"@type\":\"ListItem\",\"position\":1,\"name\":\"Portada\",\"item\":\"https:\\\/\\\/blogs.es.amnesty.org\\\/castilla-leon\\\/\"},{\"@type\":\"ListItem\",\"position\":2,\"name\":\"Deja tu mensaje a las personas defensoras de los DDHH en China\"}]},{\"@type\":\"WebSite\",\"@id\":\"https:\\\/\\\/blogs.es.amnesty.org\\\/castilla-leon\\\/#website\",\"url\":\"https:\\\/\\\/blogs.es.amnesty.org\\\/castilla-leon\\\/\",\"name\":\"Castilla y Le\u00f3n\",\"description\":\"Blog de Amnist\u00eda Internacional en Castilla y Le\u00f3n\",\"potentialAction\":[{\"@type\":\"SearchAction\",\"target\":{\"@type\":\"EntryPoint\",\"urlTemplate\":\"https:\\\/\\\/blogs.es.amnesty.org\\\/castilla-leon\\\/?s={search_term_string}\"},\"query-input\":{\"@type\":\"PropertyValueSpecification\",\"valueRequired\":true,\"valueName\":\"search_term_string\"}}],\"inLanguage\":\"es\"},{\"@type\":\"Person\",\"@id\":\"https:\\\/\\\/blogs.es.amnesty.org\\\/castilla-leon\\\/#\\\/schema\\\/person\\\/7636d532a5ce43dfae768fb154767fcf\",\"name\":\"Grupo local de Burgos\",\"image\":{\"@type\":\"ImageObject\",\"inLanguage\":\"es\",\"@id\":\"https:\\\/\\\/secure.gravatar.com\\\/avatar\\\/9c63040123c66475eafe52a8af34bdca80e27f39af00901fcf6ccbe03e7bceb9?s=96&d=mm&r=g\",\"url\":\"https:\\\/\\\/secure.gravatar.com\\\/avatar\\\/9c63040123c66475eafe52a8af34bdca80e27f39af00901fcf6ccbe03e7bceb9?s=96&d=mm&r=g\",\"contentUrl\":\"https:\\\/\\\/secure.gravatar.com\\\/avatar\\\/9c63040123c66475eafe52a8af34bdca80e27f39af00901fcf6ccbe03e7bceb9?s=96&d=mm&r=g\",\"caption\":\"Grupo local de Burgos\"},\"url\":\"https:\\\/\\\/blogs.es.amnesty.org\\\/castilla-leon\\\/autor\\\/burgos\\\/\"}]}<\/script>\n<!-- \/ Yoast SEO plugin. -->","yoast_head_json":{"title":"Deja tu mensaje a las personas defensoras de los DDHH en China - Castilla y Le\u00f3n","robots":{"index":"index","follow":"follow","max-snippet":"max-snippet:-1","max-image-preview":"max-image-preview:large","max-video-preview":"max-video-preview:-1"},"canonical":"https:\/\/blogs.es.amnesty.org\/castilla-leon\/2021\/01\/24\/deja-tu-mensaje-a-las-personas-defensoras-de-los-ddhh-en-china\/","og_locale":"es_ES","og_type":"article","og_title":"Deja tu mensaje a las personas defensoras de los DDHH en China - Castilla y Le\u00f3n","og_description":"Muestra tu apoyo y aliento a las personas defensoras de los derechos humanos con motivo del a\u00f1o nuevo chino.","og_url":"https:\/\/blogs.es.amnesty.org\/castilla-leon\/2021\/01\/24\/deja-tu-mensaje-a-las-personas-defensoras-de-los-ddhh-en-china\/","og_site_name":"Castilla y Le\u00f3n","article_published_time":"2021-01-24T19:39:40+00:00","article_modified_time":"2021-01-24T19:39:41+00:00","og_image":[{"width":1920,"height":1293,"url":"https:\/\/blogs.es.amnesty.org\/files\/uploads\/sites\/10\/2021\/01\/message-in-a-bottle-3437294_1920.jpg","type":"image\/jpeg"}],"author":"Grupo local de Burgos","twitter_card":"summary_large_image","twitter_misc":{"Escrito por":"Grupo local de Burgos"},"schema":{"@context":"https:\/\/schema.org","@graph":[{"@type":"Article","@id":"https:\/\/blogs.es.amnesty.org\/castilla-leon\/2021\/01\/24\/deja-tu-mensaje-a-las-personas-defensoras-de-los-ddhh-en-china\/#article","isPartOf":{"@id":"https:\/\/blogs.es.amnesty.org\/castilla-leon\/2021\/01\/24\/deja-tu-mensaje-a-las-personas-defensoras-de-los-ddhh-en-china\/"},"author":{"name":"Grupo local de Burgos","@id":"https:\/\/blogs.es.amnesty.org\/castilla-leon\/#\/schema\/person\/7636d532a5ce43dfae768fb154767fcf"},"headline":"Deja tu mensaje a las personas defensoras de los DDHH en China","datePublished":"2021-01-24T19:39:40+00:00","dateModified":"2021-01-24T19:39:41+00:00","mainEntityOfPage":{"@id":"https:\/\/blogs.es.amnesty.org\/castilla-leon\/2021\/01\/24\/deja-tu-mensaje-a-las-personas-defensoras-de-los-ddhh-en-china\/"},"wordCount":101,"commentCount":0,"image":{"@id":"https:\/\/blogs.es.amnesty.org\/castilla-leon\/2021\/01\/24\/deja-tu-mensaje-a-las-personas-defensoras-de-los-ddhh-en-china\/#primaryimage"},"thumbnailUrl":"https:\/\/blogs.es.amnesty.org\/files\/uploads\/sites\/10\/2021\/01\/message-in-a-bottle-3437294_1920.jpg","keywords":["a\u00f1o nuevo chino","china","defensores derechos humanos","mensaje"],"articleSection":["Burgos"],"inLanguage":"es","potentialAction":[{"@type":"CommentAction","name":"Comment","target":["https:\/\/blogs.es.amnesty.org\/castilla-leon\/2021\/01\/24\/deja-tu-mensaje-a-las-personas-defensoras-de-los-ddhh-en-china\/#respond"]}]},{"@type":"WebPage","@id":"https:\/\/blogs.es.amnesty.org\/castilla-leon\/2021\/01\/24\/deja-tu-mensaje-a-las-personas-defensoras-de-los-ddhh-en-china\/","url":"https:\/\/blogs.es.amnesty.org\/castilla-leon\/2021\/01\/24\/deja-tu-mensaje-a-las-personas-defensoras-de-los-ddhh-en-china\/","name":"Deja tu mensaje a las personas defensoras de los DDHH en China - Castilla y Le\u00f3n","isPartOf":{"@id":"https:\/\/blogs.es.amnesty.org\/castilla-leon\/#website"},"primaryImageOfPage":{"@id":"https:\/\/blogs.es.amnesty.org\/castilla-leon\/2021\/01\/24\/deja-tu-mensaje-a-las-personas-defensoras-de-los-ddhh-en-china\/#primaryimage"},"image":{"@id":"https:\/\/blogs.es.amnesty.org\/castilla-leon\/2021\/01\/24\/deja-tu-mensaje-a-las-personas-defensoras-de-los-ddhh-en-china\/#primaryimage"},"thumbnailUrl":"https:\/\/blogs.es.amnesty.org\/files\/uploads\/sites\/10\/2021\/01\/message-in-a-bottle-3437294_1920.jpg","datePublished":"2021-01-24T19:39:40+00:00","dateModified":"2021-01-24T19:39:41+00:00","author":{"@id":"https:\/\/blogs.es.amnesty.org\/castilla-leon\/#\/schema\/person\/7636d532a5ce43dfae768fb154767fcf"},"breadcrumb":{"@id":"https:\/\/blogs.es.amnesty.org\/castilla-leon\/2021\/01\/24\/deja-tu-mensaje-a-las-personas-defensoras-de-los-ddhh-en-china\/#breadcrumb"},"inLanguage":"es","potentialAction":[{"@type":"ReadAction","target":["https:\/\/blogs.es.amnesty.org\/castilla-leon\/2021\/01\/24\/deja-tu-mensaje-a-las-personas-defensoras-de-los-ddhh-en-china\/"]}]},{"@type":"ImageObject","inLanguage":"es","@id":"https:\/\/blogs.es.amnesty.org\/castilla-leon\/2021\/01\/24\/deja-tu-mensaje-a-las-personas-defensoras-de-los-ddhh-en-china\/#primaryimage","url":"https:\/\/blogs.es.amnesty.org\/files\/uploads\/sites\/10\/2021\/01\/message-in-a-bottle-3437294_1920.jpg","contentUrl":"https:\/\/blogs.es.amnesty.org\/files\/uploads\/sites\/10\/2021\/01\/message-in-a-bottle-3437294_1920.jpg","width":1920,"height":1293,"caption":"Imagen de Antonios Ntoumas en Pixabay"},{"@type":"BreadcrumbList","@id":"https:\/\/blogs.es.amnesty.org\/castilla-leon\/2021\/01\/24\/deja-tu-mensaje-a-las-personas-defensoras-de-los-ddhh-en-china\/#breadcrumb","itemListElement":[{"@type":"ListItem","position":1,"name":"Portada","item":"https:\/\/blogs.es.amnesty.org\/castilla-leon\/"},{"@type":"ListItem","position":2,"name":"Deja tu mensaje a las personas defensoras de los DDHH en China"}]},{"@type":"WebSite","@id":"https:\/\/blogs.es.amnesty.org\/castilla-leon\/#website","url":"https:\/\/blogs.es.amnesty.org\/castilla-leon\/","name":"Castilla y Le\u00f3n","description":"Blog de Amnist\u00eda Internacional en Castilla y Le\u00f3n","potentialAction":[{"@type":"SearchAction","target":{"@type":"EntryPoint","urlTemplate":"https:\/\/blogs.es.amnesty.org\/castilla-leon\/?s={search_term_string}"},"query-input":{"@type":"PropertyValueSpecification","valueRequired":true,"valueName":"search_term_string"}}],"inLanguage":"es"},{"@type":"Person","@id":"https:\/\/blogs.es.amnesty.org\/castilla-leon\/#\/schema\/person\/7636d532a5ce43dfae768fb154767fcf","name":"Grupo local de Burgos","image":{"@type":"ImageObject","inLanguage":"es","@id":"https:\/\/secure.gravatar.com\/avatar\/9c63040123c66475eafe52a8af34bdca80e27f39af00901fcf6ccbe03e7bceb9?s=96&d=mm&r=g","url":"https:\/\/secure.gravatar.com\/avatar\/9c63040123c66475eafe52a8af34bdca80e27f39af00901fcf6ccbe03e7bceb9?s=96&d=mm&r=g","contentUrl":"https:\/\/secure.gravatar.com\/avatar\/9c63040123c66475eafe52a8af34bdca80e27f39af00901fcf6ccbe03e7bceb9?s=96&d=mm&r=g","caption":"Grupo local de Burgos"},"url":"https:\/\/blogs.es.amnesty.org\/castilla-leon\/autor\/burgos\/"}]}},"_links":{"self":[{"href":"https:\/\/blogs.es.amnesty.org\/castilla-leon\/wp-json\/wp\/v2\/posts\/618","targetHints":{"allow":["GET"]}}],"collection":[{"href":"https:\/\/blogs.es.amnesty.org\/castilla-leon\/wp-json\/wp\/v2\/posts"}],"about":[{"href":"https:\/\/blogs.es.amnesty.org\/castilla-leon\/wp-json\/wp\/v2\/types\/post"}],"author":[{"embeddable":true,"href":"https:\/\/blogs.es.amnesty.org\/castilla-leon\/wp-json\/wp\/v2\/users\/58"}],"replies":[{"embeddable":true,"href":"https:\/\/blogs.es.amnesty.org\/castilla-leon\/wp-json\/wp\/v2\/comments?post=618"}],"version-history":[{"count":0,"href":"https:\/\/blogs.es.amnesty.org\/castilla-leon\/wp-json\/wp\/v2\/posts\/618\/revisions"}],"wp:featuredmedia":[{"embeddable":true,"href":"https:\/\/blogs.es.amnesty.org\/castilla-leon\/wp-json\/wp\/v2\/media\/619"}],"wp:attachment":[{"href":"https:\/\/blogs.es.amnesty.org\/castilla-leon\/wp-json\/wp\/v2\/media?parent=618"}],"wp:term":[{"taxonomy":"category","embeddable":true,"href":"https:\/\/blogs.es.amnesty.org\/castilla-leon\/wp-json\/wp\/v2\/categories?post=618"},{"taxonomy":"post_tag","embeddable":true,"href":"https:\/\/blogs.es.amnesty.org\/castilla-leon\/wp-json\/wp\/v2\/tags?post=618"}],"curies":[{"name":"wp","href":"https:\/\/api.w.org\/{rel}","templated":true}]}}