{"id":786,"date":"2021-05-10T14:41:00","date_gmt":"2021-05-10T14:41:00","guid":{"rendered":"https:\/\/blogs.es.amnesty.org\/castilla-leon\/?p=786"},"modified":"2021-10-17T14:41:36","modified_gmt":"2021-10-17T14:41:36","slug":"la-libertad-de-prensa-en-peligro","status":"publish","type":"post","link":"https:\/\/blogs.es.amnesty.org\/castilla-leon\/2021\/05\/10\/la-libertad-de-prensa-en-peligro\/","title":{"rendered":"LA LIBERTAD DE PRENSA EN PELIGRO"},"content":{"rendered":"\n<p class=\"wp-block-paragraph\"><\/p>\n\n\n\n<p class=\"wp-block-paragraph\">El\n pasado 3 de mayo fue el d\u00eda mundial por la libertad de prensa, pero no \nhay demasiados motivos de celebraci\u00f3n. Informar en la prensa o en las \nredes sociales es una actividad de riesgo por la que muchas personas se \nven amenazadas y silenciadas.<\/p>\n\n\n\n<p class=\"wp-block-paragraph\">Reporteros\n sin Fronteras alerta de que en 2020 50 periodistas fueron asesinados en\n el mundo y del aumento de asesinatos en pa\u00edses que no est\u00e1n en guerra, \ncomo el caso del periodista iran\u00ed Rouholla Zam, ejecutado por \nahorcamiento, o los periodistas colombianos Felipe Guevara y Abelardo \nLiz, asesinados en relaci\u00f3n con su trabajo period\u00edstico.<\/p>\n\n\n\n<p class=\"wp-block-paragraph\">En\n el continente americano, numerosos gobiernos amenazan la libertad de \nexpresi\u00f3n, como ocurre en Nicaragua y Venezuela donde los y las \nperiodistas sufren hostigamiento por las autoridades, lo que les impide \nhacer visibles las violaciones de derechos humanos. En M\u00e9xico, uno de \nlos pa\u00edses m\u00e1s peligrosos del mundo para ejercer el periodismo, son m\u00e1s \nde 100 los reporteros asesinados en los \u00faltimos 20 a\u00f1os, y las amenazas,\n detenciones y dem\u00e1s agresiones a periodistas son constantes.<\/p>\n\n\n\n<p class=\"wp-block-paragraph\">Algunos\n gobiernos como Costa de Marfil o Burkina Faso han legislado para \nrestringir las actividades period\u00edsticas. En pa\u00edses de Oriente Medio \ncomo Arabia Saud\u00ed, Emiratos \u00c1rabes, Qatar, L\u00edbano o Yemen, entre otros, \nla cr\u00edtica pol\u00edtica o la petici\u00f3n de reformas puede suponer sufrir \nacusaciones de perjudicar los intereses nacionales y condenas a penas de\n prisi\u00f3n, \u201clatigazos\u201d y multas.<\/p>\n\n\n\n<p class=\"wp-block-paragraph\">La\n pandemia se ha usado para restringir a\u00fan m\u00e1s la libertad de expresi\u00f3n e\n informaci\u00f3n en pa\u00edses como Rusia o China, con severas penas por \ndifundir informaci\u00f3n sobre la pandemia, como le ha sucedido a la \nperiodista Zhang Zhan, condenada a cuatro a\u00f1os de prisi\u00f3n. En Rusia, \nElena Milashina es amenazada de muerte una y otra vez cada vez que \npublica art\u00edculos sobre violaciones de derechos humanos en Chechenia.<\/p>\n\n\n\n<p class=\"wp-block-paragraph\">Es\n necesario defender la libertad de expresi\u00f3n e informaci\u00f3n, y a las \npersonas que ponen en riesgo su vida y su libertad por defenderlas.<\/p>\n\n\n\n<p class=\"wp-block-paragraph\">Sonia Santamar\u00eda. Carta Publicada en Diario de Burgos y Gente Burgos<\/p>\n","protected":false},"excerpt":{"rendered":"<p>El  pasado 3 de mayo fue el d\u00eda mundial por la libertad de prensa, pero no  hay demasiados motivos de celebraci\u00f3n. Informar en la prensa o en las  redes sociales es una actividad de riesgo por la que muchas personas se  ven amenazadas y silenciadas.<\/p>\n","protected":false},"author":58,"featured_media":809,"comment_status":"open","ping_status":"open","sticky":false,"template":"","format":"standard","meta":{"_acf_changed":false,"footnotes":"","_members_access_role":[],"_members_access_error":""},"categories":[14,90],"tags":[102,140],"class_list":["post-786","post","type-post","status-publish","format-standard","has-post-thumbnail","hentry","category-burgos","category-derechos-humanos","tag-libertad-de-expresion","tag-prensa"],"acf":[],"yoast_head":"<!-- This site is optimized with the Yoast SEO plugin v28.2 - https:\/\/yoast.com\/product\/yoast-seo-wordpress\/ -->\n<title>LA LIBERTAD DE PRENSA EN PELIGRO - Castilla y Le\u00f3n<\/title>\n<meta name=\"robots\" content=\"index, follow, max-snippet:-1, max-image-preview:large, max-video-preview:-1\" \/>\n<link rel=\"canonical\" href=\"https:\/\/blogs.es.amnesty.org\/castilla-leon\/2021\/05\/10\/la-libertad-de-prensa-en-peligro\/\" \/>\n<meta property=\"og:locale\" content=\"es_ES\" \/>\n<meta property=\"og:type\" content=\"article\" \/>\n<meta property=\"og:title\" content=\"LA LIBERTAD DE PRENSA EN PELIGRO - Castilla y Le\u00f3n\" \/>\n<meta property=\"og:description\" content=\"El pasado 3 de mayo fue el d\u00eda mundial por la libertad de prensa, pero no hay demasiados motivos de celebraci\u00f3n. Informar en la prensa o en las redes sociales es una actividad de riesgo por la que muchas personas se ven amenazadas y silenciadas.\" \/>\n<meta property=\"og:url\" content=\"https:\/\/blogs.es.amnesty.org\/castilla-leon\/2021\/05\/10\/la-libertad-de-prensa-en-peligro\/\" \/>\n<meta property=\"og:site_name\" content=\"Castilla y Le\u00f3n\" \/>\n<meta property=\"article:published_time\" content=\"2021-05-10T14:41:00+00:00\" \/>\n<meta property=\"article:modified_time\" content=\"2021-10-17T14:41:36+00:00\" \/>\n<meta property=\"og:image\" content=\"https:\/\/blogs.es.amnesty.org\/files\/uploads\/sites\/10\/2021\/10\/269476_Protest_Against_Social_Media_Bills_In_Lagos.jpg\" \/>\n\t<meta property=\"og:image:width\" content=\"1000\" \/>\n\t<meta property=\"og:image:height\" content=\"586\" \/>\n\t<meta property=\"og:image:type\" content=\"image\/jpeg\" \/>\n<meta name=\"author\" content=\"Grupo local de Burgos\" \/>\n<meta name=\"twitter:card\" content=\"summary_large_image\" \/>\n<meta name=\"twitter:label1\" content=\"Escrito por\" \/>\n\t<meta name=\"twitter:data1\" content=\"Grupo local de Burgos\" \/>\n\t<meta name=\"twitter:label2\" content=\"Tiempo de lectura\" \/>\n\t<meta name=\"twitter:data2\" content=\"2 minutos\" \/>\n<script type=\"application\/ld+json\" class=\"yoast-schema-graph\">{\"@context\":\"https:\\\/\\\/schema.org\",\"@graph\":[{\"@type\":\"Article\",\"@id\":\"https:\\\/\\\/blogs.es.amnesty.org\\\/castilla-leon\\\/2021\\\/05\\\/10\\\/la-libertad-de-prensa-en-peligro\\\/#article\",\"isPartOf\":{\"@id\":\"https:\\\/\\\/blogs.es.amnesty.org\\\/castilla-leon\\\/2021\\\/05\\\/10\\\/la-libertad-de-prensa-en-peligro\\\/\"},\"author\":{\"name\":\"Grupo local de Burgos\",\"@id\":\"https:\\\/\\\/blogs.es.amnesty.org\\\/castilla-leon\\\/#\\\/schema\\\/person\\\/7636d532a5ce43dfae768fb154767fcf\"},\"headline\":\"LA LIBERTAD DE PRENSA EN PELIGRO\",\"datePublished\":\"2021-05-10T14:41:00+00:00\",\"dateModified\":\"2021-10-17T14:41:36+00:00\",\"mainEntityOfPage\":{\"@id\":\"https:\\\/\\\/blogs.es.amnesty.org\\\/castilla-leon\\\/2021\\\/05\\\/10\\\/la-libertad-de-prensa-en-peligro\\\/\"},\"wordCount\":369,\"commentCount\":0,\"image\":{\"@id\":\"https:\\\/\\\/blogs.es.amnesty.org\\\/castilla-leon\\\/2021\\\/05\\\/10\\\/la-libertad-de-prensa-en-peligro\\\/#primaryimage\"},\"thumbnailUrl\":\"https:\\\/\\\/blogs.es.amnesty.org\\\/files\\\/uploads\\\/sites\\\/10\\\/2021\\\/10\\\/269476_Protest_Against_Social_Media_Bills_In_Lagos.jpg\",\"keywords\":[\"Libertad de expresi\u00f3n\",\"prensa\"],\"articleSection\":[\"Burgos\",\"Derechos humanos\"],\"inLanguage\":\"es\",\"potentialAction\":[{\"@type\":\"CommentAction\",\"name\":\"Comment\",\"target\":[\"https:\\\/\\\/blogs.es.amnesty.org\\\/castilla-leon\\\/2021\\\/05\\\/10\\\/la-libertad-de-prensa-en-peligro\\\/#respond\"]}]},{\"@type\":\"WebPage\",\"@id\":\"https:\\\/\\\/blogs.es.amnesty.org\\\/castilla-leon\\\/2021\\\/05\\\/10\\\/la-libertad-de-prensa-en-peligro\\\/\",\"url\":\"https:\\\/\\\/blogs.es.amnesty.org\\\/castilla-leon\\\/2021\\\/05\\\/10\\\/la-libertad-de-prensa-en-peligro\\\/\",\"name\":\"LA LIBERTAD DE PRENSA EN PELIGRO - Castilla y Le\u00f3n\",\"isPartOf\":{\"@id\":\"https:\\\/\\\/blogs.es.amnesty.org\\\/castilla-leon\\\/#website\"},\"primaryImageOfPage\":{\"@id\":\"https:\\\/\\\/blogs.es.amnesty.org\\\/castilla-leon\\\/2021\\\/05\\\/10\\\/la-libertad-de-prensa-en-peligro\\\/#primaryimage\"},\"image\":{\"@id\":\"https:\\\/\\\/blogs.es.amnesty.org\\\/castilla-leon\\\/2021\\\/05\\\/10\\\/la-libertad-de-prensa-en-peligro\\\/#primaryimage\"},\"thumbnailUrl\":\"https:\\\/\\\/blogs.es.amnesty.org\\\/files\\\/uploads\\\/sites\\\/10\\\/2021\\\/10\\\/269476_Protest_Against_Social_Media_Bills_In_Lagos.jpg\",\"datePublished\":\"2021-05-10T14:41:00+00:00\",\"dateModified\":\"2021-10-17T14:41:36+00:00\",\"author\":{\"@id\":\"https:\\\/\\\/blogs.es.amnesty.org\\\/castilla-leon\\\/#\\\/schema\\\/person\\\/7636d532a5ce43dfae768fb154767fcf\"},\"breadcrumb\":{\"@id\":\"https:\\\/\\\/blogs.es.amnesty.org\\\/castilla-leon\\\/2021\\\/05\\\/10\\\/la-libertad-de-prensa-en-peligro\\\/#breadcrumb\"},\"inLanguage\":\"es\",\"potentialAction\":[{\"@type\":\"ReadAction\",\"target\":[\"https:\\\/\\\/blogs.es.amnesty.org\\\/castilla-leon\\\/2021\\\/05\\\/10\\\/la-libertad-de-prensa-en-peligro\\\/\"]}]},{\"@type\":\"ImageObject\",\"inLanguage\":\"es\",\"@id\":\"https:\\\/\\\/blogs.es.amnesty.org\\\/castilla-leon\\\/2021\\\/05\\\/10\\\/la-libertad-de-prensa-en-peligro\\\/#primaryimage\",\"url\":\"https:\\\/\\\/blogs.es.amnesty.org\\\/files\\\/uploads\\\/sites\\\/10\\\/2021\\\/10\\\/269476_Protest_Against_Social_Media_Bills_In_Lagos.jpg\",\"contentUrl\":\"https:\\\/\\\/blogs.es.amnesty.org\\\/files\\\/uploads\\\/sites\\\/10\\\/2021\\\/10\\\/269476_Protest_Against_Social_Media_Bills_In_Lagos.jpg\",\"width\":1000,\"height\":586,\"caption\":\"libertad de expresi\u00f3n\"},{\"@type\":\"BreadcrumbList\",\"@id\":\"https:\\\/\\\/blogs.es.amnesty.org\\\/castilla-leon\\\/2021\\\/05\\\/10\\\/la-libertad-de-prensa-en-peligro\\\/#breadcrumb\",\"itemListElement\":[{\"@type\":\"ListItem\",\"position\":1,\"name\":\"Portada\",\"item\":\"https:\\\/\\\/blogs.es.amnesty.org\\\/castilla-leon\\\/\"},{\"@type\":\"ListItem\",\"position\":2,\"name\":\"LA LIBERTAD DE PRENSA EN PELIGRO\"}]},{\"@type\":\"WebSite\",\"@id\":\"https:\\\/\\\/blogs.es.amnesty.org\\\/castilla-leon\\\/#website\",\"url\":\"https:\\\/\\\/blogs.es.amnesty.org\\\/castilla-leon\\\/\",\"name\":\"Castilla y Le\u00f3n\",\"description\":\"Blog de Amnist\u00eda Internacional en Castilla y Le\u00f3n\",\"potentialAction\":[{\"@type\":\"SearchAction\",\"target\":{\"@type\":\"EntryPoint\",\"urlTemplate\":\"https:\\\/\\\/blogs.es.amnesty.org\\\/castilla-leon\\\/?s={search_term_string}\"},\"query-input\":{\"@type\":\"PropertyValueSpecification\",\"valueRequired\":true,\"valueName\":\"search_term_string\"}}],\"inLanguage\":\"es\"},{\"@type\":\"Person\",\"@id\":\"https:\\\/\\\/blogs.es.amnesty.org\\\/castilla-leon\\\/#\\\/schema\\\/person\\\/7636d532a5ce43dfae768fb154767fcf\",\"name\":\"Grupo local de Burgos\",\"image\":{\"@type\":\"ImageObject\",\"inLanguage\":\"es\",\"@id\":\"https:\\\/\\\/secure.gravatar.com\\\/avatar\\\/9c63040123c66475eafe52a8af34bdca80e27f39af00901fcf6ccbe03e7bceb9?s=96&d=mm&r=g\",\"url\":\"https:\\\/\\\/secure.gravatar.com\\\/avatar\\\/9c63040123c66475eafe52a8af34bdca80e27f39af00901fcf6ccbe03e7bceb9?s=96&d=mm&r=g\",\"contentUrl\":\"https:\\\/\\\/secure.gravatar.com\\\/avatar\\\/9c63040123c66475eafe52a8af34bdca80e27f39af00901fcf6ccbe03e7bceb9?s=96&d=mm&r=g\",\"caption\":\"Grupo local de Burgos\"},\"url\":\"https:\\\/\\\/blogs.es.amnesty.org\\\/castilla-leon\\\/autor\\\/burgos\\\/\"}]}<\/script>\n<!-- \/ Yoast SEO plugin. -->","yoast_head_json":{"title":"LA LIBERTAD DE PRENSA EN PELIGRO - Castilla y Le\u00f3n","robots":{"index":"index","follow":"follow","max-snippet":"max-snippet:-1","max-image-preview":"max-image-preview:large","max-video-preview":"max-video-preview:-1"},"canonical":"https:\/\/blogs.es.amnesty.org\/castilla-leon\/2021\/05\/10\/la-libertad-de-prensa-en-peligro\/","og_locale":"es_ES","og_type":"article","og_title":"LA LIBERTAD DE PRENSA EN PELIGRO - Castilla y Le\u00f3n","og_description":"El pasado 3 de mayo fue el d\u00eda mundial por la libertad de prensa, pero no hay demasiados motivos de celebraci\u00f3n. Informar en la prensa o en las redes sociales es una actividad de riesgo por la que muchas personas se ven amenazadas y silenciadas.","og_url":"https:\/\/blogs.es.amnesty.org\/castilla-leon\/2021\/05\/10\/la-libertad-de-prensa-en-peligro\/","og_site_name":"Castilla y Le\u00f3n","article_published_time":"2021-05-10T14:41:00+00:00","article_modified_time":"2021-10-17T14:41:36+00:00","og_image":[{"width":1000,"height":586,"url":"https:\/\/blogs.es.amnesty.org\/files\/uploads\/sites\/10\/2021\/10\/269476_Protest_Against_Social_Media_Bills_In_Lagos.jpg","type":"image\/jpeg"}],"author":"Grupo local de Burgos","twitter_card":"summary_large_image","twitter_misc":{"Escrito por":"Grupo local de Burgos","Tiempo de lectura":"2 minutos"},"schema":{"@context":"https:\/\/schema.org","@graph":[{"@type":"Article","@id":"https:\/\/blogs.es.amnesty.org\/castilla-leon\/2021\/05\/10\/la-libertad-de-prensa-en-peligro\/#article","isPartOf":{"@id":"https:\/\/blogs.es.amnesty.org\/castilla-leon\/2021\/05\/10\/la-libertad-de-prensa-en-peligro\/"},"author":{"name":"Grupo local de Burgos","@id":"https:\/\/blogs.es.amnesty.org\/castilla-leon\/#\/schema\/person\/7636d532a5ce43dfae768fb154767fcf"},"headline":"LA LIBERTAD DE PRENSA EN PELIGRO","datePublished":"2021-05-10T14:41:00+00:00","dateModified":"2021-10-17T14:41:36+00:00","mainEntityOfPage":{"@id":"https:\/\/blogs.es.amnesty.org\/castilla-leon\/2021\/05\/10\/la-libertad-de-prensa-en-peligro\/"},"wordCount":369,"commentCount":0,"image":{"@id":"https:\/\/blogs.es.amnesty.org\/castilla-leon\/2021\/05\/10\/la-libertad-de-prensa-en-peligro\/#primaryimage"},"thumbnailUrl":"https:\/\/blogs.es.amnesty.org\/files\/uploads\/sites\/10\/2021\/10\/269476_Protest_Against_Social_Media_Bills_In_Lagos.jpg","keywords":["Libertad de expresi\u00f3n","prensa"],"articleSection":["Burgos","Derechos humanos"],"inLanguage":"es","potentialAction":[{"@type":"CommentAction","name":"Comment","target":["https:\/\/blogs.es.amnesty.org\/castilla-leon\/2021\/05\/10\/la-libertad-de-prensa-en-peligro\/#respond"]}]},{"@type":"WebPage","@id":"https:\/\/blogs.es.amnesty.org\/castilla-leon\/2021\/05\/10\/la-libertad-de-prensa-en-peligro\/","url":"https:\/\/blogs.es.amnesty.org\/castilla-leon\/2021\/05\/10\/la-libertad-de-prensa-en-peligro\/","name":"LA LIBERTAD DE PRENSA EN PELIGRO - Castilla y Le\u00f3n","isPartOf":{"@id":"https:\/\/blogs.es.amnesty.org\/castilla-leon\/#website"},"primaryImageOfPage":{"@id":"https:\/\/blogs.es.amnesty.org\/castilla-leon\/2021\/05\/10\/la-libertad-de-prensa-en-peligro\/#primaryimage"},"image":{"@id":"https:\/\/blogs.es.amnesty.org\/castilla-leon\/2021\/05\/10\/la-libertad-de-prensa-en-peligro\/#primaryimage"},"thumbnailUrl":"https:\/\/blogs.es.amnesty.org\/files\/uploads\/sites\/10\/2021\/10\/269476_Protest_Against_Social_Media_Bills_In_Lagos.jpg","datePublished":"2021-05-10T14:41:00+00:00","dateModified":"2021-10-17T14:41:36+00:00","author":{"@id":"https:\/\/blogs.es.amnesty.org\/castilla-leon\/#\/schema\/person\/7636d532a5ce43dfae768fb154767fcf"},"breadcrumb":{"@id":"https:\/\/blogs.es.amnesty.org\/castilla-leon\/2021\/05\/10\/la-libertad-de-prensa-en-peligro\/#breadcrumb"},"inLanguage":"es","potentialAction":[{"@type":"ReadAction","target":["https:\/\/blogs.es.amnesty.org\/castilla-leon\/2021\/05\/10\/la-libertad-de-prensa-en-peligro\/"]}]},{"@type":"ImageObject","inLanguage":"es","@id":"https:\/\/blogs.es.amnesty.org\/castilla-leon\/2021\/05\/10\/la-libertad-de-prensa-en-peligro\/#primaryimage","url":"https:\/\/blogs.es.amnesty.org\/files\/uploads\/sites\/10\/2021\/10\/269476_Protest_Against_Social_Media_Bills_In_Lagos.jpg","contentUrl":"https:\/\/blogs.es.amnesty.org\/files\/uploads\/sites\/10\/2021\/10\/269476_Protest_Against_Social_Media_Bills_In_Lagos.jpg","width":1000,"height":586,"caption":"libertad de expresi\u00f3n"},{"@type":"BreadcrumbList","@id":"https:\/\/blogs.es.amnesty.org\/castilla-leon\/2021\/05\/10\/la-libertad-de-prensa-en-peligro\/#breadcrumb","itemListElement":[{"@type":"ListItem","position":1,"name":"Portada","item":"https:\/\/blogs.es.amnesty.org\/castilla-leon\/"},{"@type":"ListItem","position":2,"name":"LA LIBERTAD DE PRENSA EN PELIGRO"}]},{"@type":"WebSite","@id":"https:\/\/blogs.es.amnesty.org\/castilla-leon\/#website","url":"https:\/\/blogs.es.amnesty.org\/castilla-leon\/","name":"Castilla y Le\u00f3n","description":"Blog de Amnist\u00eda Internacional en Castilla y Le\u00f3n","potentialAction":[{"@type":"SearchAction","target":{"@type":"EntryPoint","urlTemplate":"https:\/\/blogs.es.amnesty.org\/castilla-leon\/?s={search_term_string}"},"query-input":{"@type":"PropertyValueSpecification","valueRequired":true,"valueName":"search_term_string"}}],"inLanguage":"es"},{"@type":"Person","@id":"https:\/\/blogs.es.amnesty.org\/castilla-leon\/#\/schema\/person\/7636d532a5ce43dfae768fb154767fcf","name":"Grupo local de Burgos","image":{"@type":"ImageObject","inLanguage":"es","@id":"https:\/\/secure.gravatar.com\/avatar\/9c63040123c66475eafe52a8af34bdca80e27f39af00901fcf6ccbe03e7bceb9?s=96&d=mm&r=g","url":"https:\/\/secure.gravatar.com\/avatar\/9c63040123c66475eafe52a8af34bdca80e27f39af00901fcf6ccbe03e7bceb9?s=96&d=mm&r=g","contentUrl":"https:\/\/secure.gravatar.com\/avatar\/9c63040123c66475eafe52a8af34bdca80e27f39af00901fcf6ccbe03e7bceb9?s=96&d=mm&r=g","caption":"Grupo local de Burgos"},"url":"https:\/\/blogs.es.amnesty.org\/castilla-leon\/autor\/burgos\/"}]}},"_links":{"self":[{"href":"https:\/\/blogs.es.amnesty.org\/castilla-leon\/wp-json\/wp\/v2\/posts\/786","targetHints":{"allow":["GET"]}}],"collection":[{"href":"https:\/\/blogs.es.amnesty.org\/castilla-leon\/wp-json\/wp\/v2\/posts"}],"about":[{"href":"https:\/\/blogs.es.amnesty.org\/castilla-leon\/wp-json\/wp\/v2\/types\/post"}],"author":[{"embeddable":true,"href":"https:\/\/blogs.es.amnesty.org\/castilla-leon\/wp-json\/wp\/v2\/users\/58"}],"replies":[{"embeddable":true,"href":"https:\/\/blogs.es.amnesty.org\/castilla-leon\/wp-json\/wp\/v2\/comments?post=786"}],"version-history":[{"count":0,"href":"https:\/\/blogs.es.amnesty.org\/castilla-leon\/wp-json\/wp\/v2\/posts\/786\/revisions"}],"wp:featuredmedia":[{"embeddable":true,"href":"https:\/\/blogs.es.amnesty.org\/castilla-leon\/wp-json\/wp\/v2\/media\/809"}],"wp:attachment":[{"href":"https:\/\/blogs.es.amnesty.org\/castilla-leon\/wp-json\/wp\/v2\/media?parent=786"}],"wp:term":[{"taxonomy":"category","embeddable":true,"href":"https:\/\/blogs.es.amnesty.org\/castilla-leon\/wp-json\/wp\/v2\/categories?post=786"},{"taxonomy":"post_tag","embeddable":true,"href":"https:\/\/blogs.es.amnesty.org\/castilla-leon\/wp-json\/wp\/v2\/tags?post=786"}],"curies":[{"name":"wp","href":"https:\/\/api.w.org\/{rel}","templated":true}]}}