{"id":806,"date":"2021-09-30T18:36:55","date_gmt":"2021-09-30T18:36:55","guid":{"rendered":"https:\/\/blogs.es.amnesty.org\/castilla-leon\/?p=806"},"modified":"2021-09-30T18:36:56","modified_gmt":"2021-09-30T18:36:56","slug":"amnistia-internacional-de-castilla-y-leon-pide-al-procurador-del-comun-que-lleven-a-cabo-una-investigacion-sobre-lo-ocurrido-en-las-residencias-durante-la-pandemia","status":"publish","type":"post","link":"https:\/\/blogs.es.amnesty.org\/castilla-leon\/2021\/09\/30\/amnistia-internacional-de-castilla-y-leon-pide-al-procurador-del-comun-que-lleven-a-cabo-una-investigacion-sobre-lo-ocurrido-en-las-residencias-durante-la-pandemia\/","title":{"rendered":"Amnist\u00eda Internacional de Castilla y Le\u00f3n pide al Procurador del Com\u00fan que lleven a cabo una investigaci\u00f3n sobre lo ocurrido en las residencias durante la pandemia"},"content":{"rendered":"\n<p class=\"wp-block-paragraph\">Cristina Egido, presidenta de Amnist\u00eda Internacional Castilla y Le\u00f3n, y Maribel Vidal, tesorera de Amnist\u00eda Internacional Le\u00f3n, se han reunido con el Procurador del Com\u00fan. El encuentro, impulsado por el grupo de activistas de Amnist\u00eda Internacional Le\u00f3n, ten\u00eda como objetivos <strong>presentar el <\/strong><a href=\"https:\/\/www.amnesty.org\/es\/documents\/pol10\/3202\/2021\/es\/\" target=\"_blank\" rel=\"noreferrer noopener\"><strong><em>Informe 2020\/2021 Amnist\u00eda Internacional: La situaci\u00f3n de los derechos humanos en el mundo<\/em><\/strong><\/a>, as\u00ed como <strong>trasladar las principales preocupaciones que tiene la organizaci\u00f3n en cuanto a la situaci\u00f3n de los derechos humanos en Castilla y Le\u00f3n<\/strong>. En este sentido, <strong>se ha incidido en<\/strong> <strong>dos de las \u00e1reas m\u00e1s afectadas en este momento en la regi\u00f3n: las residencias de mayores y la atenci\u00f3n primaria<\/strong>, cuya situaci\u00f3n suponen una grave falta para los derechos humanos de la poblaci\u00f3n de nuestra comunidad aut\u00f3noma.<\/p>\n\n\n\n<p class=\"wp-block-paragraph\">Las representantes de Amnist\u00eda Internacional han entregado al Procurador del Com\u00fan un documento en el que se recogen las recomendaciones que Amnist\u00eda Internacional Castilla y Le\u00f3n hace a la Junta&nbsp; en relaci\u00f3n a los derechos humanos sobre asuntos como:<\/p>\n\n\n\n<ul class=\"wp-block-list\"><li>El <a href=\"https:\/\/blogs.es.amnesty.org\/castilla-leon\/2020\/05\/15\/recomendaciones-para-la-ley-de-cambio-climatico-en-castilla-y-leon\/\" target=\"_blank\" rel=\"noreferrer noopener\">cambio clim\u00e1tico<\/a>.<\/li><li>La necesidad de nuevas leyes, como la de la <a href=\"https:\/\/blogs.es.amnesty.org\/castilla-leon\/2020\/01\/22\/recomendaciones-para-la-reforma-de-la-ley-del-derecho-a-la-vivienda-de-castilla-y-leon\/\" target=\"_blank\" rel=\"noreferrer noopener\">vivienda<\/a> o la ley de <a href=\"https:\/\/blogs.es.amnesty.org\/castilla-leon\/2020\/07\/13\/recomendaciones-para-el-anteproyecto-de-la-ley-de-transparencia-de-castilla-y-leon\/\" target=\"_blank\" rel=\"noreferrer noopener\">transparencia<\/a>.<\/li><li>El enfoque de derechos humanos en la <a href=\"https:\/\/blogs.es.amnesty.org\/castilla-leon\/2020\/11\/20\/recomendaciones-para-el-anteproyecto-de-ley-de-garantias-de-atencion-a-las-personas-con-discapacidad-en-castilla-y-leon\/\" target=\"_blank\" rel=\"noreferrer noopener\">ley de garant\u00edas de atenci\u00f3n a las personas con discapacidad<\/a>.<\/li><li>La necesidad de <a href=\"https:\/\/blogs.es.amnesty.org\/castilla-leon\/2021\/04\/05\/amnistia-internacional-castilla-y-leon-presenta-recomendaciones-con-enfoque-de-derechos-para-el-anteproyecto-de-ley-de-atencion-residencial\/\" target=\"_blank\" rel=\"noreferrer noopener\">garantizar los derechos de las personas en residencias de mayores<\/a><\/li><li>El derecho a una <a href=\"https:\/\/blogs.es.amnesty.org\/castilla-leon\/2020\/07\/07\/entregamos-cerca-de-80-000-firmas-en-la-consejeria-de-sanidad-en-apoyo-a-la-sanidad-publica\/\" target=\"_blank\" rel=\"noreferrer noopener\">atenci\u00f3n sanitaria de calidad<\/a>.&nbsp;<\/li><\/ul>\n\n\n\n<p class=\"wp-block-paragraph\">Las representantes de Amnist\u00eda Internacional Castilla y Le\u00f3n<strong> han recordado al Procurador del Com\u00fan la necesidad de que se lleve a cabo una investigaci\u00f3n exhaustiva y veraz sobre lo ocurrido en las residencias de mayores durante la pandemia (especialmente durante la primera ola), algo que la organizaci\u00f3n lleva pidiendo desde el inicio de la crisis sanitaria<\/strong>. Como ha resaltado Cristina Egido, es fundamental aclarar por qu\u00e9 \u201c<strong>muchas de las personas residentes vieron denegada la solicitud de acceso a los servicios de urgencias e ingresos hospitalarios<\/strong>. La poblaci\u00f3n m\u00e1s vulnerable, al no ser hospitalizada, fue relegada al cuidado del personal de las residencias, obligadas a mantener alojados a pacientes positivos con pron\u00f3stico muy grave, pese a no tener ni la responsabilidad ni los medios ni conocimientos para atender sus necesidades m\u00e9dicas\u201d. <strong>A lo que se suma la precariedad de los profesionales<\/strong>, ya que en las residencias de Castilla y Le\u00f3n faltaron medios de protecci\u00f3n individual, \u201cal inicio de la pandemia el 74% de las residencias no contaba con reservas suficientes. Hubo centros que no pudieron cumplir la obligaci\u00f3n de disponer de medios de protecci\u00f3n por las dificultades de adquisici\u00f3n en los primeros meses de la crisis\u201d, concreta y denuncia la presidenta de Amnist\u00eda Internacional Castilla y Le\u00f3n.<\/p>\n\n\n\n<p class=\"wp-block-paragraph\"><\/p>\n","protected":false},"excerpt":{"rendered":"<p>Durante el encuentro se ha hecho destacado la necesidad de abordar, desde un enfoque de derechos humanos, la situaci\u00f3n de la sanidad y las residencias de mayores en la regi\u00f3n <\/p>\n","protected":false},"author":41,"featured_media":807,"comment_status":"open","ping_status":"open","sticky":false,"template":"","format":"standard","meta":{"_acf_changed":false,"footnotes":"","_members_access_role":[],"_members_access_error":""},"categories":[24],"tags":[111,124,50],"class_list":["post-806","post","type-post","status-publish","format-standard","has-post-thumbnail","hentry","category-notas-de-prensa","tag-derechos-humanos","tag-residencias","tag-sanidad"],"acf":[],"yoast_head":"<!-- This site is optimized with the Yoast SEO plugin v28.2 - https:\/\/yoast.com\/product\/yoast-seo-wordpress\/ -->\n<title>Amnist\u00eda Internacional de Castilla y Le\u00f3n pide al Procurador del Com\u00fan que lleven a cabo una investigaci\u00f3n sobre lo ocurrido en las residencias durante la pandemia - Castilla y Le\u00f3n<\/title>\n<meta name=\"robots\" content=\"index, follow, max-snippet:-1, max-image-preview:large, max-video-preview:-1\" \/>\n<link rel=\"canonical\" href=\"https:\/\/blogs.es.amnesty.org\/castilla-leon\/2021\/09\/30\/amnistia-internacional-de-castilla-y-leon-pide-al-procurador-del-comun-que-lleven-a-cabo-una-investigacion-sobre-lo-ocurrido-en-las-residencias-durante-la-pandemia\/\" \/>\n<meta property=\"og:locale\" content=\"es_ES\" \/>\n<meta property=\"og:type\" content=\"article\" \/>\n<meta property=\"og:title\" content=\"Amnist\u00eda Internacional de Castilla y Le\u00f3n pide al Procurador del Com\u00fan que lleven a cabo una investigaci\u00f3n sobre lo ocurrido en las residencias durante la pandemia - Castilla y Le\u00f3n\" \/>\n<meta property=\"og:description\" content=\"Durante el encuentro se ha hecho destacado la necesidad de abordar, desde un enfoque de derechos humanos, la situaci\u00f3n de la sanidad y las residencias de mayores en la regi\u00f3n\" \/>\n<meta property=\"og:url\" content=\"https:\/\/blogs.es.amnesty.org\/castilla-leon\/2021\/09\/30\/amnistia-internacional-de-castilla-y-leon-pide-al-procurador-del-comun-que-lleven-a-cabo-una-investigacion-sobre-lo-ocurrido-en-las-residencias-durante-la-pandemia\/\" \/>\n<meta property=\"og:site_name\" content=\"Castilla y Le\u00f3n\" \/>\n<meta property=\"article:published_time\" content=\"2021-09-30T18:36:55+00:00\" \/>\n<meta property=\"article:modified_time\" content=\"2021-09-30T18:36:56+00:00\" \/>\n<meta property=\"og:image\" content=\"https:\/\/blogs.es.amnesty.org\/files\/uploads\/sites\/10\/2021\/09\/Entrega-del-informe-sobre-los-Derechos-Humanos-e1633026973840.jpeg\" \/>\n\t<meta property=\"og:image:width\" content=\"1536\" \/>\n\t<meta property=\"og:image:height\" content=\"1013\" \/>\n\t<meta property=\"og:image:type\" content=\"image\/jpeg\" \/>\n<meta name=\"author\" content=\"AI Castilla y Le\u00f3n\" \/>\n<meta name=\"twitter:card\" content=\"summary_large_image\" \/>\n<meta name=\"twitter:label1\" content=\"Escrito por\" \/>\n\t<meta name=\"twitter:data1\" content=\"AI Castilla y Le\u00f3n\" \/>\n\t<meta name=\"twitter:label2\" content=\"Tiempo de lectura\" \/>\n\t<meta name=\"twitter:data2\" content=\"2 minutos\" \/>\n<script type=\"application\/ld+json\" class=\"yoast-schema-graph\">{\"@context\":\"https:\\\/\\\/schema.org\",\"@graph\":[{\"@type\":\"Article\",\"@id\":\"https:\\\/\\\/blogs.es.amnesty.org\\\/castilla-leon\\\/2021\\\/09\\\/30\\\/amnistia-internacional-de-castilla-y-leon-pide-al-procurador-del-comun-que-lleven-a-cabo-una-investigacion-sobre-lo-ocurrido-en-las-residencias-durante-la-pandemia\\\/#article\",\"isPartOf\":{\"@id\":\"https:\\\/\\\/blogs.es.amnesty.org\\\/castilla-leon\\\/2021\\\/09\\\/30\\\/amnistia-internacional-de-castilla-y-leon-pide-al-procurador-del-comun-que-lleven-a-cabo-una-investigacion-sobre-lo-ocurrido-en-las-residencias-durante-la-pandemia\\\/\"},\"author\":{\"name\":\"AI Castilla y Le\u00f3n\",\"@id\":\"https:\\\/\\\/blogs.es.amnesty.org\\\/castilla-leon\\\/#\\\/schema\\\/person\\\/72c02e2f7c0653ba4613756a4f42e5f0\"},\"headline\":\"Amnist\u00eda Internacional de Castilla y Le\u00f3n pide al Procurador del Com\u00fan que lleven a cabo una investigaci\u00f3n sobre lo ocurrido en las residencias durante la pandemia\",\"datePublished\":\"2021-09-30T18:36:55+00:00\",\"dateModified\":\"2021-09-30T18:36:56+00:00\",\"mainEntityOfPage\":{\"@id\":\"https:\\\/\\\/blogs.es.amnesty.org\\\/castilla-leon\\\/2021\\\/09\\\/30\\\/amnistia-internacional-de-castilla-y-leon-pide-al-procurador-del-comun-que-lleven-a-cabo-una-investigacion-sobre-lo-ocurrido-en-las-residencias-durante-la-pandemia\\\/\"},\"wordCount\":497,\"commentCount\":0,\"image\":{\"@id\":\"https:\\\/\\\/blogs.es.amnesty.org\\\/castilla-leon\\\/2021\\\/09\\\/30\\\/amnistia-internacional-de-castilla-y-leon-pide-al-procurador-del-comun-que-lleven-a-cabo-una-investigacion-sobre-lo-ocurrido-en-las-residencias-durante-la-pandemia\\\/#primaryimage\"},\"thumbnailUrl\":\"https:\\\/\\\/blogs.es.amnesty.org\\\/files\\\/uploads\\\/sites\\\/10\\\/2021\\\/09\\\/Entrega-del-informe-sobre-los-Derechos-Humanos-e1633026973840.jpeg\",\"keywords\":[\"derechos humanos\",\"residencias\",\"Sanidad\"],\"articleSection\":[\"Notas de prensa\"],\"inLanguage\":\"es\",\"potentialAction\":[{\"@type\":\"CommentAction\",\"name\":\"Comment\",\"target\":[\"https:\\\/\\\/blogs.es.amnesty.org\\\/castilla-leon\\\/2021\\\/09\\\/30\\\/amnistia-internacional-de-castilla-y-leon-pide-al-procurador-del-comun-que-lleven-a-cabo-una-investigacion-sobre-lo-ocurrido-en-las-residencias-durante-la-pandemia\\\/#respond\"]}]},{\"@type\":\"WebPage\",\"@id\":\"https:\\\/\\\/blogs.es.amnesty.org\\\/castilla-leon\\\/2021\\\/09\\\/30\\\/amnistia-internacional-de-castilla-y-leon-pide-al-procurador-del-comun-que-lleven-a-cabo-una-investigacion-sobre-lo-ocurrido-en-las-residencias-durante-la-pandemia\\\/\",\"url\":\"https:\\\/\\\/blogs.es.amnesty.org\\\/castilla-leon\\\/2021\\\/09\\\/30\\\/amnistia-internacional-de-castilla-y-leon-pide-al-procurador-del-comun-que-lleven-a-cabo-una-investigacion-sobre-lo-ocurrido-en-las-residencias-durante-la-pandemia\\\/\",\"name\":\"Amnist\u00eda Internacional de Castilla y Le\u00f3n pide al Procurador del Com\u00fan que lleven a cabo una investigaci\u00f3n sobre lo ocurrido en las residencias durante la pandemia - Castilla y Le\u00f3n\",\"isPartOf\":{\"@id\":\"https:\\\/\\\/blogs.es.amnesty.org\\\/castilla-leon\\\/#website\"},\"primaryImageOfPage\":{\"@id\":\"https:\\\/\\\/blogs.es.amnesty.org\\\/castilla-leon\\\/2021\\\/09\\\/30\\\/amnistia-internacional-de-castilla-y-leon-pide-al-procurador-del-comun-que-lleven-a-cabo-una-investigacion-sobre-lo-ocurrido-en-las-residencias-durante-la-pandemia\\\/#primaryimage\"},\"image\":{\"@id\":\"https:\\\/\\\/blogs.es.amnesty.org\\\/castilla-leon\\\/2021\\\/09\\\/30\\\/amnistia-internacional-de-castilla-y-leon-pide-al-procurador-del-comun-que-lleven-a-cabo-una-investigacion-sobre-lo-ocurrido-en-las-residencias-durante-la-pandemia\\\/#primaryimage\"},\"thumbnailUrl\":\"https:\\\/\\\/blogs.es.amnesty.org\\\/files\\\/uploads\\\/sites\\\/10\\\/2021\\\/09\\\/Entrega-del-informe-sobre-los-Derechos-Humanos-e1633026973840.jpeg\",\"datePublished\":\"2021-09-30T18:36:55+00:00\",\"dateModified\":\"2021-09-30T18:36:56+00:00\",\"author\":{\"@id\":\"https:\\\/\\\/blogs.es.amnesty.org\\\/castilla-leon\\\/#\\\/schema\\\/person\\\/72c02e2f7c0653ba4613756a4f42e5f0\"},\"breadcrumb\":{\"@id\":\"https:\\\/\\\/blogs.es.amnesty.org\\\/castilla-leon\\\/2021\\\/09\\\/30\\\/amnistia-internacional-de-castilla-y-leon-pide-al-procurador-del-comun-que-lleven-a-cabo-una-investigacion-sobre-lo-ocurrido-en-las-residencias-durante-la-pandemia\\\/#breadcrumb\"},\"inLanguage\":\"es\",\"potentialAction\":[{\"@type\":\"ReadAction\",\"target\":[\"https:\\\/\\\/blogs.es.amnesty.org\\\/castilla-leon\\\/2021\\\/09\\\/30\\\/amnistia-internacional-de-castilla-y-leon-pide-al-procurador-del-comun-que-lleven-a-cabo-una-investigacion-sobre-lo-ocurrido-en-las-residencias-durante-la-pandemia\\\/\"]}]},{\"@type\":\"ImageObject\",\"inLanguage\":\"es\",\"@id\":\"https:\\\/\\\/blogs.es.amnesty.org\\\/castilla-leon\\\/2021\\\/09\\\/30\\\/amnistia-internacional-de-castilla-y-leon-pide-al-procurador-del-comun-que-lleven-a-cabo-una-investigacion-sobre-lo-ocurrido-en-las-residencias-durante-la-pandemia\\\/#primaryimage\",\"url\":\"https:\\\/\\\/blogs.es.amnesty.org\\\/files\\\/uploads\\\/sites\\\/10\\\/2021\\\/09\\\/Entrega-del-informe-sobre-los-Derechos-Humanos-e1633026973840.jpeg\",\"contentUrl\":\"https:\\\/\\\/blogs.es.amnesty.org\\\/files\\\/uploads\\\/sites\\\/10\\\/2021\\\/09\\\/Entrega-del-informe-sobre-los-Derechos-Humanos-e1633026973840.jpeg\",\"width\":1536,\"height\":1013,\"caption\":\"Procurador com\u00fan\"},{\"@type\":\"BreadcrumbList\",\"@id\":\"https:\\\/\\\/blogs.es.amnesty.org\\\/castilla-leon\\\/2021\\\/09\\\/30\\\/amnistia-internacional-de-castilla-y-leon-pide-al-procurador-del-comun-que-lleven-a-cabo-una-investigacion-sobre-lo-ocurrido-en-las-residencias-durante-la-pandemia\\\/#breadcrumb\",\"itemListElement\":[{\"@type\":\"ListItem\",\"position\":1,\"name\":\"Portada\",\"item\":\"https:\\\/\\\/blogs.es.amnesty.org\\\/castilla-leon\\\/\"},{\"@type\":\"ListItem\",\"position\":2,\"name\":\"Amnist\u00eda Internacional de Castilla y Le\u00f3n pide al Procurador del Com\u00fan que lleven a cabo una investigaci\u00f3n sobre lo ocurrido en las residencias durante la pandemia\"}]},{\"@type\":\"WebSite\",\"@id\":\"https:\\\/\\\/blogs.es.amnesty.org\\\/castilla-leon\\\/#website\",\"url\":\"https:\\\/\\\/blogs.es.amnesty.org\\\/castilla-leon\\\/\",\"name\":\"Castilla y Le\u00f3n\",\"description\":\"Blog de Amnist\u00eda Internacional en Castilla y Le\u00f3n\",\"potentialAction\":[{\"@type\":\"SearchAction\",\"target\":{\"@type\":\"EntryPoint\",\"urlTemplate\":\"https:\\\/\\\/blogs.es.amnesty.org\\\/castilla-leon\\\/?s={search_term_string}\"},\"query-input\":{\"@type\":\"PropertyValueSpecification\",\"valueRequired\":true,\"valueName\":\"search_term_string\"}}],\"inLanguage\":\"es\"},{\"@type\":\"Person\",\"@id\":\"https:\\\/\\\/blogs.es.amnesty.org\\\/castilla-leon\\\/#\\\/schema\\\/person\\\/72c02e2f7c0653ba4613756a4f42e5f0\",\"name\":\"AI Castilla y Le\u00f3n\",\"image\":{\"@type\":\"ImageObject\",\"inLanguage\":\"es\",\"@id\":\"https:\\\/\\\/secure.gravatar.com\\\/avatar\\\/49824f30513cadad841c65412211570e575ce18e1ec799f652f2c085f1a695fc?s=96&d=mm&r=g\",\"url\":\"https:\\\/\\\/secure.gravatar.com\\\/avatar\\\/49824f30513cadad841c65412211570e575ce18e1ec799f652f2c085f1a695fc?s=96&d=mm&r=g\",\"contentUrl\":\"https:\\\/\\\/secure.gravatar.com\\\/avatar\\\/49824f30513cadad841c65412211570e575ce18e1ec799f652f2c085f1a695fc?s=96&d=mm&r=g\",\"caption\":\"AI Castilla y Le\u00f3n\"},\"url\":\"https:\\\/\\\/blogs.es.amnesty.org\\\/castilla-leon\\\/autor\\\/comunicacioncyl\\\/\"}]}<\/script>\n<!-- \/ Yoast SEO plugin. -->","yoast_head_json":{"title":"Amnist\u00eda Internacional de Castilla y Le\u00f3n pide al Procurador del Com\u00fan que lleven a cabo una investigaci\u00f3n sobre lo ocurrido en las residencias durante la pandemia - Castilla y Le\u00f3n","robots":{"index":"index","follow":"follow","max-snippet":"max-snippet:-1","max-image-preview":"max-image-preview:large","max-video-preview":"max-video-preview:-1"},"canonical":"https:\/\/blogs.es.amnesty.org\/castilla-leon\/2021\/09\/30\/amnistia-internacional-de-castilla-y-leon-pide-al-procurador-del-comun-que-lleven-a-cabo-una-investigacion-sobre-lo-ocurrido-en-las-residencias-durante-la-pandemia\/","og_locale":"es_ES","og_type":"article","og_title":"Amnist\u00eda Internacional de Castilla y Le\u00f3n pide al Procurador del Com\u00fan que lleven a cabo una investigaci\u00f3n sobre lo ocurrido en las residencias durante la pandemia - Castilla y Le\u00f3n","og_description":"Durante el encuentro se ha hecho destacado la necesidad de abordar, desde un enfoque de derechos humanos, la situaci\u00f3n de la sanidad y las residencias de mayores en la regi\u00f3n","og_url":"https:\/\/blogs.es.amnesty.org\/castilla-leon\/2021\/09\/30\/amnistia-internacional-de-castilla-y-leon-pide-al-procurador-del-comun-que-lleven-a-cabo-una-investigacion-sobre-lo-ocurrido-en-las-residencias-durante-la-pandemia\/","og_site_name":"Castilla y Le\u00f3n","article_published_time":"2021-09-30T18:36:55+00:00","article_modified_time":"2021-09-30T18:36:56+00:00","og_image":[{"width":1536,"height":1013,"url":"https:\/\/blogs.es.amnesty.org\/files\/uploads\/sites\/10\/2021\/09\/Entrega-del-informe-sobre-los-Derechos-Humanos-e1633026973840.jpeg","type":"image\/jpeg"}],"author":"AI Castilla y Le\u00f3n","twitter_card":"summary_large_image","twitter_misc":{"Escrito por":"AI Castilla y Le\u00f3n","Tiempo de lectura":"2 minutos"},"schema":{"@context":"https:\/\/schema.org","@graph":[{"@type":"Article","@id":"https:\/\/blogs.es.amnesty.org\/castilla-leon\/2021\/09\/30\/amnistia-internacional-de-castilla-y-leon-pide-al-procurador-del-comun-que-lleven-a-cabo-una-investigacion-sobre-lo-ocurrido-en-las-residencias-durante-la-pandemia\/#article","isPartOf":{"@id":"https:\/\/blogs.es.amnesty.org\/castilla-leon\/2021\/09\/30\/amnistia-internacional-de-castilla-y-leon-pide-al-procurador-del-comun-que-lleven-a-cabo-una-investigacion-sobre-lo-ocurrido-en-las-residencias-durante-la-pandemia\/"},"author":{"name":"AI Castilla y Le\u00f3n","@id":"https:\/\/blogs.es.amnesty.org\/castilla-leon\/#\/schema\/person\/72c02e2f7c0653ba4613756a4f42e5f0"},"headline":"Amnist\u00eda Internacional de Castilla y Le\u00f3n pide al Procurador del Com\u00fan que lleven a cabo una investigaci\u00f3n sobre lo ocurrido en las residencias durante la pandemia","datePublished":"2021-09-30T18:36:55+00:00","dateModified":"2021-09-30T18:36:56+00:00","mainEntityOfPage":{"@id":"https:\/\/blogs.es.amnesty.org\/castilla-leon\/2021\/09\/30\/amnistia-internacional-de-castilla-y-leon-pide-al-procurador-del-comun-que-lleven-a-cabo-una-investigacion-sobre-lo-ocurrido-en-las-residencias-durante-la-pandemia\/"},"wordCount":497,"commentCount":0,"image":{"@id":"https:\/\/blogs.es.amnesty.org\/castilla-leon\/2021\/09\/30\/amnistia-internacional-de-castilla-y-leon-pide-al-procurador-del-comun-que-lleven-a-cabo-una-investigacion-sobre-lo-ocurrido-en-las-residencias-durante-la-pandemia\/#primaryimage"},"thumbnailUrl":"https:\/\/blogs.es.amnesty.org\/files\/uploads\/sites\/10\/2021\/09\/Entrega-del-informe-sobre-los-Derechos-Humanos-e1633026973840.jpeg","keywords":["derechos humanos","residencias","Sanidad"],"articleSection":["Notas de prensa"],"inLanguage":"es","potentialAction":[{"@type":"CommentAction","name":"Comment","target":["https:\/\/blogs.es.amnesty.org\/castilla-leon\/2021\/09\/30\/amnistia-internacional-de-castilla-y-leon-pide-al-procurador-del-comun-que-lleven-a-cabo-una-investigacion-sobre-lo-ocurrido-en-las-residencias-durante-la-pandemia\/#respond"]}]},{"@type":"WebPage","@id":"https:\/\/blogs.es.amnesty.org\/castilla-leon\/2021\/09\/30\/amnistia-internacional-de-castilla-y-leon-pide-al-procurador-del-comun-que-lleven-a-cabo-una-investigacion-sobre-lo-ocurrido-en-las-residencias-durante-la-pandemia\/","url":"https:\/\/blogs.es.amnesty.org\/castilla-leon\/2021\/09\/30\/amnistia-internacional-de-castilla-y-leon-pide-al-procurador-del-comun-que-lleven-a-cabo-una-investigacion-sobre-lo-ocurrido-en-las-residencias-durante-la-pandemia\/","name":"Amnist\u00eda Internacional de Castilla y Le\u00f3n pide al Procurador del Com\u00fan que lleven a cabo una investigaci\u00f3n sobre lo ocurrido en las residencias durante la pandemia - Castilla y Le\u00f3n","isPartOf":{"@id":"https:\/\/blogs.es.amnesty.org\/castilla-leon\/#website"},"primaryImageOfPage":{"@id":"https:\/\/blogs.es.amnesty.org\/castilla-leon\/2021\/09\/30\/amnistia-internacional-de-castilla-y-leon-pide-al-procurador-del-comun-que-lleven-a-cabo-una-investigacion-sobre-lo-ocurrido-en-las-residencias-durante-la-pandemia\/#primaryimage"},"image":{"@id":"https:\/\/blogs.es.amnesty.org\/castilla-leon\/2021\/09\/30\/amnistia-internacional-de-castilla-y-leon-pide-al-procurador-del-comun-que-lleven-a-cabo-una-investigacion-sobre-lo-ocurrido-en-las-residencias-durante-la-pandemia\/#primaryimage"},"thumbnailUrl":"https:\/\/blogs.es.amnesty.org\/files\/uploads\/sites\/10\/2021\/09\/Entrega-del-informe-sobre-los-Derechos-Humanos-e1633026973840.jpeg","datePublished":"2021-09-30T18:36:55+00:00","dateModified":"2021-09-30T18:36:56+00:00","author":{"@id":"https:\/\/blogs.es.amnesty.org\/castilla-leon\/#\/schema\/person\/72c02e2f7c0653ba4613756a4f42e5f0"},"breadcrumb":{"@id":"https:\/\/blogs.es.amnesty.org\/castilla-leon\/2021\/09\/30\/amnistia-internacional-de-castilla-y-leon-pide-al-procurador-del-comun-que-lleven-a-cabo-una-investigacion-sobre-lo-ocurrido-en-las-residencias-durante-la-pandemia\/#breadcrumb"},"inLanguage":"es","potentialAction":[{"@type":"ReadAction","target":["https:\/\/blogs.es.amnesty.org\/castilla-leon\/2021\/09\/30\/amnistia-internacional-de-castilla-y-leon-pide-al-procurador-del-comun-que-lleven-a-cabo-una-investigacion-sobre-lo-ocurrido-en-las-residencias-durante-la-pandemia\/"]}]},{"@type":"ImageObject","inLanguage":"es","@id":"https:\/\/blogs.es.amnesty.org\/castilla-leon\/2021\/09\/30\/amnistia-internacional-de-castilla-y-leon-pide-al-procurador-del-comun-que-lleven-a-cabo-una-investigacion-sobre-lo-ocurrido-en-las-residencias-durante-la-pandemia\/#primaryimage","url":"https:\/\/blogs.es.amnesty.org\/files\/uploads\/sites\/10\/2021\/09\/Entrega-del-informe-sobre-los-Derechos-Humanos-e1633026973840.jpeg","contentUrl":"https:\/\/blogs.es.amnesty.org\/files\/uploads\/sites\/10\/2021\/09\/Entrega-del-informe-sobre-los-Derechos-Humanos-e1633026973840.jpeg","width":1536,"height":1013,"caption":"Procurador com\u00fan"},{"@type":"BreadcrumbList","@id":"https:\/\/blogs.es.amnesty.org\/castilla-leon\/2021\/09\/30\/amnistia-internacional-de-castilla-y-leon-pide-al-procurador-del-comun-que-lleven-a-cabo-una-investigacion-sobre-lo-ocurrido-en-las-residencias-durante-la-pandemia\/#breadcrumb","itemListElement":[{"@type":"ListItem","position":1,"name":"Portada","item":"https:\/\/blogs.es.amnesty.org\/castilla-leon\/"},{"@type":"ListItem","position":2,"name":"Amnist\u00eda Internacional de Castilla y Le\u00f3n pide al Procurador del Com\u00fan que lleven a cabo una investigaci\u00f3n sobre lo ocurrido en las residencias durante la pandemia"}]},{"@type":"WebSite","@id":"https:\/\/blogs.es.amnesty.org\/castilla-leon\/#website","url":"https:\/\/blogs.es.amnesty.org\/castilla-leon\/","name":"Castilla y Le\u00f3n","description":"Blog de Amnist\u00eda Internacional en Castilla y Le\u00f3n","potentialAction":[{"@type":"SearchAction","target":{"@type":"EntryPoint","urlTemplate":"https:\/\/blogs.es.amnesty.org\/castilla-leon\/?s={search_term_string}"},"query-input":{"@type":"PropertyValueSpecification","valueRequired":true,"valueName":"search_term_string"}}],"inLanguage":"es"},{"@type":"Person","@id":"https:\/\/blogs.es.amnesty.org\/castilla-leon\/#\/schema\/person\/72c02e2f7c0653ba4613756a4f42e5f0","name":"AI Castilla y Le\u00f3n","image":{"@type":"ImageObject","inLanguage":"es","@id":"https:\/\/secure.gravatar.com\/avatar\/49824f30513cadad841c65412211570e575ce18e1ec799f652f2c085f1a695fc?s=96&d=mm&r=g","url":"https:\/\/secure.gravatar.com\/avatar\/49824f30513cadad841c65412211570e575ce18e1ec799f652f2c085f1a695fc?s=96&d=mm&r=g","contentUrl":"https:\/\/secure.gravatar.com\/avatar\/49824f30513cadad841c65412211570e575ce18e1ec799f652f2c085f1a695fc?s=96&d=mm&r=g","caption":"AI Castilla y Le\u00f3n"},"url":"https:\/\/blogs.es.amnesty.org\/castilla-leon\/autor\/comunicacioncyl\/"}]}},"_links":{"self":[{"href":"https:\/\/blogs.es.amnesty.org\/castilla-leon\/wp-json\/wp\/v2\/posts\/806","targetHints":{"allow":["GET"]}}],"collection":[{"href":"https:\/\/blogs.es.amnesty.org\/castilla-leon\/wp-json\/wp\/v2\/posts"}],"about":[{"href":"https:\/\/blogs.es.amnesty.org\/castilla-leon\/wp-json\/wp\/v2\/types\/post"}],"author":[{"embeddable":true,"href":"https:\/\/blogs.es.amnesty.org\/castilla-leon\/wp-json\/wp\/v2\/users\/41"}],"replies":[{"embeddable":true,"href":"https:\/\/blogs.es.amnesty.org\/castilla-leon\/wp-json\/wp\/v2\/comments?post=806"}],"version-history":[{"count":0,"href":"https:\/\/blogs.es.amnesty.org\/castilla-leon\/wp-json\/wp\/v2\/posts\/806\/revisions"}],"wp:featuredmedia":[{"embeddable":true,"href":"https:\/\/blogs.es.amnesty.org\/castilla-leon\/wp-json\/wp\/v2\/media\/807"}],"wp:attachment":[{"href":"https:\/\/blogs.es.amnesty.org\/castilla-leon\/wp-json\/wp\/v2\/media?parent=806"}],"wp:term":[{"taxonomy":"category","embeddable":true,"href":"https:\/\/blogs.es.amnesty.org\/castilla-leon\/wp-json\/wp\/v2\/categories?post=806"},{"taxonomy":"post_tag","embeddable":true,"href":"https:\/\/blogs.es.amnesty.org\/castilla-leon\/wp-json\/wp\/v2\/tags?post=806"}],"curies":[{"name":"wp","href":"https:\/\/api.w.org\/{rel}","templated":true}]}}