{"id":834,"date":"2021-11-14T10:57:31","date_gmt":"2021-11-14T10:57:31","guid":{"rendered":"https:\/\/blogs.es.amnesty.org\/castilla-leon\/?p=834"},"modified":"2021-11-14T10:57:32","modified_gmt":"2021-11-14T10:57:32","slug":"stop-espionaje-a-activistas-de-los-ddhh-y-periodistas","status":"publish","type":"post","link":"https:\/\/blogs.es.amnesty.org\/castilla-leon\/2021\/11\/14\/stop-espionaje-a-activistas-de-los-ddhh-y-periodistas\/","title":{"rendered":"STOP Espionaje a Activistas de los DDHH y periodistas"},"content":{"rendered":"\n<p class=\"wp-block-paragraph\">\nEl tel\u00e9fono m\u00f3vil que llevamos en el bolsillo se ha convertido en una herramienta muy \u00fatil en la vida&nbsp; de cualquier persona. Esta utilidad se ve multiplicada si se utiliza en el \u00e1mbito laboral como lo hacen periodistas y&nbsp; defensoras y defensores de los derechos humanos en todo el mundo. Por ello la informaci\u00f3n que almacenan y comparten es especialmente sensible y muy deseada por algunos gobiernos que no tienen escr\u00fapulos a la hora de espiar a estos periodistas y activistas con la m\u00e1s sofisticada tecnolog\u00eda.<br><\/p>\n\n\n\n<p class=\"wp-block-paragraph\">El pasado 14 de octubre el Premio de Periodismo Daphne Caruana, creado por el Parlamento Europeo, ha sido concedido al consorcio Forbidden Stories (del que Amnist\u00eda Internacional fue el socio t\u00e9cnico) por el Proyecto Pegasus.<\/p>\n\n\n\n<figure class=\"wp-block-image size-large\"><img loading=\"lazy\" decoding=\"async\" width=\"1044\" height=\"696\" src=\"https:\/\/blogs.es.amnesty.org\/files\/uploads\/sites\/10\/2021\/10\/20211014PHT14910_original-1044x696.jpg\" alt=\"\" class=\"wp-image-836\" srcset=\"https:\/\/blogs.es.amnesty.org\/files\/uploads\/sites\/10\/2021\/10\/20211014PHT14910_original-1044x696.jpg 1044w, https:\/\/blogs.es.amnesty.org\/files\/uploads\/sites\/10\/2021\/10\/20211014PHT14910_original-770x513.jpg 770w, https:\/\/blogs.es.amnesty.org\/files\/uploads\/sites\/10\/2021\/10\/20211014PHT14910_original-768x512.jpg 768w, https:\/\/blogs.es.amnesty.org\/files\/uploads\/sites\/10\/2021\/10\/20211014PHT14910_original-1536x1024.jpg 1536w, https:\/\/blogs.es.amnesty.org\/files\/uploads\/sites\/10\/2021\/10\/20211014PHT14910_original.jpg 1800w\" sizes=\"auto, (max-width: 1044px) 100vw, 1044px\" \/><figcaption>periodisatas de Forbidden Stories<\/figcaption><\/figure>\n\n\n\n<p class=\"wp-block-paragraph\">El Proyecto Pegasus es una innovadora investigaci\u00f3n colaborativa en la que han participado <strong>m\u00e1s de 80 periodistas de 17 organizaciones de medios de comunicaci\u00f3n de 10 pa\u00edses bajo la coordinaci\u00f3n de Forbidden Stories<\/strong>, una organizaci\u00f3n sin \u00e1nimo de lucro de medios de comunicaci\u00f3n con sede Par\u00eds (Francia), y con el apoyo t\u00e9cnico de Amnist\u00eda Internacional, que realiz\u00f3 an\u00e1lisis forenses punteros de tel\u00e9fonos m\u00f3viles para identificar rastros del software esp\u00eda.<br><\/p>\n\n\n\n<p class=\"wp-block-paragraph\">El Proyecto Pegasus revel\u00f3 que periodistas, activistas y profesionales de la abogac\u00eda de todo el mundo est\u00e1n siendo blanco de los ataques de gobiernos que quieren silenciarlos e intimidarlos.&nbsp;<\/p>\n\n\n\n<figure class=\"wp-block-image size-large\"><img loading=\"lazy\" decoding=\"async\" width=\"1044\" height=\"515\" src=\"https:\/\/blogs.es.amnesty.org\/files\/uploads\/sites\/10\/2021\/10\/FireShot-Capture-003-273025-1444x710.webp-Imagen-WEBP-1444-\u00d7-710-p\u00edxeles--1044x515.png\" alt=\"\" class=\"wp-image-837\" srcset=\"https:\/\/blogs.es.amnesty.org\/files\/uploads\/sites\/10\/2021\/10\/FireShot-Capture-003-273025-1444x710.webp-Imagen-WEBP-1444-\u00d7-710-p\u00edxeles--1044x515.png 1044w, https:\/\/blogs.es.amnesty.org\/files\/uploads\/sites\/10\/2021\/10\/FireShot-Capture-003-273025-1444x710.webp-Imagen-WEBP-1444-\u00d7-710-p\u00edxeles--770x380.png 770w, https:\/\/blogs.es.amnesty.org\/files\/uploads\/sites\/10\/2021\/10\/FireShot-Capture-003-273025-1444x710.webp-Imagen-WEBP-1444-\u00d7-710-p\u00edxeles--768x379.png 768w, https:\/\/blogs.es.amnesty.org\/files\/uploads\/sites\/10\/2021\/10\/FireShot-Capture-003-273025-1444x710.webp-Imagen-WEBP-1444-\u00d7-710-p\u00edxeles-.png 1442w\" sizes=\"auto, (max-width: 1044px) 100vw, 1044px\" \/><\/figure>\n\n\n\n<p class=\"wp-block-paragraph\">Es fundamental que los Estados de la UE aborden estos abusos, protejan a periodistas y a quienes defienden los derechos, y garanticen una normativa firme y significativa sobre el sector de la vigilancia cibern\u00e9tica tanto en sus pa\u00edses como en el extranjero.<\/p>\n\n\n\n<p class=\"wp-block-paragraph\">Pincha en el siguiente enlace para firmar y exigir el fin de la vigilancia digital ileg\u00edtima:<\/p>\n\n\n\n<div class=\"wp-block-button aligncenter\"><a class=\"wp-block-button__link has-text-color has-very-dark-gray-color has-background\" href=\"https:\/\/www.es.amnesty.org\/actua\/acciones\/pegasus-vigilancia-jul21\/\" style=\"background-color:#ffff00\">Firma<\/a><\/div>\n\n\n\n<p class=\"wp-block-paragraph\">Enlaces de inter\u00e9s:<\/p>\n\n\n\n<hr class=\"wp-block-separator\" \/>\n\n\n\n<p class=\"wp-block-paragraph\"><\/p>\n\n\n\n<ul class=\"wp-block-list\"><li>Documento Amnist\u00eda Internacional:<a href=\"https:\/\/www.amnesty.org\/es\/wp-content\/uploads\/2021\/10\/EUR0148502021ENGLISH.pdf\"> recomendaciones a la Uni\u00f3n Europea para poner fin a la vigilancia selectiva ilegal <\/a>(english)<\/li><li>Premio Dafne Caruana 2021 <a href=\"https:\/\/daphnejournalismprize.eu\/\">https:\/\/daphnejournalismprize.eu\/<\/a><\/li><li>Web Forbidden Stories: <a href=\"https:\/\/forbiddenstories.org\/pegasus-the-new-global-weapon-for-silencing-journalists\/\">https:\/\/forbiddenstories.org\/pegasus-the-new-global-weapon-for-silencing-journalists\/<\/a> (english)<\/li><li>Detalles t\u00e9cnicos\u00a0 de las investigaciones forenses: <a href=\"https:\/\/www.amnesty.org\/en\/latest\/research\/2021\/07\/forensic-methodology-report-how-to-catch-nso-groups-pegasus\/\">https:\/\/www.amnesty.org\/en\/latest\/research\/2021\/07\/forensic-methodology-report-how-to-catch-nso-groups-pegasus\/<\/a>\u00a0(english)<\/li><\/ul>\n","protected":false},"excerpt":{"rendered":"<p>Pegasus es un software desarrollado por NSO Group, una compa\u00f1\u00eda israel\u00ed que tiene un historial preocupante en relaci\u00f3n a la vigilancia digital. Este software, una vez instalado en el tel\u00e9fono de las v\u00edctimas, da acceso a los mensajes, correos electr\u00f3nicos, elementos multimedia, micr\u00f3fono, c\u00e1mara, llamadas y contactos del tel\u00e9fono.<\/p>\n","protected":false},"author":58,"featured_media":835,"comment_status":"open","ping_status":"open","sticky":false,"template":"","format":"standard","meta":{"_acf_changed":false,"footnotes":"","_members_access_role":[],"_members_access_error":""},"categories":[14,119],"tags":[146,145,123,121],"class_list":["post-834","post","type-post","status-publish","format-standard","has-post-thumbnail","hentry","category-burgos","category-tecnologia","tag-investigacion","tag-proyecto-pegasus","tag-tecnologia","tag-vigilancia-masiva"],"acf":[],"yoast_head":"<!-- This site is optimized with the Yoast SEO plugin v28.2 - https:\/\/yoast.com\/product\/yoast-seo-wordpress\/ -->\n<title>STOP Espionaje a Activistas de los DDHH y periodistas - Castilla y Le\u00f3n<\/title>\n<meta name=\"robots\" content=\"index, follow, max-snippet:-1, max-image-preview:large, max-video-preview:-1\" \/>\n<link rel=\"canonical\" href=\"https:\/\/blogs.es.amnesty.org\/castilla-leon\/2021\/11\/14\/stop-espionaje-a-activistas-de-los-ddhh-y-periodistas\/\" \/>\n<meta property=\"og:locale\" content=\"es_ES\" \/>\n<meta property=\"og:type\" content=\"article\" \/>\n<meta property=\"og:title\" content=\"STOP Espionaje a Activistas de los DDHH y periodistas - Castilla y Le\u00f3n\" \/>\n<meta property=\"og:description\" content=\"Pegasus es un software desarrollado por NSO Group, una compa\u00f1\u00eda israel\u00ed que tiene un historial preocupante en relaci\u00f3n a la vigilancia digital. Este software, una vez instalado en el tel\u00e9fono de las v\u00edctimas, da acceso a los mensajes, correos electr\u00f3nicos, elementos multimedia, micr\u00f3fono, c\u00e1mara, llamadas y contactos del tel\u00e9fono.\" \/>\n<meta property=\"og:url\" content=\"https:\/\/blogs.es.amnesty.org\/castilla-leon\/2021\/11\/14\/stop-espionaje-a-activistas-de-los-ddhh-y-periodistas\/\" \/>\n<meta property=\"og:site_name\" content=\"Castilla y Le\u00f3n\" \/>\n<meta property=\"article:published_time\" content=\"2021-11-14T10:57:31+00:00\" \/>\n<meta property=\"article:modified_time\" content=\"2021-11-14T10:57:32+00:00\" \/>\n<meta property=\"og:image\" content=\"https:\/\/blogs.es.amnesty.org\/files\/uploads\/sites\/10\/2021\/10\/d60c23663922740b74cbf71bdc00e042b44e7cff.jpg\" \/>\n\t<meta property=\"og:image:width\" content=\"1472\" \/>\n\t<meta property=\"og:image:height\" content=\"625\" \/>\n\t<meta property=\"og:image:type\" content=\"image\/jpeg\" \/>\n<meta name=\"author\" content=\"Grupo local de Burgos\" \/>\n<meta name=\"twitter:card\" content=\"summary_large_image\" \/>\n<meta name=\"twitter:label1\" content=\"Escrito por\" \/>\n\t<meta name=\"twitter:data1\" content=\"Grupo local de Burgos\" \/>\n\t<meta name=\"twitter:label2\" content=\"Tiempo de lectura\" \/>\n\t<meta name=\"twitter:data2\" content=\"2 minutos\" \/>\n<script type=\"application\/ld+json\" class=\"yoast-schema-graph\">{\"@context\":\"https:\\\/\\\/schema.org\",\"@graph\":[{\"@type\":\"Article\",\"@id\":\"https:\\\/\\\/blogs.es.amnesty.org\\\/castilla-leon\\\/2021\\\/11\\\/14\\\/stop-espionaje-a-activistas-de-los-ddhh-y-periodistas\\\/#article\",\"isPartOf\":{\"@id\":\"https:\\\/\\\/blogs.es.amnesty.org\\\/castilla-leon\\\/2021\\\/11\\\/14\\\/stop-espionaje-a-activistas-de-los-ddhh-y-periodistas\\\/\"},\"author\":{\"name\":\"Grupo local de Burgos\",\"@id\":\"https:\\\/\\\/blogs.es.amnesty.org\\\/castilla-leon\\\/#\\\/schema\\\/person\\\/7636d532a5ce43dfae768fb154767fcf\"},\"headline\":\"STOP Espionaje a Activistas de los DDHH y periodistas\",\"datePublished\":\"2021-11-14T10:57:31+00:00\",\"dateModified\":\"2021-11-14T10:57:32+00:00\",\"mainEntityOfPage\":{\"@id\":\"https:\\\/\\\/blogs.es.amnesty.org\\\/castilla-leon\\\/2021\\\/11\\\/14\\\/stop-espionaje-a-activistas-de-los-ddhh-y-periodistas\\\/\"},\"wordCount\":370,\"commentCount\":0,\"image\":{\"@id\":\"https:\\\/\\\/blogs.es.amnesty.org\\\/castilla-leon\\\/2021\\\/11\\\/14\\\/stop-espionaje-a-activistas-de-los-ddhh-y-periodistas\\\/#primaryimage\"},\"thumbnailUrl\":\"https:\\\/\\\/blogs.es.amnesty.org\\\/files\\\/uploads\\\/sites\\\/10\\\/2021\\\/10\\\/d60c23663922740b74cbf71bdc00e042b44e7cff.jpg\",\"keywords\":[\"investigaci\u00f3n\",\"proyecto Pegasus\",\"tecnolog\u00eda\",\"vigilancia masiva\"],\"articleSection\":[\"Burgos\",\"Tecnolog\u00eda\"],\"inLanguage\":\"es\",\"potentialAction\":[{\"@type\":\"CommentAction\",\"name\":\"Comment\",\"target\":[\"https:\\\/\\\/blogs.es.amnesty.org\\\/castilla-leon\\\/2021\\\/11\\\/14\\\/stop-espionaje-a-activistas-de-los-ddhh-y-periodistas\\\/#respond\"]}]},{\"@type\":\"WebPage\",\"@id\":\"https:\\\/\\\/blogs.es.amnesty.org\\\/castilla-leon\\\/2021\\\/11\\\/14\\\/stop-espionaje-a-activistas-de-los-ddhh-y-periodistas\\\/\",\"url\":\"https:\\\/\\\/blogs.es.amnesty.org\\\/castilla-leon\\\/2021\\\/11\\\/14\\\/stop-espionaje-a-activistas-de-los-ddhh-y-periodistas\\\/\",\"name\":\"STOP Espionaje a Activistas de los DDHH y periodistas - Castilla y Le\u00f3n\",\"isPartOf\":{\"@id\":\"https:\\\/\\\/blogs.es.amnesty.org\\\/castilla-leon\\\/#website\"},\"primaryImageOfPage\":{\"@id\":\"https:\\\/\\\/blogs.es.amnesty.org\\\/castilla-leon\\\/2021\\\/11\\\/14\\\/stop-espionaje-a-activistas-de-los-ddhh-y-periodistas\\\/#primaryimage\"},\"image\":{\"@id\":\"https:\\\/\\\/blogs.es.amnesty.org\\\/castilla-leon\\\/2021\\\/11\\\/14\\\/stop-espionaje-a-activistas-de-los-ddhh-y-periodistas\\\/#primaryimage\"},\"thumbnailUrl\":\"https:\\\/\\\/blogs.es.amnesty.org\\\/files\\\/uploads\\\/sites\\\/10\\\/2021\\\/10\\\/d60c23663922740b74cbf71bdc00e042b44e7cff.jpg\",\"datePublished\":\"2021-11-14T10:57:31+00:00\",\"dateModified\":\"2021-11-14T10:57:32+00:00\",\"author\":{\"@id\":\"https:\\\/\\\/blogs.es.amnesty.org\\\/castilla-leon\\\/#\\\/schema\\\/person\\\/7636d532a5ce43dfae768fb154767fcf\"},\"breadcrumb\":{\"@id\":\"https:\\\/\\\/blogs.es.amnesty.org\\\/castilla-leon\\\/2021\\\/11\\\/14\\\/stop-espionaje-a-activistas-de-los-ddhh-y-periodistas\\\/#breadcrumb\"},\"inLanguage\":\"es\",\"potentialAction\":[{\"@type\":\"ReadAction\",\"target\":[\"https:\\\/\\\/blogs.es.amnesty.org\\\/castilla-leon\\\/2021\\\/11\\\/14\\\/stop-espionaje-a-activistas-de-los-ddhh-y-periodistas\\\/\"]}]},{\"@type\":\"ImageObject\",\"inLanguage\":\"es\",\"@id\":\"https:\\\/\\\/blogs.es.amnesty.org\\\/castilla-leon\\\/2021\\\/11\\\/14\\\/stop-espionaje-a-activistas-de-los-ddhh-y-periodistas\\\/#primaryimage\",\"url\":\"https:\\\/\\\/blogs.es.amnesty.org\\\/files\\\/uploads\\\/sites\\\/10\\\/2021\\\/10\\\/d60c23663922740b74cbf71bdc00e042b44e7cff.jpg\",\"contentUrl\":\"https:\\\/\\\/blogs.es.amnesty.org\\\/files\\\/uploads\\\/sites\\\/10\\\/2021\\\/10\\\/d60c23663922740b74cbf71bdc00e042b44e7cff.jpg\",\"width\":1472,\"height\":625,\"caption\":\"proyecto pegasus portada\"},{\"@type\":\"BreadcrumbList\",\"@id\":\"https:\\\/\\\/blogs.es.amnesty.org\\\/castilla-leon\\\/2021\\\/11\\\/14\\\/stop-espionaje-a-activistas-de-los-ddhh-y-periodistas\\\/#breadcrumb\",\"itemListElement\":[{\"@type\":\"ListItem\",\"position\":1,\"name\":\"Portada\",\"item\":\"https:\\\/\\\/blogs.es.amnesty.org\\\/castilla-leon\\\/\"},{\"@type\":\"ListItem\",\"position\":2,\"name\":\"STOP Espionaje a Activistas de los DDHH y periodistas\"}]},{\"@type\":\"WebSite\",\"@id\":\"https:\\\/\\\/blogs.es.amnesty.org\\\/castilla-leon\\\/#website\",\"url\":\"https:\\\/\\\/blogs.es.amnesty.org\\\/castilla-leon\\\/\",\"name\":\"Castilla y Le\u00f3n\",\"description\":\"Blog de Amnist\u00eda Internacional en Castilla y Le\u00f3n\",\"potentialAction\":[{\"@type\":\"SearchAction\",\"target\":{\"@type\":\"EntryPoint\",\"urlTemplate\":\"https:\\\/\\\/blogs.es.amnesty.org\\\/castilla-leon\\\/?s={search_term_string}\"},\"query-input\":{\"@type\":\"PropertyValueSpecification\",\"valueRequired\":true,\"valueName\":\"search_term_string\"}}],\"inLanguage\":\"es\"},{\"@type\":\"Person\",\"@id\":\"https:\\\/\\\/blogs.es.amnesty.org\\\/castilla-leon\\\/#\\\/schema\\\/person\\\/7636d532a5ce43dfae768fb154767fcf\",\"name\":\"Grupo local de Burgos\",\"image\":{\"@type\":\"ImageObject\",\"inLanguage\":\"es\",\"@id\":\"https:\\\/\\\/secure.gravatar.com\\\/avatar\\\/9c63040123c66475eafe52a8af34bdca80e27f39af00901fcf6ccbe03e7bceb9?s=96&d=mm&r=g\",\"url\":\"https:\\\/\\\/secure.gravatar.com\\\/avatar\\\/9c63040123c66475eafe52a8af34bdca80e27f39af00901fcf6ccbe03e7bceb9?s=96&d=mm&r=g\",\"contentUrl\":\"https:\\\/\\\/secure.gravatar.com\\\/avatar\\\/9c63040123c66475eafe52a8af34bdca80e27f39af00901fcf6ccbe03e7bceb9?s=96&d=mm&r=g\",\"caption\":\"Grupo local de Burgos\"},\"url\":\"https:\\\/\\\/blogs.es.amnesty.org\\\/castilla-leon\\\/autor\\\/burgos\\\/\"}]}<\/script>\n<!-- \/ Yoast SEO plugin. -->","yoast_head_json":{"title":"STOP Espionaje a Activistas de los DDHH y periodistas - Castilla y Le\u00f3n","robots":{"index":"index","follow":"follow","max-snippet":"max-snippet:-1","max-image-preview":"max-image-preview:large","max-video-preview":"max-video-preview:-1"},"canonical":"https:\/\/blogs.es.amnesty.org\/castilla-leon\/2021\/11\/14\/stop-espionaje-a-activistas-de-los-ddhh-y-periodistas\/","og_locale":"es_ES","og_type":"article","og_title":"STOP Espionaje a Activistas de los DDHH y periodistas - Castilla y Le\u00f3n","og_description":"Pegasus es un software desarrollado por NSO Group, una compa\u00f1\u00eda israel\u00ed que tiene un historial preocupante en relaci\u00f3n a la vigilancia digital. Este software, una vez instalado en el tel\u00e9fono de las v\u00edctimas, da acceso a los mensajes, correos electr\u00f3nicos, elementos multimedia, micr\u00f3fono, c\u00e1mara, llamadas y contactos del tel\u00e9fono.","og_url":"https:\/\/blogs.es.amnesty.org\/castilla-leon\/2021\/11\/14\/stop-espionaje-a-activistas-de-los-ddhh-y-periodistas\/","og_site_name":"Castilla y Le\u00f3n","article_published_time":"2021-11-14T10:57:31+00:00","article_modified_time":"2021-11-14T10:57:32+00:00","og_image":[{"width":1472,"height":625,"url":"https:\/\/blogs.es.amnesty.org\/files\/uploads\/sites\/10\/2021\/10\/d60c23663922740b74cbf71bdc00e042b44e7cff.jpg","type":"image\/jpeg"}],"author":"Grupo local de Burgos","twitter_card":"summary_large_image","twitter_misc":{"Escrito por":"Grupo local de Burgos","Tiempo de lectura":"2 minutos"},"schema":{"@context":"https:\/\/schema.org","@graph":[{"@type":"Article","@id":"https:\/\/blogs.es.amnesty.org\/castilla-leon\/2021\/11\/14\/stop-espionaje-a-activistas-de-los-ddhh-y-periodistas\/#article","isPartOf":{"@id":"https:\/\/blogs.es.amnesty.org\/castilla-leon\/2021\/11\/14\/stop-espionaje-a-activistas-de-los-ddhh-y-periodistas\/"},"author":{"name":"Grupo local de Burgos","@id":"https:\/\/blogs.es.amnesty.org\/castilla-leon\/#\/schema\/person\/7636d532a5ce43dfae768fb154767fcf"},"headline":"STOP Espionaje a Activistas de los DDHH y periodistas","datePublished":"2021-11-14T10:57:31+00:00","dateModified":"2021-11-14T10:57:32+00:00","mainEntityOfPage":{"@id":"https:\/\/blogs.es.amnesty.org\/castilla-leon\/2021\/11\/14\/stop-espionaje-a-activistas-de-los-ddhh-y-periodistas\/"},"wordCount":370,"commentCount":0,"image":{"@id":"https:\/\/blogs.es.amnesty.org\/castilla-leon\/2021\/11\/14\/stop-espionaje-a-activistas-de-los-ddhh-y-periodistas\/#primaryimage"},"thumbnailUrl":"https:\/\/blogs.es.amnesty.org\/files\/uploads\/sites\/10\/2021\/10\/d60c23663922740b74cbf71bdc00e042b44e7cff.jpg","keywords":["investigaci\u00f3n","proyecto Pegasus","tecnolog\u00eda","vigilancia masiva"],"articleSection":["Burgos","Tecnolog\u00eda"],"inLanguage":"es","potentialAction":[{"@type":"CommentAction","name":"Comment","target":["https:\/\/blogs.es.amnesty.org\/castilla-leon\/2021\/11\/14\/stop-espionaje-a-activistas-de-los-ddhh-y-periodistas\/#respond"]}]},{"@type":"WebPage","@id":"https:\/\/blogs.es.amnesty.org\/castilla-leon\/2021\/11\/14\/stop-espionaje-a-activistas-de-los-ddhh-y-periodistas\/","url":"https:\/\/blogs.es.amnesty.org\/castilla-leon\/2021\/11\/14\/stop-espionaje-a-activistas-de-los-ddhh-y-periodistas\/","name":"STOP Espionaje a Activistas de los DDHH y periodistas - Castilla y Le\u00f3n","isPartOf":{"@id":"https:\/\/blogs.es.amnesty.org\/castilla-leon\/#website"},"primaryImageOfPage":{"@id":"https:\/\/blogs.es.amnesty.org\/castilla-leon\/2021\/11\/14\/stop-espionaje-a-activistas-de-los-ddhh-y-periodistas\/#primaryimage"},"image":{"@id":"https:\/\/blogs.es.amnesty.org\/castilla-leon\/2021\/11\/14\/stop-espionaje-a-activistas-de-los-ddhh-y-periodistas\/#primaryimage"},"thumbnailUrl":"https:\/\/blogs.es.amnesty.org\/files\/uploads\/sites\/10\/2021\/10\/d60c23663922740b74cbf71bdc00e042b44e7cff.jpg","datePublished":"2021-11-14T10:57:31+00:00","dateModified":"2021-11-14T10:57:32+00:00","author":{"@id":"https:\/\/blogs.es.amnesty.org\/castilla-leon\/#\/schema\/person\/7636d532a5ce43dfae768fb154767fcf"},"breadcrumb":{"@id":"https:\/\/blogs.es.amnesty.org\/castilla-leon\/2021\/11\/14\/stop-espionaje-a-activistas-de-los-ddhh-y-periodistas\/#breadcrumb"},"inLanguage":"es","potentialAction":[{"@type":"ReadAction","target":["https:\/\/blogs.es.amnesty.org\/castilla-leon\/2021\/11\/14\/stop-espionaje-a-activistas-de-los-ddhh-y-periodistas\/"]}]},{"@type":"ImageObject","inLanguage":"es","@id":"https:\/\/blogs.es.amnesty.org\/castilla-leon\/2021\/11\/14\/stop-espionaje-a-activistas-de-los-ddhh-y-periodistas\/#primaryimage","url":"https:\/\/blogs.es.amnesty.org\/files\/uploads\/sites\/10\/2021\/10\/d60c23663922740b74cbf71bdc00e042b44e7cff.jpg","contentUrl":"https:\/\/blogs.es.amnesty.org\/files\/uploads\/sites\/10\/2021\/10\/d60c23663922740b74cbf71bdc00e042b44e7cff.jpg","width":1472,"height":625,"caption":"proyecto pegasus portada"},{"@type":"BreadcrumbList","@id":"https:\/\/blogs.es.amnesty.org\/castilla-leon\/2021\/11\/14\/stop-espionaje-a-activistas-de-los-ddhh-y-periodistas\/#breadcrumb","itemListElement":[{"@type":"ListItem","position":1,"name":"Portada","item":"https:\/\/blogs.es.amnesty.org\/castilla-leon\/"},{"@type":"ListItem","position":2,"name":"STOP Espionaje a Activistas de los DDHH y periodistas"}]},{"@type":"WebSite","@id":"https:\/\/blogs.es.amnesty.org\/castilla-leon\/#website","url":"https:\/\/blogs.es.amnesty.org\/castilla-leon\/","name":"Castilla y Le\u00f3n","description":"Blog de Amnist\u00eda Internacional en Castilla y Le\u00f3n","potentialAction":[{"@type":"SearchAction","target":{"@type":"EntryPoint","urlTemplate":"https:\/\/blogs.es.amnesty.org\/castilla-leon\/?s={search_term_string}"},"query-input":{"@type":"PropertyValueSpecification","valueRequired":true,"valueName":"search_term_string"}}],"inLanguage":"es"},{"@type":"Person","@id":"https:\/\/blogs.es.amnesty.org\/castilla-leon\/#\/schema\/person\/7636d532a5ce43dfae768fb154767fcf","name":"Grupo local de Burgos","image":{"@type":"ImageObject","inLanguage":"es","@id":"https:\/\/secure.gravatar.com\/avatar\/9c63040123c66475eafe52a8af34bdca80e27f39af00901fcf6ccbe03e7bceb9?s=96&d=mm&r=g","url":"https:\/\/secure.gravatar.com\/avatar\/9c63040123c66475eafe52a8af34bdca80e27f39af00901fcf6ccbe03e7bceb9?s=96&d=mm&r=g","contentUrl":"https:\/\/secure.gravatar.com\/avatar\/9c63040123c66475eafe52a8af34bdca80e27f39af00901fcf6ccbe03e7bceb9?s=96&d=mm&r=g","caption":"Grupo local de Burgos"},"url":"https:\/\/blogs.es.amnesty.org\/castilla-leon\/autor\/burgos\/"}]}},"_links":{"self":[{"href":"https:\/\/blogs.es.amnesty.org\/castilla-leon\/wp-json\/wp\/v2\/posts\/834","targetHints":{"allow":["GET"]}}],"collection":[{"href":"https:\/\/blogs.es.amnesty.org\/castilla-leon\/wp-json\/wp\/v2\/posts"}],"about":[{"href":"https:\/\/blogs.es.amnesty.org\/castilla-leon\/wp-json\/wp\/v2\/types\/post"}],"author":[{"embeddable":true,"href":"https:\/\/blogs.es.amnesty.org\/castilla-leon\/wp-json\/wp\/v2\/users\/58"}],"replies":[{"embeddable":true,"href":"https:\/\/blogs.es.amnesty.org\/castilla-leon\/wp-json\/wp\/v2\/comments?post=834"}],"version-history":[{"count":0,"href":"https:\/\/blogs.es.amnesty.org\/castilla-leon\/wp-json\/wp\/v2\/posts\/834\/revisions"}],"wp:featuredmedia":[{"embeddable":true,"href":"https:\/\/blogs.es.amnesty.org\/castilla-leon\/wp-json\/wp\/v2\/media\/835"}],"wp:attachment":[{"href":"https:\/\/blogs.es.amnesty.org\/castilla-leon\/wp-json\/wp\/v2\/media?parent=834"}],"wp:term":[{"taxonomy":"category","embeddable":true,"href":"https:\/\/blogs.es.amnesty.org\/castilla-leon\/wp-json\/wp\/v2\/categories?post=834"},{"taxonomy":"post_tag","embeddable":true,"href":"https:\/\/blogs.es.amnesty.org\/castilla-leon\/wp-json\/wp\/v2\/tags?post=834"}],"curies":[{"name":"wp","href":"https:\/\/api.w.org\/{rel}","templated":true}]}}