{"id":859,"date":"2021-11-24T15:16:37","date_gmt":"2021-11-24T15:16:37","guid":{"rendered":"https:\/\/blogs.es.amnesty.org\/castilla-leon\/?p=859"},"modified":"2021-11-25T08:10:51","modified_gmt":"2021-11-25T08:10:51","slug":"25n-como-ha-luchado-amnistia-internacional-contra-esta-lacra-social","status":"publish","type":"post","link":"https:\/\/blogs.es.amnesty.org\/castilla-leon\/2021\/11\/24\/25n-como-ha-luchado-amnistia-internacional-contra-esta-lacra-social\/","title":{"rendered":"25N: \u00bfC\u00f3mo ha luchado Amnist\u00eda Internacional contra la violencia de g\u00e9nero?"},"content":{"rendered":"\n<p class=\"wp-block-paragraph\">Seg\u00fan el Ministerio de Igualdad, en lo que llevamos de a\u00f1o, 37 mujeres han sido asesinadas a manos de sus parejas o ex-parejas. 37 vidas que han dejado a 24 menores de edad hu\u00e9rfanos de madre. Si contamos desde 2003, a\u00f1o en el que se empieza a contabilizar las muertes por violencia de g\u00e9nero hasta el d\u00eda de hoy, son 1118 mujeres las que han muerto a causa de este machismo. 1.118. Cifras que dan que pensar.&nbsp;<\/p>\n\n\n\n<p class=\"wp-block-paragraph\">Desde Amnist\u00eda Internacional se ha luchado activamente para frenar esta situaci\u00f3n, protegi\u00e9ndolas y defendiendo sus derechos.&nbsp;<\/p>\n\n\n\n<h2 class=\"wp-block-heading\"><strong>\u00bfCu\u00e1l ha sido la lucha de Amnist\u00eda Internacional contra la violencia de g\u00e9nero?<\/strong><\/h2>\n\n\n\n<p class=\"wp-block-paragraph\">En<strong> 2004<\/strong>, tras mucha lucha, Amnist\u00eda Internacional ayud\u00f3 a que se llevar\u00e1 a cabo la <a href=\"https:\/\/www.boe.es\/buscar\/act.php?id=BOE-A-2004-21760\">Ley Org\u00e1nica de Medidas de Protecci\u00f3n Integral contra la Violencia de G\u00e9nero.<\/a> Una ley que supuso un antes y un despu\u00e9s. <\/p>\n\n\n\n<p class=\"wp-block-paragraph\">A partir de ella se empez\u00f3 a dar visibilidad a esta lacra social y se ofreci\u00f3 un gran apoyo a todas aquellas mujeres que sufr\u00edan violencia por parte de sus parejas o ex-parejas, haci\u00e9ndoles ver que no estaban solas ante esta situaci\u00f3n. Adem\u00e1s, se dio formaci\u00f3n a diversos profesionales, como psic\u00f3logos, jueces, abogados, ect. con el fin de ayudar a estas mujeres.<\/p>\n\n\n\n<p class=\"wp-block-paragraph\">En <strong>2017<\/strong> se apoy\u00f3 que se llevara a cabo un <a href=\"https:\/\/violenciagenero.igualdad.gob.es\/pactoEstado\/\">Pacto de Estado<\/a> para luchar contra esta lacra social.\u00a0<\/p>\n\n\n\n<p class=\"wp-block-paragraph\">En <strong>2018<\/strong>\u00a0 se puso en marcha el<a href=\"https:\/\/www.boe.es\/buscar\/doc.php?id=BOE-A-2018-11135\"> Real Decreto Ley 9\/2018<\/a>. Una nueva ley que ofrec\u00eda un mayor amparo a las\u00a0 v\u00edctimas, contemplando por primera vez a los hijos e hijas menores de edad de estas mujeres.<\/p>\n\n\n\n<p class=\"wp-block-paragraph\">En <strong>2019 <\/strong>se propuso una nueva <a href=\"https:\/\/www.lamoncloa.gob.es\/serviciosdeprensa\/notasprensa\/igualdad\/Paginas\/2020\/100920-macroencuesta.aspx\">Estrategia para combatir la violencia machista<\/a>. Una propuesta que ten\u00eda como fin: la lucha contra todas las formas de violencias de g\u00e9nero, no s\u00f3lo las que se ejercen en el entorno de la pareja o la ex-pareja.<\/p>\n\n\n\n<p class=\"wp-block-paragraph\">En <strong>2020<\/strong>, en plena pandemia y con la preocupaci\u00f3n del aumento de casos de violencia machista, se puso en marcha un<a href=\"https:\/\/violenciagenero.org\/noticias\/plan-contingencia-contra-violencia-genero-ante-crisis-del-coronavirus\"> Plan de Contingencia contra la violencia de g\u00e9neroante la crisis del COVID-19. <\/a>Este plan trataba de proporcionar una mayor seguridad a las v\u00edctimas, poniendo a su disposici\u00f3n m\u00e1s dispositivos para evitar casos de violencia de g\u00e9nero- manteniendo as\u00ed un contacto permanente y directo con ellas-.\u00a0<\/p>\n\n\n\n<p class=\"wp-block-paragraph\">Tambi\u00e9n fue un gran logro para Amnist\u00eda Internacional Espa\u00f1a que nuestro pa\u00eds formara parte del<a href=\"https:\/\/www.es.amnesty.org\/en-que-estamos\/blog\/historia\/articulo\/convenio-de-estambul-aspectos-clave\/\"> Convenio de Estambul<\/a>, que tiene como fin, entre otras, cosas definir la <strong>violaci\u00f3n como sexo sin consentimient<\/strong>o. Ante esto el Consejo de Ministros ha aprobado un<a href=\"https:\/\/www.lamoncloa.gob.es\/consejodeministros\/Paginas\/enlaces\/060721-enlace-libertad-sexual.aspx\"> Proyecto de Ley Org\u00e1nica de Garant\u00eda Integral de la Libertad Sexual<\/a>, a propuesta de los ministerios de Igualdad y Justicia, que tiene como objetivo la protecci\u00f3n integral del derecho a la libertad sexual y la erradicaci\u00f3n de todas las violencias sexuales.\u00a0<\/p>\n\n\n\n<blockquote class=\"wp-block-quote is-layout-flow wp-block-quote-is-layout-flow\"><p><em>\u00abSobre la mesa tenemos un Proyecto de ley que incluye algunas de las principales peticiones de la organizaci\u00f3n sobre <strong>prevenci\u00f3n, detecci\u00f3n, investigaci\u00f3n, sanci\u00f3n y reparaci\u00f3n de este tipo de violencia<\/strong>\u201d<\/em>, <\/p><cite>Virginia \u00c1lvarez, responsable de pol\u00edtica interior de Amnist\u00eda Internacional Espa\u00f1a.<\/cite><\/blockquote>\n\n\n\n<figure class=\"wp-block-image size-large\"><img loading=\"lazy\" decoding=\"async\" width=\"1044\" height=\"429\" src=\"https:\/\/blogs.es.amnesty.org\/files\/uploads\/sites\/10\/2021\/03\/Captura-1044x429.png\" alt=\"8M\" class=\"wp-image-747\" srcset=\"https:\/\/blogs.es.amnesty.org\/files\/uploads\/sites\/10\/2021\/03\/Captura-1044x429.png 1044w, https:\/\/blogs.es.amnesty.org\/files\/uploads\/sites\/10\/2021\/03\/Captura-770x316.png 770w, https:\/\/blogs.es.amnesty.org\/files\/uploads\/sites\/10\/2021\/03\/Captura-768x315.png 768w, https:\/\/blogs.es.amnesty.org\/files\/uploads\/sites\/10\/2021\/03\/Captura.png 1125w\" sizes=\"auto, (max-width: 1044px) 100vw, 1044px\" \/><\/figure>\n\n\n\n<h2 class=\"wp-block-heading\"><strong>\u00bfC\u00f3mo ha sido la protesta de Amnist\u00eda Internacional ante esta lacra social?<\/strong><\/h2>\n\n\n\n<p class=\"wp-block-paragraph\">Desde Amnist\u00eda Internacional se ha llevado a cabo numerosas acciones para poner fin a esta situaci\u00f3n a trav\u00e9s de recogidas de firmas, el eco de las redes sociales, los actos reivindicativos y mucho m\u00e1s. No s\u00f3lo se ha intentado frenar esta violencia machista en nuestro pa\u00eds, sino que tambi\u00e9n se ha ayudado a mujeres de otros pa\u00edses, como fue el caso de <a href=\"https:\/\/www.es.amnesty.org\/actua\/acciones\/mozambique-josina-ago20\/\">Josina<\/a>, defensora de los derechos humanos en Mozambique. <\/p>\n\n\n\n<p class=\"wp-block-paragraph\">Josina fue brutalmente agredida por su pareja, perdiendo la vista en el ojo derecho. Denunci\u00f3 a su agresor y el tribunal anul\u00f3 la declaraci\u00f3n de culpabilidad. Desde Amnist\u00eda se cre\u00f3 una campa\u00f1a para apoyar a Josina y a todas aquellas mujeres que sufren violencia de g\u00e9nero en Mozambique.<br><\/p>\n\n\n\n<p class=\"wp-block-paragraph\">La lucha de Amnist\u00eda continua hasta que, al fin, un d\u00eda se consiga derribar esta gran lacra social y no tengamos que llorar ninguna muerte m\u00e1s, ni ning\u00fan golpe, ni ning\u00fan tipo de violencia psicol\u00f3gica. <\/p>\n\n\n\n<p class=\"wp-block-paragraph\"><a href=\"https:\/\/www.es.amnesty.org\/en-que-estamos\/temas\/derechos-de-las-mujeres\/\">https:\/\/www.es.amnesty.org\/en-que-estamos\/temas\/derechos-de-las-mujeres\/<\/a><\/p>\n","protected":false},"excerpt":{"rendered":"<p>Uno de los mayores logros de Amnist\u00eda Internacional Espa\u00f1a fue la aprobaci\u00f3n en 2004 de la Ley Org\u00e1nica de Medidas de Protecci\u00f3n Integral contra la Violencia de G\u00e9nero, que supuso un gran avance. Esto promovi\u00f3 que se generaran ayudas para las v\u00edctimas de violencia de g\u00e9nero, formaci\u00f3n para profesionales y planes de sensibilizaci\u00f3n para la sociedad. En esta larga historia de la violencia de g\u00e9nero, Amnist\u00eda Internacional no ha parado de luchar por los derechos de las mujeres intentando derribar esta gran lacra social.<\/p>\n","protected":false},"author":41,"featured_media":866,"comment_status":"open","ping_status":"open","sticky":false,"template":"","format":"standard","meta":{"_acf_changed":false,"footnotes":"","_members_access_role":[],"_members_access_error":""},"categories":[93],"tags":[95,111,36,94,79],"class_list":["post-859","post","type-post","status-publish","format-standard","has-post-thumbnail","hentry","category-violencia-de-genero","tag-25n","tag-derechos-humanos","tag-mujeres","tag-violencia-de-genero","tag-violencia-sexual"],"acf":[],"yoast_head":"<!-- This site is optimized with the Yoast SEO plugin v28.2 - https:\/\/yoast.com\/product\/yoast-seo-wordpress\/ -->\n<title>25N: \u00bfC\u00f3mo ha luchado Amnist\u00eda Internacional contra la violencia de g\u00e9nero? - Castilla y Le\u00f3n<\/title>\n<meta name=\"robots\" content=\"index, follow, max-snippet:-1, max-image-preview:large, max-video-preview:-1\" \/>\n<link rel=\"canonical\" href=\"https:\/\/blogs.es.amnesty.org\/castilla-leon\/2021\/11\/24\/25n-como-ha-luchado-amnistia-internacional-contra-esta-lacra-social\/\" \/>\n<meta property=\"og:locale\" content=\"es_ES\" \/>\n<meta property=\"og:type\" content=\"article\" \/>\n<meta property=\"og:title\" content=\"25N: \u00bfC\u00f3mo ha luchado Amnist\u00eda Internacional contra la violencia de g\u00e9nero? - Castilla y Le\u00f3n\" \/>\n<meta property=\"og:description\" content=\"Uno de los mayores logros de Amnist\u00eda Internacional Espa\u00f1a fue la aprobaci\u00f3n en 2004 de la Ley Org\u00e1nica de Medidas de Protecci\u00f3n Integral contra la Violencia de G\u00e9nero, que supuso un gran avance. Esto promovi\u00f3 que se generaran ayudas para las v\u00edctimas de violencia de g\u00e9nero, formaci\u00f3n para profesionales y planes de sensibilizaci\u00f3n para la sociedad. En esta larga historia de la violencia de g\u00e9nero, Amnist\u00eda Internacional no ha parado de luchar por los derechos de las mujeres intentando derribar esta gran lacra social.\" \/>\n<meta property=\"og:url\" content=\"https:\/\/blogs.es.amnesty.org\/castilla-leon\/2021\/11\/24\/25n-como-ha-luchado-amnistia-internacional-contra-esta-lacra-social\/\" \/>\n<meta property=\"og:site_name\" content=\"Castilla y Le\u00f3n\" \/>\n<meta property=\"article:published_time\" content=\"2021-11-24T15:16:37+00:00\" \/>\n<meta property=\"article:modified_time\" content=\"2021-11-25T08:10:51+00:00\" \/>\n<meta property=\"og:image\" content=\"https:\/\/blogs.es.amnesty.org\/files\/uploads\/sites\/10\/2021\/11\/Captura-de-pantalla-2021-11-24-a-las-16.13.10-1044x756.png\" \/>\n\t<meta property=\"og:image:width\" content=\"1044\" \/>\n\t<meta property=\"og:image:height\" content=\"756\" \/>\n\t<meta property=\"og:image:type\" content=\"image\/png\" \/>\n<meta name=\"author\" content=\"AI Castilla y Le\u00f3n\" \/>\n<meta name=\"twitter:card\" content=\"summary_large_image\" \/>\n<meta name=\"twitter:label1\" content=\"Escrito por\" \/>\n\t<meta name=\"twitter:data1\" content=\"AI Castilla y Le\u00f3n\" \/>\n\t<meta name=\"twitter:label2\" content=\"Tiempo de lectura\" \/>\n\t<meta name=\"twitter:data2\" content=\"4 minutos\" \/>\n<script type=\"application\/ld+json\" class=\"yoast-schema-graph\">{\"@context\":\"https:\\\/\\\/schema.org\",\"@graph\":[{\"@type\":\"Article\",\"@id\":\"https:\\\/\\\/blogs.es.amnesty.org\\\/castilla-leon\\\/2021\\\/11\\\/24\\\/25n-como-ha-luchado-amnistia-internacional-contra-esta-lacra-social\\\/#article\",\"isPartOf\":{\"@id\":\"https:\\\/\\\/blogs.es.amnesty.org\\\/castilla-leon\\\/2021\\\/11\\\/24\\\/25n-como-ha-luchado-amnistia-internacional-contra-esta-lacra-social\\\/\"},\"author\":{\"name\":\"AI Castilla y Le\u00f3n\",\"@id\":\"https:\\\/\\\/blogs.es.amnesty.org\\\/castilla-leon\\\/#\\\/schema\\\/person\\\/72c02e2f7c0653ba4613756a4f42e5f0\"},\"headline\":\"25N: \u00bfC\u00f3mo ha luchado Amnist\u00eda Internacional contra la violencia de g\u00e9nero?\",\"datePublished\":\"2021-11-24T15:16:37+00:00\",\"dateModified\":\"2021-11-25T08:10:51+00:00\",\"mainEntityOfPage\":{\"@id\":\"https:\\\/\\\/blogs.es.amnesty.org\\\/castilla-leon\\\/2021\\\/11\\\/24\\\/25n-como-ha-luchado-amnistia-internacional-contra-esta-lacra-social\\\/\"},\"wordCount\":740,\"commentCount\":0,\"image\":{\"@id\":\"https:\\\/\\\/blogs.es.amnesty.org\\\/castilla-leon\\\/2021\\\/11\\\/24\\\/25n-como-ha-luchado-amnistia-internacional-contra-esta-lacra-social\\\/#primaryimage\"},\"thumbnailUrl\":\"https:\\\/\\\/blogs.es.amnesty.org\\\/files\\\/uploads\\\/sites\\\/10\\\/2021\\\/11\\\/Captura-de-pantalla-2021-11-24-a-las-16.13.10.png\",\"keywords\":[\"25N\",\"derechos humanos\",\"Mujeres\",\"Violencia de g\u00e9nero\",\"violencia sexual\"],\"articleSection\":[\"Violencia de g\u00e9nero\"],\"inLanguage\":\"es\",\"potentialAction\":[{\"@type\":\"CommentAction\",\"name\":\"Comment\",\"target\":[\"https:\\\/\\\/blogs.es.amnesty.org\\\/castilla-leon\\\/2021\\\/11\\\/24\\\/25n-como-ha-luchado-amnistia-internacional-contra-esta-lacra-social\\\/#respond\"]}]},{\"@type\":\"WebPage\",\"@id\":\"https:\\\/\\\/blogs.es.amnesty.org\\\/castilla-leon\\\/2021\\\/11\\\/24\\\/25n-como-ha-luchado-amnistia-internacional-contra-esta-lacra-social\\\/\",\"url\":\"https:\\\/\\\/blogs.es.amnesty.org\\\/castilla-leon\\\/2021\\\/11\\\/24\\\/25n-como-ha-luchado-amnistia-internacional-contra-esta-lacra-social\\\/\",\"name\":\"25N: \u00bfC\u00f3mo ha luchado Amnist\u00eda Internacional contra la violencia de g\u00e9nero? - Castilla y Le\u00f3n\",\"isPartOf\":{\"@id\":\"https:\\\/\\\/blogs.es.amnesty.org\\\/castilla-leon\\\/#website\"},\"primaryImageOfPage\":{\"@id\":\"https:\\\/\\\/blogs.es.amnesty.org\\\/castilla-leon\\\/2021\\\/11\\\/24\\\/25n-como-ha-luchado-amnistia-internacional-contra-esta-lacra-social\\\/#primaryimage\"},\"image\":{\"@id\":\"https:\\\/\\\/blogs.es.amnesty.org\\\/castilla-leon\\\/2021\\\/11\\\/24\\\/25n-como-ha-luchado-amnistia-internacional-contra-esta-lacra-social\\\/#primaryimage\"},\"thumbnailUrl\":\"https:\\\/\\\/blogs.es.amnesty.org\\\/files\\\/uploads\\\/sites\\\/10\\\/2021\\\/11\\\/Captura-de-pantalla-2021-11-24-a-las-16.13.10.png\",\"datePublished\":\"2021-11-24T15:16:37+00:00\",\"dateModified\":\"2021-11-25T08:10:51+00:00\",\"author\":{\"@id\":\"https:\\\/\\\/blogs.es.amnesty.org\\\/castilla-leon\\\/#\\\/schema\\\/person\\\/72c02e2f7c0653ba4613756a4f42e5f0\"},\"breadcrumb\":{\"@id\":\"https:\\\/\\\/blogs.es.amnesty.org\\\/castilla-leon\\\/2021\\\/11\\\/24\\\/25n-como-ha-luchado-amnistia-internacional-contra-esta-lacra-social\\\/#breadcrumb\"},\"inLanguage\":\"es\",\"potentialAction\":[{\"@type\":\"ReadAction\",\"target\":[\"https:\\\/\\\/blogs.es.amnesty.org\\\/castilla-leon\\\/2021\\\/11\\\/24\\\/25n-como-ha-luchado-amnistia-internacional-contra-esta-lacra-social\\\/\"]}]},{\"@type\":\"ImageObject\",\"inLanguage\":\"es\",\"@id\":\"https:\\\/\\\/blogs.es.amnesty.org\\\/castilla-leon\\\/2021\\\/11\\\/24\\\/25n-como-ha-luchado-amnistia-internacional-contra-esta-lacra-social\\\/#primaryimage\",\"url\":\"https:\\\/\\\/blogs.es.amnesty.org\\\/files\\\/uploads\\\/sites\\\/10\\\/2021\\\/11\\\/Captura-de-pantalla-2021-11-24-a-las-16.13.10.png\",\"contentUrl\":\"https:\\\/\\\/blogs.es.amnesty.org\\\/files\\\/uploads\\\/sites\\\/10\\\/2021\\\/11\\\/Captura-de-pantalla-2021-11-24-a-las-16.13.10.png\",\"width\":1666,\"height\":1206,\"caption\":\"25N\"},{\"@type\":\"BreadcrumbList\",\"@id\":\"https:\\\/\\\/blogs.es.amnesty.org\\\/castilla-leon\\\/2021\\\/11\\\/24\\\/25n-como-ha-luchado-amnistia-internacional-contra-esta-lacra-social\\\/#breadcrumb\",\"itemListElement\":[{\"@type\":\"ListItem\",\"position\":1,\"name\":\"Portada\",\"item\":\"https:\\\/\\\/blogs.es.amnesty.org\\\/castilla-leon\\\/\"},{\"@type\":\"ListItem\",\"position\":2,\"name\":\"25N: \u00bfC\u00f3mo ha luchado Amnist\u00eda Internacional contra la violencia de g\u00e9nero?\"}]},{\"@type\":\"WebSite\",\"@id\":\"https:\\\/\\\/blogs.es.amnesty.org\\\/castilla-leon\\\/#website\",\"url\":\"https:\\\/\\\/blogs.es.amnesty.org\\\/castilla-leon\\\/\",\"name\":\"Castilla y Le\u00f3n\",\"description\":\"Blog de Amnist\u00eda Internacional en Castilla y Le\u00f3n\",\"potentialAction\":[{\"@type\":\"SearchAction\",\"target\":{\"@type\":\"EntryPoint\",\"urlTemplate\":\"https:\\\/\\\/blogs.es.amnesty.org\\\/castilla-leon\\\/?s={search_term_string}\"},\"query-input\":{\"@type\":\"PropertyValueSpecification\",\"valueRequired\":true,\"valueName\":\"search_term_string\"}}],\"inLanguage\":\"es\"},{\"@type\":\"Person\",\"@id\":\"https:\\\/\\\/blogs.es.amnesty.org\\\/castilla-leon\\\/#\\\/schema\\\/person\\\/72c02e2f7c0653ba4613756a4f42e5f0\",\"name\":\"AI Castilla y Le\u00f3n\",\"image\":{\"@type\":\"ImageObject\",\"inLanguage\":\"es\",\"@id\":\"https:\\\/\\\/secure.gravatar.com\\\/avatar\\\/49824f30513cadad841c65412211570e575ce18e1ec799f652f2c085f1a695fc?s=96&d=mm&r=g\",\"url\":\"https:\\\/\\\/secure.gravatar.com\\\/avatar\\\/49824f30513cadad841c65412211570e575ce18e1ec799f652f2c085f1a695fc?s=96&d=mm&r=g\",\"contentUrl\":\"https:\\\/\\\/secure.gravatar.com\\\/avatar\\\/49824f30513cadad841c65412211570e575ce18e1ec799f652f2c085f1a695fc?s=96&d=mm&r=g\",\"caption\":\"AI Castilla y Le\u00f3n\"},\"url\":\"https:\\\/\\\/blogs.es.amnesty.org\\\/castilla-leon\\\/autor\\\/comunicacioncyl\\\/\"}]}<\/script>\n<!-- \/ Yoast SEO plugin. -->","yoast_head_json":{"title":"25N: \u00bfC\u00f3mo ha luchado Amnist\u00eda Internacional contra la violencia de g\u00e9nero? - Castilla y Le\u00f3n","robots":{"index":"index","follow":"follow","max-snippet":"max-snippet:-1","max-image-preview":"max-image-preview:large","max-video-preview":"max-video-preview:-1"},"canonical":"https:\/\/blogs.es.amnesty.org\/castilla-leon\/2021\/11\/24\/25n-como-ha-luchado-amnistia-internacional-contra-esta-lacra-social\/","og_locale":"es_ES","og_type":"article","og_title":"25N: \u00bfC\u00f3mo ha luchado Amnist\u00eda Internacional contra la violencia de g\u00e9nero? - Castilla y Le\u00f3n","og_description":"Uno de los mayores logros de Amnist\u00eda Internacional Espa\u00f1a fue la aprobaci\u00f3n en 2004 de la Ley Org\u00e1nica de Medidas de Protecci\u00f3n Integral contra la Violencia de G\u00e9nero, que supuso un gran avance. Esto promovi\u00f3 que se generaran ayudas para las v\u00edctimas de violencia de g\u00e9nero, formaci\u00f3n para profesionales y planes de sensibilizaci\u00f3n para la sociedad. En esta larga historia de la violencia de g\u00e9nero, Amnist\u00eda Internacional no ha parado de luchar por los derechos de las mujeres intentando derribar esta gran lacra social.","og_url":"https:\/\/blogs.es.amnesty.org\/castilla-leon\/2021\/11\/24\/25n-como-ha-luchado-amnistia-internacional-contra-esta-lacra-social\/","og_site_name":"Castilla y Le\u00f3n","article_published_time":"2021-11-24T15:16:37+00:00","article_modified_time":"2021-11-25T08:10:51+00:00","og_image":[{"width":1044,"height":756,"url":"https:\/\/blogs.es.amnesty.org\/files\/uploads\/sites\/10\/2021\/11\/Captura-de-pantalla-2021-11-24-a-las-16.13.10-1044x756.png","type":"image\/png"}],"author":"AI Castilla y Le\u00f3n","twitter_card":"summary_large_image","twitter_misc":{"Escrito por":"AI Castilla y Le\u00f3n","Tiempo de lectura":"4 minutos"},"schema":{"@context":"https:\/\/schema.org","@graph":[{"@type":"Article","@id":"https:\/\/blogs.es.amnesty.org\/castilla-leon\/2021\/11\/24\/25n-como-ha-luchado-amnistia-internacional-contra-esta-lacra-social\/#article","isPartOf":{"@id":"https:\/\/blogs.es.amnesty.org\/castilla-leon\/2021\/11\/24\/25n-como-ha-luchado-amnistia-internacional-contra-esta-lacra-social\/"},"author":{"name":"AI Castilla y Le\u00f3n","@id":"https:\/\/blogs.es.amnesty.org\/castilla-leon\/#\/schema\/person\/72c02e2f7c0653ba4613756a4f42e5f0"},"headline":"25N: \u00bfC\u00f3mo ha luchado Amnist\u00eda Internacional contra la violencia de g\u00e9nero?","datePublished":"2021-11-24T15:16:37+00:00","dateModified":"2021-11-25T08:10:51+00:00","mainEntityOfPage":{"@id":"https:\/\/blogs.es.amnesty.org\/castilla-leon\/2021\/11\/24\/25n-como-ha-luchado-amnistia-internacional-contra-esta-lacra-social\/"},"wordCount":740,"commentCount":0,"image":{"@id":"https:\/\/blogs.es.amnesty.org\/castilla-leon\/2021\/11\/24\/25n-como-ha-luchado-amnistia-internacional-contra-esta-lacra-social\/#primaryimage"},"thumbnailUrl":"https:\/\/blogs.es.amnesty.org\/files\/uploads\/sites\/10\/2021\/11\/Captura-de-pantalla-2021-11-24-a-las-16.13.10.png","keywords":["25N","derechos humanos","Mujeres","Violencia de g\u00e9nero","violencia sexual"],"articleSection":["Violencia de g\u00e9nero"],"inLanguage":"es","potentialAction":[{"@type":"CommentAction","name":"Comment","target":["https:\/\/blogs.es.amnesty.org\/castilla-leon\/2021\/11\/24\/25n-como-ha-luchado-amnistia-internacional-contra-esta-lacra-social\/#respond"]}]},{"@type":"WebPage","@id":"https:\/\/blogs.es.amnesty.org\/castilla-leon\/2021\/11\/24\/25n-como-ha-luchado-amnistia-internacional-contra-esta-lacra-social\/","url":"https:\/\/blogs.es.amnesty.org\/castilla-leon\/2021\/11\/24\/25n-como-ha-luchado-amnistia-internacional-contra-esta-lacra-social\/","name":"25N: \u00bfC\u00f3mo ha luchado Amnist\u00eda Internacional contra la violencia de g\u00e9nero? - Castilla y Le\u00f3n","isPartOf":{"@id":"https:\/\/blogs.es.amnesty.org\/castilla-leon\/#website"},"primaryImageOfPage":{"@id":"https:\/\/blogs.es.amnesty.org\/castilla-leon\/2021\/11\/24\/25n-como-ha-luchado-amnistia-internacional-contra-esta-lacra-social\/#primaryimage"},"image":{"@id":"https:\/\/blogs.es.amnesty.org\/castilla-leon\/2021\/11\/24\/25n-como-ha-luchado-amnistia-internacional-contra-esta-lacra-social\/#primaryimage"},"thumbnailUrl":"https:\/\/blogs.es.amnesty.org\/files\/uploads\/sites\/10\/2021\/11\/Captura-de-pantalla-2021-11-24-a-las-16.13.10.png","datePublished":"2021-11-24T15:16:37+00:00","dateModified":"2021-11-25T08:10:51+00:00","author":{"@id":"https:\/\/blogs.es.amnesty.org\/castilla-leon\/#\/schema\/person\/72c02e2f7c0653ba4613756a4f42e5f0"},"breadcrumb":{"@id":"https:\/\/blogs.es.amnesty.org\/castilla-leon\/2021\/11\/24\/25n-como-ha-luchado-amnistia-internacional-contra-esta-lacra-social\/#breadcrumb"},"inLanguage":"es","potentialAction":[{"@type":"ReadAction","target":["https:\/\/blogs.es.amnesty.org\/castilla-leon\/2021\/11\/24\/25n-como-ha-luchado-amnistia-internacional-contra-esta-lacra-social\/"]}]},{"@type":"ImageObject","inLanguage":"es","@id":"https:\/\/blogs.es.amnesty.org\/castilla-leon\/2021\/11\/24\/25n-como-ha-luchado-amnistia-internacional-contra-esta-lacra-social\/#primaryimage","url":"https:\/\/blogs.es.amnesty.org\/files\/uploads\/sites\/10\/2021\/11\/Captura-de-pantalla-2021-11-24-a-las-16.13.10.png","contentUrl":"https:\/\/blogs.es.amnesty.org\/files\/uploads\/sites\/10\/2021\/11\/Captura-de-pantalla-2021-11-24-a-las-16.13.10.png","width":1666,"height":1206,"caption":"25N"},{"@type":"BreadcrumbList","@id":"https:\/\/blogs.es.amnesty.org\/castilla-leon\/2021\/11\/24\/25n-como-ha-luchado-amnistia-internacional-contra-esta-lacra-social\/#breadcrumb","itemListElement":[{"@type":"ListItem","position":1,"name":"Portada","item":"https:\/\/blogs.es.amnesty.org\/castilla-leon\/"},{"@type":"ListItem","position":2,"name":"25N: \u00bfC\u00f3mo ha luchado Amnist\u00eda Internacional contra la violencia de g\u00e9nero?"}]},{"@type":"WebSite","@id":"https:\/\/blogs.es.amnesty.org\/castilla-leon\/#website","url":"https:\/\/blogs.es.amnesty.org\/castilla-leon\/","name":"Castilla y Le\u00f3n","description":"Blog de Amnist\u00eda Internacional en Castilla y Le\u00f3n","potentialAction":[{"@type":"SearchAction","target":{"@type":"EntryPoint","urlTemplate":"https:\/\/blogs.es.amnesty.org\/castilla-leon\/?s={search_term_string}"},"query-input":{"@type":"PropertyValueSpecification","valueRequired":true,"valueName":"search_term_string"}}],"inLanguage":"es"},{"@type":"Person","@id":"https:\/\/blogs.es.amnesty.org\/castilla-leon\/#\/schema\/person\/72c02e2f7c0653ba4613756a4f42e5f0","name":"AI Castilla y Le\u00f3n","image":{"@type":"ImageObject","inLanguage":"es","@id":"https:\/\/secure.gravatar.com\/avatar\/49824f30513cadad841c65412211570e575ce18e1ec799f652f2c085f1a695fc?s=96&d=mm&r=g","url":"https:\/\/secure.gravatar.com\/avatar\/49824f30513cadad841c65412211570e575ce18e1ec799f652f2c085f1a695fc?s=96&d=mm&r=g","contentUrl":"https:\/\/secure.gravatar.com\/avatar\/49824f30513cadad841c65412211570e575ce18e1ec799f652f2c085f1a695fc?s=96&d=mm&r=g","caption":"AI Castilla y Le\u00f3n"},"url":"https:\/\/blogs.es.amnesty.org\/castilla-leon\/autor\/comunicacioncyl\/"}]}},"_links":{"self":[{"href":"https:\/\/blogs.es.amnesty.org\/castilla-leon\/wp-json\/wp\/v2\/posts\/859","targetHints":{"allow":["GET"]}}],"collection":[{"href":"https:\/\/blogs.es.amnesty.org\/castilla-leon\/wp-json\/wp\/v2\/posts"}],"about":[{"href":"https:\/\/blogs.es.amnesty.org\/castilla-leon\/wp-json\/wp\/v2\/types\/post"}],"author":[{"embeddable":true,"href":"https:\/\/blogs.es.amnesty.org\/castilla-leon\/wp-json\/wp\/v2\/users\/41"}],"replies":[{"embeddable":true,"href":"https:\/\/blogs.es.amnesty.org\/castilla-leon\/wp-json\/wp\/v2\/comments?post=859"}],"version-history":[{"count":0,"href":"https:\/\/blogs.es.amnesty.org\/castilla-leon\/wp-json\/wp\/v2\/posts\/859\/revisions"}],"wp:featuredmedia":[{"embeddable":true,"href":"https:\/\/blogs.es.amnesty.org\/castilla-leon\/wp-json\/wp\/v2\/media\/866"}],"wp:attachment":[{"href":"https:\/\/blogs.es.amnesty.org\/castilla-leon\/wp-json\/wp\/v2\/media?parent=859"}],"wp:term":[{"taxonomy":"category","embeddable":true,"href":"https:\/\/blogs.es.amnesty.org\/castilla-leon\/wp-json\/wp\/v2\/categories?post=859"},{"taxonomy":"post_tag","embeddable":true,"href":"https:\/\/blogs.es.amnesty.org\/castilla-leon\/wp-json\/wp\/v2\/tags?post=859"}],"curies":[{"name":"wp","href":"https:\/\/api.w.org\/{rel}","templated":true}]}}