{"id":929,"date":"2022-02-22T10:55:32","date_gmt":"2022-02-22T10:55:32","guid":{"rendered":"https:\/\/blogs.es.amnesty.org\/castilla-leon\/?p=929"},"modified":"2022-02-22T10:55:33","modified_gmt":"2022-02-22T10:55:33","slug":"la-casa-de-cultura-de-ponferrada-abre-sus-puertas-a-la-exposicion-los-derechos-humanos-en-imagenes","status":"publish","type":"post","link":"https:\/\/blogs.es.amnesty.org\/castilla-leon\/2022\/02\/22\/la-casa-de-cultura-de-ponferrada-abre-sus-puertas-a-la-exposicion-los-derechos-humanos-en-imagenes\/","title":{"rendered":"La Casa de Cultura de Ponferrada abre sus puertas a la exposici\u00f3n \u00abLos derechos humanos en im\u00e1genes\u00bb"},"content":{"rendered":"\n<p class=\"wp-block-paragraph\">Este a\u00f1o se celebra el 60 aniversario de la constituci\u00f3n de Amnist\u00eda Internacional. Para ello, se ha recuperado esta exposici\u00f3n, cedida por el Consejo Comarcal del Bierzo, para difundir y reforzar la idea de defensa de los derechos humanos como una responsabilidad de todos. <\/p>\n\n\n\n<p class=\"wp-block-paragraph\">Para este evento se ha contado con la colaboraci\u00f3n de la Asociaci\u00f3n Espa\u00f1ola de Profesionales del Dise\u00f1o, quienes se han encargado de las ilustraciones.<\/p>\n\n\n\n<figure class=\"wp-block-image size-large\"><img loading=\"lazy\" decoding=\"async\" width=\"1044\" height=\"482\" src=\"https:\/\/blogs.es.amnesty.org\/files\/uploads\/sites\/10\/2022\/02\/WhatsApp-Image-2022-02-15-at-18.33.48-1-1044x482.jpeg\" alt=\"\" class=\"wp-image-934\" srcset=\"https:\/\/blogs.es.amnesty.org\/files\/uploads\/sites\/10\/2022\/02\/WhatsApp-Image-2022-02-15-at-18.33.48-1-1044x482.jpeg 1044w, https:\/\/blogs.es.amnesty.org\/files\/uploads\/sites\/10\/2022\/02\/WhatsApp-Image-2022-02-15-at-18.33.48-1-770x356.jpeg 770w, https:\/\/blogs.es.amnesty.org\/files\/uploads\/sites\/10\/2022\/02\/WhatsApp-Image-2022-02-15-at-18.33.48-1-768x355.jpeg 768w, https:\/\/blogs.es.amnesty.org\/files\/uploads\/sites\/10\/2022\/02\/WhatsApp-Image-2022-02-15-at-18.33.48-1-1536x709.jpeg 1536w, https:\/\/blogs.es.amnesty.org\/files\/uploads\/sites\/10\/2022\/02\/WhatsApp-Image-2022-02-15-at-18.33.48-1.jpeg 1992w\" sizes=\"auto, (max-width: 1044px) 100vw, 1044px\" \/><\/figure>\n\n\n","protected":false},"excerpt":{"rendered":"<p>Hasta el 28 de febrero se podr\u00e1 disfrutar en la sala de Arturo Gonz\u00e1lez Nieto, ubicada en la biblioteca municipal \u00abValent\u00edn Garc\u00eda Yebra\u00bb de Ponferrada. La exposici\u00f3n estar\u00e1 abierta al p\u00fablico de lunes a viernes de 10 a 14 y de 16 a 21 horas. Con un horario de fin de semana de s\u00e1bado de 9.30 a 13.30.<\/p>\n","protected":false},"author":41,"featured_media":932,"comment_status":"open","ping_status":"open","sticky":false,"template":"","format":"standard","meta":{"_acf_changed":false,"footnotes":"","_members_access_role":[],"_members_access_error":""},"categories":[75,12],"tags":[158,159],"class_list":["post-929","post","type-post","status-publish","format-standard","has-post-thumbnail","hentry","category-eventos","category-leon","tag-ddhh","tag-ponferrada"],"acf":[],"yoast_head":"<!-- This site is optimized with the Yoast SEO plugin v28.2 - https:\/\/yoast.com\/product\/yoast-seo-wordpress\/ -->\n<title>La Casa de Cultura de Ponferrada abre sus puertas a la exposici\u00f3n &quot;Los derechos humanos en im\u00e1genes&quot; - Castilla y Le\u00f3n<\/title>\n<meta name=\"robots\" content=\"index, follow, max-snippet:-1, max-image-preview:large, max-video-preview:-1\" \/>\n<link rel=\"canonical\" href=\"https:\/\/blogs.es.amnesty.org\/castilla-leon\/2022\/02\/22\/la-casa-de-cultura-de-ponferrada-abre-sus-puertas-a-la-exposicion-los-derechos-humanos-en-imagenes\/\" \/>\n<meta property=\"og:locale\" content=\"es_ES\" \/>\n<meta property=\"og:type\" content=\"article\" \/>\n<meta property=\"og:title\" content=\"La Casa de Cultura de Ponferrada abre sus puertas a la exposici\u00f3n &quot;Los derechos humanos en im\u00e1genes&quot; - Castilla y Le\u00f3n\" \/>\n<meta property=\"og:description\" content=\"Hasta el 28 de febrero se podr\u00e1 disfrutar en la sala de Arturo Gonz\u00e1lez Nieto, ubicada en la biblioteca municipal &quot;Valent\u00edn Garc\u00eda Yebra&quot; de Ponferrada. La exposici\u00f3n estar\u00e1 abierta al p\u00fablico de lunes a viernes de 10 a 14 y de 16 a 21 horas. Con un horario de fin de semana de s\u00e1bado de 9.30 a 13.30.\" \/>\n<meta property=\"og:url\" content=\"https:\/\/blogs.es.amnesty.org\/castilla-leon\/2022\/02\/22\/la-casa-de-cultura-de-ponferrada-abre-sus-puertas-a-la-exposicion-los-derechos-humanos-en-imagenes\/\" \/>\n<meta property=\"og:site_name\" content=\"Castilla y Le\u00f3n\" \/>\n<meta property=\"article:published_time\" content=\"2022-02-22T10:55:32+00:00\" \/>\n<meta property=\"article:modified_time\" content=\"2022-02-22T10:55:33+00:00\" \/>\n<meta property=\"og:image\" content=\"https:\/\/blogs.es.amnesty.org\/files\/uploads\/sites\/10\/2022\/02\/WhatsApp-Image-2022-02-15-at-18.33.49.jpeg\" \/>\n\t<meta property=\"og:image:width\" content=\"1992\" \/>\n\t<meta property=\"og:image:height\" content=\"920\" \/>\n\t<meta property=\"og:image:type\" content=\"image\/jpeg\" \/>\n<meta name=\"author\" content=\"AI Castilla y Le\u00f3n\" \/>\n<meta name=\"twitter:card\" content=\"summary_large_image\" \/>\n<meta name=\"twitter:label1\" content=\"Escrito por\" \/>\n\t<meta name=\"twitter:data1\" content=\"AI Castilla y Le\u00f3n\" \/>\n<script type=\"application\/ld+json\" class=\"yoast-schema-graph\">{\"@context\":\"https:\\\/\\\/schema.org\",\"@graph\":[{\"@type\":\"Article\",\"@id\":\"https:\\\/\\\/blogs.es.amnesty.org\\\/castilla-leon\\\/2022\\\/02\\\/22\\\/la-casa-de-cultura-de-ponferrada-abre-sus-puertas-a-la-exposicion-los-derechos-humanos-en-imagenes\\\/#article\",\"isPartOf\":{\"@id\":\"https:\\\/\\\/blogs.es.amnesty.org\\\/castilla-leon\\\/2022\\\/02\\\/22\\\/la-casa-de-cultura-de-ponferrada-abre-sus-puertas-a-la-exposicion-los-derechos-humanos-en-imagenes\\\/\"},\"author\":{\"name\":\"AI Castilla y Le\u00f3n\",\"@id\":\"https:\\\/\\\/blogs.es.amnesty.org\\\/castilla-leon\\\/#\\\/schema\\\/person\\\/72c02e2f7c0653ba4613756a4f42e5f0\"},\"headline\":\"La Casa de Cultura de Ponferrada abre sus puertas a la exposici\u00f3n \u00abLos derechos humanos en im\u00e1genes\u00bb\",\"datePublished\":\"2022-02-22T10:55:32+00:00\",\"dateModified\":\"2022-02-22T10:55:33+00:00\",\"mainEntityOfPage\":{\"@id\":\"https:\\\/\\\/blogs.es.amnesty.org\\\/castilla-leon\\\/2022\\\/02\\\/22\\\/la-casa-de-cultura-de-ponferrada-abre-sus-puertas-a-la-exposicion-los-derechos-humanos-en-imagenes\\\/\"},\"wordCount\":94,\"commentCount\":0,\"image\":{\"@id\":\"https:\\\/\\\/blogs.es.amnesty.org\\\/castilla-leon\\\/2022\\\/02\\\/22\\\/la-casa-de-cultura-de-ponferrada-abre-sus-puertas-a-la-exposicion-los-derechos-humanos-en-imagenes\\\/#primaryimage\"},\"thumbnailUrl\":\"https:\\\/\\\/blogs.es.amnesty.org\\\/files\\\/uploads\\\/sites\\\/10\\\/2022\\\/02\\\/WhatsApp-Image-2022-02-15-at-18.33.49.jpeg\",\"keywords\":[\"DDHH\",\"Ponferrada\"],\"articleSection\":[\"Eventos\",\"Le\u00f3n\"],\"inLanguage\":\"es\",\"potentialAction\":[{\"@type\":\"CommentAction\",\"name\":\"Comment\",\"target\":[\"https:\\\/\\\/blogs.es.amnesty.org\\\/castilla-leon\\\/2022\\\/02\\\/22\\\/la-casa-de-cultura-de-ponferrada-abre-sus-puertas-a-la-exposicion-los-derechos-humanos-en-imagenes\\\/#respond\"]}]},{\"@type\":\"WebPage\",\"@id\":\"https:\\\/\\\/blogs.es.amnesty.org\\\/castilla-leon\\\/2022\\\/02\\\/22\\\/la-casa-de-cultura-de-ponferrada-abre-sus-puertas-a-la-exposicion-los-derechos-humanos-en-imagenes\\\/\",\"url\":\"https:\\\/\\\/blogs.es.amnesty.org\\\/castilla-leon\\\/2022\\\/02\\\/22\\\/la-casa-de-cultura-de-ponferrada-abre-sus-puertas-a-la-exposicion-los-derechos-humanos-en-imagenes\\\/\",\"name\":\"La Casa de Cultura de Ponferrada abre sus puertas a la exposici\u00f3n \\\"Los derechos humanos en im\u00e1genes\\\" - Castilla y Le\u00f3n\",\"isPartOf\":{\"@id\":\"https:\\\/\\\/blogs.es.amnesty.org\\\/castilla-leon\\\/#website\"},\"primaryImageOfPage\":{\"@id\":\"https:\\\/\\\/blogs.es.amnesty.org\\\/castilla-leon\\\/2022\\\/02\\\/22\\\/la-casa-de-cultura-de-ponferrada-abre-sus-puertas-a-la-exposicion-los-derechos-humanos-en-imagenes\\\/#primaryimage\"},\"image\":{\"@id\":\"https:\\\/\\\/blogs.es.amnesty.org\\\/castilla-leon\\\/2022\\\/02\\\/22\\\/la-casa-de-cultura-de-ponferrada-abre-sus-puertas-a-la-exposicion-los-derechos-humanos-en-imagenes\\\/#primaryimage\"},\"thumbnailUrl\":\"https:\\\/\\\/blogs.es.amnesty.org\\\/files\\\/uploads\\\/sites\\\/10\\\/2022\\\/02\\\/WhatsApp-Image-2022-02-15-at-18.33.49.jpeg\",\"datePublished\":\"2022-02-22T10:55:32+00:00\",\"dateModified\":\"2022-02-22T10:55:33+00:00\",\"author\":{\"@id\":\"https:\\\/\\\/blogs.es.amnesty.org\\\/castilla-leon\\\/#\\\/schema\\\/person\\\/72c02e2f7c0653ba4613756a4f42e5f0\"},\"breadcrumb\":{\"@id\":\"https:\\\/\\\/blogs.es.amnesty.org\\\/castilla-leon\\\/2022\\\/02\\\/22\\\/la-casa-de-cultura-de-ponferrada-abre-sus-puertas-a-la-exposicion-los-derechos-humanos-en-imagenes\\\/#breadcrumb\"},\"inLanguage\":\"es\",\"potentialAction\":[{\"@type\":\"ReadAction\",\"target\":[\"https:\\\/\\\/blogs.es.amnesty.org\\\/castilla-leon\\\/2022\\\/02\\\/22\\\/la-casa-de-cultura-de-ponferrada-abre-sus-puertas-a-la-exposicion-los-derechos-humanos-en-imagenes\\\/\"]}]},{\"@type\":\"ImageObject\",\"inLanguage\":\"es\",\"@id\":\"https:\\\/\\\/blogs.es.amnesty.org\\\/castilla-leon\\\/2022\\\/02\\\/22\\\/la-casa-de-cultura-de-ponferrada-abre-sus-puertas-a-la-exposicion-los-derechos-humanos-en-imagenes\\\/#primaryimage\",\"url\":\"https:\\\/\\\/blogs.es.amnesty.org\\\/files\\\/uploads\\\/sites\\\/10\\\/2022\\\/02\\\/WhatsApp-Image-2022-02-15-at-18.33.49.jpeg\",\"contentUrl\":\"https:\\\/\\\/blogs.es.amnesty.org\\\/files\\\/uploads\\\/sites\\\/10\\\/2022\\\/02\\\/WhatsApp-Image-2022-02-15-at-18.33.49.jpeg\",\"width\":1992,\"height\":920},{\"@type\":\"BreadcrumbList\",\"@id\":\"https:\\\/\\\/blogs.es.amnesty.org\\\/castilla-leon\\\/2022\\\/02\\\/22\\\/la-casa-de-cultura-de-ponferrada-abre-sus-puertas-a-la-exposicion-los-derechos-humanos-en-imagenes\\\/#breadcrumb\",\"itemListElement\":[{\"@type\":\"ListItem\",\"position\":1,\"name\":\"Portada\",\"item\":\"https:\\\/\\\/blogs.es.amnesty.org\\\/castilla-leon\\\/\"},{\"@type\":\"ListItem\",\"position\":2,\"name\":\"La Casa de Cultura de Ponferrada abre sus puertas a la exposici\u00f3n \u00abLos derechos humanos en im\u00e1genes\u00bb\"}]},{\"@type\":\"WebSite\",\"@id\":\"https:\\\/\\\/blogs.es.amnesty.org\\\/castilla-leon\\\/#website\",\"url\":\"https:\\\/\\\/blogs.es.amnesty.org\\\/castilla-leon\\\/\",\"name\":\"Castilla y Le\u00f3n\",\"description\":\"Blog de Amnist\u00eda Internacional en Castilla y Le\u00f3n\",\"potentialAction\":[{\"@type\":\"SearchAction\",\"target\":{\"@type\":\"EntryPoint\",\"urlTemplate\":\"https:\\\/\\\/blogs.es.amnesty.org\\\/castilla-leon\\\/?s={search_term_string}\"},\"query-input\":{\"@type\":\"PropertyValueSpecification\",\"valueRequired\":true,\"valueName\":\"search_term_string\"}}],\"inLanguage\":\"es\"},{\"@type\":\"Person\",\"@id\":\"https:\\\/\\\/blogs.es.amnesty.org\\\/castilla-leon\\\/#\\\/schema\\\/person\\\/72c02e2f7c0653ba4613756a4f42e5f0\",\"name\":\"AI Castilla y Le\u00f3n\",\"image\":{\"@type\":\"ImageObject\",\"inLanguage\":\"es\",\"@id\":\"https:\\\/\\\/secure.gravatar.com\\\/avatar\\\/49824f30513cadad841c65412211570e575ce18e1ec799f652f2c085f1a695fc?s=96&d=mm&r=g\",\"url\":\"https:\\\/\\\/secure.gravatar.com\\\/avatar\\\/49824f30513cadad841c65412211570e575ce18e1ec799f652f2c085f1a695fc?s=96&d=mm&r=g\",\"contentUrl\":\"https:\\\/\\\/secure.gravatar.com\\\/avatar\\\/49824f30513cadad841c65412211570e575ce18e1ec799f652f2c085f1a695fc?s=96&d=mm&r=g\",\"caption\":\"AI Castilla y Le\u00f3n\"},\"url\":\"https:\\\/\\\/blogs.es.amnesty.org\\\/castilla-leon\\\/autor\\\/comunicacioncyl\\\/\"}]}<\/script>\n<!-- \/ Yoast SEO plugin. -->","yoast_head_json":{"title":"La Casa de Cultura de Ponferrada abre sus puertas a la exposici\u00f3n \"Los derechos humanos en im\u00e1genes\" - Castilla y Le\u00f3n","robots":{"index":"index","follow":"follow","max-snippet":"max-snippet:-1","max-image-preview":"max-image-preview:large","max-video-preview":"max-video-preview:-1"},"canonical":"https:\/\/blogs.es.amnesty.org\/castilla-leon\/2022\/02\/22\/la-casa-de-cultura-de-ponferrada-abre-sus-puertas-a-la-exposicion-los-derechos-humanos-en-imagenes\/","og_locale":"es_ES","og_type":"article","og_title":"La Casa de Cultura de Ponferrada abre sus puertas a la exposici\u00f3n \"Los derechos humanos en im\u00e1genes\" - Castilla y Le\u00f3n","og_description":"Hasta el 28 de febrero se podr\u00e1 disfrutar en la sala de Arturo Gonz\u00e1lez Nieto, ubicada en la biblioteca municipal \"Valent\u00edn Garc\u00eda Yebra\" de Ponferrada. La exposici\u00f3n estar\u00e1 abierta al p\u00fablico de lunes a viernes de 10 a 14 y de 16 a 21 horas. Con un horario de fin de semana de s\u00e1bado de 9.30 a 13.30.","og_url":"https:\/\/blogs.es.amnesty.org\/castilla-leon\/2022\/02\/22\/la-casa-de-cultura-de-ponferrada-abre-sus-puertas-a-la-exposicion-los-derechos-humanos-en-imagenes\/","og_site_name":"Castilla y Le\u00f3n","article_published_time":"2022-02-22T10:55:32+00:00","article_modified_time":"2022-02-22T10:55:33+00:00","og_image":[{"width":1992,"height":920,"url":"https:\/\/blogs.es.amnesty.org\/files\/uploads\/sites\/10\/2022\/02\/WhatsApp-Image-2022-02-15-at-18.33.49.jpeg","type":"image\/jpeg"}],"author":"AI Castilla y Le\u00f3n","twitter_card":"summary_large_image","twitter_misc":{"Escrito por":"AI Castilla y Le\u00f3n"},"schema":{"@context":"https:\/\/schema.org","@graph":[{"@type":"Article","@id":"https:\/\/blogs.es.amnesty.org\/castilla-leon\/2022\/02\/22\/la-casa-de-cultura-de-ponferrada-abre-sus-puertas-a-la-exposicion-los-derechos-humanos-en-imagenes\/#article","isPartOf":{"@id":"https:\/\/blogs.es.amnesty.org\/castilla-leon\/2022\/02\/22\/la-casa-de-cultura-de-ponferrada-abre-sus-puertas-a-la-exposicion-los-derechos-humanos-en-imagenes\/"},"author":{"name":"AI Castilla y Le\u00f3n","@id":"https:\/\/blogs.es.amnesty.org\/castilla-leon\/#\/schema\/person\/72c02e2f7c0653ba4613756a4f42e5f0"},"headline":"La Casa de Cultura de Ponferrada abre sus puertas a la exposici\u00f3n \u00abLos derechos humanos en im\u00e1genes\u00bb","datePublished":"2022-02-22T10:55:32+00:00","dateModified":"2022-02-22T10:55:33+00:00","mainEntityOfPage":{"@id":"https:\/\/blogs.es.amnesty.org\/castilla-leon\/2022\/02\/22\/la-casa-de-cultura-de-ponferrada-abre-sus-puertas-a-la-exposicion-los-derechos-humanos-en-imagenes\/"},"wordCount":94,"commentCount":0,"image":{"@id":"https:\/\/blogs.es.amnesty.org\/castilla-leon\/2022\/02\/22\/la-casa-de-cultura-de-ponferrada-abre-sus-puertas-a-la-exposicion-los-derechos-humanos-en-imagenes\/#primaryimage"},"thumbnailUrl":"https:\/\/blogs.es.amnesty.org\/files\/uploads\/sites\/10\/2022\/02\/WhatsApp-Image-2022-02-15-at-18.33.49.jpeg","keywords":["DDHH","Ponferrada"],"articleSection":["Eventos","Le\u00f3n"],"inLanguage":"es","potentialAction":[{"@type":"CommentAction","name":"Comment","target":["https:\/\/blogs.es.amnesty.org\/castilla-leon\/2022\/02\/22\/la-casa-de-cultura-de-ponferrada-abre-sus-puertas-a-la-exposicion-los-derechos-humanos-en-imagenes\/#respond"]}]},{"@type":"WebPage","@id":"https:\/\/blogs.es.amnesty.org\/castilla-leon\/2022\/02\/22\/la-casa-de-cultura-de-ponferrada-abre-sus-puertas-a-la-exposicion-los-derechos-humanos-en-imagenes\/","url":"https:\/\/blogs.es.amnesty.org\/castilla-leon\/2022\/02\/22\/la-casa-de-cultura-de-ponferrada-abre-sus-puertas-a-la-exposicion-los-derechos-humanos-en-imagenes\/","name":"La Casa de Cultura de Ponferrada abre sus puertas a la exposici\u00f3n \"Los derechos humanos en im\u00e1genes\" - Castilla y Le\u00f3n","isPartOf":{"@id":"https:\/\/blogs.es.amnesty.org\/castilla-leon\/#website"},"primaryImageOfPage":{"@id":"https:\/\/blogs.es.amnesty.org\/castilla-leon\/2022\/02\/22\/la-casa-de-cultura-de-ponferrada-abre-sus-puertas-a-la-exposicion-los-derechos-humanos-en-imagenes\/#primaryimage"},"image":{"@id":"https:\/\/blogs.es.amnesty.org\/castilla-leon\/2022\/02\/22\/la-casa-de-cultura-de-ponferrada-abre-sus-puertas-a-la-exposicion-los-derechos-humanos-en-imagenes\/#primaryimage"},"thumbnailUrl":"https:\/\/blogs.es.amnesty.org\/files\/uploads\/sites\/10\/2022\/02\/WhatsApp-Image-2022-02-15-at-18.33.49.jpeg","datePublished":"2022-02-22T10:55:32+00:00","dateModified":"2022-02-22T10:55:33+00:00","author":{"@id":"https:\/\/blogs.es.amnesty.org\/castilla-leon\/#\/schema\/person\/72c02e2f7c0653ba4613756a4f42e5f0"},"breadcrumb":{"@id":"https:\/\/blogs.es.amnesty.org\/castilla-leon\/2022\/02\/22\/la-casa-de-cultura-de-ponferrada-abre-sus-puertas-a-la-exposicion-los-derechos-humanos-en-imagenes\/#breadcrumb"},"inLanguage":"es","potentialAction":[{"@type":"ReadAction","target":["https:\/\/blogs.es.amnesty.org\/castilla-leon\/2022\/02\/22\/la-casa-de-cultura-de-ponferrada-abre-sus-puertas-a-la-exposicion-los-derechos-humanos-en-imagenes\/"]}]},{"@type":"ImageObject","inLanguage":"es","@id":"https:\/\/blogs.es.amnesty.org\/castilla-leon\/2022\/02\/22\/la-casa-de-cultura-de-ponferrada-abre-sus-puertas-a-la-exposicion-los-derechos-humanos-en-imagenes\/#primaryimage","url":"https:\/\/blogs.es.amnesty.org\/files\/uploads\/sites\/10\/2022\/02\/WhatsApp-Image-2022-02-15-at-18.33.49.jpeg","contentUrl":"https:\/\/blogs.es.amnesty.org\/files\/uploads\/sites\/10\/2022\/02\/WhatsApp-Image-2022-02-15-at-18.33.49.jpeg","width":1992,"height":920},{"@type":"BreadcrumbList","@id":"https:\/\/blogs.es.amnesty.org\/castilla-leon\/2022\/02\/22\/la-casa-de-cultura-de-ponferrada-abre-sus-puertas-a-la-exposicion-los-derechos-humanos-en-imagenes\/#breadcrumb","itemListElement":[{"@type":"ListItem","position":1,"name":"Portada","item":"https:\/\/blogs.es.amnesty.org\/castilla-leon\/"},{"@type":"ListItem","position":2,"name":"La Casa de Cultura de Ponferrada abre sus puertas a la exposici\u00f3n \u00abLos derechos humanos en im\u00e1genes\u00bb"}]},{"@type":"WebSite","@id":"https:\/\/blogs.es.amnesty.org\/castilla-leon\/#website","url":"https:\/\/blogs.es.amnesty.org\/castilla-leon\/","name":"Castilla y Le\u00f3n","description":"Blog de Amnist\u00eda Internacional en Castilla y Le\u00f3n","potentialAction":[{"@type":"SearchAction","target":{"@type":"EntryPoint","urlTemplate":"https:\/\/blogs.es.amnesty.org\/castilla-leon\/?s={search_term_string}"},"query-input":{"@type":"PropertyValueSpecification","valueRequired":true,"valueName":"search_term_string"}}],"inLanguage":"es"},{"@type":"Person","@id":"https:\/\/blogs.es.amnesty.org\/castilla-leon\/#\/schema\/person\/72c02e2f7c0653ba4613756a4f42e5f0","name":"AI Castilla y Le\u00f3n","image":{"@type":"ImageObject","inLanguage":"es","@id":"https:\/\/secure.gravatar.com\/avatar\/49824f30513cadad841c65412211570e575ce18e1ec799f652f2c085f1a695fc?s=96&d=mm&r=g","url":"https:\/\/secure.gravatar.com\/avatar\/49824f30513cadad841c65412211570e575ce18e1ec799f652f2c085f1a695fc?s=96&d=mm&r=g","contentUrl":"https:\/\/secure.gravatar.com\/avatar\/49824f30513cadad841c65412211570e575ce18e1ec799f652f2c085f1a695fc?s=96&d=mm&r=g","caption":"AI Castilla y Le\u00f3n"},"url":"https:\/\/blogs.es.amnesty.org\/castilla-leon\/autor\/comunicacioncyl\/"}]}},"_links":{"self":[{"href":"https:\/\/blogs.es.amnesty.org\/castilla-leon\/wp-json\/wp\/v2\/posts\/929","targetHints":{"allow":["GET"]}}],"collection":[{"href":"https:\/\/blogs.es.amnesty.org\/castilla-leon\/wp-json\/wp\/v2\/posts"}],"about":[{"href":"https:\/\/blogs.es.amnesty.org\/castilla-leon\/wp-json\/wp\/v2\/types\/post"}],"author":[{"embeddable":true,"href":"https:\/\/blogs.es.amnesty.org\/castilla-leon\/wp-json\/wp\/v2\/users\/41"}],"replies":[{"embeddable":true,"href":"https:\/\/blogs.es.amnesty.org\/castilla-leon\/wp-json\/wp\/v2\/comments?post=929"}],"version-history":[{"count":0,"href":"https:\/\/blogs.es.amnesty.org\/castilla-leon\/wp-json\/wp\/v2\/posts\/929\/revisions"}],"wp:featuredmedia":[{"embeddable":true,"href":"https:\/\/blogs.es.amnesty.org\/castilla-leon\/wp-json\/wp\/v2\/media\/932"}],"wp:attachment":[{"href":"https:\/\/blogs.es.amnesty.org\/castilla-leon\/wp-json\/wp\/v2\/media?parent=929"}],"wp:term":[{"taxonomy":"category","embeddable":true,"href":"https:\/\/blogs.es.amnesty.org\/castilla-leon\/wp-json\/wp\/v2\/categories?post=929"},{"taxonomy":"post_tag","embeddable":true,"href":"https:\/\/blogs.es.amnesty.org\/castilla-leon\/wp-json\/wp\/v2\/tags?post=929"}],"curies":[{"name":"wp","href":"https:\/\/api.w.org\/{rel}","templated":true}]}}