{"id":968,"date":"2022-04-03T09:17:08","date_gmt":"2022-04-03T09:17:08","guid":{"rendered":"https:\/\/blogs.es.amnesty.org\/castilla-leon\/?p=968"},"modified":"2022-04-22T21:31:20","modified_gmt":"2022-04-22T21:31:20","slug":"conciero-60-aniversario-de-ai","status":"publish","type":"post","link":"https:\/\/blogs.es.amnesty.org\/castilla-leon\/2022\/04\/03\/conciero-60-aniversario-de-ai\/","title":{"rendered":"Conciero 60 aniversario de AI"},"content":{"rendered":"\n<p class=\"wp-block-paragraph\">Cuatro grupos se suman a la celebraci\u00f3n del <strong>60 aniversario de Amnist\u00eda Internacional<\/strong>, bajo el lema <em>\u00abEsa humanidad que nos une\u00bb<\/em>.<\/p>\n\n\n\n<p class=\"wp-block-paragraph\">El objetivo del concierto es difundir entre la poblaci\u00f3n burgalesa la labor que realiza Amnist\u00eda  Internacional en pro de los derechos humanos y fomentar el compromiso com\u00fan en su defensa, a la vez que recauda fondos para la organizaci\u00f3n.<\/p>\n\n\n\n<div class=\"wp-block-columns alignfull has-text-color has-background is-layout-flex wp-container-core-columns-is-layout-8f761849 wp-block-columns-is-layout-flex\" style=\"background-color:#ffffff;color:#000000\">\n<div class=\"wp-block-column is-layout-flow wp-block-column-is-layout-flow\">\n<h3 class=\"has-text-align-center wp-block-heading\" style=\"font-size:24px;line-height:1.3\"><strong>7 de mayo<\/strong><\/h3>\n<\/div>\n\n\n\n<div class=\"wp-block-column is-layout-flow wp-block-column-is-layout-flow\">\n<h3 class=\"has-text-align-center wp-block-heading\" style=\"font-size:24px;line-height:1.3\"><strong>20:00 horas<\/strong><\/h3>\n<\/div>\n\n\n\n<div class=\"wp-block-column is-layout-flow wp-block-column-is-layout-flow\">\n<h3 class=\"wp-block-heading\"><strong>Cultural Caja de Burgos<\/strong><\/h3>\n\n\n\n<p class=\"has-text-align-center wp-block-paragraph\">Avda. Cantabria 3<\/p>\n<\/div>\n<\/div>\n\n\n\n<div class=\"wp-block-columns alignwide is-layout-flex wp-container-core-columns-is-layout-8f761849 wp-block-columns-is-layout-flex\">\n<div class=\"wp-block-column has-text-color has-background has-link-color wp-elements-d7a86d6e38a30773ca87c27474785533 is-layout-flow wp-block-column-is-layout-flow\" style=\"background-color:#ffff00;color:#000000;padding-top:2em;padding-right:2em;padding-bottom:2em;padding-left:2em\">\n<h2 class=\"has-text-align-center wp-block-heading\" id=\"single\" style=\"font-size:40px\"><strong>Entrada<\/strong> <\/h2>\n\n\n\n<p class=\"has-normal-font-size wp-block-paragraph\" style=\"line-height:1.5\"><strong>Compra tu entrada antes de que se acaben<\/strong><\/p>\n\n\n\n<hr class=\"wp-block-separator has-text-color has-background is-style-wide\" style=\"background-color:#000000;color:#000000\" \/>\n\n\n\n<ul class=\"has-normal-font-size wp-block-list\"><li>Taquilla Teatro Principal<\/li><li>Cultural Cord\u00f3n<\/li><li>Teleentradas CajadeBurgos. Enlace:<\/li><\/ul>\n\n\n\n<div class=\"wp-block-buttons alignfull is-horizontal is-content-justification-center is-layout-flex wp-container-core-buttons-is-layout-7d812b4c wp-block-buttons-is-layout-flex\">\n<div class=\"wp-block-button has-custom-width wp-block-button__width-100\"><a class=\"wp-block-button__link has-white-color has-text-color has-background\" href=\"https:\/\/www.bacantix.com\/Entradas\/WebForms\/Forms\/Venta.aspx?id=TeleEntradasCB&amp;codigo=000023001000968000885\" style=\"border-radius:27px;background-color:#000000\">15 \u20ac <\/a><\/div>\n<\/div>\n<\/div>\n\n\n\n<div class=\"wp-block-column has-white-color has-black-background-color has-text-color has-background has-link-color wp-elements-53171cc3fadcc6232e9392aacb055327 is-layout-flow wp-block-column-is-layout-flow\" style=\"padding-top:2em;padding-right:2em;padding-bottom:2em;padding-left:2em\">\n<h2 class=\"has-text-align-center wp-block-heading\" id=\"family\" style=\"font-size:40px\"><strong>Fila 0<\/strong><\/h2>\n\n\n\n<p class=\"has-normal-font-size wp-block-paragraph\" style=\"line-height:1.5\"><strong>\u00bfNo puedes asistir?<\/strong><\/p>\n\n\n\n<hr class=\"wp-block-separator has-text-color has-background has-white-background-color has-white-color is-style-wide\" \/>\n\n\n\n<ul class=\"has-normal-font-size wp-block-list\"><li>Apoya la labor de Amnist\u00eda Internacional ingresando tu donaci\u00f3n en:<\/li><li><strong>ES32 2085 4891 8403 3263 2694<\/strong><\/li><\/ul>\n\n\n\n<div class=\"wp-block-buttons alignfull is-horizontal is-content-justification-center is-layout-flex wp-container-core-buttons-is-layout-7d812b4c wp-block-buttons-is-layout-flex\">\n<div class=\"wp-block-button has-custom-width wp-block-button__width-100 is-style-fill\"><a class=\"wp-block-button__link has-black-color has-text-color has-background\" style=\"border-radius:27px;background-color:#ffff00\">15 \u20ac<\/a><\/div>\n<\/div>\n<\/div>\n<\/div>\n\n\n\n<hr class=\"wp-block-separator\" \/>\n\n\n\n<p class=\"wp-block-paragraph\">Contaremos con las actuaciones de:<\/p>\n\n\n\n<div class=\"wp-block-columns is-layout-flex wp-container-core-columns-is-layout-8f761849 wp-block-columns-is-layout-flex\">\n<div class=\"wp-block-column is-layout-flow wp-block-column-is-layout-flow\" style=\"flex-basis:66.66%\">\n<figure class=\"wp-block-image\"><img loading=\"lazy\" decoding=\"async\" width=\"1044\" height=\"696\" src=\"https:\/\/blogs.es.amnesty.org\/files\/uploads\/sites\/10\/2022\/04\/SULFATO-DE-FOL-3-1044x696.jpg\" alt=\"Sulfato de Fol\" class=\"wp-image-975\" srcset=\"https:\/\/blogs.es.amnesty.org\/files\/uploads\/sites\/10\/2022\/04\/SULFATO-DE-FOL-3-1044x696.jpg 1044w, https:\/\/blogs.es.amnesty.org\/files\/uploads\/sites\/10\/2022\/04\/SULFATO-DE-FOL-3-770x513.jpg 770w, https:\/\/blogs.es.amnesty.org\/files\/uploads\/sites\/10\/2022\/04\/SULFATO-DE-FOL-3-768x512.jpg 768w, https:\/\/blogs.es.amnesty.org\/files\/uploads\/sites\/10\/2022\/04\/SULFATO-DE-FOL-3.jpg 1200w\" sizes=\"auto, (max-width: 1044px) 100vw, 1044px\" \/><\/figure>\n<\/div>\n\n\n\n<div class=\"wp-block-column is-layout-flow wp-block-column-is-layout-flow\" style=\"flex-basis:33.33%\">\n<p class=\"wp-block-paragraph\"><strong>Sulfato de Fol<\/strong> es una formaci\u00f3n que ofrece una mirada muy personal y viva de la m\u00fasica tradicional de fuentes tan ricas como la gallega, la castellana o la serfard\u00ed. <\/p>\n\n\n\n<p class=\"wp-block-paragraph\">El grupo hace propuestas musicales versionando melod\u00edas, en su mayor\u00eda procedentes de la m\u00fasica popular de ra\u00edz., d\u00e1ndoles un car\u00e1cter muy particular, construido desde una rica variedad r\u00edtmica, un original colorido t\u00edmbrico soportado por la diversidad de instrumentos con los que act\u00faan.<\/p>\n<\/div>\n<\/div>\n\n\n\n<div class=\"wp-block-columns is-layout-flex wp-container-core-columns-is-layout-8f761849 wp-block-columns-is-layout-flex\">\n<div class=\"wp-block-column is-layout-flow wp-block-column-is-layout-flow\" style=\"flex-basis:33.33%\">\n<p class=\"wp-block-paragraph\"><strong>SlowMotion <\/strong>es un d\u00fao ac\u00fastico basado en la simpleza de dos voces y una guitarra, que lleva actuando desde 2016. Formado por Beatriz Gonz\u00e1lez y \u00c1lvaro Varona.<\/p>\n\n\n\n<p class=\"wp-block-paragraph\">Se sirven de un amplio abanico de estilos, como la Bossa-nova, el Blues o el Soul, para ofrecer un vibrante, \u00edntimo y aut\u00e9ntico directo, donde se mezcla delicadeza y pasi\u00f3n.<\/p>\n<\/div>\n\n\n\n<div class=\"wp-block-column is-layout-flow wp-block-column-is-layout-flow\" style=\"flex-basis:66.66%\">\n<div class=\"wp-block-image\"><figure class=\"aligncenter size-full\"><img loading=\"lazy\" decoding=\"async\" width=\"624\" height=\"385\" src=\"https:\/\/blogs.es.amnesty.org\/files\/uploads\/sites\/10\/2022\/04\/duo-kmvE-U6015881155162dD-624x385@Burgosconecta.jpg\" alt=\"\" class=\"wp-image-978\" \/><\/figure><\/div>\n<\/div>\n<\/div>\n\n\n\n<div class=\"wp-block-columns is-layout-flex wp-container-core-columns-is-layout-8f761849 wp-block-columns-is-layout-flex\">\n<div class=\"wp-block-column is-layout-flow wp-block-column-is-layout-flow\" style=\"flex-basis:66.66%\">\n<div class=\"wp-block-image\"><figure class=\"aligncenter size-full is-resized\"><img loading=\"lazy\" decoding=\"async\" src=\"https:\/\/blogs.es.amnesty.org\/files\/uploads\/sites\/10\/2022\/04\/taver.jpg\" alt=\"\" class=\"wp-image-977\" width=\"466\" height=\"349\" \/><\/figure><\/div>\n<\/div>\n\n\n\n<div class=\"wp-block-column is-layout-flow wp-block-column-is-layout-flow\" style=\"flex-basis:33.33%\">\n<p class=\"wp-block-paragraph\"><strong>The Taverners<\/strong>. grupo que bebe de las ra\u00edces de la m\u00fasica popular irlandesa, aderezada con toques country y de folclore espa\u00f1ol, con los que construyen un repertorio propio que ha demostrado, a lo largo de sus 7 a\u00f1os de existencia, conectar con un p\u00fablico cada vez m\u00e1s amplio, y hacer de cada concierto una fiesta.<\/p>\n<\/div>\n<\/div>\n\n\n\n<div class=\"wp-block-columns is-layout-flex wp-container-core-columns-is-layout-8f761849 wp-block-columns-is-layout-flex\">\n<div class=\"wp-block-column is-layout-flow wp-block-column-is-layout-flow\" style=\"flex-basis:33.33%\">\n<p class=\"wp-block-paragraph\"><strong>Tea for 3<\/strong> La m\u00fasica creada por el Hot Club de France en la primera mitad del siglo XX en Par\u00eds por St\u00e9phane Grappelli y Django Reinhardt supone el impulso inicial de este tr\u00edo instrumental formado por Luis Mart\u00ednez al viol\u00edn, Fran Mart\u00edn de Loeches a la guitarra y Joaqu\u00edn Garc\u00eda al contrabajo. El repertorio est\u00e1 compuesto por temas del estilo&nbsp;\u201cjazz manouche\u201d el cual se caracteriza por una base r\u00edtmica potente y vigorosa sin necesidad de bater\u00eda pero tambi\u00e9n&nbsp;beben de otros tipos de Jazz e incluso de otras m\u00fasicas que ellos adaptan a este formato de tr\u00edo.&nbsp;<\/p>\n<\/div>\n\n\n\n<div class=\"wp-block-column is-layout-flow wp-block-column-is-layout-flow\" style=\"flex-basis:66.66%\">\n<figure class=\"wp-block-image\"><img loading=\"lazy\" decoding=\"async\" width=\"900\" height=\"561\" src=\"https:\/\/blogs.es.amnesty.org\/files\/uploads\/sites\/10\/2022\/04\/aaa.jpg\" alt=\"TEA for 3\" class=\"wp-image-981\" srcset=\"https:\/\/blogs.es.amnesty.org\/files\/uploads\/sites\/10\/2022\/04\/aaa.jpg 900w, https:\/\/blogs.es.amnesty.org\/files\/uploads\/sites\/10\/2022\/04\/aaa-770x480.jpg 770w, https:\/\/blogs.es.amnesty.org\/files\/uploads\/sites\/10\/2022\/04\/aaa-768x479.jpg 768w\" sizes=\"auto, (max-width: 900px) 100vw, 900px\" \/><\/figure>\n<\/div>\n<\/div>\n\n\n\n<div class=\"wp-block-columns is-layout-flex wp-container-core-columns-is-layout-8f761849 wp-block-columns-is-layout-flex\">\n<div class=\"wp-block-column is-layout-flow wp-block-column-is-layout-flow\" style=\"flex-basis:66.66%\">\n<div class=\"wp-block-image\"><figure class=\"aligncenter size-full is-resized\"><img loading=\"lazy\" decoding=\"async\" src=\"https:\/\/blogs.es.amnesty.org\/files\/uploads\/sites\/10\/2022\/04\/fot_4228_gr.jpg\" alt=\"\" class=\"wp-image-984\" width=\"297\" height=\"271\" \/><\/figure><\/div>\n<\/div>\n\n\n\n<div class=\"wp-block-column is-layout-flow wp-block-column-is-layout-flow\" style=\"flex-basis:33.33%\">\n<p class=\"wp-block-paragraph\">Presentado por: <\/p>\n\n\n\n<p class=\"wp-block-paragraph\">\u00ab<strong>La Poes\u00eda es un Cuento<\/strong>\u00bb es una asociaci\u00f3n cultural con el triple objetivo de promocionar el uso y disfrute de la Poes\u00eda, recuperar la tradici\u00f3n de contar historias a viva voz y buscar la paz utilizando la Poes\u00eda y los Cuentos como medios.<\/p>\n<\/div>\n<\/div>\n\n\n\n<p class=\"wp-block-paragraph\">Agradecemos de coraz\u00f3n la participaci\u00f3n de los grupos y el presentador de forma altruista, a beneficio de Amnist\u00eda Internacional.<\/p>\n","protected":false},"excerpt":{"rendered":"<p>Cuatro grupos se suman al concierto para celebrar el 60 aniversario de Amnist\u00eda Internacional, bajo el lema \u00abEsa humanidad que nos une\u00bb. <\/p>\n","protected":false},"author":58,"featured_media":982,"comment_status":"open","ping_status":"open","sticky":false,"template":"","format":"standard","meta":{"_acf_changed":false,"footnotes":"","_members_access_role":[],"_members_access_error":""},"categories":[14],"tags":[162,99,74],"class_list":["post-968","post","type-post","status-publish","format-standard","has-post-thumbnail","hentry","category-burgos","tag-60-aniversario","tag-burgos","tag-concierto"],"acf":[],"yoast_head":"<!-- This site is optimized with the Yoast SEO plugin v28.2 - https:\/\/yoast.com\/product\/yoast-seo-wordpress\/ -->\n<title>Conciero 60 aniversario de AI - Castilla y Le\u00f3n<\/title>\n<meta name=\"robots\" content=\"index, follow, max-snippet:-1, max-image-preview:large, max-video-preview:-1\" \/>\n<link rel=\"canonical\" href=\"https:\/\/blogs.es.amnesty.org\/castilla-leon\/2022\/04\/03\/conciero-60-aniversario-de-ai\/\" \/>\n<meta property=\"og:locale\" content=\"es_ES\" \/>\n<meta property=\"og:type\" content=\"article\" \/>\n<meta property=\"og:title\" content=\"Conciero 60 aniversario de AI - Castilla y Le\u00f3n\" \/>\n<meta property=\"og:description\" content=\"Cuatro grupos se suman al concierto para celebrar el 60 aniversario de Amnist\u00eda Internacional, bajo el lema &quot;Esa humanidad que nos une&quot;.\" \/>\n<meta property=\"og:url\" content=\"https:\/\/blogs.es.amnesty.org\/castilla-leon\/2022\/04\/03\/conciero-60-aniversario-de-ai\/\" \/>\n<meta property=\"og:site_name\" content=\"Castilla y Le\u00f3n\" \/>\n<meta property=\"article:published_time\" content=\"2022-04-03T09:17:08+00:00\" \/>\n<meta property=\"article:modified_time\" content=\"2022-04-22T21:31:20+00:00\" \/>\n<meta property=\"og:image\" content=\"https:\/\/blogs.es.amnesty.org\/files\/uploads\/sites\/10\/2022\/04\/portada.jpg\" \/>\n\t<meta property=\"og:image:width\" content=\"900\" \/>\n\t<meta property=\"og:image:height\" content=\"656\" \/>\n\t<meta property=\"og:image:type\" content=\"image\/jpeg\" \/>\n<meta name=\"author\" content=\"Grupo local de Burgos\" \/>\n<meta name=\"twitter:card\" content=\"summary_large_image\" \/>\n<meta name=\"twitter:label1\" content=\"Escrito por\" \/>\n\t<meta name=\"twitter:data1\" content=\"Grupo local de Burgos\" \/>\n\t<meta name=\"twitter:label2\" content=\"Tiempo de lectura\" \/>\n\t<meta name=\"twitter:data2\" content=\"3 minutos\" \/>\n<script type=\"application\/ld+json\" class=\"yoast-schema-graph\">{\"@context\":\"https:\\\/\\\/schema.org\",\"@graph\":[{\"@type\":\"Article\",\"@id\":\"https:\\\/\\\/blogs.es.amnesty.org\\\/castilla-leon\\\/2022\\\/04\\\/03\\\/conciero-60-aniversario-de-ai\\\/#article\",\"isPartOf\":{\"@id\":\"https:\\\/\\\/blogs.es.amnesty.org\\\/castilla-leon\\\/2022\\\/04\\\/03\\\/conciero-60-aniversario-de-ai\\\/\"},\"author\":{\"name\":\"Grupo local de Burgos\",\"@id\":\"https:\\\/\\\/blogs.es.amnesty.org\\\/castilla-leon\\\/#\\\/schema\\\/person\\\/7636d532a5ce43dfae768fb154767fcf\"},\"headline\":\"Conciero 60 aniversario de AI\",\"datePublished\":\"2022-04-03T09:17:08+00:00\",\"dateModified\":\"2022-04-22T21:31:20+00:00\",\"mainEntityOfPage\":{\"@id\":\"https:\\\/\\\/blogs.es.amnesty.org\\\/castilla-leon\\\/2022\\\/04\\\/03\\\/conciero-60-aniversario-de-ai\\\/\"},\"wordCount\":509,\"commentCount\":0,\"image\":{\"@id\":\"https:\\\/\\\/blogs.es.amnesty.org\\\/castilla-leon\\\/2022\\\/04\\\/03\\\/conciero-60-aniversario-de-ai\\\/#primaryimage\"},\"thumbnailUrl\":\"https:\\\/\\\/blogs.es.amnesty.org\\\/files\\\/uploads\\\/sites\\\/10\\\/2022\\\/04\\\/portada.jpg\",\"keywords\":[\"60 aniversario\",\"Burgos\",\"concierto\"],\"articleSection\":[\"Burgos\"],\"inLanguage\":\"es\",\"potentialAction\":[{\"@type\":\"CommentAction\",\"name\":\"Comment\",\"target\":[\"https:\\\/\\\/blogs.es.amnesty.org\\\/castilla-leon\\\/2022\\\/04\\\/03\\\/conciero-60-aniversario-de-ai\\\/#respond\"]}]},{\"@type\":\"WebPage\",\"@id\":\"https:\\\/\\\/blogs.es.amnesty.org\\\/castilla-leon\\\/2022\\\/04\\\/03\\\/conciero-60-aniversario-de-ai\\\/\",\"url\":\"https:\\\/\\\/blogs.es.amnesty.org\\\/castilla-leon\\\/2022\\\/04\\\/03\\\/conciero-60-aniversario-de-ai\\\/\",\"name\":\"Conciero 60 aniversario de AI - Castilla y Le\u00f3n\",\"isPartOf\":{\"@id\":\"https:\\\/\\\/blogs.es.amnesty.org\\\/castilla-leon\\\/#website\"},\"primaryImageOfPage\":{\"@id\":\"https:\\\/\\\/blogs.es.amnesty.org\\\/castilla-leon\\\/2022\\\/04\\\/03\\\/conciero-60-aniversario-de-ai\\\/#primaryimage\"},\"image\":{\"@id\":\"https:\\\/\\\/blogs.es.amnesty.org\\\/castilla-leon\\\/2022\\\/04\\\/03\\\/conciero-60-aniversario-de-ai\\\/#primaryimage\"},\"thumbnailUrl\":\"https:\\\/\\\/blogs.es.amnesty.org\\\/files\\\/uploads\\\/sites\\\/10\\\/2022\\\/04\\\/portada.jpg\",\"datePublished\":\"2022-04-03T09:17:08+00:00\",\"dateModified\":\"2022-04-22T21:31:20+00:00\",\"author\":{\"@id\":\"https:\\\/\\\/blogs.es.amnesty.org\\\/castilla-leon\\\/#\\\/schema\\\/person\\\/7636d532a5ce43dfae768fb154767fcf\"},\"breadcrumb\":{\"@id\":\"https:\\\/\\\/blogs.es.amnesty.org\\\/castilla-leon\\\/2022\\\/04\\\/03\\\/conciero-60-aniversario-de-ai\\\/#breadcrumb\"},\"inLanguage\":\"es\",\"potentialAction\":[{\"@type\":\"ReadAction\",\"target\":[\"https:\\\/\\\/blogs.es.amnesty.org\\\/castilla-leon\\\/2022\\\/04\\\/03\\\/conciero-60-aniversario-de-ai\\\/\"]}]},{\"@type\":\"ImageObject\",\"inLanguage\":\"es\",\"@id\":\"https:\\\/\\\/blogs.es.amnesty.org\\\/castilla-leon\\\/2022\\\/04\\\/03\\\/conciero-60-aniversario-de-ai\\\/#primaryimage\",\"url\":\"https:\\\/\\\/blogs.es.amnesty.org\\\/files\\\/uploads\\\/sites\\\/10\\\/2022\\\/04\\\/portada.jpg\",\"contentUrl\":\"https:\\\/\\\/blogs.es.amnesty.org\\\/files\\\/uploads\\\/sites\\\/10\\\/2022\\\/04\\\/portada.jpg\",\"width\":900,\"height\":656,\"caption\":\"concierto 60 aniversario Burgos\"},{\"@type\":\"BreadcrumbList\",\"@id\":\"https:\\\/\\\/blogs.es.amnesty.org\\\/castilla-leon\\\/2022\\\/04\\\/03\\\/conciero-60-aniversario-de-ai\\\/#breadcrumb\",\"itemListElement\":[{\"@type\":\"ListItem\",\"position\":1,\"name\":\"Portada\",\"item\":\"https:\\\/\\\/blogs.es.amnesty.org\\\/castilla-leon\\\/\"},{\"@type\":\"ListItem\",\"position\":2,\"name\":\"Conciero 60 aniversario de AI\"}]},{\"@type\":\"WebSite\",\"@id\":\"https:\\\/\\\/blogs.es.amnesty.org\\\/castilla-leon\\\/#website\",\"url\":\"https:\\\/\\\/blogs.es.amnesty.org\\\/castilla-leon\\\/\",\"name\":\"Castilla y Le\u00f3n\",\"description\":\"Blog de Amnist\u00eda Internacional en Castilla y Le\u00f3n\",\"potentialAction\":[{\"@type\":\"SearchAction\",\"target\":{\"@type\":\"EntryPoint\",\"urlTemplate\":\"https:\\\/\\\/blogs.es.amnesty.org\\\/castilla-leon\\\/?s={search_term_string}\"},\"query-input\":{\"@type\":\"PropertyValueSpecification\",\"valueRequired\":true,\"valueName\":\"search_term_string\"}}],\"inLanguage\":\"es\"},{\"@type\":\"Person\",\"@id\":\"https:\\\/\\\/blogs.es.amnesty.org\\\/castilla-leon\\\/#\\\/schema\\\/person\\\/7636d532a5ce43dfae768fb154767fcf\",\"name\":\"Grupo local de Burgos\",\"image\":{\"@type\":\"ImageObject\",\"inLanguage\":\"es\",\"@id\":\"https:\\\/\\\/secure.gravatar.com\\\/avatar\\\/9c63040123c66475eafe52a8af34bdca80e27f39af00901fcf6ccbe03e7bceb9?s=96&d=mm&r=g\",\"url\":\"https:\\\/\\\/secure.gravatar.com\\\/avatar\\\/9c63040123c66475eafe52a8af34bdca80e27f39af00901fcf6ccbe03e7bceb9?s=96&d=mm&r=g\",\"contentUrl\":\"https:\\\/\\\/secure.gravatar.com\\\/avatar\\\/9c63040123c66475eafe52a8af34bdca80e27f39af00901fcf6ccbe03e7bceb9?s=96&d=mm&r=g\",\"caption\":\"Grupo local de Burgos\"},\"url\":\"https:\\\/\\\/blogs.es.amnesty.org\\\/castilla-leon\\\/autor\\\/burgos\\\/\"}]}<\/script>\n<!-- \/ Yoast SEO plugin. -->","yoast_head_json":{"title":"Conciero 60 aniversario de AI - Castilla y Le\u00f3n","robots":{"index":"index","follow":"follow","max-snippet":"max-snippet:-1","max-image-preview":"max-image-preview:large","max-video-preview":"max-video-preview:-1"},"canonical":"https:\/\/blogs.es.amnesty.org\/castilla-leon\/2022\/04\/03\/conciero-60-aniversario-de-ai\/","og_locale":"es_ES","og_type":"article","og_title":"Conciero 60 aniversario de AI - Castilla y Le\u00f3n","og_description":"Cuatro grupos se suman al concierto para celebrar el 60 aniversario de Amnist\u00eda Internacional, bajo el lema \"Esa humanidad que nos une\".","og_url":"https:\/\/blogs.es.amnesty.org\/castilla-leon\/2022\/04\/03\/conciero-60-aniversario-de-ai\/","og_site_name":"Castilla y Le\u00f3n","article_published_time":"2022-04-03T09:17:08+00:00","article_modified_time":"2022-04-22T21:31:20+00:00","og_image":[{"width":900,"height":656,"url":"https:\/\/blogs.es.amnesty.org\/files\/uploads\/sites\/10\/2022\/04\/portada.jpg","type":"image\/jpeg"}],"author":"Grupo local de Burgos","twitter_card":"summary_large_image","twitter_misc":{"Escrito por":"Grupo local de Burgos","Tiempo de lectura":"3 minutos"},"schema":{"@context":"https:\/\/schema.org","@graph":[{"@type":"Article","@id":"https:\/\/blogs.es.amnesty.org\/castilla-leon\/2022\/04\/03\/conciero-60-aniversario-de-ai\/#article","isPartOf":{"@id":"https:\/\/blogs.es.amnesty.org\/castilla-leon\/2022\/04\/03\/conciero-60-aniversario-de-ai\/"},"author":{"name":"Grupo local de Burgos","@id":"https:\/\/blogs.es.amnesty.org\/castilla-leon\/#\/schema\/person\/7636d532a5ce43dfae768fb154767fcf"},"headline":"Conciero 60 aniversario de AI","datePublished":"2022-04-03T09:17:08+00:00","dateModified":"2022-04-22T21:31:20+00:00","mainEntityOfPage":{"@id":"https:\/\/blogs.es.amnesty.org\/castilla-leon\/2022\/04\/03\/conciero-60-aniversario-de-ai\/"},"wordCount":509,"commentCount":0,"image":{"@id":"https:\/\/blogs.es.amnesty.org\/castilla-leon\/2022\/04\/03\/conciero-60-aniversario-de-ai\/#primaryimage"},"thumbnailUrl":"https:\/\/blogs.es.amnesty.org\/files\/uploads\/sites\/10\/2022\/04\/portada.jpg","keywords":["60 aniversario","Burgos","concierto"],"articleSection":["Burgos"],"inLanguage":"es","potentialAction":[{"@type":"CommentAction","name":"Comment","target":["https:\/\/blogs.es.amnesty.org\/castilla-leon\/2022\/04\/03\/conciero-60-aniversario-de-ai\/#respond"]}]},{"@type":"WebPage","@id":"https:\/\/blogs.es.amnesty.org\/castilla-leon\/2022\/04\/03\/conciero-60-aniversario-de-ai\/","url":"https:\/\/blogs.es.amnesty.org\/castilla-leon\/2022\/04\/03\/conciero-60-aniversario-de-ai\/","name":"Conciero 60 aniversario de AI - Castilla y Le\u00f3n","isPartOf":{"@id":"https:\/\/blogs.es.amnesty.org\/castilla-leon\/#website"},"primaryImageOfPage":{"@id":"https:\/\/blogs.es.amnesty.org\/castilla-leon\/2022\/04\/03\/conciero-60-aniversario-de-ai\/#primaryimage"},"image":{"@id":"https:\/\/blogs.es.amnesty.org\/castilla-leon\/2022\/04\/03\/conciero-60-aniversario-de-ai\/#primaryimage"},"thumbnailUrl":"https:\/\/blogs.es.amnesty.org\/files\/uploads\/sites\/10\/2022\/04\/portada.jpg","datePublished":"2022-04-03T09:17:08+00:00","dateModified":"2022-04-22T21:31:20+00:00","author":{"@id":"https:\/\/blogs.es.amnesty.org\/castilla-leon\/#\/schema\/person\/7636d532a5ce43dfae768fb154767fcf"},"breadcrumb":{"@id":"https:\/\/blogs.es.amnesty.org\/castilla-leon\/2022\/04\/03\/conciero-60-aniversario-de-ai\/#breadcrumb"},"inLanguage":"es","potentialAction":[{"@type":"ReadAction","target":["https:\/\/blogs.es.amnesty.org\/castilla-leon\/2022\/04\/03\/conciero-60-aniversario-de-ai\/"]}]},{"@type":"ImageObject","inLanguage":"es","@id":"https:\/\/blogs.es.amnesty.org\/castilla-leon\/2022\/04\/03\/conciero-60-aniversario-de-ai\/#primaryimage","url":"https:\/\/blogs.es.amnesty.org\/files\/uploads\/sites\/10\/2022\/04\/portada.jpg","contentUrl":"https:\/\/blogs.es.amnesty.org\/files\/uploads\/sites\/10\/2022\/04\/portada.jpg","width":900,"height":656,"caption":"concierto 60 aniversario Burgos"},{"@type":"BreadcrumbList","@id":"https:\/\/blogs.es.amnesty.org\/castilla-leon\/2022\/04\/03\/conciero-60-aniversario-de-ai\/#breadcrumb","itemListElement":[{"@type":"ListItem","position":1,"name":"Portada","item":"https:\/\/blogs.es.amnesty.org\/castilla-leon\/"},{"@type":"ListItem","position":2,"name":"Conciero 60 aniversario de AI"}]},{"@type":"WebSite","@id":"https:\/\/blogs.es.amnesty.org\/castilla-leon\/#website","url":"https:\/\/blogs.es.amnesty.org\/castilla-leon\/","name":"Castilla y Le\u00f3n","description":"Blog de Amnist\u00eda Internacional en Castilla y Le\u00f3n","potentialAction":[{"@type":"SearchAction","target":{"@type":"EntryPoint","urlTemplate":"https:\/\/blogs.es.amnesty.org\/castilla-leon\/?s={search_term_string}"},"query-input":{"@type":"PropertyValueSpecification","valueRequired":true,"valueName":"search_term_string"}}],"inLanguage":"es"},{"@type":"Person","@id":"https:\/\/blogs.es.amnesty.org\/castilla-leon\/#\/schema\/person\/7636d532a5ce43dfae768fb154767fcf","name":"Grupo local de Burgos","image":{"@type":"ImageObject","inLanguage":"es","@id":"https:\/\/secure.gravatar.com\/avatar\/9c63040123c66475eafe52a8af34bdca80e27f39af00901fcf6ccbe03e7bceb9?s=96&d=mm&r=g","url":"https:\/\/secure.gravatar.com\/avatar\/9c63040123c66475eafe52a8af34bdca80e27f39af00901fcf6ccbe03e7bceb9?s=96&d=mm&r=g","contentUrl":"https:\/\/secure.gravatar.com\/avatar\/9c63040123c66475eafe52a8af34bdca80e27f39af00901fcf6ccbe03e7bceb9?s=96&d=mm&r=g","caption":"Grupo local de Burgos"},"url":"https:\/\/blogs.es.amnesty.org\/castilla-leon\/autor\/burgos\/"}]}},"_links":{"self":[{"href":"https:\/\/blogs.es.amnesty.org\/castilla-leon\/wp-json\/wp\/v2\/posts\/968","targetHints":{"allow":["GET"]}}],"collection":[{"href":"https:\/\/blogs.es.amnesty.org\/castilla-leon\/wp-json\/wp\/v2\/posts"}],"about":[{"href":"https:\/\/blogs.es.amnesty.org\/castilla-leon\/wp-json\/wp\/v2\/types\/post"}],"author":[{"embeddable":true,"href":"https:\/\/blogs.es.amnesty.org\/castilla-leon\/wp-json\/wp\/v2\/users\/58"}],"replies":[{"embeddable":true,"href":"https:\/\/blogs.es.amnesty.org\/castilla-leon\/wp-json\/wp\/v2\/comments?post=968"}],"version-history":[{"count":0,"href":"https:\/\/blogs.es.amnesty.org\/castilla-leon\/wp-json\/wp\/v2\/posts\/968\/revisions"}],"wp:featuredmedia":[{"embeddable":true,"href":"https:\/\/blogs.es.amnesty.org\/castilla-leon\/wp-json\/wp\/v2\/media\/982"}],"wp:attachment":[{"href":"https:\/\/blogs.es.amnesty.org\/castilla-leon\/wp-json\/wp\/v2\/media?parent=968"}],"wp:term":[{"taxonomy":"category","embeddable":true,"href":"https:\/\/blogs.es.amnesty.org\/castilla-leon\/wp-json\/wp\/v2\/categories?post=968"},{"taxonomy":"post_tag","embeddable":true,"href":"https:\/\/blogs.es.amnesty.org\/castilla-leon\/wp-json\/wp\/v2\/tags?post=968"}],"curies":[{"name":"wp","href":"https:\/\/api.w.org\/{rel}","templated":true}]}}