{"id":2466,"date":"2024-11-08T11:20:29","date_gmt":"2024-11-08T11:20:29","guid":{"rendered":"https:\/\/blogs.es.amnesty.org\/extremadura\/?p=2466"},"modified":"2024-11-08T11:20:30","modified_gmt":"2024-11-08T11:20:30","slug":"acto-con-motivo-del-30-aniversario-del-grupo-local-de-amnistia-internacional-en-badajoz","status":"publish","type":"post","link":"https:\/\/blogs.es.amnesty.org\/extremadura\/2024\/11\/08\/acto-con-motivo-del-30-aniversario-del-grupo-local-de-amnistia-internacional-en-badajoz\/","title":{"rendered":"Acto con motivo del 30 aniversario del grupo local de Amnist\u00eda Internacional en Badajoz"},"content":{"rendered":"\n<figure class=\"wp-block-image size-large\"><img loading=\"lazy\" decoding=\"async\" width=\"739\" height=\"1049\" src=\"https:\/\/blogs.es.amnesty.org\/files\/uploads\/sites\/14\/2024\/10\/utf-8para-difusion-739x1049.jpg\" alt=\"\" class=\"wp-image-2451\" srcset=\"https:\/\/blogs.es.amnesty.org\/files\/uploads\/sites\/14\/2024\/10\/utf-8para-difusion-739x1049.jpg 739w, https:\/\/blogs.es.amnesty.org\/files\/uploads\/sites\/14\/2024\/10\/utf-8para-difusion-402x570.jpg 402w, https:\/\/blogs.es.amnesty.org\/files\/uploads\/sites\/14\/2024\/10\/utf-8para-difusion.jpg 761w\" sizes=\"auto, (max-width: 739px) 100vw, 739px\" \/><\/figure>\n\n\n\n<p class=\"wp-block-paragraph\">El Hospital Centro Vivo, en Badajoz, fue el escenario elegido por el grupo local de Amnist\u00eda Internacional en la capital pacense para celebrar su treinta aniversario. Fue a finales de 1993 cuando se empezaron a fraguar los primeros contactos y reuniones para conformar un grupo de activistas en esta ciudad extreme\u00f1a, que se materializ\u00f3 ya en 1994.<\/p>\n\n\n\n<figure class=\"wp-block-image size-full\"><img loading=\"lazy\" decoding=\"async\" width=\"640\" height=\"480\" src=\"https:\/\/blogs.es.amnesty.org\/files\/uploads\/sites\/14\/2024\/11\/02.jpeg\" alt=\"\" class=\"wp-image-2467\" \/><\/figure>\n\n\n\n<p class=\"wp-block-paragraph\">El acto, titulado \u201cAmnist\u00eda Internacional: 30 a\u00f1os defendiendo los derechos humanos desde Badajoz\u201d, tuvo lugar el pasado 5 de noviembre de 2024 y combin\u00f3 el compromiso con los derechos humanos, la m\u00fasica, el audiovisual y las artes pl\u00e1sticas.<\/p>\n\n\n\n<figure class=\"wp-block-image size-large\"><img loading=\"lazy\" decoding=\"async\" width=\"1044\" height=\"700\" src=\"https:\/\/blogs.es.amnesty.org\/files\/uploads\/sites\/14\/2024\/11\/Captura-de-pantalla-de-2024-11-08-12-03-54-1044x700.png\" alt=\"\" class=\"wp-image-2468\" srcset=\"https:\/\/blogs.es.amnesty.org\/files\/uploads\/sites\/14\/2024\/11\/Captura-de-pantalla-de-2024-11-08-12-03-54-1044x700.png 1044w, https:\/\/blogs.es.amnesty.org\/files\/uploads\/sites\/14\/2024\/11\/Captura-de-pantalla-de-2024-11-08-12-03-54-770x516.png 770w, https:\/\/blogs.es.amnesty.org\/files\/uploads\/sites\/14\/2024\/11\/Captura-de-pantalla-de-2024-11-08-12-03-54-768x515.png 768w, https:\/\/blogs.es.amnesty.org\/files\/uploads\/sites\/14\/2024\/11\/Captura-de-pantalla-de-2024-11-08-12-03-54.png 1495w\" sizes=\"auto, (max-width: 1044px) 100vw, 1044px\" \/><\/figure>\n\n\n\n<p class=\"wp-block-paragraph\">As\u00ed, se proyectaron dos v\u00eddeos, uno sobre los derechos humanos en el presente y otro sobre la labor de este grupo local pacense durante estas tres d\u00e9cadas de existencia. Durante el transcurso del acto \u2014conducido por el activista Jos\u00e9 Manuel Rodr\u00edguez Pizarro, miembro del equipo de comunicaci\u00f3n de Amnist\u00eda Internacional en Extremadura\u2014 tomaron la palabra el actual coordinador del grupo local de Amnist\u00eda Internacional en Badajoz, Javier Figueiredo, y Remedios Tierno, que ha presidido Amnist\u00eda Internacional en Extremadura y que ahora forma parte de la directiva estatal de esta organizaci\u00f3n. Remedios Tierno ofreci\u00f3 una panor\u00e1mica sobre la situaci\u00f3n de los derechos humanos en el mundo y las principales prioridades y preocupaciones de Amnist\u00eda Internacional en este momento. Posteriormente, se abri\u00f3 un turno de intervenciones del p\u00fablico asistente.<\/p>\n\n\n\n<figure class=\"wp-block-image size-large\"><img loading=\"lazy\" decoding=\"async\" width=\"1044\" height=\"678\" src=\"https:\/\/blogs.es.amnesty.org\/files\/uploads\/sites\/14\/2024\/11\/Captura-de-pantalla-de-2024-11-08-12-05-14-1044x678.png\" alt=\"\" class=\"wp-image-2469\" srcset=\"https:\/\/blogs.es.amnesty.org\/files\/uploads\/sites\/14\/2024\/11\/Captura-de-pantalla-de-2024-11-08-12-05-14-1044x678.png 1044w, https:\/\/blogs.es.amnesty.org\/files\/uploads\/sites\/14\/2024\/11\/Captura-de-pantalla-de-2024-11-08-12-05-14-770x500.png 770w, https:\/\/blogs.es.amnesty.org\/files\/uploads\/sites\/14\/2024\/11\/Captura-de-pantalla-de-2024-11-08-12-05-14-768x499.png 768w, https:\/\/blogs.es.amnesty.org\/files\/uploads\/sites\/14\/2024\/11\/Captura-de-pantalla-de-2024-11-08-12-05-14-1536x998.png 1536w, https:\/\/blogs.es.amnesty.org\/files\/uploads\/sites\/14\/2024\/11\/Captura-de-pantalla-de-2024-11-08-12-05-14.png 1538w\" sizes=\"auto, (max-width: 1044px) 100vw, 1044px\" \/><\/figure>\n\n\n\n<figure class=\"wp-block-image size-large\"><img loading=\"lazy\" decoding=\"async\" width=\"1044\" height=\"693\" src=\"https:\/\/blogs.es.amnesty.org\/files\/uploads\/sites\/14\/2024\/11\/Captura-de-pantalla-de-2024-11-08-12-06-20-1044x693.png\" alt=\"\" class=\"wp-image-2470\" srcset=\"https:\/\/blogs.es.amnesty.org\/files\/uploads\/sites\/14\/2024\/11\/Captura-de-pantalla-de-2024-11-08-12-06-20-1044x693.png 1044w, https:\/\/blogs.es.amnesty.org\/files\/uploads\/sites\/14\/2024\/11\/Captura-de-pantalla-de-2024-11-08-12-06-20-770x511.png 770w, https:\/\/blogs.es.amnesty.org\/files\/uploads\/sites\/14\/2024\/11\/Captura-de-pantalla-de-2024-11-08-12-06-20-768x510.png 768w, https:\/\/blogs.es.amnesty.org\/files\/uploads\/sites\/14\/2024\/11\/Captura-de-pantalla-de-2024-11-08-12-06-20.png 1504w\" sizes=\"auto, (max-width: 1044px) 100vw, 1044px\" \/><\/figure>\n\n\n\n<p class=\"wp-block-paragraph\">El acto sirvi\u00f3 tambi\u00e9n para rendir un emotivo homenaje a la trayectoria de una hist\u00f3rica activista, \u00c1ngela Rivera, que fue una de las creadoras del grupo local de Amnist\u00eda en Badajoz. La m\u00fasica estuvo muy presente dado que se pudo escuchar la actuaci\u00f3n de dos cuartetos de saxofones del Conservatorio Superior de M\u00fasica \u201cBonifacio Gil\u201d de Badajoz y las canciones de la compositora, percusionista y cantante extreme\u00f1a Susana Cedr\u00fan, que \u201cacaricia corazones con su mestizaje sonoro y sus letras llenas de concienciaci\u00f3n\u201d.<\/p>\n\n\n\n<figure class=\"wp-block-image size-large\"><img loading=\"lazy\" decoding=\"async\" width=\"1044\" height=\"677\" src=\"https:\/\/blogs.es.amnesty.org\/files\/uploads\/sites\/14\/2024\/11\/Captura-de-pantalla-de-2024-11-08-12-08-45-1044x677.png\" alt=\"\" class=\"wp-image-2471\" srcset=\"https:\/\/blogs.es.amnesty.org\/files\/uploads\/sites\/14\/2024\/11\/Captura-de-pantalla-de-2024-11-08-12-08-45-1044x677.png 1044w, https:\/\/blogs.es.amnesty.org\/files\/uploads\/sites\/14\/2024\/11\/Captura-de-pantalla-de-2024-11-08-12-08-45-770x499.png 770w, https:\/\/blogs.es.amnesty.org\/files\/uploads\/sites\/14\/2024\/11\/Captura-de-pantalla-de-2024-11-08-12-08-45-768x498.png 768w, https:\/\/blogs.es.amnesty.org\/files\/uploads\/sites\/14\/2024\/11\/Captura-de-pantalla-de-2024-11-08-12-08-45-1536x996.png 1536w, https:\/\/blogs.es.amnesty.org\/files\/uploads\/sites\/14\/2024\/11\/Captura-de-pantalla-de-2024-11-08-12-08-45.png 1539w\" sizes=\"auto, (max-width: 1044px) 100vw, 1044px\" \/><\/figure>\n\n\n\n<figure class=\"wp-block-image size-large\"><img loading=\"lazy\" decoding=\"async\" width=\"1044\" height=\"696\" src=\"https:\/\/blogs.es.amnesty.org\/files\/uploads\/sites\/14\/2024\/11\/Captura-de-pantalla-de-2024-11-08-12-10-42-1044x696.png\" alt=\"\" class=\"wp-image-2472\" srcset=\"https:\/\/blogs.es.amnesty.org\/files\/uploads\/sites\/14\/2024\/11\/Captura-de-pantalla-de-2024-11-08-12-10-42-1044x696.png 1044w, https:\/\/blogs.es.amnesty.org\/files\/uploads\/sites\/14\/2024\/11\/Captura-de-pantalla-de-2024-11-08-12-10-42-770x513.png 770w, https:\/\/blogs.es.amnesty.org\/files\/uploads\/sites\/14\/2024\/11\/Captura-de-pantalla-de-2024-11-08-12-10-42-768x512.png 768w, https:\/\/blogs.es.amnesty.org\/files\/uploads\/sites\/14\/2024\/11\/Captura-de-pantalla-de-2024-11-08-12-10-42.png 1492w\" sizes=\"auto, (max-width: 1044px) 100vw, 1044px\" \/><\/figure>\n\n\n\n<figure class=\"wp-block-image size-large\"><img loading=\"lazy\" decoding=\"async\" width=\"1044\" height=\"697\" src=\"https:\/\/blogs.es.amnesty.org\/files\/uploads\/sites\/14\/2024\/11\/Captura-de-pantalla-de-2024-11-08-12-11-57-1044x697.png\" alt=\"\" class=\"wp-image-2473\" srcset=\"https:\/\/blogs.es.amnesty.org\/files\/uploads\/sites\/14\/2024\/11\/Captura-de-pantalla-de-2024-11-08-12-11-57-1044x697.png 1044w, https:\/\/blogs.es.amnesty.org\/files\/uploads\/sites\/14\/2024\/11\/Captura-de-pantalla-de-2024-11-08-12-11-57-770x514.png 770w, https:\/\/blogs.es.amnesty.org\/files\/uploads\/sites\/14\/2024\/11\/Captura-de-pantalla-de-2024-11-08-12-11-57-768x513.png 768w, https:\/\/blogs.es.amnesty.org\/files\/uploads\/sites\/14\/2024\/11\/Captura-de-pantalla-de-2024-11-08-12-11-57.png 1497w\" sizes=\"auto, (max-width: 1044px) 100vw, 1044px\" \/><\/figure>\n\n\n\n<p class=\"wp-block-paragraph\"><strong>Exposici\u00f3n<\/strong><\/p>\n\n\n\n<p class=\"wp-block-paragraph\">Otra de las actividades fue la exposici\u00f3n \u201cCreadores valencianos por los derechos humanos\u201d, que se puede ver del 5 al 10 de noviembre en el patio de los Pozos del Hospital Centro Vivo.<\/p>\n\n\n\n<p class=\"wp-block-paragraph\">Dicha muestra re\u00fane a ilustradores y dise\u00f1adores gr\u00e1ficos valencianos de primera l\u00ednea, diecis\u00e9is mujeres y dieciocho hombres, que interpretan, cada cual bajo su particular punto de vista, los principios de la dignidad humana recogidos en la Declaraci\u00f3n Universal de los Derechos Humanos. Fue creada en 2018 por Amnist\u00eda Internacional y la Universitat de Val\u00e8ncia en el contexto del 70 aniversario de la Declaraci\u00f3n Universal y el 40 aniversario de Amnist\u00eda Internacional Espa\u00f1a. Consta de treinta l\u00e1minas correspondientes cada una de ellas a un derecho humano.<\/p>\n\n\n\n<p class=\"wp-block-paragraph\">Desde Amnist\u00eda Internacional, un movimiento global que se toma la injusticia como algo personal, se invita al p\u00fablico a repasar uno de los textos m\u00e1s visionarios de nuestra historia contempor\u00e1nea, la Declaraci\u00f3n Universal de los Derechos Humanos, con una mirada esperanzadora y movilizadora de conciencias.<\/p>\n","protected":false},"excerpt":{"rendered":"<p>El Hospital Centro Vivo, en Badajoz, fue el escenario elegido por el grupo local de Amnist\u00eda Internacional en la capital pacense para celebrar su treinta aniversario. Fue a finales de 1993 cuando se empezaron a fraguar los primeros contactos y reuniones para conformar un grupo de activistas en esta ciudad extreme\u00f1a, que se materializ\u00f3 ya [&hellip;]<\/p>\n","protected":false},"author":50,"featured_media":2451,"comment_status":"open","ping_status":"open","sticky":false,"template":"","format":"standard","meta":{"_acf_changed":false,"footnotes":"","_members_access_role":[],"_members_access_error":""},"categories":[88],"tags":[34],"class_list":["post-2466","post","type-post","status-publish","format-standard","has-post-thumbnail","hentry","category-actos-publicos","tag-badajoz"],"acf":[],"yoast_head":"<!-- This site is optimized with the Yoast SEO plugin v28.2 - https:\/\/yoast.com\/product\/yoast-seo-wordpress\/ -->\n<title>Acto con motivo del 30 aniversario del grupo local de Amnist\u00eda Internacional en Badajoz - Extremadura<\/title>\n<meta name=\"robots\" content=\"index, follow, max-snippet:-1, max-image-preview:large, max-video-preview:-1\" \/>\n<link rel=\"canonical\" href=\"https:\/\/blogs.es.amnesty.org\/extremadura\/2024\/11\/08\/acto-con-motivo-del-30-aniversario-del-grupo-local-de-amnistia-internacional-en-badajoz\/\" \/>\n<meta property=\"og:locale\" content=\"es_ES\" \/>\n<meta property=\"og:type\" content=\"article\" \/>\n<meta property=\"og:title\" content=\"Acto con motivo del 30 aniversario del grupo local de Amnist\u00eda Internacional en Badajoz - Extremadura\" \/>\n<meta property=\"og:description\" content=\"El Hospital Centro Vivo, en Badajoz, fue el escenario elegido por el grupo local de Amnist\u00eda Internacional en la capital pacense para celebrar su treinta aniversario. Fue a finales de 1993 cuando se empezaron a fraguar los primeros contactos y reuniones para conformar un grupo de activistas en esta ciudad extreme\u00f1a, que se materializ\u00f3 ya [&hellip;]\" \/>\n<meta property=\"og:url\" content=\"https:\/\/blogs.es.amnesty.org\/extremadura\/2024\/11\/08\/acto-con-motivo-del-30-aniversario-del-grupo-local-de-amnistia-internacional-en-badajoz\/\" \/>\n<meta property=\"og:site_name\" content=\"Extremadura\" \/>\n<meta property=\"article:published_time\" content=\"2024-11-08T11:20:29+00:00\" \/>\n<meta property=\"article:modified_time\" content=\"2024-11-08T11:20:30+00:00\" \/>\n<meta property=\"og:image\" content=\"https:\/\/blogs.es.amnesty.org\/files\/uploads\/sites\/14\/2024\/10\/utf-8para-difusion.jpg\" \/>\n\t<meta property=\"og:image:width\" content=\"761\" \/>\n\t<meta property=\"og:image:height\" content=\"1080\" \/>\n\t<meta property=\"og:image:type\" content=\"image\/jpeg\" \/>\n<meta name=\"author\" content=\"Amnistia Internacional Extremadura\" \/>\n<meta name=\"twitter:card\" content=\"summary_large_image\" \/>\n<meta name=\"twitter:label1\" content=\"Escrito por\" \/>\n\t<meta name=\"twitter:data1\" content=\"Amnistia Internacional Extremadura\" \/>\n\t<meta name=\"twitter:label2\" content=\"Tiempo de lectura\" \/>\n\t<meta name=\"twitter:data2\" content=\"4 minutos\" \/>\n<script type=\"application\/ld+json\" class=\"yoast-schema-graph\">{\"@context\":\"https:\\\/\\\/schema.org\",\"@graph\":[{\"@type\":\"Article\",\"@id\":\"https:\\\/\\\/blogs.es.amnesty.org\\\/extremadura\\\/2024\\\/11\\\/08\\\/acto-con-motivo-del-30-aniversario-del-grupo-local-de-amnistia-internacional-en-badajoz\\\/#article\",\"isPartOf\":{\"@id\":\"https:\\\/\\\/blogs.es.amnesty.org\\\/extremadura\\\/2024\\\/11\\\/08\\\/acto-con-motivo-del-30-aniversario-del-grupo-local-de-amnistia-internacional-en-badajoz\\\/\"},\"author\":{\"name\":\"Amnistia Internacional Extremadura\",\"@id\":\"https:\\\/\\\/blogs.es.amnesty.org\\\/extremadura\\\/#\\\/schema\\\/person\\\/55ad4a74d71357e10051a77f234eeea0\"},\"headline\":\"Acto con motivo del 30 aniversario del grupo local de Amnist\u00eda Internacional en Badajoz\",\"datePublished\":\"2024-11-08T11:20:29+00:00\",\"dateModified\":\"2024-11-08T11:20:30+00:00\",\"mainEntityOfPage\":{\"@id\":\"https:\\\/\\\/blogs.es.amnesty.org\\\/extremadura\\\/2024\\\/11\\\/08\\\/acto-con-motivo-del-30-aniversario-del-grupo-local-de-amnistia-internacional-en-badajoz\\\/\"},\"wordCount\":518,\"commentCount\":0,\"image\":{\"@id\":\"https:\\\/\\\/blogs.es.amnesty.org\\\/extremadura\\\/2024\\\/11\\\/08\\\/acto-con-motivo-del-30-aniversario-del-grupo-local-de-amnistia-internacional-en-badajoz\\\/#primaryimage\"},\"thumbnailUrl\":\"https:\\\/\\\/blogs.es.amnesty.org\\\/files\\\/uploads\\\/sites\\\/14\\\/2024\\\/10\\\/utf-8para-difusion.jpg\",\"keywords\":[\"Badajoz\"],\"articleSection\":[\"Actos p\u00fablicos\"],\"inLanguage\":\"es\",\"potentialAction\":[{\"@type\":\"CommentAction\",\"name\":\"Comment\",\"target\":[\"https:\\\/\\\/blogs.es.amnesty.org\\\/extremadura\\\/2024\\\/11\\\/08\\\/acto-con-motivo-del-30-aniversario-del-grupo-local-de-amnistia-internacional-en-badajoz\\\/#respond\"]}]},{\"@type\":\"WebPage\",\"@id\":\"https:\\\/\\\/blogs.es.amnesty.org\\\/extremadura\\\/2024\\\/11\\\/08\\\/acto-con-motivo-del-30-aniversario-del-grupo-local-de-amnistia-internacional-en-badajoz\\\/\",\"url\":\"https:\\\/\\\/blogs.es.amnesty.org\\\/extremadura\\\/2024\\\/11\\\/08\\\/acto-con-motivo-del-30-aniversario-del-grupo-local-de-amnistia-internacional-en-badajoz\\\/\",\"name\":\"Acto con motivo del 30 aniversario del grupo local de Amnist\u00eda Internacional en Badajoz - Extremadura\",\"isPartOf\":{\"@id\":\"https:\\\/\\\/blogs.es.amnesty.org\\\/extremadura\\\/#website\"},\"primaryImageOfPage\":{\"@id\":\"https:\\\/\\\/blogs.es.amnesty.org\\\/extremadura\\\/2024\\\/11\\\/08\\\/acto-con-motivo-del-30-aniversario-del-grupo-local-de-amnistia-internacional-en-badajoz\\\/#primaryimage\"},\"image\":{\"@id\":\"https:\\\/\\\/blogs.es.amnesty.org\\\/extremadura\\\/2024\\\/11\\\/08\\\/acto-con-motivo-del-30-aniversario-del-grupo-local-de-amnistia-internacional-en-badajoz\\\/#primaryimage\"},\"thumbnailUrl\":\"https:\\\/\\\/blogs.es.amnesty.org\\\/files\\\/uploads\\\/sites\\\/14\\\/2024\\\/10\\\/utf-8para-difusion.jpg\",\"datePublished\":\"2024-11-08T11:20:29+00:00\",\"dateModified\":\"2024-11-08T11:20:30+00:00\",\"author\":{\"@id\":\"https:\\\/\\\/blogs.es.amnesty.org\\\/extremadura\\\/#\\\/schema\\\/person\\\/55ad4a74d71357e10051a77f234eeea0\"},\"breadcrumb\":{\"@id\":\"https:\\\/\\\/blogs.es.amnesty.org\\\/extremadura\\\/2024\\\/11\\\/08\\\/acto-con-motivo-del-30-aniversario-del-grupo-local-de-amnistia-internacional-en-badajoz\\\/#breadcrumb\"},\"inLanguage\":\"es\",\"potentialAction\":[{\"@type\":\"ReadAction\",\"target\":[\"https:\\\/\\\/blogs.es.amnesty.org\\\/extremadura\\\/2024\\\/11\\\/08\\\/acto-con-motivo-del-30-aniversario-del-grupo-local-de-amnistia-internacional-en-badajoz\\\/\"]}]},{\"@type\":\"ImageObject\",\"inLanguage\":\"es\",\"@id\":\"https:\\\/\\\/blogs.es.amnesty.org\\\/extremadura\\\/2024\\\/11\\\/08\\\/acto-con-motivo-del-30-aniversario-del-grupo-local-de-amnistia-internacional-en-badajoz\\\/#primaryimage\",\"url\":\"https:\\\/\\\/blogs.es.amnesty.org\\\/files\\\/uploads\\\/sites\\\/14\\\/2024\\\/10\\\/utf-8para-difusion.jpg\",\"contentUrl\":\"https:\\\/\\\/blogs.es.amnesty.org\\\/files\\\/uploads\\\/sites\\\/14\\\/2024\\\/10\\\/utf-8para-difusion.jpg\",\"width\":761,\"height\":1080},{\"@type\":\"BreadcrumbList\",\"@id\":\"https:\\\/\\\/blogs.es.amnesty.org\\\/extremadura\\\/2024\\\/11\\\/08\\\/acto-con-motivo-del-30-aniversario-del-grupo-local-de-amnistia-internacional-en-badajoz\\\/#breadcrumb\",\"itemListElement\":[{\"@type\":\"ListItem\",\"position\":1,\"name\":\"Portada\",\"item\":\"https:\\\/\\\/blogs.es.amnesty.org\\\/extremadura\\\/\"},{\"@type\":\"ListItem\",\"position\":2,\"name\":\"Acto con motivo del 30 aniversario del grupo local de Amnist\u00eda Internacional en Badajoz\"}]},{\"@type\":\"WebSite\",\"@id\":\"https:\\\/\\\/blogs.es.amnesty.org\\\/extremadura\\\/#website\",\"url\":\"https:\\\/\\\/blogs.es.amnesty.org\\\/extremadura\\\/\",\"name\":\"Extremadura\",\"description\":\"Blog de Amnist\u00eda Internacional Extremadura\",\"potentialAction\":[{\"@type\":\"SearchAction\",\"target\":{\"@type\":\"EntryPoint\",\"urlTemplate\":\"https:\\\/\\\/blogs.es.amnesty.org\\\/extremadura\\\/?s={search_term_string}\"},\"query-input\":{\"@type\":\"PropertyValueSpecification\",\"valueRequired\":true,\"valueName\":\"search_term_string\"}}],\"inLanguage\":\"es\"},{\"@type\":\"Person\",\"@id\":\"https:\\\/\\\/blogs.es.amnesty.org\\\/extremadura\\\/#\\\/schema\\\/person\\\/55ad4a74d71357e10051a77f234eeea0\",\"name\":\"Amnistia Internacional Extremadura\",\"image\":{\"@type\":\"ImageObject\",\"inLanguage\":\"es\",\"@id\":\"https:\\\/\\\/secure.gravatar.com\\\/avatar\\\/6cc79e3adc6f65901f0afa5ecdb71a9dfd3430a11959dd539a950c7250f48d6e?s=96&d=mm&r=g\",\"url\":\"https:\\\/\\\/secure.gravatar.com\\\/avatar\\\/6cc79e3adc6f65901f0afa5ecdb71a9dfd3430a11959dd539a950c7250f48d6e?s=96&d=mm&r=g\",\"contentUrl\":\"https:\\\/\\\/secure.gravatar.com\\\/avatar\\\/6cc79e3adc6f65901f0afa5ecdb71a9dfd3430a11959dd539a950c7250f48d6e?s=96&d=mm&r=g\",\"caption\":\"Amnistia Internacional Extremadura\"},\"url\":\"https:\\\/\\\/blogs.es.amnesty.org\\\/extremadura\\\/autor\\\/aiextremadura\\\/\"}]}<\/script>\n<!-- \/ Yoast SEO plugin. -->","yoast_head_json":{"title":"Acto con motivo del 30 aniversario del grupo local de Amnist\u00eda Internacional en Badajoz - Extremadura","robots":{"index":"index","follow":"follow","max-snippet":"max-snippet:-1","max-image-preview":"max-image-preview:large","max-video-preview":"max-video-preview:-1"},"canonical":"https:\/\/blogs.es.amnesty.org\/extremadura\/2024\/11\/08\/acto-con-motivo-del-30-aniversario-del-grupo-local-de-amnistia-internacional-en-badajoz\/","og_locale":"es_ES","og_type":"article","og_title":"Acto con motivo del 30 aniversario del grupo local de Amnist\u00eda Internacional en Badajoz - Extremadura","og_description":"El Hospital Centro Vivo, en Badajoz, fue el escenario elegido por el grupo local de Amnist\u00eda Internacional en la capital pacense para celebrar su treinta aniversario. Fue a finales de 1993 cuando se empezaron a fraguar los primeros contactos y reuniones para conformar un grupo de activistas en esta ciudad extreme\u00f1a, que se materializ\u00f3 ya [&hellip;]","og_url":"https:\/\/blogs.es.amnesty.org\/extremadura\/2024\/11\/08\/acto-con-motivo-del-30-aniversario-del-grupo-local-de-amnistia-internacional-en-badajoz\/","og_site_name":"Extremadura","article_published_time":"2024-11-08T11:20:29+00:00","article_modified_time":"2024-11-08T11:20:30+00:00","og_image":[{"width":761,"height":1080,"url":"https:\/\/blogs.es.amnesty.org\/files\/uploads\/sites\/14\/2024\/10\/utf-8para-difusion.jpg","type":"image\/jpeg"}],"author":"Amnistia Internacional Extremadura","twitter_card":"summary_large_image","twitter_misc":{"Escrito por":"Amnistia Internacional Extremadura","Tiempo de lectura":"4 minutos"},"schema":{"@context":"https:\/\/schema.org","@graph":[{"@type":"Article","@id":"https:\/\/blogs.es.amnesty.org\/extremadura\/2024\/11\/08\/acto-con-motivo-del-30-aniversario-del-grupo-local-de-amnistia-internacional-en-badajoz\/#article","isPartOf":{"@id":"https:\/\/blogs.es.amnesty.org\/extremadura\/2024\/11\/08\/acto-con-motivo-del-30-aniversario-del-grupo-local-de-amnistia-internacional-en-badajoz\/"},"author":{"name":"Amnistia Internacional Extremadura","@id":"https:\/\/blogs.es.amnesty.org\/extremadura\/#\/schema\/person\/55ad4a74d71357e10051a77f234eeea0"},"headline":"Acto con motivo del 30 aniversario del grupo local de Amnist\u00eda Internacional en Badajoz","datePublished":"2024-11-08T11:20:29+00:00","dateModified":"2024-11-08T11:20:30+00:00","mainEntityOfPage":{"@id":"https:\/\/blogs.es.amnesty.org\/extremadura\/2024\/11\/08\/acto-con-motivo-del-30-aniversario-del-grupo-local-de-amnistia-internacional-en-badajoz\/"},"wordCount":518,"commentCount":0,"image":{"@id":"https:\/\/blogs.es.amnesty.org\/extremadura\/2024\/11\/08\/acto-con-motivo-del-30-aniversario-del-grupo-local-de-amnistia-internacional-en-badajoz\/#primaryimage"},"thumbnailUrl":"https:\/\/blogs.es.amnesty.org\/files\/uploads\/sites\/14\/2024\/10\/utf-8para-difusion.jpg","keywords":["Badajoz"],"articleSection":["Actos p\u00fablicos"],"inLanguage":"es","potentialAction":[{"@type":"CommentAction","name":"Comment","target":["https:\/\/blogs.es.amnesty.org\/extremadura\/2024\/11\/08\/acto-con-motivo-del-30-aniversario-del-grupo-local-de-amnistia-internacional-en-badajoz\/#respond"]}]},{"@type":"WebPage","@id":"https:\/\/blogs.es.amnesty.org\/extremadura\/2024\/11\/08\/acto-con-motivo-del-30-aniversario-del-grupo-local-de-amnistia-internacional-en-badajoz\/","url":"https:\/\/blogs.es.amnesty.org\/extremadura\/2024\/11\/08\/acto-con-motivo-del-30-aniversario-del-grupo-local-de-amnistia-internacional-en-badajoz\/","name":"Acto con motivo del 30 aniversario del grupo local de Amnist\u00eda Internacional en Badajoz - Extremadura","isPartOf":{"@id":"https:\/\/blogs.es.amnesty.org\/extremadura\/#website"},"primaryImageOfPage":{"@id":"https:\/\/blogs.es.amnesty.org\/extremadura\/2024\/11\/08\/acto-con-motivo-del-30-aniversario-del-grupo-local-de-amnistia-internacional-en-badajoz\/#primaryimage"},"image":{"@id":"https:\/\/blogs.es.amnesty.org\/extremadura\/2024\/11\/08\/acto-con-motivo-del-30-aniversario-del-grupo-local-de-amnistia-internacional-en-badajoz\/#primaryimage"},"thumbnailUrl":"https:\/\/blogs.es.amnesty.org\/files\/uploads\/sites\/14\/2024\/10\/utf-8para-difusion.jpg","datePublished":"2024-11-08T11:20:29+00:00","dateModified":"2024-11-08T11:20:30+00:00","author":{"@id":"https:\/\/blogs.es.amnesty.org\/extremadura\/#\/schema\/person\/55ad4a74d71357e10051a77f234eeea0"},"breadcrumb":{"@id":"https:\/\/blogs.es.amnesty.org\/extremadura\/2024\/11\/08\/acto-con-motivo-del-30-aniversario-del-grupo-local-de-amnistia-internacional-en-badajoz\/#breadcrumb"},"inLanguage":"es","potentialAction":[{"@type":"ReadAction","target":["https:\/\/blogs.es.amnesty.org\/extremadura\/2024\/11\/08\/acto-con-motivo-del-30-aniversario-del-grupo-local-de-amnistia-internacional-en-badajoz\/"]}]},{"@type":"ImageObject","inLanguage":"es","@id":"https:\/\/blogs.es.amnesty.org\/extremadura\/2024\/11\/08\/acto-con-motivo-del-30-aniversario-del-grupo-local-de-amnistia-internacional-en-badajoz\/#primaryimage","url":"https:\/\/blogs.es.amnesty.org\/files\/uploads\/sites\/14\/2024\/10\/utf-8para-difusion.jpg","contentUrl":"https:\/\/blogs.es.amnesty.org\/files\/uploads\/sites\/14\/2024\/10\/utf-8para-difusion.jpg","width":761,"height":1080},{"@type":"BreadcrumbList","@id":"https:\/\/blogs.es.amnesty.org\/extremadura\/2024\/11\/08\/acto-con-motivo-del-30-aniversario-del-grupo-local-de-amnistia-internacional-en-badajoz\/#breadcrumb","itemListElement":[{"@type":"ListItem","position":1,"name":"Portada","item":"https:\/\/blogs.es.amnesty.org\/extremadura\/"},{"@type":"ListItem","position":2,"name":"Acto con motivo del 30 aniversario del grupo local de Amnist\u00eda Internacional en Badajoz"}]},{"@type":"WebSite","@id":"https:\/\/blogs.es.amnesty.org\/extremadura\/#website","url":"https:\/\/blogs.es.amnesty.org\/extremadura\/","name":"Extremadura","description":"Blog de Amnist\u00eda Internacional Extremadura","potentialAction":[{"@type":"SearchAction","target":{"@type":"EntryPoint","urlTemplate":"https:\/\/blogs.es.amnesty.org\/extremadura\/?s={search_term_string}"},"query-input":{"@type":"PropertyValueSpecification","valueRequired":true,"valueName":"search_term_string"}}],"inLanguage":"es"},{"@type":"Person","@id":"https:\/\/blogs.es.amnesty.org\/extremadura\/#\/schema\/person\/55ad4a74d71357e10051a77f234eeea0","name":"Amnistia Internacional Extremadura","image":{"@type":"ImageObject","inLanguage":"es","@id":"https:\/\/secure.gravatar.com\/avatar\/6cc79e3adc6f65901f0afa5ecdb71a9dfd3430a11959dd539a950c7250f48d6e?s=96&d=mm&r=g","url":"https:\/\/secure.gravatar.com\/avatar\/6cc79e3adc6f65901f0afa5ecdb71a9dfd3430a11959dd539a950c7250f48d6e?s=96&d=mm&r=g","contentUrl":"https:\/\/secure.gravatar.com\/avatar\/6cc79e3adc6f65901f0afa5ecdb71a9dfd3430a11959dd539a950c7250f48d6e?s=96&d=mm&r=g","caption":"Amnistia Internacional Extremadura"},"url":"https:\/\/blogs.es.amnesty.org\/extremadura\/autor\/aiextremadura\/"}]}},"_links":{"self":[{"href":"https:\/\/blogs.es.amnesty.org\/extremadura\/wp-json\/wp\/v2\/posts\/2466","targetHints":{"allow":["GET"]}}],"collection":[{"href":"https:\/\/blogs.es.amnesty.org\/extremadura\/wp-json\/wp\/v2\/posts"}],"about":[{"href":"https:\/\/blogs.es.amnesty.org\/extremadura\/wp-json\/wp\/v2\/types\/post"}],"author":[{"embeddable":true,"href":"https:\/\/blogs.es.amnesty.org\/extremadura\/wp-json\/wp\/v2\/users\/50"}],"replies":[{"embeddable":true,"href":"https:\/\/blogs.es.amnesty.org\/extremadura\/wp-json\/wp\/v2\/comments?post=2466"}],"version-history":[{"count":0,"href":"https:\/\/blogs.es.amnesty.org\/extremadura\/wp-json\/wp\/v2\/posts\/2466\/revisions"}],"wp:featuredmedia":[{"embeddable":true,"href":"https:\/\/blogs.es.amnesty.org\/extremadura\/wp-json\/wp\/v2\/media\/2451"}],"wp:attachment":[{"href":"https:\/\/blogs.es.amnesty.org\/extremadura\/wp-json\/wp\/v2\/media?parent=2466"}],"wp:term":[{"taxonomy":"category","embeddable":true,"href":"https:\/\/blogs.es.amnesty.org\/extremadura\/wp-json\/wp\/v2\/categories?post=2466"},{"taxonomy":"post_tag","embeddable":true,"href":"https:\/\/blogs.es.amnesty.org\/extremadura\/wp-json\/wp\/v2\/tags?post=2466"}],"curies":[{"name":"wp","href":"https:\/\/api.w.org\/{rel}","templated":true}]}}