{"id":103,"date":"2019-02-21T20:57:45","date_gmt":"2019-02-21T20:57:45","guid":{"rendered":"https:\/\/blogs.es.amnesty.org\/galicia\/?p=103"},"modified":"2019-03-01T09:05:56","modified_gmt":"2019-03-01T09:05:56","slug":"concurso-xuvenil-de-microrrelatos-sobre-o-acaso-escolar","status":"publish","type":"post","link":"https:\/\/blogs.es.amnesty.org\/galicia\/2019\/02\/21\/concurso-xuvenil-de-microrrelatos-sobre-o-acaso-escolar\/","title":{"rendered":"Concurso xuvenil de microrrelatos sobre o acoso escolar"},"content":{"rendered":"<p>Sensibilizar sobre o problema do acoso escolar, concienciar \u00e1 sociedade sobre a importancia de tomar medidas e dar a co\u00f1ecer os novos medios cos que se conta para previlo e loitar contra el (coma os equipo de mediaci\u00f3n). Estes son o obxectivos do V Concurso de Microrrelatos Xuvenil organizado por a <strong>Rede de Escolas de Amnist\u00eda Internacional Vigo<\/strong>. Nesta ocasi\u00f3n, o tema do concurso \u00e9 <strong>\u00abNo noso grupo consegu\u00edmolo\u00bb<\/strong> e busca abordar tanto a problem\u00e1tica do acoso escolar como posibles soluci\u00f3ns. Por iso, os textos que se presenten -a extensi\u00f3n m\u00e1xima \u00e9 de 250 palabras- deber\u00e1n centrarse nos <strong>diferentes suxeitos que sofren a violencia<\/strong>, ex\u00e9rcena, traballan para erradicala&#8230; tendo en conta diferentes punto de vista, especialmente da comunidade escolar. O microrrelato ten que ser in\u00e9dito e pode escribirse en galego ou castel\u00e1n.<\/p>\n<p>No V Concurso de Microrrelatos poden participar todas as persoas de entre 14 e 21 anos matriculadas nun instituto de Educaci\u00f3n Secundaria da provincia de Pontevedra. Haber\u00e1 d\u00faas categor\u00edas:<\/p>\n<ul>\n<li>Autoras ou autores entre 14 e 16 anos.<\/li>\n<li>Autoras ou autores entre 17 e 21 anos.<\/li>\n<\/ul>\n<p>O prazo para entregar os traballos remata o pr\u00f3ximo 8 de marzo. Debe remitirse a trav\u00e9s<a href=\"https:\/\/docs.google.com\/forms\/d\/1-CAR3ny8A6ixIH1irycnGK0F0VTZp1aP13DziW1DOB0\/viewform?edit_requested=true\" target=\"_blank\" rel=\"noopener\"> deste formulario<\/a>. As bases do concurso poden <a href=\"https:\/\/www.facebook.com\/AmnistiaInternacionalGrupodeVigo\/photos\/pcb.560277624489926\/560277011156654\/?type=3&amp;theater\" target=\"_blank\" rel=\"noopener\">consultarse aqu\u00ed<\/a>.<\/p>\n<p>&nbsp;<\/p>\n","protected":false},"excerpt":{"rendered":"<p>A Rede de Escolas de Amnist\u00eda Internacional Vigo convoca o V Concurso de Microrrelatos Xuvenil sobre acoso escolar. Poder\u00e1n participar todas as persoas de entre 14 e 21 anos matriculadas nun instituto de Educaci\u00f3n Secundaria da provincia de Pontevedra.<\/p>\n","protected":false},"author":42,"featured_media":105,"comment_status":"open","ping_status":"open","sticky":false,"template":"","format":"standard","meta":{"_acf_changed":false,"footnotes":"","_members_access_role":[],"_members_access_error":""},"categories":[17],"tags":[20,11,21,18,19],"class_list":["post-103","post","type-post","status-publish","format-standard","has-post-thumbnail","hentry","category-actividades","tag-acoso-escolar","tag-aig","tag-amnistia-internacional-vig","tag-concurso","tag-microrrelatos"],"acf":[],"yoast_head":"<!-- This site is optimized with the Yoast SEO plugin v28.2 - https:\/\/yoast.com\/product\/yoast-seo-wordpress\/ -->\n<title>Concurso xuvenil de microrrelatos sobre o acoso escolar - Galicia<\/title>\n<meta name=\"robots\" content=\"index, follow, max-snippet:-1, max-image-preview:large, max-video-preview:-1\" \/>\n<link rel=\"canonical\" href=\"https:\/\/blogs.es.amnesty.org\/galicia\/2019\/02\/21\/concurso-xuvenil-de-microrrelatos-sobre-o-acaso-escolar\/\" \/>\n<meta property=\"og:locale\" content=\"es_ES\" \/>\n<meta property=\"og:type\" content=\"article\" \/>\n<meta property=\"og:title\" content=\"Concurso xuvenil de microrrelatos sobre o acoso escolar - Galicia\" \/>\n<meta property=\"og:description\" content=\"A Rede de Escolas de Amnist\u00eda Internacional Vigo convoca o V Concurso de Microrrelatos Xuvenil sobre acoso escolar. Poder\u00e1n participar todas as persoas de entre 14 e 21 anos matriculadas nun instituto de Educaci\u00f3n Secundaria da provincia de Pontevedra.\" \/>\n<meta property=\"og:url\" content=\"https:\/\/blogs.es.amnesty.org\/galicia\/2019\/02\/21\/concurso-xuvenil-de-microrrelatos-sobre-o-acaso-escolar\/\" \/>\n<meta property=\"og:site_name\" content=\"Galicia\" \/>\n<meta property=\"article:author\" content=\"https:\/\/www.facebook.com\/pg\/AmnistiaInternacionalGalicia\" \/>\n<meta property=\"article:published_time\" content=\"2019-02-21T20:57:45+00:00\" \/>\n<meta property=\"article:modified_time\" content=\"2019-03-01T09:05:56+00:00\" \/>\n<meta property=\"og:image\" content=\"https:\/\/blogs.es.amnesty.org\/files\/uploads\/sites\/11\/2019\/02\/cartel-concurso-microrrelatos-acoso-escolar.jpg\" \/>\n\t<meta property=\"og:image:width\" content=\"1200\" \/>\n\t<meta property=\"og:image:height\" content=\"800\" \/>\n\t<meta property=\"og:image:type\" content=\"image\/jpeg\" \/>\n<meta name=\"author\" content=\"Amnist\u00eda Internacional Galicia\" \/>\n<meta name=\"twitter:card\" content=\"summary_large_image\" \/>\n<meta name=\"twitter:label1\" content=\"Escrito por\" \/>\n\t<meta name=\"twitter:data1\" content=\"Amnist\u00eda Internacional Galicia\" \/>\n\t<meta name=\"twitter:label2\" content=\"Tiempo de lectura\" \/>\n\t<meta name=\"twitter:data2\" content=\"1 minuto\" \/>\n<script type=\"application\/ld+json\" class=\"yoast-schema-graph\">{\"@context\":\"https:\\\/\\\/schema.org\",\"@graph\":[{\"@type\":\"Article\",\"@id\":\"https:\\\/\\\/blogs.es.amnesty.org\\\/galicia\\\/2019\\\/02\\\/21\\\/concurso-xuvenil-de-microrrelatos-sobre-o-acaso-escolar\\\/#article\",\"isPartOf\":{\"@id\":\"https:\\\/\\\/blogs.es.amnesty.org\\\/galicia\\\/2019\\\/02\\\/21\\\/concurso-xuvenil-de-microrrelatos-sobre-o-acaso-escolar\\\/\"},\"author\":{\"name\":\"Amnist\u00eda Internacional Galicia\",\"@id\":\"https:\\\/\\\/blogs.es.amnesty.org\\\/galicia\\\/#\\\/schema\\\/person\\\/a9abef9c02c6851041b350a481c8d30f\"},\"headline\":\"Concurso xuvenil de microrrelatos sobre o acoso escolar\",\"datePublished\":\"2019-02-21T20:57:45+00:00\",\"dateModified\":\"2019-03-01T09:05:56+00:00\",\"mainEntityOfPage\":{\"@id\":\"https:\\\/\\\/blogs.es.amnesty.org\\\/galicia\\\/2019\\\/02\\\/21\\\/concurso-xuvenil-de-microrrelatos-sobre-o-acaso-escolar\\\/\"},\"wordCount\":218,\"commentCount\":0,\"image\":{\"@id\":\"https:\\\/\\\/blogs.es.amnesty.org\\\/galicia\\\/2019\\\/02\\\/21\\\/concurso-xuvenil-de-microrrelatos-sobre-o-acaso-escolar\\\/#primaryimage\"},\"thumbnailUrl\":\"https:\\\/\\\/blogs.es.amnesty.org\\\/files\\\/uploads\\\/sites\\\/11\\\/2019\\\/02\\\/cartel-concurso-microrrelatos-acoso-escolar.jpg\",\"keywords\":[\"Acoso Escolar\",\"AIG\",\"Amnist\u00eda Internacional Vig\",\"Concurso\",\"Microrrelatos\"],\"articleSection\":[\"Actividades\"],\"inLanguage\":\"es\",\"potentialAction\":[{\"@type\":\"CommentAction\",\"name\":\"Comment\",\"target\":[\"https:\\\/\\\/blogs.es.amnesty.org\\\/galicia\\\/2019\\\/02\\\/21\\\/concurso-xuvenil-de-microrrelatos-sobre-o-acaso-escolar\\\/#respond\"]}]},{\"@type\":\"WebPage\",\"@id\":\"https:\\\/\\\/blogs.es.amnesty.org\\\/galicia\\\/2019\\\/02\\\/21\\\/concurso-xuvenil-de-microrrelatos-sobre-o-acaso-escolar\\\/\",\"url\":\"https:\\\/\\\/blogs.es.amnesty.org\\\/galicia\\\/2019\\\/02\\\/21\\\/concurso-xuvenil-de-microrrelatos-sobre-o-acaso-escolar\\\/\",\"name\":\"Concurso xuvenil de microrrelatos sobre o acoso escolar - Galicia\",\"isPartOf\":{\"@id\":\"https:\\\/\\\/blogs.es.amnesty.org\\\/galicia\\\/#website\"},\"primaryImageOfPage\":{\"@id\":\"https:\\\/\\\/blogs.es.amnesty.org\\\/galicia\\\/2019\\\/02\\\/21\\\/concurso-xuvenil-de-microrrelatos-sobre-o-acaso-escolar\\\/#primaryimage\"},\"image\":{\"@id\":\"https:\\\/\\\/blogs.es.amnesty.org\\\/galicia\\\/2019\\\/02\\\/21\\\/concurso-xuvenil-de-microrrelatos-sobre-o-acaso-escolar\\\/#primaryimage\"},\"thumbnailUrl\":\"https:\\\/\\\/blogs.es.amnesty.org\\\/files\\\/uploads\\\/sites\\\/11\\\/2019\\\/02\\\/cartel-concurso-microrrelatos-acoso-escolar.jpg\",\"datePublished\":\"2019-02-21T20:57:45+00:00\",\"dateModified\":\"2019-03-01T09:05:56+00:00\",\"author\":{\"@id\":\"https:\\\/\\\/blogs.es.amnesty.org\\\/galicia\\\/#\\\/schema\\\/person\\\/a9abef9c02c6851041b350a481c8d30f\"},\"breadcrumb\":{\"@id\":\"https:\\\/\\\/blogs.es.amnesty.org\\\/galicia\\\/2019\\\/02\\\/21\\\/concurso-xuvenil-de-microrrelatos-sobre-o-acaso-escolar\\\/#breadcrumb\"},\"inLanguage\":\"es\",\"potentialAction\":[{\"@type\":\"ReadAction\",\"target\":[\"https:\\\/\\\/blogs.es.amnesty.org\\\/galicia\\\/2019\\\/02\\\/21\\\/concurso-xuvenil-de-microrrelatos-sobre-o-acaso-escolar\\\/\"]}]},{\"@type\":\"ImageObject\",\"inLanguage\":\"es\",\"@id\":\"https:\\\/\\\/blogs.es.amnesty.org\\\/galicia\\\/2019\\\/02\\\/21\\\/concurso-xuvenil-de-microrrelatos-sobre-o-acaso-escolar\\\/#primaryimage\",\"url\":\"https:\\\/\\\/blogs.es.amnesty.org\\\/files\\\/uploads\\\/sites\\\/11\\\/2019\\\/02\\\/cartel-concurso-microrrelatos-acoso-escolar.jpg\",\"contentUrl\":\"https:\\\/\\\/blogs.es.amnesty.org\\\/files\\\/uploads\\\/sites\\\/11\\\/2019\\\/02\\\/cartel-concurso-microrrelatos-acoso-escolar.jpg\",\"width\":1200,\"height\":800,\"caption\":\"V Concurso Microrrelatos Acoso Escolar\"},{\"@type\":\"BreadcrumbList\",\"@id\":\"https:\\\/\\\/blogs.es.amnesty.org\\\/galicia\\\/2019\\\/02\\\/21\\\/concurso-xuvenil-de-microrrelatos-sobre-o-acaso-escolar\\\/#breadcrumb\",\"itemListElement\":[{\"@type\":\"ListItem\",\"position\":1,\"name\":\"Portada\",\"item\":\"https:\\\/\\\/blogs.es.amnesty.org\\\/galicia\\\/\"},{\"@type\":\"ListItem\",\"position\":2,\"name\":\"Concurso xuvenil de microrrelatos sobre o acoso escolar\"}]},{\"@type\":\"WebSite\",\"@id\":\"https:\\\/\\\/blogs.es.amnesty.org\\\/galicia\\\/#website\",\"url\":\"https:\\\/\\\/blogs.es.amnesty.org\\\/galicia\\\/\",\"name\":\"Galicia\",\"description\":\"Blog de Amnist\u00eda Internacional Galicia\",\"potentialAction\":[{\"@type\":\"SearchAction\",\"target\":{\"@type\":\"EntryPoint\",\"urlTemplate\":\"https:\\\/\\\/blogs.es.amnesty.org\\\/galicia\\\/?s={search_term_string}\"},\"query-input\":{\"@type\":\"PropertyValueSpecification\",\"valueRequired\":true,\"valueName\":\"search_term_string\"}}],\"inLanguage\":\"es\"},{\"@type\":\"Person\",\"@id\":\"https:\\\/\\\/blogs.es.amnesty.org\\\/galicia\\\/#\\\/schema\\\/person\\\/a9abef9c02c6851041b350a481c8d30f\",\"name\":\"Amnist\u00eda Internacional Galicia\",\"image\":{\"@type\":\"ImageObject\",\"inLanguage\":\"es\",\"@id\":\"https:\\\/\\\/secure.gravatar.com\\\/avatar\\\/fd262782a8c354b8dcf2a6de0ffaeee30110ba35325cdff43746e744e41932b9?s=96&d=mm&r=g\",\"url\":\"https:\\\/\\\/secure.gravatar.com\\\/avatar\\\/fd262782a8c354b8dcf2a6de0ffaeee30110ba35325cdff43746e744e41932b9?s=96&d=mm&r=g\",\"contentUrl\":\"https:\\\/\\\/secure.gravatar.com\\\/avatar\\\/fd262782a8c354b8dcf2a6de0ffaeee30110ba35325cdff43746e744e41932b9?s=96&d=mm&r=g\",\"caption\":\"Amnist\u00eda Internacional Galicia\"},\"sameAs\":[\"https:\\\/\\\/www.facebook.com\\\/pg\\\/AmnistiaInternacionalGalicia\",\"https:\\\/\\\/www.instagram.com\\\/amnistia_galicia\\\/\"],\"url\":\"https:\\\/\\\/blogs.es.amnesty.org\\\/galicia\\\/autor\\\/comunicaciongal\\\/\"}]}<\/script>\n<!-- \/ Yoast SEO plugin. -->","yoast_head_json":{"title":"Concurso xuvenil de microrrelatos sobre o acoso escolar - Galicia","robots":{"index":"index","follow":"follow","max-snippet":"max-snippet:-1","max-image-preview":"max-image-preview:large","max-video-preview":"max-video-preview:-1"},"canonical":"https:\/\/blogs.es.amnesty.org\/galicia\/2019\/02\/21\/concurso-xuvenil-de-microrrelatos-sobre-o-acaso-escolar\/","og_locale":"es_ES","og_type":"article","og_title":"Concurso xuvenil de microrrelatos sobre o acoso escolar - Galicia","og_description":"A Rede de Escolas de Amnist\u00eda Internacional Vigo convoca o V Concurso de Microrrelatos Xuvenil sobre acoso escolar. Poder\u00e1n participar todas as persoas de entre 14 e 21 anos matriculadas nun instituto de Educaci\u00f3n Secundaria da provincia de Pontevedra.","og_url":"https:\/\/blogs.es.amnesty.org\/galicia\/2019\/02\/21\/concurso-xuvenil-de-microrrelatos-sobre-o-acaso-escolar\/","og_site_name":"Galicia","article_author":"https:\/\/www.facebook.com\/pg\/AmnistiaInternacionalGalicia","article_published_time":"2019-02-21T20:57:45+00:00","article_modified_time":"2019-03-01T09:05:56+00:00","og_image":[{"width":1200,"height":800,"url":"https:\/\/blogs.es.amnesty.org\/files\/uploads\/sites\/11\/2019\/02\/cartel-concurso-microrrelatos-acoso-escolar.jpg","type":"image\/jpeg"}],"author":"Amnist\u00eda Internacional Galicia","twitter_card":"summary_large_image","twitter_misc":{"Escrito por":"Amnist\u00eda Internacional Galicia","Tiempo de lectura":"1 minuto"},"schema":{"@context":"https:\/\/schema.org","@graph":[{"@type":"Article","@id":"https:\/\/blogs.es.amnesty.org\/galicia\/2019\/02\/21\/concurso-xuvenil-de-microrrelatos-sobre-o-acaso-escolar\/#article","isPartOf":{"@id":"https:\/\/blogs.es.amnesty.org\/galicia\/2019\/02\/21\/concurso-xuvenil-de-microrrelatos-sobre-o-acaso-escolar\/"},"author":{"name":"Amnist\u00eda Internacional Galicia","@id":"https:\/\/blogs.es.amnesty.org\/galicia\/#\/schema\/person\/a9abef9c02c6851041b350a481c8d30f"},"headline":"Concurso xuvenil de microrrelatos sobre o acoso escolar","datePublished":"2019-02-21T20:57:45+00:00","dateModified":"2019-03-01T09:05:56+00:00","mainEntityOfPage":{"@id":"https:\/\/blogs.es.amnesty.org\/galicia\/2019\/02\/21\/concurso-xuvenil-de-microrrelatos-sobre-o-acaso-escolar\/"},"wordCount":218,"commentCount":0,"image":{"@id":"https:\/\/blogs.es.amnesty.org\/galicia\/2019\/02\/21\/concurso-xuvenil-de-microrrelatos-sobre-o-acaso-escolar\/#primaryimage"},"thumbnailUrl":"https:\/\/blogs.es.amnesty.org\/files\/uploads\/sites\/11\/2019\/02\/cartel-concurso-microrrelatos-acoso-escolar.jpg","keywords":["Acoso Escolar","AIG","Amnist\u00eda Internacional Vig","Concurso","Microrrelatos"],"articleSection":["Actividades"],"inLanguage":"es","potentialAction":[{"@type":"CommentAction","name":"Comment","target":["https:\/\/blogs.es.amnesty.org\/galicia\/2019\/02\/21\/concurso-xuvenil-de-microrrelatos-sobre-o-acaso-escolar\/#respond"]}]},{"@type":"WebPage","@id":"https:\/\/blogs.es.amnesty.org\/galicia\/2019\/02\/21\/concurso-xuvenil-de-microrrelatos-sobre-o-acaso-escolar\/","url":"https:\/\/blogs.es.amnesty.org\/galicia\/2019\/02\/21\/concurso-xuvenil-de-microrrelatos-sobre-o-acaso-escolar\/","name":"Concurso xuvenil de microrrelatos sobre o acoso escolar - Galicia","isPartOf":{"@id":"https:\/\/blogs.es.amnesty.org\/galicia\/#website"},"primaryImageOfPage":{"@id":"https:\/\/blogs.es.amnesty.org\/galicia\/2019\/02\/21\/concurso-xuvenil-de-microrrelatos-sobre-o-acaso-escolar\/#primaryimage"},"image":{"@id":"https:\/\/blogs.es.amnesty.org\/galicia\/2019\/02\/21\/concurso-xuvenil-de-microrrelatos-sobre-o-acaso-escolar\/#primaryimage"},"thumbnailUrl":"https:\/\/blogs.es.amnesty.org\/files\/uploads\/sites\/11\/2019\/02\/cartel-concurso-microrrelatos-acoso-escolar.jpg","datePublished":"2019-02-21T20:57:45+00:00","dateModified":"2019-03-01T09:05:56+00:00","author":{"@id":"https:\/\/blogs.es.amnesty.org\/galicia\/#\/schema\/person\/a9abef9c02c6851041b350a481c8d30f"},"breadcrumb":{"@id":"https:\/\/blogs.es.amnesty.org\/galicia\/2019\/02\/21\/concurso-xuvenil-de-microrrelatos-sobre-o-acaso-escolar\/#breadcrumb"},"inLanguage":"es","potentialAction":[{"@type":"ReadAction","target":["https:\/\/blogs.es.amnesty.org\/galicia\/2019\/02\/21\/concurso-xuvenil-de-microrrelatos-sobre-o-acaso-escolar\/"]}]},{"@type":"ImageObject","inLanguage":"es","@id":"https:\/\/blogs.es.amnesty.org\/galicia\/2019\/02\/21\/concurso-xuvenil-de-microrrelatos-sobre-o-acaso-escolar\/#primaryimage","url":"https:\/\/blogs.es.amnesty.org\/files\/uploads\/sites\/11\/2019\/02\/cartel-concurso-microrrelatos-acoso-escolar.jpg","contentUrl":"https:\/\/blogs.es.amnesty.org\/files\/uploads\/sites\/11\/2019\/02\/cartel-concurso-microrrelatos-acoso-escolar.jpg","width":1200,"height":800,"caption":"V Concurso Microrrelatos Acoso Escolar"},{"@type":"BreadcrumbList","@id":"https:\/\/blogs.es.amnesty.org\/galicia\/2019\/02\/21\/concurso-xuvenil-de-microrrelatos-sobre-o-acaso-escolar\/#breadcrumb","itemListElement":[{"@type":"ListItem","position":1,"name":"Portada","item":"https:\/\/blogs.es.amnesty.org\/galicia\/"},{"@type":"ListItem","position":2,"name":"Concurso xuvenil de microrrelatos sobre o acoso escolar"}]},{"@type":"WebSite","@id":"https:\/\/blogs.es.amnesty.org\/galicia\/#website","url":"https:\/\/blogs.es.amnesty.org\/galicia\/","name":"Galicia","description":"Blog de Amnist\u00eda Internacional Galicia","potentialAction":[{"@type":"SearchAction","target":{"@type":"EntryPoint","urlTemplate":"https:\/\/blogs.es.amnesty.org\/galicia\/?s={search_term_string}"},"query-input":{"@type":"PropertyValueSpecification","valueRequired":true,"valueName":"search_term_string"}}],"inLanguage":"es"},{"@type":"Person","@id":"https:\/\/blogs.es.amnesty.org\/galicia\/#\/schema\/person\/a9abef9c02c6851041b350a481c8d30f","name":"Amnist\u00eda Internacional Galicia","image":{"@type":"ImageObject","inLanguage":"es","@id":"https:\/\/secure.gravatar.com\/avatar\/fd262782a8c354b8dcf2a6de0ffaeee30110ba35325cdff43746e744e41932b9?s=96&d=mm&r=g","url":"https:\/\/secure.gravatar.com\/avatar\/fd262782a8c354b8dcf2a6de0ffaeee30110ba35325cdff43746e744e41932b9?s=96&d=mm&r=g","contentUrl":"https:\/\/secure.gravatar.com\/avatar\/fd262782a8c354b8dcf2a6de0ffaeee30110ba35325cdff43746e744e41932b9?s=96&d=mm&r=g","caption":"Amnist\u00eda Internacional Galicia"},"sameAs":["https:\/\/www.facebook.com\/pg\/AmnistiaInternacionalGalicia","https:\/\/www.instagram.com\/amnistia_galicia\/"],"url":"https:\/\/blogs.es.amnesty.org\/galicia\/autor\/comunicaciongal\/"}]}},"_links":{"self":[{"href":"https:\/\/blogs.es.amnesty.org\/galicia\/wp-json\/wp\/v2\/posts\/103","targetHints":{"allow":["GET"]}}],"collection":[{"href":"https:\/\/blogs.es.amnesty.org\/galicia\/wp-json\/wp\/v2\/posts"}],"about":[{"href":"https:\/\/blogs.es.amnesty.org\/galicia\/wp-json\/wp\/v2\/types\/post"}],"author":[{"embeddable":true,"href":"https:\/\/blogs.es.amnesty.org\/galicia\/wp-json\/wp\/v2\/users\/42"}],"replies":[{"embeddable":true,"href":"https:\/\/blogs.es.amnesty.org\/galicia\/wp-json\/wp\/v2\/comments?post=103"}],"version-history":[{"count":0,"href":"https:\/\/blogs.es.amnesty.org\/galicia\/wp-json\/wp\/v2\/posts\/103\/revisions"}],"wp:featuredmedia":[{"embeddable":true,"href":"https:\/\/blogs.es.amnesty.org\/galicia\/wp-json\/wp\/v2\/media\/105"}],"wp:attachment":[{"href":"https:\/\/blogs.es.amnesty.org\/galicia\/wp-json\/wp\/v2\/media?parent=103"}],"wp:term":[{"taxonomy":"category","embeddable":true,"href":"https:\/\/blogs.es.amnesty.org\/galicia\/wp-json\/wp\/v2\/categories?post=103"},{"taxonomy":"post_tag","embeddable":true,"href":"https:\/\/blogs.es.amnesty.org\/galicia\/wp-json\/wp\/v2\/tags?post=103"}],"curies":[{"name":"wp","href":"https:\/\/api.w.org\/{rel}","templated":true}]}}