{"id":1867,"date":"2026-09-02T06:00:50","date_gmt":"2026-09-02T06:00:50","guid":{"rendered":"https:\/\/blogs.es.amnesty.org\/galicia\/?p=1867"},"modified":"2026-09-02T16:52:32","modified_gmt":"2026-09-02T16:52:32","slug":"dereito-ou-propaganda-a-vivenda-social","status":"publish","type":"post","link":"https:\/\/blogs.es.amnesty.org\/galicia\/2026\/09\/02\/dereito-ou-propaganda-a-vivenda-social\/","title":{"rendered":"DEREITO OU PROPAGANDA? A VIVENDA SOCIAL"},"content":{"rendered":"\n<p class=\"wp-block-paragraph\">Nos \u00faltimos anos, o concepto de \u201cvivenda social\u201d empezou a aparecer constantemente no discurso pol\u00edtico e institucional. Pero canto m\u00e1is se repite unha palabra, m\u00e1is importante \u00e9 explicar que significa realmente. Porque en Vigo existe unha enorme confusi\u00f3n arredor deste tema, moitas veces alimentada pola propia propaganda p\u00fablica, mesturando conceptos distintos para facer pasar por vivenda social f\u00f3rmulas que non o son.<\/p>\n\n\n\n<p class=\"wp-block-paragraph\">Non toda vivenda protexida \u00e9 vivenda social. Non toda promoci\u00f3n p\u00fablica garante acceso real \u00e1s persoas con menos recursos. E esa diferenza importa, porque detr\u00e1s dela hai persoas que seguen sen poder acceder a un fogar.<\/p>\n\n\n\n<p class=\"wp-block-paragraph\">A vivenda social ten un obxectivo moi claro: ofrecer unha alternativa habitacional a quen non pode asumir os prezos do mercado libre. Iso significa adaptar o custo da vivenda \u00e1 realidade econ\u00f3mica da persoa ou da unidade familiar. Se algu\u00e9n cobra 1.000 euros ao mes, non pode pagar 850 de alugueiro. E se unha persoa percibe unha prestaci\u00f3n m\u00ednima ou ingresos moi baixos, nin sequera pode asumir un 30% dese ingreso para a vivenda sen quedar nunha situaci\u00f3n de pobreza extrema. Deber\u00eda asumir un 10% por extrema emerxencia.<\/p>\n\n\n\n<p class=\"wp-block-paragraph\">Por iso a clave da vivenda social \u00e9 a proporcionalidade. <strong>O prezo debe estar axustado aos ingresos reais da persoa. <\/strong>E ese axuste pode revisarse co tempo: se a situaci\u00f3n econ\u00f3mica mellora, tam\u00e9n pode cambiar a achega ao alugueiro. Non se trata de <em>regalar pisos<\/em> nin de entregar vivendas \u201cgratis\u201d, como tantas veces se repite de maneira interesada e falsa. Tr\u00e1tase de garantir que algu\u00e9n poida vivir sen ter que escoller entre pagar o alugueiro ou comer.<\/p>\n\n\n\n<p class=\"wp-block-paragraph\">Tam\u00e9n \u00e9 importante entender que a vivenda social <strong>necesita criterios de prioridade<\/strong>. Non pode funcionar como un sorteo indiferenciado no que todas as situaci\u00f3ns se traten igual. Hai persoas que precisan unha resposta m\u00e1is inmediata ca outras. Unha muller que debe sa\u00edr da violencia machista, unha persoa con discapacidade, unha nai soa con menores ao cargo ou unha v\u00edtima de trata te\u00f1en unha vulnerabilidade espec\u00edfica que debe ser tida en conta.<\/p>\n\n\n\n<p class=\"wp-block-paragraph\">Iso non significa exclu\u00edr a outras persoas con baixos ingresos, sen\u00f3n establecer prioridades baseadas na necesidade real <strong>e dar resposta a todas&nbsp; elas<\/strong>. Porque a funci\u00f3n da vivenda social \u00e9 precisamente esa: actuar como unha <strong>ferramenta de protecci\u00f3n fronte \u00e1 exclusi\u00f3n residencial.<\/strong> Noutros pa\u00edses europeos, este modelo leva d\u00e9cadas funcionando con normalidade. Aqu\u00ed, pola contra, segue habendo moita desinformaci\u00f3n e unha tendencia constante a chamar \u201cvivenda social\u201d a soluci\u00f3ns que contin\u00faan sendo inaccesibles para gran parte da poboaci\u00f3n.<\/p>\n\n\n\n<p class=\"wp-block-paragraph\"><\/p>\n","protected":false},"excerpt":{"rendered":"<p>A vivenda social ten un obxectivo moi claro: ofrecer unha alternativa habitacional a quen non pode asumir os prezos do mercado libre. Iso significa adaptar o custo da vivenda \u00e1 realidade econ\u00f3mica da persoa ou da unidade familiar. O prezo debe estar axustado aos ingresos reais da persoa.<\/p>\n","protected":false},"author":42,"featured_media":1870,"comment_status":"open","ping_status":"open","sticky":true,"template":"","format":"standard","meta":{"_acf_changed":false,"footnotes":"","_members_access_role":[],"_members_access_error":""},"categories":[13,183],"tags":[39,184],"class_list":["post-1867","post","type-post","status-publish","format-standard","has-post-thumbnail","hentry","category-actualidade","category-vivenda","tag-dereitos-humanos","tag-vivenda"],"acf":[],"yoast_head":"<!-- This site is optimized with the Yoast SEO plugin v28.2 - https:\/\/yoast.com\/product\/yoast-seo-wordpress\/ -->\n<title>DEREITO OU PROPAGANDA? A VIVENDA SOCIAL - Galicia<\/title>\n<meta name=\"robots\" content=\"index, follow, max-snippet:-1, max-image-preview:large, max-video-preview:-1\" \/>\n<link rel=\"canonical\" href=\"https:\/\/blogs.es.amnesty.org\/galicia\/2026\/09\/02\/dereito-ou-propaganda-a-vivenda-social\/\" \/>\n<meta property=\"og:locale\" content=\"es_ES\" \/>\n<meta property=\"og:type\" content=\"article\" \/>\n<meta property=\"og:title\" content=\"DEREITO OU PROPAGANDA? A VIVENDA SOCIAL - Galicia\" \/>\n<meta property=\"og:description\" content=\"A vivenda social ten un obxectivo moi claro: ofrecer unha alternativa habitacional a quen non pode asumir os prezos do mercado libre. Iso significa adaptar o custo da vivenda \u00e1 realidade econ\u00f3mica da persoa ou da unidade familiar. O prezo debe estar axustado aos ingresos reais da persoa.\" \/>\n<meta property=\"og:url\" content=\"https:\/\/blogs.es.amnesty.org\/galicia\/2026\/09\/02\/dereito-ou-propaganda-a-vivenda-social\/\" \/>\n<meta property=\"og:site_name\" content=\"Galicia\" \/>\n<meta property=\"article:author\" content=\"https:\/\/www.facebook.com\/pg\/AmnistiaInternacionalGalicia\" \/>\n<meta property=\"article:published_time\" content=\"2026-09-02T06:00:50+00:00\" \/>\n<meta property=\"article:modified_time\" content=\"2026-09-02T16:52:32+00:00\" \/>\n<meta property=\"og:image\" content=\"http:\/\/blogs.es.amnesty.org\/files\/uploads\/sites\/11\/2026\/06\/IMG20260605201752-scaled.jpg\" \/>\n\t<meta property=\"og:image:width\" content=\"2560\" \/>\n\t<meta property=\"og:image:height\" content=\"1920\" \/>\n\t<meta property=\"og:image:type\" content=\"image\/jpeg\" \/>\n<meta name=\"author\" content=\"Amnist\u00eda Internacional Galicia\" \/>\n<meta name=\"twitter:card\" content=\"summary_large_image\" \/>\n<meta name=\"twitter:label1\" content=\"Escrito por\" \/>\n\t<meta name=\"twitter:data1\" content=\"Amnist\u00eda Internacional Galicia\" \/>\n\t<meta name=\"twitter:label2\" content=\"Tiempo de lectura\" \/>\n\t<meta name=\"twitter:data2\" content=\"3 minutos\" \/>\n<script type=\"application\/ld+json\" class=\"yoast-schema-graph\">{\"@context\":\"https:\\\/\\\/schema.org\",\"@graph\":[{\"@type\":\"Article\",\"@id\":\"https:\\\/\\\/blogs.es.amnesty.org\\\/galicia\\\/2026\\\/09\\\/02\\\/dereito-ou-propaganda-a-vivenda-social\\\/#article\",\"isPartOf\":{\"@id\":\"https:\\\/\\\/blogs.es.amnesty.org\\\/galicia\\\/2026\\\/09\\\/02\\\/dereito-ou-propaganda-a-vivenda-social\\\/\"},\"author\":{\"name\":\"Amnist\u00eda Internacional Galicia\",\"@id\":\"https:\\\/\\\/blogs.es.amnesty.org\\\/galicia\\\/#\\\/schema\\\/person\\\/a9abef9c02c6851041b350a481c8d30f\"},\"headline\":\"DEREITO OU PROPAGANDA? A VIVENDA SOCIAL\",\"datePublished\":\"2026-09-02T06:00:50+00:00\",\"dateModified\":\"2026-09-02T16:52:32+00:00\",\"mainEntityOfPage\":{\"@id\":\"https:\\\/\\\/blogs.es.amnesty.org\\\/galicia\\\/2026\\\/09\\\/02\\\/dereito-ou-propaganda-a-vivenda-social\\\/\"},\"wordCount\":446,\"commentCount\":0,\"image\":{\"@id\":\"https:\\\/\\\/blogs.es.amnesty.org\\\/galicia\\\/2026\\\/09\\\/02\\\/dereito-ou-propaganda-a-vivenda-social\\\/#primaryimage\"},\"thumbnailUrl\":\"https:\\\/\\\/blogs.es.amnesty.org\\\/files\\\/uploads\\\/sites\\\/11\\\/2026\\\/06\\\/IMG20260605201752-scaled.jpg\",\"keywords\":[\"Dereitos Humanos\",\"vivenda\"],\"articleSection\":[\"Actualidade\",\"Vivenda\"],\"inLanguage\":\"es\",\"potentialAction\":[{\"@type\":\"CommentAction\",\"name\":\"Comment\",\"target\":[\"https:\\\/\\\/blogs.es.amnesty.org\\\/galicia\\\/2026\\\/09\\\/02\\\/dereito-ou-propaganda-a-vivenda-social\\\/#respond\"]}]},{\"@type\":\"WebPage\",\"@id\":\"https:\\\/\\\/blogs.es.amnesty.org\\\/galicia\\\/2026\\\/09\\\/02\\\/dereito-ou-propaganda-a-vivenda-social\\\/\",\"url\":\"https:\\\/\\\/blogs.es.amnesty.org\\\/galicia\\\/2026\\\/09\\\/02\\\/dereito-ou-propaganda-a-vivenda-social\\\/\",\"name\":\"DEREITO OU PROPAGANDA? A VIVENDA SOCIAL - Galicia\",\"isPartOf\":{\"@id\":\"https:\\\/\\\/blogs.es.amnesty.org\\\/galicia\\\/#website\"},\"primaryImageOfPage\":{\"@id\":\"https:\\\/\\\/blogs.es.amnesty.org\\\/galicia\\\/2026\\\/09\\\/02\\\/dereito-ou-propaganda-a-vivenda-social\\\/#primaryimage\"},\"image\":{\"@id\":\"https:\\\/\\\/blogs.es.amnesty.org\\\/galicia\\\/2026\\\/09\\\/02\\\/dereito-ou-propaganda-a-vivenda-social\\\/#primaryimage\"},\"thumbnailUrl\":\"https:\\\/\\\/blogs.es.amnesty.org\\\/files\\\/uploads\\\/sites\\\/11\\\/2026\\\/06\\\/IMG20260605201752-scaled.jpg\",\"datePublished\":\"2026-09-02T06:00:50+00:00\",\"dateModified\":\"2026-09-02T16:52:32+00:00\",\"author\":{\"@id\":\"https:\\\/\\\/blogs.es.amnesty.org\\\/galicia\\\/#\\\/schema\\\/person\\\/a9abef9c02c6851041b350a481c8d30f\"},\"breadcrumb\":{\"@id\":\"https:\\\/\\\/blogs.es.amnesty.org\\\/galicia\\\/2026\\\/09\\\/02\\\/dereito-ou-propaganda-a-vivenda-social\\\/#breadcrumb\"},\"inLanguage\":\"es\",\"potentialAction\":[{\"@type\":\"ReadAction\",\"target\":[\"https:\\\/\\\/blogs.es.amnesty.org\\\/galicia\\\/2026\\\/09\\\/02\\\/dereito-ou-propaganda-a-vivenda-social\\\/\"]}]},{\"@type\":\"ImageObject\",\"inLanguage\":\"es\",\"@id\":\"https:\\\/\\\/blogs.es.amnesty.org\\\/galicia\\\/2026\\\/09\\\/02\\\/dereito-ou-propaganda-a-vivenda-social\\\/#primaryimage\",\"url\":\"https:\\\/\\\/blogs.es.amnesty.org\\\/files\\\/uploads\\\/sites\\\/11\\\/2026\\\/06\\\/IMG20260605201752-scaled.jpg\",\"contentUrl\":\"https:\\\/\\\/blogs.es.amnesty.org\\\/files\\\/uploads\\\/sites\\\/11\\\/2026\\\/06\\\/IMG20260605201752-scaled.jpg\",\"width\":2560,\"height\":1920,\"caption\":\"oppo_0\"},{\"@type\":\"BreadcrumbList\",\"@id\":\"https:\\\/\\\/blogs.es.amnesty.org\\\/galicia\\\/2026\\\/09\\\/02\\\/dereito-ou-propaganda-a-vivenda-social\\\/#breadcrumb\",\"itemListElement\":[{\"@type\":\"ListItem\",\"position\":1,\"name\":\"Portada\",\"item\":\"https:\\\/\\\/blogs.es.amnesty.org\\\/galicia\\\/\"},{\"@type\":\"ListItem\",\"position\":2,\"name\":\"DEREITO OU PROPAGANDA? A VIVENDA SOCIAL\"}]},{\"@type\":\"WebSite\",\"@id\":\"https:\\\/\\\/blogs.es.amnesty.org\\\/galicia\\\/#website\",\"url\":\"https:\\\/\\\/blogs.es.amnesty.org\\\/galicia\\\/\",\"name\":\"Galicia\",\"description\":\"Blog de Amnist\u00eda Internacional Galicia\",\"potentialAction\":[{\"@type\":\"SearchAction\",\"target\":{\"@type\":\"EntryPoint\",\"urlTemplate\":\"https:\\\/\\\/blogs.es.amnesty.org\\\/galicia\\\/?s={search_term_string}\"},\"query-input\":{\"@type\":\"PropertyValueSpecification\",\"valueRequired\":true,\"valueName\":\"search_term_string\"}}],\"inLanguage\":\"es\"},{\"@type\":\"Person\",\"@id\":\"https:\\\/\\\/blogs.es.amnesty.org\\\/galicia\\\/#\\\/schema\\\/person\\\/a9abef9c02c6851041b350a481c8d30f\",\"name\":\"Amnist\u00eda Internacional Galicia\",\"image\":{\"@type\":\"ImageObject\",\"inLanguage\":\"es\",\"@id\":\"https:\\\/\\\/secure.gravatar.com\\\/avatar\\\/fd262782a8c354b8dcf2a6de0ffaeee30110ba35325cdff43746e744e41932b9?s=96&d=mm&r=g\",\"url\":\"https:\\\/\\\/secure.gravatar.com\\\/avatar\\\/fd262782a8c354b8dcf2a6de0ffaeee30110ba35325cdff43746e744e41932b9?s=96&d=mm&r=g\",\"contentUrl\":\"https:\\\/\\\/secure.gravatar.com\\\/avatar\\\/fd262782a8c354b8dcf2a6de0ffaeee30110ba35325cdff43746e744e41932b9?s=96&d=mm&r=g\",\"caption\":\"Amnist\u00eda Internacional Galicia\"},\"sameAs\":[\"https:\\\/\\\/www.facebook.com\\\/pg\\\/AmnistiaInternacionalGalicia\",\"https:\\\/\\\/www.instagram.com\\\/amnistia_galicia\\\/\"],\"url\":\"https:\\\/\\\/blogs.es.amnesty.org\\\/galicia\\\/autor\\\/comunicaciongal\\\/\"}]}<\/script>\n<!-- \/ Yoast SEO plugin. -->","yoast_head_json":{"title":"DEREITO OU PROPAGANDA? A VIVENDA SOCIAL - Galicia","robots":{"index":"index","follow":"follow","max-snippet":"max-snippet:-1","max-image-preview":"max-image-preview:large","max-video-preview":"max-video-preview:-1"},"canonical":"https:\/\/blogs.es.amnesty.org\/galicia\/2026\/09\/02\/dereito-ou-propaganda-a-vivenda-social\/","og_locale":"es_ES","og_type":"article","og_title":"DEREITO OU PROPAGANDA? A VIVENDA SOCIAL - Galicia","og_description":"A vivenda social ten un obxectivo moi claro: ofrecer unha alternativa habitacional a quen non pode asumir os prezos do mercado libre. Iso significa adaptar o custo da vivenda \u00e1 realidade econ\u00f3mica da persoa ou da unidade familiar. O prezo debe estar axustado aos ingresos reais da persoa.","og_url":"https:\/\/blogs.es.amnesty.org\/galicia\/2026\/09\/02\/dereito-ou-propaganda-a-vivenda-social\/","og_site_name":"Galicia","article_author":"https:\/\/www.facebook.com\/pg\/AmnistiaInternacionalGalicia","article_published_time":"2026-09-02T06:00:50+00:00","article_modified_time":"2026-09-02T16:52:32+00:00","og_image":[{"width":2560,"height":1920,"url":"http:\/\/blogs.es.amnesty.org\/files\/uploads\/sites\/11\/2026\/06\/IMG20260605201752-scaled.jpg","type":"image\/jpeg"}],"author":"Amnist\u00eda Internacional Galicia","twitter_card":"summary_large_image","twitter_misc":{"Escrito por":"Amnist\u00eda Internacional Galicia","Tiempo de lectura":"3 minutos"},"schema":{"@context":"https:\/\/schema.org","@graph":[{"@type":"Article","@id":"https:\/\/blogs.es.amnesty.org\/galicia\/2026\/09\/02\/dereito-ou-propaganda-a-vivenda-social\/#article","isPartOf":{"@id":"https:\/\/blogs.es.amnesty.org\/galicia\/2026\/09\/02\/dereito-ou-propaganda-a-vivenda-social\/"},"author":{"name":"Amnist\u00eda Internacional Galicia","@id":"https:\/\/blogs.es.amnesty.org\/galicia\/#\/schema\/person\/a9abef9c02c6851041b350a481c8d30f"},"headline":"DEREITO OU PROPAGANDA? A VIVENDA SOCIAL","datePublished":"2026-09-02T06:00:50+00:00","dateModified":"2026-09-02T16:52:32+00:00","mainEntityOfPage":{"@id":"https:\/\/blogs.es.amnesty.org\/galicia\/2026\/09\/02\/dereito-ou-propaganda-a-vivenda-social\/"},"wordCount":446,"commentCount":0,"image":{"@id":"https:\/\/blogs.es.amnesty.org\/galicia\/2026\/09\/02\/dereito-ou-propaganda-a-vivenda-social\/#primaryimage"},"thumbnailUrl":"https:\/\/blogs.es.amnesty.org\/files\/uploads\/sites\/11\/2026\/06\/IMG20260605201752-scaled.jpg","keywords":["Dereitos Humanos","vivenda"],"articleSection":["Actualidade","Vivenda"],"inLanguage":"es","potentialAction":[{"@type":"CommentAction","name":"Comment","target":["https:\/\/blogs.es.amnesty.org\/galicia\/2026\/09\/02\/dereito-ou-propaganda-a-vivenda-social\/#respond"]}]},{"@type":"WebPage","@id":"https:\/\/blogs.es.amnesty.org\/galicia\/2026\/09\/02\/dereito-ou-propaganda-a-vivenda-social\/","url":"https:\/\/blogs.es.amnesty.org\/galicia\/2026\/09\/02\/dereito-ou-propaganda-a-vivenda-social\/","name":"DEREITO OU PROPAGANDA? A VIVENDA SOCIAL - Galicia","isPartOf":{"@id":"https:\/\/blogs.es.amnesty.org\/galicia\/#website"},"primaryImageOfPage":{"@id":"https:\/\/blogs.es.amnesty.org\/galicia\/2026\/09\/02\/dereito-ou-propaganda-a-vivenda-social\/#primaryimage"},"image":{"@id":"https:\/\/blogs.es.amnesty.org\/galicia\/2026\/09\/02\/dereito-ou-propaganda-a-vivenda-social\/#primaryimage"},"thumbnailUrl":"https:\/\/blogs.es.amnesty.org\/files\/uploads\/sites\/11\/2026\/06\/IMG20260605201752-scaled.jpg","datePublished":"2026-09-02T06:00:50+00:00","dateModified":"2026-09-02T16:52:32+00:00","author":{"@id":"https:\/\/blogs.es.amnesty.org\/galicia\/#\/schema\/person\/a9abef9c02c6851041b350a481c8d30f"},"breadcrumb":{"@id":"https:\/\/blogs.es.amnesty.org\/galicia\/2026\/09\/02\/dereito-ou-propaganda-a-vivenda-social\/#breadcrumb"},"inLanguage":"es","potentialAction":[{"@type":"ReadAction","target":["https:\/\/blogs.es.amnesty.org\/galicia\/2026\/09\/02\/dereito-ou-propaganda-a-vivenda-social\/"]}]},{"@type":"ImageObject","inLanguage":"es","@id":"https:\/\/blogs.es.amnesty.org\/galicia\/2026\/09\/02\/dereito-ou-propaganda-a-vivenda-social\/#primaryimage","url":"https:\/\/blogs.es.amnesty.org\/files\/uploads\/sites\/11\/2026\/06\/IMG20260605201752-scaled.jpg","contentUrl":"https:\/\/blogs.es.amnesty.org\/files\/uploads\/sites\/11\/2026\/06\/IMG20260605201752-scaled.jpg","width":2560,"height":1920,"caption":"oppo_0"},{"@type":"BreadcrumbList","@id":"https:\/\/blogs.es.amnesty.org\/galicia\/2026\/09\/02\/dereito-ou-propaganda-a-vivenda-social\/#breadcrumb","itemListElement":[{"@type":"ListItem","position":1,"name":"Portada","item":"https:\/\/blogs.es.amnesty.org\/galicia\/"},{"@type":"ListItem","position":2,"name":"DEREITO OU PROPAGANDA? A VIVENDA SOCIAL"}]},{"@type":"WebSite","@id":"https:\/\/blogs.es.amnesty.org\/galicia\/#website","url":"https:\/\/blogs.es.amnesty.org\/galicia\/","name":"Galicia","description":"Blog de Amnist\u00eda Internacional Galicia","potentialAction":[{"@type":"SearchAction","target":{"@type":"EntryPoint","urlTemplate":"https:\/\/blogs.es.amnesty.org\/galicia\/?s={search_term_string}"},"query-input":{"@type":"PropertyValueSpecification","valueRequired":true,"valueName":"search_term_string"}}],"inLanguage":"es"},{"@type":"Person","@id":"https:\/\/blogs.es.amnesty.org\/galicia\/#\/schema\/person\/a9abef9c02c6851041b350a481c8d30f","name":"Amnist\u00eda Internacional Galicia","image":{"@type":"ImageObject","inLanguage":"es","@id":"https:\/\/secure.gravatar.com\/avatar\/fd262782a8c354b8dcf2a6de0ffaeee30110ba35325cdff43746e744e41932b9?s=96&d=mm&r=g","url":"https:\/\/secure.gravatar.com\/avatar\/fd262782a8c354b8dcf2a6de0ffaeee30110ba35325cdff43746e744e41932b9?s=96&d=mm&r=g","contentUrl":"https:\/\/secure.gravatar.com\/avatar\/fd262782a8c354b8dcf2a6de0ffaeee30110ba35325cdff43746e744e41932b9?s=96&d=mm&r=g","caption":"Amnist\u00eda Internacional Galicia"},"sameAs":["https:\/\/www.facebook.com\/pg\/AmnistiaInternacionalGalicia","https:\/\/www.instagram.com\/amnistia_galicia\/"],"url":"https:\/\/blogs.es.amnesty.org\/galicia\/autor\/comunicaciongal\/"}]}},"_links":{"self":[{"href":"https:\/\/blogs.es.amnesty.org\/galicia\/wp-json\/wp\/v2\/posts\/1867","targetHints":{"allow":["GET"]}}],"collection":[{"href":"https:\/\/blogs.es.amnesty.org\/galicia\/wp-json\/wp\/v2\/posts"}],"about":[{"href":"https:\/\/blogs.es.amnesty.org\/galicia\/wp-json\/wp\/v2\/types\/post"}],"author":[{"embeddable":true,"href":"https:\/\/blogs.es.amnesty.org\/galicia\/wp-json\/wp\/v2\/users\/42"}],"replies":[{"embeddable":true,"href":"https:\/\/blogs.es.amnesty.org\/galicia\/wp-json\/wp\/v2\/comments?post=1867"}],"version-history":[{"count":1,"href":"https:\/\/blogs.es.amnesty.org\/galicia\/wp-json\/wp\/v2\/posts\/1867\/revisions"}],"predecessor-version":[{"id":1871,"href":"https:\/\/blogs.es.amnesty.org\/galicia\/wp-json\/wp\/v2\/posts\/1867\/revisions\/1871"}],"wp:featuredmedia":[{"embeddable":true,"href":"https:\/\/blogs.es.amnesty.org\/galicia\/wp-json\/wp\/v2\/media\/1870"}],"wp:attachment":[{"href":"https:\/\/blogs.es.amnesty.org\/galicia\/wp-json\/wp\/v2\/media?parent=1867"}],"wp:term":[{"taxonomy":"category","embeddable":true,"href":"https:\/\/blogs.es.amnesty.org\/galicia\/wp-json\/wp\/v2\/categories?post=1867"},{"taxonomy":"post_tag","embeddable":true,"href":"https:\/\/blogs.es.amnesty.org\/galicia\/wp-json\/wp\/v2\/tags?post=1867"}],"curies":[{"name":"wp","href":"https:\/\/api.w.org\/{rel}","templated":true}]}}