{"id":1277,"date":"2024-01-19T09:08:58","date_gmt":"2024-01-19T09:08:58","guid":{"rendered":"https:\/\/blogs.es.amnesty.org\/larioja\/?p=1277"},"modified":"2026-08-10T09:11:20","modified_gmt":"2026-08-10T09:11:20","slug":"celebramos-los-derechos-humanos-en-su-75-aniversario","status":"publish","type":"post","link":"https:\/\/blogs.es.amnesty.org\/larioja\/2024\/01\/19\/celebramos-los-derechos-humanos-en-su-75-aniversario\/","title":{"rendered":"Celebramos los derechos humanos en su 75 aniversario"},"content":{"rendered":"\n<p class=\"wp-block-paragraph\">Hemos organizado distintas actividades para celebrar un cumplea\u00f1os tan especial como el del 10 de diciembre. El objetivo es reflexionar sobre lo que ha significado esta \u201cConstituci\u00f3n de la Humanidad\u201d, pero tambi\u00e9n mirar al futuro y convertir la Declaraci\u00f3n Universal en una herramienta \u00fatil para denunciar violaciones y abusos y mostrar el coraje y la valent\u00eda de esa parte de la sociedad civil que los defiende y protege.<\/p>\n\n\n\n<p class=\"has-cyan-bluish-gray-color has-text-color wp-block-paragraph\"><strong>10 de diciembre de 2023<\/strong><\/p>\n\n\n\n<p class=\"wp-block-paragraph\">Empezaremos el domingo, 10 de diciembre, con una recogida de firmas en Logro\u00f1o, entre las 12,30 y las 14,00 h, en la esquina de Bret\u00f3n de los Herreros con Capit\u00e1n Gallarza, (frente al edificio de los antiguos Juzgados). Este a\u00f1o pedimos firmas y mensajes de solidaridad para tres personas:<\/p>\n\n\n<div class=\"wp-block-image\">\n<figure class=\"alignright size-large is-resized\"><img loading=\"lazy\" decoding=\"async\" src=\"https:\/\/blogs.es.amnesty.org\/files\/uploads\/sites\/12\/2024\/01\/Recogida-de-firmas_2-1-1044x728.jpeg\" alt=\"\" class=\"wp-image-1284\" width=\"398\" height=\"277\" srcset=\"https:\/\/blogs.es.amnesty.org\/files\/uploads\/sites\/12\/2024\/01\/Recogida-de-firmas_2-1-1044x728.jpeg 1044w, https:\/\/blogs.es.amnesty.org\/files\/uploads\/sites\/12\/2024\/01\/Recogida-de-firmas_2-1-770x537.jpeg 770w, https:\/\/blogs.es.amnesty.org\/files\/uploads\/sites\/12\/2024\/01\/Recogida-de-firmas_2-1-768x536.jpeg 768w, https:\/\/blogs.es.amnesty.org\/files\/uploads\/sites\/12\/2024\/01\/Recogida-de-firmas_2-1.jpeg 1200w\" sizes=\"auto, (max-width: 398px) 100vw, 398px\" \/><\/figure>\n<\/div>\n\n\n<p class=\"has-cyan-bluish-gray-color has-text-color wp-block-paragraph\">Maung Sawyeddolla (Myanmar)<\/p>\n\n\n\n<p class=\"wp-block-paragraph\">Ten\u00eda 15 a\u00f1os cuando el ej\u00e9rcito de Myanmar desat\u00f3 una campa\u00f1a de asesinatos y violencia contra personas de la etnia rohiny\u00e1. La incitaci\u00f3n que circulaba en Facebook, amplificada por los algoritmos de la plataforma, contribuy\u00f3 a esos ataques.<\/p>\n\n\n\n<p class=\"wp-block-paragraph\">Para salvar la vida, Sawyeddollah y su familia huyeron al campo para personas refugiadas de Cox\u2019s Bazar en Bangladesh. Ahora, ella y otros miembros de su comunidad piden a Meta, empresa propietaria de Facebook, que pague indemnizaciones por el papel que desempe\u00f1\u00f3 en las atrocidades, lo que incluye financiar los programas educativos de Cox\u2019s Bazar.<\/p>\n\n\n\n<p class=\"wp-block-paragraph\">Exigimos a Meta que proporcione reparaci\u00f3n efectiva a Sawyeddollah y las comunidades rohiny\u00e1s.<\/p>\n\n\n<div class=\"wp-block-image\">\n<figure class=\"alignleft size-full is-resized\"><img loading=\"lazy\" decoding=\"async\" src=\"https:\/\/blogs.es.amnesty.org\/files\/uploads\/sites\/12\/2024\/01\/Recogida-de-firmas_1.jpeg\" alt=\"\" class=\"wp-image-1279\" width=\"305\" height=\"407\" srcset=\"https:\/\/blogs.es.amnesty.org\/files\/uploads\/sites\/12\/2024\/01\/Recogida-de-firmas_1.jpeg 768w, https:\/\/blogs.es.amnesty.org\/files\/uploads\/sites\/12\/2024\/01\/Recogida-de-firmas_1-428x570.jpeg 428w\" sizes=\"auto, (max-width: 305px) 100vw, 305px\" \/><\/figure>\n<\/div>\n\n\n<p class=\"has-cyan-bluish-gray-color has-text-color wp-block-paragraph\">Justyna Wydrzy\u0144ska (Polonia)<\/p>\n\n\n\n<p class=\"wp-block-paragraph\">Justyna ayud\u00f3 a acceder a un aborto sin riesgos a una mujer que sufr\u00eda malos tratos. Sin embargo, en Polonia se considera delito ayudar a una mujer a acceder al aborto al margen de los dos supuestos legales establecidos en la ley (embarazo derivado de un acto ilegal, como la violaci\u00f3n o el incesto; o peligro para la salud o la vida de la mujer). Justyna ya ha sido declarada culpable, lo que sienta un peligroso precedente y dificulta a\u00fan m\u00e1s el acceso a un aborto sin riesgos a quien se lo practica.<\/p>\n\n\n\n<p class=\"wp-block-paragraph\">Exigimos al fiscal general que adopte todas las medidas necesarias para garantizar la anulaci\u00f3n del injusto fallo condenatorio.<\/p>\n\n\n\n<p class=\"has-cyan-bluish-gray-color has-text-color wp-block-paragraph\">Ahmed Mansoor (Emiratos \u00c1rabes Unidos)<\/p>\n\n\n\n<p class=\"wp-block-paragraph\">Adem\u00e1s de padre y esposo, Ahmed es poeta, bloguero y defensor de los derechos humanos. Antes de su detenci\u00f3n, sol\u00eda expresar su preocupaci\u00f3n por la detenci\u00f3n, la tortura y los juicios sin las debidas garant\u00edas a los que son sometidas las voces disidentes en Emiratos \u00c1rabes Unidos. Adem\u00e1s, hablaba sobre los problemas del sistema de justicia y de las leyes nacionales que vulneran las internacionales. Ahora est\u00e1 encerrado, detenido en una celda de aislamiento sin cama.<\/p>\n\n\n\n<p class=\"wp-block-paragraph\">Exigimos a Emiratos \u00c1rabes Unidos su liberaci\u00f3n inmediata e incondicional.<\/p>\n\n\n\n<p class=\"has-cyan-bluish-gray-color has-text-color wp-block-paragraph\"><strong>12 de diciembre de 2023<\/strong><\/p>\n\n\n\n<p class=\"has-cyan-bluish-gray-color has-text-color wp-block-paragraph\">\u2018La ilusi\u00f3n de la abundancia\u2019 (cinef\u00f3rum) <\/p>\n\n\n\n<p class=\"wp-block-paragraph\">El martes 12 de diciembre en la Biblioteca de La Rioja, (C\\ de la Merced, 1), a las 19,00h, Amnist\u00eda Internacional y Ecologistas en Acci\u00f3n colaboramos con Oxfam Interm\u00f3n en un cinef\u00f3rum en el que se proyect\u00f3 el documental \u201cLa ilusi\u00f3n de la abundancia\u201d. <\/p>\n\n\n<div class=\"wp-block-image\">\n<figure class=\"aligncenter size-large is-resized\"><img loading=\"lazy\" decoding=\"async\" src=\"https:\/\/blogs.es.amnesty.org\/files\/uploads\/sites\/12\/2024\/01\/Encuentro_3-2-1044x783.jpeg\" alt=\"\" class=\"wp-image-1285\" width=\"504\" height=\"379\" srcset=\"https:\/\/blogs.es.amnesty.org\/files\/uploads\/sites\/12\/2024\/01\/Encuentro_3-2-1044x783.jpeg 1044w, https:\/\/blogs.es.amnesty.org\/files\/uploads\/sites\/12\/2024\/01\/Encuentro_3-2-760x570.jpeg 760w, https:\/\/blogs.es.amnesty.org\/files\/uploads\/sites\/12\/2024\/01\/Encuentro_3-2-768x576.jpeg 768w, https:\/\/blogs.es.amnesty.org\/files\/uploads\/sites\/12\/2024\/01\/Encuentro_3-2-1536x1152.jpeg 1536w, https:\/\/blogs.es.amnesty.org\/files\/uploads\/sites\/12\/2024\/01\/Encuentro_3-2.jpeg 1600w\" sizes=\"auto, (max-width: 504px) 100vw, 504px\" \/><\/figure>\n<\/div>\n\n\n<p class=\"wp-block-paragraph\">El objetivo es dar a conocer las actividades extractivistas de empresas transnacionales en zonas de Am\u00e9rica Latina y debatir sobre las directivas europeas en materia de debida diligencia de las empresas.<\/p>\n\n\n\n<p class=\"has-cyan-bluish-gray-color has-text-color wp-block-paragraph\"><strong>14 de diciembre de 2023<\/strong><\/p>\n\n\n\n<p class=\"has-cyan-bluish-gray-color has-text-color wp-block-paragraph\">Amigas\/os,socias\/os y simpatizantes <\/p>\n\n\n\n<p class=\"wp-block-paragraph\">El jueves 14 de diciembre, a las 20.00h, celebraremos el 75% Aniversario de la Declaraci\u00f3n Universal de los Derechos Humanos en nuestra sede, en la calle Portales, n\u00famero 71, de Logro\u00f1o. <\/p>\n\n\n<div class=\"wp-block-image\">\n<figure class=\"alignleft size-large is-resized\"><img loading=\"lazy\" decoding=\"async\" src=\"https:\/\/blogs.es.amnesty.org\/files\/uploads\/sites\/12\/2024\/01\/Celebra-1-1044x783.jpeg\" alt=\"\" class=\"wp-image-1286\" width=\"403\" height=\"302\" srcset=\"https:\/\/blogs.es.amnesty.org\/files\/uploads\/sites\/12\/2024\/01\/Celebra-1-1044x783.jpeg 1044w, https:\/\/blogs.es.amnesty.org\/files\/uploads\/sites\/12\/2024\/01\/Celebra-1-760x570.jpeg 760w, https:\/\/blogs.es.amnesty.org\/files\/uploads\/sites\/12\/2024\/01\/Celebra-1-768x576.jpeg 768w, https:\/\/blogs.es.amnesty.org\/files\/uploads\/sites\/12\/2024\/01\/Celebra-1-1536x1152.jpeg 1536w, https:\/\/blogs.es.amnesty.org\/files\/uploads\/sites\/12\/2024\/01\/Celebra-1.jpeg 1600w\" sizes=\"auto, (max-width: 403px) 100vw, 403px\" \/><\/figure>\n<\/div>\n\n\n<p class=\"wp-block-paragraph\">Somos personas que trabajamos por personas. Socias, socios, simpatizantes y activistas sin cuyo apoyo y colaboraci\u00f3n no existir\u00edamos. Aprovecharemos para encontrarnos, reencontrarnos (\u00a1o conocernos!) y para celebrar los \u00e9xitos o conversar sobre los retos. Sin olvidar que lo m\u00e1s importante en esta organizaci\u00f3n es ponernos cara y conformar un movimiento acogedor para la defensa de los derechos humanos. Prometemos un piscolabis informal, pero tambi\u00e9n muy especial.<\/p>\n\n\n\n<p class=\"has-cyan-bluish-gray-color has-text-color wp-block-paragraph\"><strong>18 de diciembre de 2023<\/strong><\/p>\n\n\n\n<p class=\"has-cyan-bluish-gray-color has-text-color wp-block-paragraph\">Club de lectura \u2018La Hora Golfa\u2019<\/p>\n\n\n\n<p class=\"wp-block-paragraph\">El lunes, 18 de diciembre, a las 21:00h en el espacio \u2018La Rosaleda\u2019 de El Espol\u00f3n, Amnist\u00eda Internacional coordin\u00f3 la segunda edici\u00f3n de la sesi\u00f3n de \u2018Literatura y Derechos Humanos\u2019, en el Club de Lectura \u2018La Hora Golfa\u2019. <\/p>\n\n\n\n<p class=\"wp-block-paragraph\">En esta ocasi\u00f3n, con motivo del 75 aniversario de la DUDH, le\u00edmos y comentamos textos literarios relacionados con los derechos que defienden distintas organizaciones riojanas.<\/p>\n\n\n<div class=\"wp-block-image\">\n<figure class=\"aligncenter size-large is-resized\"><img loading=\"lazy\" decoding=\"async\" src=\"https:\/\/blogs.es.amnesty.org\/files\/uploads\/sites\/12\/2024\/01\/HoraGolfa-1044x783.jpeg\" alt=\"\" class=\"wp-image-1283\" width=\"453\" height=\"340\" srcset=\"https:\/\/blogs.es.amnesty.org\/files\/uploads\/sites\/12\/2024\/01\/HoraGolfa-1044x783.jpeg 1044w, https:\/\/blogs.es.amnesty.org\/files\/uploads\/sites\/12\/2024\/01\/HoraGolfa-760x570.jpeg 760w, https:\/\/blogs.es.amnesty.org\/files\/uploads\/sites\/12\/2024\/01\/HoraGolfa-768x576.jpeg 768w, https:\/\/blogs.es.amnesty.org\/files\/uploads\/sites\/12\/2024\/01\/HoraGolfa-1536x1152.jpeg 1536w, https:\/\/blogs.es.amnesty.org\/files\/uploads\/sites\/12\/2024\/01\/HoraGolfa.jpeg 1600w\" sizes=\"auto, (max-width: 453px) 100vw, 453px\" \/><\/figure>\n<\/div>","protected":false},"excerpt":{"rendered":"<p>Hemos organizado distintas actividades para celebrar un cumplea\u00f1os tan especial como el del 10 de diciembre. El objetivo es reflexionar sobre lo que ha significado esta \u201cConstituci\u00f3n de la Humanidad\u201d, pero tambi\u00e9n mirar al futuro y convertir la Declaraci\u00f3n Universal en una herramienta \u00fatil para denunciar violaciones y abusos y mostrar el coraje y la [&hellip;]<\/p>\n","protected":false},"author":44,"featured_media":1288,"comment_status":"open","ping_status":"open","sticky":false,"template":"","format":"standard","meta":{"_acf_changed":false,"footnotes":"","_members_access_role":[],"_members_access_error":""},"categories":[24,19,1],"tags":[89,27,4],"class_list":["post-1277","post","type-post","status-publish","format-standard","has-post-thumbnail","hentry","category-ai-la-rioja","category-defensoresas-de-derechos-humanos","category-sin-categoria","tag-75-aniversario-ddhh","tag-defensores-y-defensoras-jovenes","tag-derechos-humanos"],"acf":[],"yoast_head":"<!-- This site is optimized with the Yoast SEO plugin v28.2 - https:\/\/yoast.com\/product\/yoast-seo-wordpress\/ -->\n<title>Celebramos los derechos humanos en su 75 aniversario - La Rioja<\/title>\n<meta name=\"robots\" content=\"index, follow, max-snippet:-1, max-image-preview:large, max-video-preview:-1\" \/>\n<link rel=\"canonical\" href=\"https:\/\/blogs.es.amnesty.org\/larioja\/2024\/01\/19\/celebramos-los-derechos-humanos-en-su-75-aniversario\/\" \/>\n<meta property=\"og:locale\" content=\"es_ES\" \/>\n<meta property=\"og:type\" content=\"article\" \/>\n<meta property=\"og:title\" content=\"Celebramos los derechos humanos en su 75 aniversario - La Rioja\" \/>\n<meta property=\"og:description\" content=\"Hemos organizado distintas actividades para celebrar un cumplea\u00f1os tan especial como el del 10 de diciembre. El objetivo es reflexionar sobre lo que ha significado esta \u201cConstituci\u00f3n de la Humanidad\u201d, pero tambi\u00e9n mirar al futuro y convertir la Declaraci\u00f3n Universal en una herramienta \u00fatil para denunciar violaciones y abusos y mostrar el coraje y la [&hellip;]\" \/>\n<meta property=\"og:url\" content=\"https:\/\/blogs.es.amnesty.org\/larioja\/2024\/01\/19\/celebramos-los-derechos-humanos-en-su-75-aniversario\/\" \/>\n<meta property=\"og:site_name\" content=\"La Rioja\" \/>\n<meta property=\"article:published_time\" content=\"2024-01-19T09:08:58+00:00\" \/>\n<meta property=\"article:modified_time\" content=\"2026-08-10T09:11:20+00:00\" \/>\n<meta property=\"og:image\" content=\"http:\/\/blogs.es.amnesty.org\/files\/uploads\/sites\/12\/2024\/01\/Encuentro_2.jpeg\" \/>\n\t<meta property=\"og:image:width\" content=\"1600\" \/>\n\t<meta property=\"og:image:height\" content=\"1204\" \/>\n\t<meta property=\"og:image:type\" content=\"image\/jpeg\" \/>\n<meta name=\"author\" content=\"larioja\" \/>\n<meta name=\"twitter:card\" content=\"summary_large_image\" \/>\n<meta name=\"twitter:label1\" content=\"Escrito por\" \/>\n\t<meta name=\"twitter:data1\" content=\"larioja\" \/>\n\t<meta name=\"twitter:label2\" content=\"Tiempo de lectura\" \/>\n\t<meta name=\"twitter:data2\" content=\"5 minutos\" \/>\n<script type=\"application\/ld+json\" class=\"yoast-schema-graph\">{\"@context\":\"https:\\\/\\\/schema.org\",\"@graph\":[{\"@type\":\"Article\",\"@id\":\"https:\\\/\\\/blogs.es.amnesty.org\\\/larioja\\\/2024\\\/01\\\/19\\\/celebramos-los-derechos-humanos-en-su-75-aniversario\\\/#article\",\"isPartOf\":{\"@id\":\"https:\\\/\\\/blogs.es.amnesty.org\\\/larioja\\\/2024\\\/01\\\/19\\\/celebramos-los-derechos-humanos-en-su-75-aniversario\\\/\"},\"author\":{\"name\":\"larioja\",\"@id\":\"https:\\\/\\\/blogs.es.amnesty.org\\\/larioja\\\/#\\\/schema\\\/person\\\/1489010237425236420af90dfd6f358c\"},\"headline\":\"Celebramos los derechos humanos en su 75 aniversario\",\"datePublished\":\"2024-01-19T09:08:58+00:00\",\"dateModified\":\"2026-08-10T09:11:20+00:00\",\"mainEntityOfPage\":{\"@id\":\"https:\\\/\\\/blogs.es.amnesty.org\\\/larioja\\\/2024\\\/01\\\/19\\\/celebramos-los-derechos-humanos-en-su-75-aniversario\\\/\"},\"wordCount\":745,\"commentCount\":0,\"image\":{\"@id\":\"https:\\\/\\\/blogs.es.amnesty.org\\\/larioja\\\/2024\\\/01\\\/19\\\/celebramos-los-derechos-humanos-en-su-75-aniversario\\\/#primaryimage\"},\"thumbnailUrl\":\"https:\\\/\\\/blogs.es.amnesty.org\\\/files\\\/uploads\\\/sites\\\/12\\\/2024\\\/01\\\/Encuentro_2.jpeg\",\"keywords\":[\"75 aniversario DDHH\",\"defensores y defensoras j\u00f3venes\",\"derechos humanos\"],\"articleSection\":[\"AI La Rioja\",\"Defensores\\\/as de Derechos Humanos\"],\"inLanguage\":\"es\",\"potentialAction\":[{\"@type\":\"CommentAction\",\"name\":\"Comment\",\"target\":[\"https:\\\/\\\/blogs.es.amnesty.org\\\/larioja\\\/2024\\\/01\\\/19\\\/celebramos-los-derechos-humanos-en-su-75-aniversario\\\/#respond\"]}]},{\"@type\":\"WebPage\",\"@id\":\"https:\\\/\\\/blogs.es.amnesty.org\\\/larioja\\\/2024\\\/01\\\/19\\\/celebramos-los-derechos-humanos-en-su-75-aniversario\\\/\",\"url\":\"https:\\\/\\\/blogs.es.amnesty.org\\\/larioja\\\/2024\\\/01\\\/19\\\/celebramos-los-derechos-humanos-en-su-75-aniversario\\\/\",\"name\":\"Celebramos los derechos humanos en su 75 aniversario - La Rioja\",\"isPartOf\":{\"@id\":\"https:\\\/\\\/blogs.es.amnesty.org\\\/larioja\\\/#website\"},\"primaryImageOfPage\":{\"@id\":\"https:\\\/\\\/blogs.es.amnesty.org\\\/larioja\\\/2024\\\/01\\\/19\\\/celebramos-los-derechos-humanos-en-su-75-aniversario\\\/#primaryimage\"},\"image\":{\"@id\":\"https:\\\/\\\/blogs.es.amnesty.org\\\/larioja\\\/2024\\\/01\\\/19\\\/celebramos-los-derechos-humanos-en-su-75-aniversario\\\/#primaryimage\"},\"thumbnailUrl\":\"https:\\\/\\\/blogs.es.amnesty.org\\\/files\\\/uploads\\\/sites\\\/12\\\/2024\\\/01\\\/Encuentro_2.jpeg\",\"datePublished\":\"2024-01-19T09:08:58+00:00\",\"dateModified\":\"2026-08-10T09:11:20+00:00\",\"author\":{\"@id\":\"https:\\\/\\\/blogs.es.amnesty.org\\\/larioja\\\/#\\\/schema\\\/person\\\/1489010237425236420af90dfd6f358c\"},\"breadcrumb\":{\"@id\":\"https:\\\/\\\/blogs.es.amnesty.org\\\/larioja\\\/2024\\\/01\\\/19\\\/celebramos-los-derechos-humanos-en-su-75-aniversario\\\/#breadcrumb\"},\"inLanguage\":\"es\",\"potentialAction\":[{\"@type\":\"ReadAction\",\"target\":[\"https:\\\/\\\/blogs.es.amnesty.org\\\/larioja\\\/2024\\\/01\\\/19\\\/celebramos-los-derechos-humanos-en-su-75-aniversario\\\/\"]}]},{\"@type\":\"ImageObject\",\"inLanguage\":\"es\",\"@id\":\"https:\\\/\\\/blogs.es.amnesty.org\\\/larioja\\\/2024\\\/01\\\/19\\\/celebramos-los-derechos-humanos-en-su-75-aniversario\\\/#primaryimage\",\"url\":\"https:\\\/\\\/blogs.es.amnesty.org\\\/files\\\/uploads\\\/sites\\\/12\\\/2024\\\/01\\\/Encuentro_2.jpeg\",\"contentUrl\":\"https:\\\/\\\/blogs.es.amnesty.org\\\/files\\\/uploads\\\/sites\\\/12\\\/2024\\\/01\\\/Encuentro_2.jpeg\",\"width\":1600,\"height\":1204},{\"@type\":\"BreadcrumbList\",\"@id\":\"https:\\\/\\\/blogs.es.amnesty.org\\\/larioja\\\/2024\\\/01\\\/19\\\/celebramos-los-derechos-humanos-en-su-75-aniversario\\\/#breadcrumb\",\"itemListElement\":[{\"@type\":\"ListItem\",\"position\":1,\"name\":\"Portada\",\"item\":\"https:\\\/\\\/blogs.es.amnesty.org\\\/larioja\\\/\"},{\"@type\":\"ListItem\",\"position\":2,\"name\":\"Celebramos los derechos humanos en su 75 aniversario\"}]},{\"@type\":\"WebSite\",\"@id\":\"https:\\\/\\\/blogs.es.amnesty.org\\\/larioja\\\/#website\",\"url\":\"https:\\\/\\\/blogs.es.amnesty.org\\\/larioja\\\/\",\"name\":\"La Rioja\",\"description\":\"Blog de Amnist\u00eda Internacional La Rioja\",\"potentialAction\":[{\"@type\":\"SearchAction\",\"target\":{\"@type\":\"EntryPoint\",\"urlTemplate\":\"https:\\\/\\\/blogs.es.amnesty.org\\\/larioja\\\/?s={search_term_string}\"},\"query-input\":{\"@type\":\"PropertyValueSpecification\",\"valueRequired\":true,\"valueName\":\"search_term_string\"}}],\"inLanguage\":\"es\"},{\"@type\":\"Person\",\"@id\":\"https:\\\/\\\/blogs.es.amnesty.org\\\/larioja\\\/#\\\/schema\\\/person\\\/1489010237425236420af90dfd6f358c\",\"name\":\"larioja\",\"image\":{\"@type\":\"ImageObject\",\"inLanguage\":\"es\",\"@id\":\"https:\\\/\\\/secure.gravatar.com\\\/avatar\\\/7411ab9558dffeb7f657874e989726266826b193db72a1dbf4f442eefe9500cf?s=96&d=mm&r=g\",\"url\":\"https:\\\/\\\/secure.gravatar.com\\\/avatar\\\/7411ab9558dffeb7f657874e989726266826b193db72a1dbf4f442eefe9500cf?s=96&d=mm&r=g\",\"contentUrl\":\"https:\\\/\\\/secure.gravatar.com\\\/avatar\\\/7411ab9558dffeb7f657874e989726266826b193db72a1dbf4f442eefe9500cf?s=96&d=mm&r=g\",\"caption\":\"larioja\"},\"url\":\"https:\\\/\\\/blogs.es.amnesty.org\\\/larioja\\\/autor\\\/larioja\\\/\"}]}<\/script>\n<!-- \/ Yoast SEO plugin. -->","yoast_head_json":{"title":"Celebramos los derechos humanos en su 75 aniversario - La Rioja","robots":{"index":"index","follow":"follow","max-snippet":"max-snippet:-1","max-image-preview":"max-image-preview:large","max-video-preview":"max-video-preview:-1"},"canonical":"https:\/\/blogs.es.amnesty.org\/larioja\/2024\/01\/19\/celebramos-los-derechos-humanos-en-su-75-aniversario\/","og_locale":"es_ES","og_type":"article","og_title":"Celebramos los derechos humanos en su 75 aniversario - La Rioja","og_description":"Hemos organizado distintas actividades para celebrar un cumplea\u00f1os tan especial como el del 10 de diciembre. El objetivo es reflexionar sobre lo que ha significado esta \u201cConstituci\u00f3n de la Humanidad\u201d, pero tambi\u00e9n mirar al futuro y convertir la Declaraci\u00f3n Universal en una herramienta \u00fatil para denunciar violaciones y abusos y mostrar el coraje y la [&hellip;]","og_url":"https:\/\/blogs.es.amnesty.org\/larioja\/2024\/01\/19\/celebramos-los-derechos-humanos-en-su-75-aniversario\/","og_site_name":"La Rioja","article_published_time":"2024-01-19T09:08:58+00:00","article_modified_time":"2026-08-10T09:11:20+00:00","og_image":[{"width":1600,"height":1204,"url":"http:\/\/blogs.es.amnesty.org\/files\/uploads\/sites\/12\/2024\/01\/Encuentro_2.jpeg","type":"image\/jpeg"}],"author":"larioja","twitter_card":"summary_large_image","twitter_misc":{"Escrito por":"larioja","Tiempo de lectura":"5 minutos"},"schema":{"@context":"https:\/\/schema.org","@graph":[{"@type":"Article","@id":"https:\/\/blogs.es.amnesty.org\/larioja\/2024\/01\/19\/celebramos-los-derechos-humanos-en-su-75-aniversario\/#article","isPartOf":{"@id":"https:\/\/blogs.es.amnesty.org\/larioja\/2024\/01\/19\/celebramos-los-derechos-humanos-en-su-75-aniversario\/"},"author":{"name":"larioja","@id":"https:\/\/blogs.es.amnesty.org\/larioja\/#\/schema\/person\/1489010237425236420af90dfd6f358c"},"headline":"Celebramos los derechos humanos en su 75 aniversario","datePublished":"2024-01-19T09:08:58+00:00","dateModified":"2026-08-10T09:11:20+00:00","mainEntityOfPage":{"@id":"https:\/\/blogs.es.amnesty.org\/larioja\/2024\/01\/19\/celebramos-los-derechos-humanos-en-su-75-aniversario\/"},"wordCount":745,"commentCount":0,"image":{"@id":"https:\/\/blogs.es.amnesty.org\/larioja\/2024\/01\/19\/celebramos-los-derechos-humanos-en-su-75-aniversario\/#primaryimage"},"thumbnailUrl":"https:\/\/blogs.es.amnesty.org\/files\/uploads\/sites\/12\/2024\/01\/Encuentro_2.jpeg","keywords":["75 aniversario DDHH","defensores y defensoras j\u00f3venes","derechos humanos"],"articleSection":["AI La Rioja","Defensores\/as de Derechos Humanos"],"inLanguage":"es","potentialAction":[{"@type":"CommentAction","name":"Comment","target":["https:\/\/blogs.es.amnesty.org\/larioja\/2024\/01\/19\/celebramos-los-derechos-humanos-en-su-75-aniversario\/#respond"]}]},{"@type":"WebPage","@id":"https:\/\/blogs.es.amnesty.org\/larioja\/2024\/01\/19\/celebramos-los-derechos-humanos-en-su-75-aniversario\/","url":"https:\/\/blogs.es.amnesty.org\/larioja\/2024\/01\/19\/celebramos-los-derechos-humanos-en-su-75-aniversario\/","name":"Celebramos los derechos humanos en su 75 aniversario - La Rioja","isPartOf":{"@id":"https:\/\/blogs.es.amnesty.org\/larioja\/#website"},"primaryImageOfPage":{"@id":"https:\/\/blogs.es.amnesty.org\/larioja\/2024\/01\/19\/celebramos-los-derechos-humanos-en-su-75-aniversario\/#primaryimage"},"image":{"@id":"https:\/\/blogs.es.amnesty.org\/larioja\/2024\/01\/19\/celebramos-los-derechos-humanos-en-su-75-aniversario\/#primaryimage"},"thumbnailUrl":"https:\/\/blogs.es.amnesty.org\/files\/uploads\/sites\/12\/2024\/01\/Encuentro_2.jpeg","datePublished":"2024-01-19T09:08:58+00:00","dateModified":"2026-08-10T09:11:20+00:00","author":{"@id":"https:\/\/blogs.es.amnesty.org\/larioja\/#\/schema\/person\/1489010237425236420af90dfd6f358c"},"breadcrumb":{"@id":"https:\/\/blogs.es.amnesty.org\/larioja\/2024\/01\/19\/celebramos-los-derechos-humanos-en-su-75-aniversario\/#breadcrumb"},"inLanguage":"es","potentialAction":[{"@type":"ReadAction","target":["https:\/\/blogs.es.amnesty.org\/larioja\/2024\/01\/19\/celebramos-los-derechos-humanos-en-su-75-aniversario\/"]}]},{"@type":"ImageObject","inLanguage":"es","@id":"https:\/\/blogs.es.amnesty.org\/larioja\/2024\/01\/19\/celebramos-los-derechos-humanos-en-su-75-aniversario\/#primaryimage","url":"https:\/\/blogs.es.amnesty.org\/files\/uploads\/sites\/12\/2024\/01\/Encuentro_2.jpeg","contentUrl":"https:\/\/blogs.es.amnesty.org\/files\/uploads\/sites\/12\/2024\/01\/Encuentro_2.jpeg","width":1600,"height":1204},{"@type":"BreadcrumbList","@id":"https:\/\/blogs.es.amnesty.org\/larioja\/2024\/01\/19\/celebramos-los-derechos-humanos-en-su-75-aniversario\/#breadcrumb","itemListElement":[{"@type":"ListItem","position":1,"name":"Portada","item":"https:\/\/blogs.es.amnesty.org\/larioja\/"},{"@type":"ListItem","position":2,"name":"Celebramos los derechos humanos en su 75 aniversario"}]},{"@type":"WebSite","@id":"https:\/\/blogs.es.amnesty.org\/larioja\/#website","url":"https:\/\/blogs.es.amnesty.org\/larioja\/","name":"La Rioja","description":"Blog de Amnist\u00eda Internacional La Rioja","potentialAction":[{"@type":"SearchAction","target":{"@type":"EntryPoint","urlTemplate":"https:\/\/blogs.es.amnesty.org\/larioja\/?s={search_term_string}"},"query-input":{"@type":"PropertyValueSpecification","valueRequired":true,"valueName":"search_term_string"}}],"inLanguage":"es"},{"@type":"Person","@id":"https:\/\/blogs.es.amnesty.org\/larioja\/#\/schema\/person\/1489010237425236420af90dfd6f358c","name":"larioja","image":{"@type":"ImageObject","inLanguage":"es","@id":"https:\/\/secure.gravatar.com\/avatar\/7411ab9558dffeb7f657874e989726266826b193db72a1dbf4f442eefe9500cf?s=96&d=mm&r=g","url":"https:\/\/secure.gravatar.com\/avatar\/7411ab9558dffeb7f657874e989726266826b193db72a1dbf4f442eefe9500cf?s=96&d=mm&r=g","contentUrl":"https:\/\/secure.gravatar.com\/avatar\/7411ab9558dffeb7f657874e989726266826b193db72a1dbf4f442eefe9500cf?s=96&d=mm&r=g","caption":"larioja"},"url":"https:\/\/blogs.es.amnesty.org\/larioja\/autor\/larioja\/"}]}},"_links":{"self":[{"href":"https:\/\/blogs.es.amnesty.org\/larioja\/wp-json\/wp\/v2\/posts\/1277","targetHints":{"allow":["GET"]}}],"collection":[{"href":"https:\/\/blogs.es.amnesty.org\/larioja\/wp-json\/wp\/v2\/posts"}],"about":[{"href":"https:\/\/blogs.es.amnesty.org\/larioja\/wp-json\/wp\/v2\/types\/post"}],"author":[{"embeddable":true,"href":"https:\/\/blogs.es.amnesty.org\/larioja\/wp-json\/wp\/v2\/users\/44"}],"replies":[{"embeddable":true,"href":"https:\/\/blogs.es.amnesty.org\/larioja\/wp-json\/wp\/v2\/comments?post=1277"}],"version-history":[{"count":1,"href":"https:\/\/blogs.es.amnesty.org\/larioja\/wp-json\/wp\/v2\/posts\/1277\/revisions"}],"predecessor-version":[{"id":1628,"href":"https:\/\/blogs.es.amnesty.org\/larioja\/wp-json\/wp\/v2\/posts\/1277\/revisions\/1628"}],"wp:featuredmedia":[{"embeddable":true,"href":"https:\/\/blogs.es.amnesty.org\/larioja\/wp-json\/wp\/v2\/media\/1288"}],"wp:attachment":[{"href":"https:\/\/blogs.es.amnesty.org\/larioja\/wp-json\/wp\/v2\/media?parent=1277"}],"wp:term":[{"taxonomy":"category","embeddable":true,"href":"https:\/\/blogs.es.amnesty.org\/larioja\/wp-json\/wp\/v2\/categories?post=1277"},{"taxonomy":"post_tag","embeddable":true,"href":"https:\/\/blogs.es.amnesty.org\/larioja\/wp-json\/wp\/v2\/tags?post=1277"}],"curies":[{"name":"wp","href":"https:\/\/api.w.org\/{rel}","templated":true}]}}