{"id":1686,"date":"2026-08-28T06:08:55","date_gmt":"2026-08-28T06:08:55","guid":{"rendered":"https:\/\/blogs.es.amnesty.org\/larioja\/?p=1686"},"modified":"2026-08-28T06:09:10","modified_gmt":"2026-08-28T06:09:10","slug":"pedimos-el-cierre-del-centro-de-detencion-de-familias-en-dilley-texas-2","status":"publish","type":"post","link":"https:\/\/blogs.es.amnesty.org\/larioja\/2026\/08\/28\/pedimos-el-cierre-del-centro-de-detencion-de-familias-en-dilley-texas-2\/","title":{"rendered":"Pedimos el cierre del Centro de Detenci\u00f3n de Familias en Dilley, Texas"},"content":{"rendered":"\n<p class=\"has-medium-font-size wp-block-paragraph\">Activistas de <a href=\"https:\/\/www.facebook.com\/AILaRioja?__cft__[0]=AZanLS-T8nvNtu1j4zFApHh1a7ndH9xbwBAZnj0PkZOrLyTQi_7fHO3TRfU3ARPqJ9_m1LdnBlj-X4iymQNQhMkzS-3g_L3z9M-1AAofJYJyx8BPP6_WBsx7ZWm7Wiz6EljzmV1Ds-kLTngaNEbLrb6d7snMW3cZpTWU3zmCCfJIww&amp;__tn__=-]K-R\">Amnist\u00eda Internacional La Rioja<\/a> hemos estado hoy en la Fiesta de la Ciruela Reina Claudia de Nalda (La Rioja) con un puesto informativo para denunciar el encarcelamiento de familias completas de migrantes (incluyendo beb\u00e9s, ni\u00f1os y ni\u00f1as y adolescentes) en el Centro de Detenci\u00f3n Familiar de Dilley en Texas.<\/p>\n\n\n\n<p class=\"has-medium-font-size wp-block-paragraph\">Decenas de personas han apoyado nuestra campa\u00f1a para enviar, a congresistas de Estados Unidos, mu\u00f1ecos decorados con mensajes de protesta por esta pr\u00e1ctica tan inhumana.<\/p>\n\n\n\n<figure class=\"wp-block-image size-large\"><img loading=\"lazy\" decoding=\"async\" width=\"1044\" height=\"783\" src=\"http:\/\/blogs.es.amnesty.org\/files\/uploads\/sites\/12\/2026\/08\/763213420_1507794394721479_952126841439362925_n-1044x783.jpg\" alt=\"\" class=\"wp-image-1687\" srcset=\"https:\/\/blogs.es.amnesty.org\/files\/uploads\/sites\/12\/2026\/08\/763213420_1507794394721479_952126841439362925_n-1044x783.jpg 1044w, https:\/\/blogs.es.amnesty.org\/files\/uploads\/sites\/12\/2026\/08\/763213420_1507794394721479_952126841439362925_n-760x570.jpg 760w, https:\/\/blogs.es.amnesty.org\/files\/uploads\/sites\/12\/2026\/08\/763213420_1507794394721479_952126841439362925_n-768x576.jpg 768w, https:\/\/blogs.es.amnesty.org\/files\/uploads\/sites\/12\/2026\/08\/763213420_1507794394721479_952126841439362925_n-1536x1152.jpg 1536w, https:\/\/blogs.es.amnesty.org\/files\/uploads\/sites\/12\/2026\/08\/763213420_1507794394721479_952126841439362925_n.jpg 2048w\" sizes=\"auto, (max-width: 1044px) 100vw, 1044px\" \/><\/figure>\n\n\n\n<p class=\"has-medium-font-size wp-block-paragraph\">Este centro de detenci\u00f3n tiene que cerrar ya; y la infancia debe estar protegida: ir a la escuela y jugar.<\/p>\n\n\n\n<p class=\"has-medium-font-size wp-block-paragraph\">Gracias a la organizaci\u00f3n de la Fiesta por acogernos.<\/p>\n\n\n\n<p class=\"wp-block-paragraph\"><\/p>\n","protected":false},"excerpt":{"rendered":"<p>Activistas de Amnist\u00eda Internacional La Rioja hemos estado hoy en la Fiesta de la Ciruela Reina Claudia de Nalda (La Rioja) con un puesto informativo para denunciar el encarcelamiento de familias completas de migrantes (incluyendo beb\u00e9s, ni\u00f1os y ni\u00f1as y adolescentes) en el Centro de Detenci\u00f3n Familiar de Dilley en Texas. Decenas de personas han [&hellip;]<\/p>\n","protected":false},"author":44,"featured_media":1688,"comment_status":"open","ping_status":"open","sticky":true,"template":"","format":"standard","meta":{"_acf_changed":false,"footnotes":"","_members_access_role":[],"_members_access_error":""},"categories":[24],"tags":[129,131],"class_list":["post-1686","post","type-post","status-publish","format-standard","has-post-thumbnail","hentry","category-ai-la-rioja","tag-centros-de-detencion-de-familias","tag-dilleytexas"],"acf":[],"yoast_head":"<!-- This site is optimized with the Yoast SEO plugin v28.2 - https:\/\/yoast.com\/product\/yoast-seo-wordpress\/ -->\n<title>Pedimos el cierre del Centro de Detenci\u00f3n de Familias en Dilley, Texas - La Rioja<\/title>\n<meta name=\"robots\" content=\"index, follow, max-snippet:-1, max-image-preview:large, max-video-preview:-1\" \/>\n<link rel=\"canonical\" href=\"https:\/\/blogs.es.amnesty.org\/larioja\/2026\/08\/28\/pedimos-el-cierre-del-centro-de-detencion-de-familias-en-dilley-texas-2\/\" \/>\n<meta property=\"og:locale\" content=\"es_ES\" \/>\n<meta property=\"og:type\" content=\"article\" \/>\n<meta property=\"og:title\" content=\"Pedimos el cierre del Centro de Detenci\u00f3n de Familias en Dilley, Texas - La Rioja\" \/>\n<meta property=\"og:description\" content=\"Activistas de Amnist\u00eda Internacional La Rioja hemos estado hoy en la Fiesta de la Ciruela Reina Claudia de Nalda (La Rioja) con un puesto informativo para denunciar el encarcelamiento de familias completas de migrantes (incluyendo beb\u00e9s, ni\u00f1os y ni\u00f1as y adolescentes) en el Centro de Detenci\u00f3n Familiar de Dilley en Texas. Decenas de personas han [&hellip;]\" \/>\n<meta property=\"og:url\" content=\"https:\/\/blogs.es.amnesty.org\/larioja\/2026\/08\/28\/pedimos-el-cierre-del-centro-de-detencion-de-familias-en-dilley-texas-2\/\" \/>\n<meta property=\"og:site_name\" content=\"La Rioja\" \/>\n<meta property=\"article:published_time\" content=\"2026-08-28T06:08:55+00:00\" \/>\n<meta property=\"article:modified_time\" content=\"2026-08-28T06:09:10+00:00\" \/>\n<meta property=\"og:image\" content=\"http:\/\/blogs.es.amnesty.org\/files\/uploads\/sites\/12\/2026\/08\/760696556_1507793198054932_1205940709521470472_n.jpg\" \/>\n\t<meta property=\"og:image:width\" content=\"590\" \/>\n\t<meta property=\"og:image:height\" content=\"443\" \/>\n\t<meta property=\"og:image:type\" content=\"image\/jpeg\" \/>\n<meta name=\"author\" content=\"larioja\" \/>\n<meta name=\"twitter:card\" content=\"summary_large_image\" \/>\n<meta name=\"twitter:label1\" content=\"Escrito por\" \/>\n\t<meta name=\"twitter:data1\" content=\"larioja\" \/>\n\t<meta name=\"twitter:label2\" content=\"Tiempo de lectura\" \/>\n\t<meta name=\"twitter:data2\" content=\"1 minuto\" \/>\n<script type=\"application\/ld+json\" class=\"yoast-schema-graph\">{\"@context\":\"https:\\\/\\\/schema.org\",\"@graph\":[{\"@type\":\"Article\",\"@id\":\"https:\\\/\\\/blogs.es.amnesty.org\\\/larioja\\\/2026\\\/08\\\/28\\\/pedimos-el-cierre-del-centro-de-detencion-de-familias-en-dilley-texas-2\\\/#article\",\"isPartOf\":{\"@id\":\"https:\\\/\\\/blogs.es.amnesty.org\\\/larioja\\\/2026\\\/08\\\/28\\\/pedimos-el-cierre-del-centro-de-detencion-de-familias-en-dilley-texas-2\\\/\"},\"author\":{\"name\":\"larioja\",\"@id\":\"https:\\\/\\\/blogs.es.amnesty.org\\\/larioja\\\/#\\\/schema\\\/person\\\/1489010237425236420af90dfd6f358c\"},\"headline\":\"Pedimos el cierre del Centro de Detenci\u00f3n de Familias en Dilley, Texas\",\"datePublished\":\"2026-08-28T06:08:55+00:00\",\"dateModified\":\"2026-08-28T06:09:10+00:00\",\"mainEntityOfPage\":{\"@id\":\"https:\\\/\\\/blogs.es.amnesty.org\\\/larioja\\\/2026\\\/08\\\/28\\\/pedimos-el-cierre-del-centro-de-detencion-de-familias-en-dilley-texas-2\\\/\"},\"wordCount\":128,\"commentCount\":0,\"image\":{\"@id\":\"https:\\\/\\\/blogs.es.amnesty.org\\\/larioja\\\/2026\\\/08\\\/28\\\/pedimos-el-cierre-del-centro-de-detencion-de-familias-en-dilley-texas-2\\\/#primaryimage\"},\"thumbnailUrl\":\"https:\\\/\\\/blogs.es.amnesty.org\\\/files\\\/uploads\\\/sites\\\/12\\\/2026\\\/08\\\/760696556_1507793198054932_1205940709521470472_n.jpg\",\"keywords\":[\"centros de detenci\u00f3n de familias\",\"DilleyTexas\"],\"articleSection\":[\"AI La Rioja\"],\"inLanguage\":\"es\",\"potentialAction\":[{\"@type\":\"CommentAction\",\"name\":\"Comment\",\"target\":[\"https:\\\/\\\/blogs.es.amnesty.org\\\/larioja\\\/2026\\\/08\\\/28\\\/pedimos-el-cierre-del-centro-de-detencion-de-familias-en-dilley-texas-2\\\/#respond\"]}]},{\"@type\":\"WebPage\",\"@id\":\"https:\\\/\\\/blogs.es.amnesty.org\\\/larioja\\\/2026\\\/08\\\/28\\\/pedimos-el-cierre-del-centro-de-detencion-de-familias-en-dilley-texas-2\\\/\",\"url\":\"https:\\\/\\\/blogs.es.amnesty.org\\\/larioja\\\/2026\\\/08\\\/28\\\/pedimos-el-cierre-del-centro-de-detencion-de-familias-en-dilley-texas-2\\\/\",\"name\":\"Pedimos el cierre del Centro de Detenci\u00f3n de Familias en Dilley, Texas - La Rioja\",\"isPartOf\":{\"@id\":\"https:\\\/\\\/blogs.es.amnesty.org\\\/larioja\\\/#website\"},\"primaryImageOfPage\":{\"@id\":\"https:\\\/\\\/blogs.es.amnesty.org\\\/larioja\\\/2026\\\/08\\\/28\\\/pedimos-el-cierre-del-centro-de-detencion-de-familias-en-dilley-texas-2\\\/#primaryimage\"},\"image\":{\"@id\":\"https:\\\/\\\/blogs.es.amnesty.org\\\/larioja\\\/2026\\\/08\\\/28\\\/pedimos-el-cierre-del-centro-de-detencion-de-familias-en-dilley-texas-2\\\/#primaryimage\"},\"thumbnailUrl\":\"https:\\\/\\\/blogs.es.amnesty.org\\\/files\\\/uploads\\\/sites\\\/12\\\/2026\\\/08\\\/760696556_1507793198054932_1205940709521470472_n.jpg\",\"datePublished\":\"2026-08-28T06:08:55+00:00\",\"dateModified\":\"2026-08-28T06:09:10+00:00\",\"author\":{\"@id\":\"https:\\\/\\\/blogs.es.amnesty.org\\\/larioja\\\/#\\\/schema\\\/person\\\/1489010237425236420af90dfd6f358c\"},\"breadcrumb\":{\"@id\":\"https:\\\/\\\/blogs.es.amnesty.org\\\/larioja\\\/2026\\\/08\\\/28\\\/pedimos-el-cierre-del-centro-de-detencion-de-familias-en-dilley-texas-2\\\/#breadcrumb\"},\"inLanguage\":\"es\",\"potentialAction\":[{\"@type\":\"ReadAction\",\"target\":[\"https:\\\/\\\/blogs.es.amnesty.org\\\/larioja\\\/2026\\\/08\\\/28\\\/pedimos-el-cierre-del-centro-de-detencion-de-familias-en-dilley-texas-2\\\/\"]}]},{\"@type\":\"ImageObject\",\"inLanguage\":\"es\",\"@id\":\"https:\\\/\\\/blogs.es.amnesty.org\\\/larioja\\\/2026\\\/08\\\/28\\\/pedimos-el-cierre-del-centro-de-detencion-de-familias-en-dilley-texas-2\\\/#primaryimage\",\"url\":\"https:\\\/\\\/blogs.es.amnesty.org\\\/files\\\/uploads\\\/sites\\\/12\\\/2026\\\/08\\\/760696556_1507793198054932_1205940709521470472_n.jpg\",\"contentUrl\":\"https:\\\/\\\/blogs.es.amnesty.org\\\/files\\\/uploads\\\/sites\\\/12\\\/2026\\\/08\\\/760696556_1507793198054932_1205940709521470472_n.jpg\",\"width\":590,\"height\":443},{\"@type\":\"BreadcrumbList\",\"@id\":\"https:\\\/\\\/blogs.es.amnesty.org\\\/larioja\\\/2026\\\/08\\\/28\\\/pedimos-el-cierre-del-centro-de-detencion-de-familias-en-dilley-texas-2\\\/#breadcrumb\",\"itemListElement\":[{\"@type\":\"ListItem\",\"position\":1,\"name\":\"Portada\",\"item\":\"https:\\\/\\\/blogs.es.amnesty.org\\\/larioja\\\/\"},{\"@type\":\"ListItem\",\"position\":2,\"name\":\"Pedimos el cierre del Centro de Detenci\u00f3n de Familias en Dilley, Texas\"}]},{\"@type\":\"WebSite\",\"@id\":\"https:\\\/\\\/blogs.es.amnesty.org\\\/larioja\\\/#website\",\"url\":\"https:\\\/\\\/blogs.es.amnesty.org\\\/larioja\\\/\",\"name\":\"La Rioja\",\"description\":\"Blog de Amnist\u00eda Internacional La Rioja\",\"potentialAction\":[{\"@type\":\"SearchAction\",\"target\":{\"@type\":\"EntryPoint\",\"urlTemplate\":\"https:\\\/\\\/blogs.es.amnesty.org\\\/larioja\\\/?s={search_term_string}\"},\"query-input\":{\"@type\":\"PropertyValueSpecification\",\"valueRequired\":true,\"valueName\":\"search_term_string\"}}],\"inLanguage\":\"es\"},{\"@type\":\"Person\",\"@id\":\"https:\\\/\\\/blogs.es.amnesty.org\\\/larioja\\\/#\\\/schema\\\/person\\\/1489010237425236420af90dfd6f358c\",\"name\":\"larioja\",\"image\":{\"@type\":\"ImageObject\",\"inLanguage\":\"es\",\"@id\":\"https:\\\/\\\/secure.gravatar.com\\\/avatar\\\/7411ab9558dffeb7f657874e989726266826b193db72a1dbf4f442eefe9500cf?s=96&d=mm&r=g\",\"url\":\"https:\\\/\\\/secure.gravatar.com\\\/avatar\\\/7411ab9558dffeb7f657874e989726266826b193db72a1dbf4f442eefe9500cf?s=96&d=mm&r=g\",\"contentUrl\":\"https:\\\/\\\/secure.gravatar.com\\\/avatar\\\/7411ab9558dffeb7f657874e989726266826b193db72a1dbf4f442eefe9500cf?s=96&d=mm&r=g\",\"caption\":\"larioja\"},\"url\":\"https:\\\/\\\/blogs.es.amnesty.org\\\/larioja\\\/autor\\\/larioja\\\/\"}]}<\/script>\n<!-- \/ Yoast SEO plugin. -->","yoast_head_json":{"title":"Pedimos el cierre del Centro de Detenci\u00f3n de Familias en Dilley, Texas - La Rioja","robots":{"index":"index","follow":"follow","max-snippet":"max-snippet:-1","max-image-preview":"max-image-preview:large","max-video-preview":"max-video-preview:-1"},"canonical":"https:\/\/blogs.es.amnesty.org\/larioja\/2026\/08\/28\/pedimos-el-cierre-del-centro-de-detencion-de-familias-en-dilley-texas-2\/","og_locale":"es_ES","og_type":"article","og_title":"Pedimos el cierre del Centro de Detenci\u00f3n de Familias en Dilley, Texas - La Rioja","og_description":"Activistas de Amnist\u00eda Internacional La Rioja hemos estado hoy en la Fiesta de la Ciruela Reina Claudia de Nalda (La Rioja) con un puesto informativo para denunciar el encarcelamiento de familias completas de migrantes (incluyendo beb\u00e9s, ni\u00f1os y ni\u00f1as y adolescentes) en el Centro de Detenci\u00f3n Familiar de Dilley en Texas. Decenas de personas han [&hellip;]","og_url":"https:\/\/blogs.es.amnesty.org\/larioja\/2026\/08\/28\/pedimos-el-cierre-del-centro-de-detencion-de-familias-en-dilley-texas-2\/","og_site_name":"La Rioja","article_published_time":"2026-08-28T06:08:55+00:00","article_modified_time":"2026-08-28T06:09:10+00:00","og_image":[{"width":590,"height":443,"url":"http:\/\/blogs.es.amnesty.org\/files\/uploads\/sites\/12\/2026\/08\/760696556_1507793198054932_1205940709521470472_n.jpg","type":"image\/jpeg"}],"author":"larioja","twitter_card":"summary_large_image","twitter_misc":{"Escrito por":"larioja","Tiempo de lectura":"1 minuto"},"schema":{"@context":"https:\/\/schema.org","@graph":[{"@type":"Article","@id":"https:\/\/blogs.es.amnesty.org\/larioja\/2026\/08\/28\/pedimos-el-cierre-del-centro-de-detencion-de-familias-en-dilley-texas-2\/#article","isPartOf":{"@id":"https:\/\/blogs.es.amnesty.org\/larioja\/2026\/08\/28\/pedimos-el-cierre-del-centro-de-detencion-de-familias-en-dilley-texas-2\/"},"author":{"name":"larioja","@id":"https:\/\/blogs.es.amnesty.org\/larioja\/#\/schema\/person\/1489010237425236420af90dfd6f358c"},"headline":"Pedimos el cierre del Centro de Detenci\u00f3n de Familias en Dilley, Texas","datePublished":"2026-08-28T06:08:55+00:00","dateModified":"2026-08-28T06:09:10+00:00","mainEntityOfPage":{"@id":"https:\/\/blogs.es.amnesty.org\/larioja\/2026\/08\/28\/pedimos-el-cierre-del-centro-de-detencion-de-familias-en-dilley-texas-2\/"},"wordCount":128,"commentCount":0,"image":{"@id":"https:\/\/blogs.es.amnesty.org\/larioja\/2026\/08\/28\/pedimos-el-cierre-del-centro-de-detencion-de-familias-en-dilley-texas-2\/#primaryimage"},"thumbnailUrl":"https:\/\/blogs.es.amnesty.org\/files\/uploads\/sites\/12\/2026\/08\/760696556_1507793198054932_1205940709521470472_n.jpg","keywords":["centros de detenci\u00f3n de familias","DilleyTexas"],"articleSection":["AI La Rioja"],"inLanguage":"es","potentialAction":[{"@type":"CommentAction","name":"Comment","target":["https:\/\/blogs.es.amnesty.org\/larioja\/2026\/08\/28\/pedimos-el-cierre-del-centro-de-detencion-de-familias-en-dilley-texas-2\/#respond"]}]},{"@type":"WebPage","@id":"https:\/\/blogs.es.amnesty.org\/larioja\/2026\/08\/28\/pedimos-el-cierre-del-centro-de-detencion-de-familias-en-dilley-texas-2\/","url":"https:\/\/blogs.es.amnesty.org\/larioja\/2026\/08\/28\/pedimos-el-cierre-del-centro-de-detencion-de-familias-en-dilley-texas-2\/","name":"Pedimos el cierre del Centro de Detenci\u00f3n de Familias en Dilley, Texas - La Rioja","isPartOf":{"@id":"https:\/\/blogs.es.amnesty.org\/larioja\/#website"},"primaryImageOfPage":{"@id":"https:\/\/blogs.es.amnesty.org\/larioja\/2026\/08\/28\/pedimos-el-cierre-del-centro-de-detencion-de-familias-en-dilley-texas-2\/#primaryimage"},"image":{"@id":"https:\/\/blogs.es.amnesty.org\/larioja\/2026\/08\/28\/pedimos-el-cierre-del-centro-de-detencion-de-familias-en-dilley-texas-2\/#primaryimage"},"thumbnailUrl":"https:\/\/blogs.es.amnesty.org\/files\/uploads\/sites\/12\/2026\/08\/760696556_1507793198054932_1205940709521470472_n.jpg","datePublished":"2026-08-28T06:08:55+00:00","dateModified":"2026-08-28T06:09:10+00:00","author":{"@id":"https:\/\/blogs.es.amnesty.org\/larioja\/#\/schema\/person\/1489010237425236420af90dfd6f358c"},"breadcrumb":{"@id":"https:\/\/blogs.es.amnesty.org\/larioja\/2026\/08\/28\/pedimos-el-cierre-del-centro-de-detencion-de-familias-en-dilley-texas-2\/#breadcrumb"},"inLanguage":"es","potentialAction":[{"@type":"ReadAction","target":["https:\/\/blogs.es.amnesty.org\/larioja\/2026\/08\/28\/pedimos-el-cierre-del-centro-de-detencion-de-familias-en-dilley-texas-2\/"]}]},{"@type":"ImageObject","inLanguage":"es","@id":"https:\/\/blogs.es.amnesty.org\/larioja\/2026\/08\/28\/pedimos-el-cierre-del-centro-de-detencion-de-familias-en-dilley-texas-2\/#primaryimage","url":"https:\/\/blogs.es.amnesty.org\/files\/uploads\/sites\/12\/2026\/08\/760696556_1507793198054932_1205940709521470472_n.jpg","contentUrl":"https:\/\/blogs.es.amnesty.org\/files\/uploads\/sites\/12\/2026\/08\/760696556_1507793198054932_1205940709521470472_n.jpg","width":590,"height":443},{"@type":"BreadcrumbList","@id":"https:\/\/blogs.es.amnesty.org\/larioja\/2026\/08\/28\/pedimos-el-cierre-del-centro-de-detencion-de-familias-en-dilley-texas-2\/#breadcrumb","itemListElement":[{"@type":"ListItem","position":1,"name":"Portada","item":"https:\/\/blogs.es.amnesty.org\/larioja\/"},{"@type":"ListItem","position":2,"name":"Pedimos el cierre del Centro de Detenci\u00f3n de Familias en Dilley, Texas"}]},{"@type":"WebSite","@id":"https:\/\/blogs.es.amnesty.org\/larioja\/#website","url":"https:\/\/blogs.es.amnesty.org\/larioja\/","name":"La Rioja","description":"Blog de Amnist\u00eda Internacional La Rioja","potentialAction":[{"@type":"SearchAction","target":{"@type":"EntryPoint","urlTemplate":"https:\/\/blogs.es.amnesty.org\/larioja\/?s={search_term_string}"},"query-input":{"@type":"PropertyValueSpecification","valueRequired":true,"valueName":"search_term_string"}}],"inLanguage":"es"},{"@type":"Person","@id":"https:\/\/blogs.es.amnesty.org\/larioja\/#\/schema\/person\/1489010237425236420af90dfd6f358c","name":"larioja","image":{"@type":"ImageObject","inLanguage":"es","@id":"https:\/\/secure.gravatar.com\/avatar\/7411ab9558dffeb7f657874e989726266826b193db72a1dbf4f442eefe9500cf?s=96&d=mm&r=g","url":"https:\/\/secure.gravatar.com\/avatar\/7411ab9558dffeb7f657874e989726266826b193db72a1dbf4f442eefe9500cf?s=96&d=mm&r=g","contentUrl":"https:\/\/secure.gravatar.com\/avatar\/7411ab9558dffeb7f657874e989726266826b193db72a1dbf4f442eefe9500cf?s=96&d=mm&r=g","caption":"larioja"},"url":"https:\/\/blogs.es.amnesty.org\/larioja\/autor\/larioja\/"}]}},"_links":{"self":[{"href":"https:\/\/blogs.es.amnesty.org\/larioja\/wp-json\/wp\/v2\/posts\/1686","targetHints":{"allow":["GET"]}}],"collection":[{"href":"https:\/\/blogs.es.amnesty.org\/larioja\/wp-json\/wp\/v2\/posts"}],"about":[{"href":"https:\/\/blogs.es.amnesty.org\/larioja\/wp-json\/wp\/v2\/types\/post"}],"author":[{"embeddable":true,"href":"https:\/\/blogs.es.amnesty.org\/larioja\/wp-json\/wp\/v2\/users\/44"}],"replies":[{"embeddable":true,"href":"https:\/\/blogs.es.amnesty.org\/larioja\/wp-json\/wp\/v2\/comments?post=1686"}],"version-history":[{"count":2,"href":"https:\/\/blogs.es.amnesty.org\/larioja\/wp-json\/wp\/v2\/posts\/1686\/revisions"}],"predecessor-version":[{"id":1691,"href":"https:\/\/blogs.es.amnesty.org\/larioja\/wp-json\/wp\/v2\/posts\/1686\/revisions\/1691"}],"wp:featuredmedia":[{"embeddable":true,"href":"https:\/\/blogs.es.amnesty.org\/larioja\/wp-json\/wp\/v2\/media\/1688"}],"wp:attachment":[{"href":"https:\/\/blogs.es.amnesty.org\/larioja\/wp-json\/wp\/v2\/media?parent=1686"}],"wp:term":[{"taxonomy":"category","embeddable":true,"href":"https:\/\/blogs.es.amnesty.org\/larioja\/wp-json\/wp\/v2\/categories?post=1686"},{"taxonomy":"post_tag","embeddable":true,"href":"https:\/\/blogs.es.amnesty.org\/larioja\/wp-json\/wp\/v2\/tags?post=1686"}],"curies":[{"name":"wp","href":"https:\/\/api.w.org\/{rel}","templated":true}]}}