{"id":439,"date":"2019-09-10T05:21:07","date_gmt":"2019-09-10T05:21:07","guid":{"rendered":"https:\/\/blogs.es.amnesty.org\/larioja\/?p=439"},"modified":"2019-09-10T05:29:25","modified_gmt":"2019-09-10T05:29:25","slug":"contigo-somos-mas","status":"publish","type":"post","link":"https:\/\/blogs.es.amnesty.org\/larioja\/2019\/09\/10\/contigo-somos-mas\/","title":{"rendered":"\u00a1Contigo somos m\u00e1s!"},"content":{"rendered":"<p><span style=\"font-family: Arial, sans-serif\">El pr\u00f3ximo <strong>mi\u00e9rcoles, 11 de septiembre<\/strong>, celebraremos la <strong>primera reuni\u00f3n de puertas abierta y bienvenida del curso.<\/strong><\/span><\/p>\n<p><span style=\"font-family: Arial, sans-serif\"><strong>Somos gente como t\u00fa, dispuesta a actuar cuando se violan los derechos humanos en cualquier lugar \u00a1Te esperamos!<\/strong><\/span><\/p>\n<p><span style=\"font-family: Arial, sans-serif\">Ser\u00e1 a las 19:30 horas, en la sede de Amnist\u00eda Internacional en Logro\u00f1o c\/ Portales, 71, 2\u00ba piso, puerta 4.<\/span><\/p>\n<p><span style=\"font-family: Arial, sans-serif\">En ella comentaremos con detalle c\u00f3mo trabajamos y podr\u00e1s decidir si quieres participar y de qu\u00e9 manera.<\/span><\/p>\n<p><img loading=\"lazy\" decoding=\"async\" class=\"wp-image-440 aligncenter\" src=\"https:\/\/blogs.es.amnesty.org\/files\/uploads\/sites\/12\/2019\/09\/image2.png\" alt=\"\u00a1Contigo somos m\u00e1s!\" width=\"534\" height=\"353\" \/><\/p>\n<p><span style=\"font-family: Arial, sans-serif\">Para que sepas un poco m\u00e1s, explicamos a continuaci\u00f3n qu\u00e9 equipos tenemos y qu\u00e9 tareas desarrollan, y podr\u00e1s ver para qu\u00e9 te necesitamos. <\/span><\/p>\n<ul>\n<li style=\"margin: 0px;font-weight: normal;line-height: 100%\"><span style=\"font-family: Arial, sans-serif\"><b>Movilizaci\u00f3n y Campa\u00f1as<\/b>. Se ocupa de organizar actos de calle y otras actividades para la movilizaci\u00f3n de la sociedad riojana, en funci\u00f3n de las campa\u00f1as que emprende Amnist\u00eda Internacional, con todo lo que ello implica: gestiones, log\u00edstica, atenci\u00f3n de mesas informativas, recogida de firmas\u2026 y muchas cosas m\u00e1s. Si te gusta la movilizaci\u00f3n, organizaci\u00f3n de eventos y el contacto con la gente, \u00e9ste es tu equipo. <\/span><\/li>\n<li style=\"margin: 0px;font-weight: normal;line-height: 100%\"><span style=\"font-family: Arial, sans-serif\"><b>Relaciones Institucionales.<\/b> Se ocupa de la incidencia pol\u00edtica y de las relaciones con autoridades, instituciones, partidos pol\u00edticos, organizaciones y colectivos; y de las gestiones para que se aprueben mociones o declaraciones en el Parlamento y los Ayuntamientos riojanos. Si tienes motivaci\u00f3n por la incidencia pol\u00edtica y las relaciones institucionales, aqu\u00ed puedes participar. <\/span><\/li>\n<li style=\"margin: 0px;font-weight: normal;line-height: 100%\"><span style=\"font-family: Arial, sans-serif\"><b>Comunicaci\u00f3n<\/b>. Se ocupa de la difusi\u00f3n a la sociedad riojana, bien a trav\u00e9s de los medios de comunicaci\u00f3n o con medios propios: blog, redes sociales y canales de video. Si te interesa la comunicaci\u00f3n o si entre tus habilidades est\u00e1n el dise\u00f1o gr\u00e1fico, la fotograf\u00eda, el video, la edici\u00f3n\u2026 tienes mucho que aportar en este equipo.<\/span><\/li>\n<li style=\"margin: 0px;font-weight: normal;line-height: 100%\"><span style=\"font-family: Arial, sans-serif\"><b>Educaci\u00f3n en Derechos Humanos.<\/b> Se encarga de actividades dirigidas a estudiantes y profesores en los centros escolares y coordina la Red de Escuelas por los Derechos Humanos, con charlas y otras actividades. Muy apropiado para las personas con inter\u00e9s por la educaci\u00f3n. <\/span><\/li>\n<li style=\"margin: 0px;font-weight: normal;line-height: 100%\"><span style=\"font-family: Arial, sans-serif\"><b>G\u00e9nero.<\/b> Se ocupa de hacer transversal la perspectiva de g\u00e9nero en todo el trabajo de Amnist\u00eda Internacional La Rioja, vela por el cumplimiento de las recomendaciones de Amnist\u00eda Internacional en esta materia e intensifica las acciones relacionadas con los derechos de las mujeres y las ni\u00f1as. Si te interesa el trabajo en G\u00e9nero, te invitamos a participar. <\/span><\/li>\n<li style=\"margin: 0px;font-weight: normal;line-height: 100%\"><span style=\"font-family: Arial, sans-serif\"><b>Captaci\u00f3n de Fondos.<\/b> Para mantener la independencia financiera de Amnist\u00eda Internacional, este equipo organiza actividades y eventos de recaudaci\u00f3n de fondos. En \u00e9l tienes mucho que aportar. <\/span><\/li>\n<li style=\"margin: 0px;font-weight: normal;line-height: 100%\"><span style=\"font-family: Arial, sans-serif\"><b>Gesti\u00f3n de Activismo.<\/b> Se ocupa de atender a las personas que se incorporan al activismo, propone iniciativas para ampliar nuestra base de activistas y coordina la formaci\u00f3n. Si te gustan estos \u00e1mbitos de promoci\u00f3n y formaci\u00f3n, puedes colaborar en este equipo. <\/span><\/li>\n<li style=\"margin: 0px;font-weight: normal;line-height: 100%\"><span style=\"font-family: Arial, sans-serif\"><b>Grupo de Acci\u00f3n en la Universidad de La Rioja<\/b>. Si eres estudiante en la UR, te proponemos que te incorpores a un grupo que queremos relanzar en el entorno universitario. Y si conoces a alguien que tuviera inter\u00e9s en ello, te pedimos que se lo propongas y le invites a esta reuni\u00f3n. <\/span><\/li>\n<\/ul>\n<p><span style=\"font-family: Arial, sans-serif\">Adem\u00e1s, puedes ayudar en el caso de una presa de conciencia eritrea en el que trabajamos; o enviando cartas a autoridades por casos que te iremos proponiendo; o realizando trabajo voluntario en la oficina; o recogiendo firmas entre tus familiares y amistades\u2026 o\u2026. \u00a1Es tanto lo que puedes hacer, que te invitamos a que vengas a comprobarlo el pr\u00f3ximo mi\u00e9rcoles! <\/span><\/p>\n<p><span style=\"font-family: Arial, sans-serif\">T\u00fa eliges c\u00f3mo quieres participar y con qu\u00e9 intensidad. Tu activismo puede ser flexible y adaptarse a tus circunstancias personales. Por poco tiempo que tengas, seguro que algo puedes hacer. Si decides unirte, contar\u00e1s con formaci\u00f3n inicial y con formaci\u00f3n permanente que Amnist\u00eda Internacional ofrece. <\/span><\/p>\n<p><span style=\"font-family: Arial, sans-serif\"><b>Somos gente como t\u00fa, dispuesta a actuar cuando se violan los derechos humanos en cualquier lugar \u00a1Te esperamos! <\/b><\/span><\/p>\n","protected":false},"excerpt":{"rendered":"<p>El pr\u00f3ximo mi\u00e9rcoles, 11 de septiembre, celebraremos la primera reuni\u00f3n de puertas abierta y bienvenida del curso. Somos gente como t\u00fa, dispuesta a actuar cuando se violan los derechos humanos en cualquier lugar \u00a1Te esperamos! Ser\u00e1 a las 19:30 horas, en la sede de Amnist\u00eda Internacional en Logro\u00f1o c\/ Portales, 71, 2\u00ba piso, puerta 4. [&hellip;]<\/p>\n","protected":false},"author":44,"featured_media":0,"comment_status":"open","ping_status":"open","sticky":false,"template":"","format":"standard","meta":{"_acf_changed":false,"footnotes":"","_members_access_role":[],"_members_access_error":""},"categories":[24],"tags":[23,22],"class_list":["post-439","post","type-post","status-publish","format-standard","hentry","category-ai-la-rioja","tag-bienvenida","tag-reunion"],"acf":[],"yoast_head":"<!-- This site is optimized with the Yoast SEO plugin v28.2 - https:\/\/yoast.com\/product\/yoast-seo-wordpress\/ -->\n<title>\u00a1Contigo somos m\u00e1s! - La Rioja<\/title>\n<meta name=\"robots\" content=\"index, follow, max-snippet:-1, max-image-preview:large, max-video-preview:-1\" \/>\n<link rel=\"canonical\" href=\"https:\/\/blogs.es.amnesty.org\/larioja\/2019\/09\/10\/contigo-somos-mas\/\" \/>\n<meta property=\"og:locale\" content=\"es_ES\" \/>\n<meta property=\"og:type\" content=\"article\" \/>\n<meta property=\"og:title\" content=\"\u00a1Contigo somos m\u00e1s! - La Rioja\" \/>\n<meta property=\"og:description\" content=\"El pr\u00f3ximo mi\u00e9rcoles, 11 de septiembre, celebraremos la primera reuni\u00f3n de puertas abierta y bienvenida del curso. Somos gente como t\u00fa, dispuesta a actuar cuando se violan los derechos humanos en cualquier lugar \u00a1Te esperamos! Ser\u00e1 a las 19:30 horas, en la sede de Amnist\u00eda Internacional en Logro\u00f1o c\/ Portales, 71, 2\u00ba piso, puerta 4. [&hellip;]\" \/>\n<meta property=\"og:url\" content=\"https:\/\/blogs.es.amnesty.org\/larioja\/2019\/09\/10\/contigo-somos-mas\/\" \/>\n<meta property=\"og:site_name\" content=\"La Rioja\" \/>\n<meta property=\"article:published_time\" content=\"2019-09-10T05:21:07+00:00\" \/>\n<meta property=\"article:modified_time\" content=\"2019-09-10T05:29:25+00:00\" \/>\n<meta property=\"og:image\" content=\"https:\/\/blogs.es.amnesty.org\/files\/uploads\/sites\/12\/2019\/09\/image2.png\" \/>\n<meta name=\"author\" content=\"larioja\" \/>\n<meta name=\"twitter:card\" content=\"summary_large_image\" \/>\n<meta name=\"twitter:label1\" content=\"Escrito por\" \/>\n\t<meta name=\"twitter:data1\" content=\"larioja\" \/>\n\t<meta name=\"twitter:label2\" content=\"Tiempo de lectura\" \/>\n\t<meta name=\"twitter:data2\" content=\"3 minutos\" \/>\n<script type=\"application\/ld+json\" class=\"yoast-schema-graph\">{\"@context\":\"https:\\\/\\\/schema.org\",\"@graph\":[{\"@type\":\"Article\",\"@id\":\"https:\\\/\\\/blogs.es.amnesty.org\\\/larioja\\\/2019\\\/09\\\/10\\\/contigo-somos-mas\\\/#article\",\"isPartOf\":{\"@id\":\"https:\\\/\\\/blogs.es.amnesty.org\\\/larioja\\\/2019\\\/09\\\/10\\\/contigo-somos-mas\\\/\"},\"author\":{\"name\":\"larioja\",\"@id\":\"https:\\\/\\\/blogs.es.amnesty.org\\\/larioja\\\/#\\\/schema\\\/person\\\/1489010237425236420af90dfd6f358c\"},\"headline\":\"\u00a1Contigo somos m\u00e1s!\",\"datePublished\":\"2019-09-10T05:21:07+00:00\",\"dateModified\":\"2019-09-10T05:29:25+00:00\",\"mainEntityOfPage\":{\"@id\":\"https:\\\/\\\/blogs.es.amnesty.org\\\/larioja\\\/2019\\\/09\\\/10\\\/contigo-somos-mas\\\/\"},\"wordCount\":672,\"commentCount\":0,\"image\":{\"@id\":\"https:\\\/\\\/blogs.es.amnesty.org\\\/larioja\\\/2019\\\/09\\\/10\\\/contigo-somos-mas\\\/#primaryimage\"},\"thumbnailUrl\":\"https:\\\/\\\/blogs.es.amnesty.org\\\/files\\\/uploads\\\/sites\\\/12\\\/2019\\\/09\\\/image2.png\",\"keywords\":[\"bienvenida\",\"reuni\u00f3n\"],\"articleSection\":[\"AI La Rioja\"],\"inLanguage\":\"es\",\"potentialAction\":[{\"@type\":\"CommentAction\",\"name\":\"Comment\",\"target\":[\"https:\\\/\\\/blogs.es.amnesty.org\\\/larioja\\\/2019\\\/09\\\/10\\\/contigo-somos-mas\\\/#respond\"]}]},{\"@type\":\"WebPage\",\"@id\":\"https:\\\/\\\/blogs.es.amnesty.org\\\/larioja\\\/2019\\\/09\\\/10\\\/contigo-somos-mas\\\/\",\"url\":\"https:\\\/\\\/blogs.es.amnesty.org\\\/larioja\\\/2019\\\/09\\\/10\\\/contigo-somos-mas\\\/\",\"name\":\"\u00a1Contigo somos m\u00e1s! - La Rioja\",\"isPartOf\":{\"@id\":\"https:\\\/\\\/blogs.es.amnesty.org\\\/larioja\\\/#website\"},\"primaryImageOfPage\":{\"@id\":\"https:\\\/\\\/blogs.es.amnesty.org\\\/larioja\\\/2019\\\/09\\\/10\\\/contigo-somos-mas\\\/#primaryimage\"},\"image\":{\"@id\":\"https:\\\/\\\/blogs.es.amnesty.org\\\/larioja\\\/2019\\\/09\\\/10\\\/contigo-somos-mas\\\/#primaryimage\"},\"thumbnailUrl\":\"https:\\\/\\\/blogs.es.amnesty.org\\\/files\\\/uploads\\\/sites\\\/12\\\/2019\\\/09\\\/image2.png\",\"datePublished\":\"2019-09-10T05:21:07+00:00\",\"dateModified\":\"2019-09-10T05:29:25+00:00\",\"author\":{\"@id\":\"https:\\\/\\\/blogs.es.amnesty.org\\\/larioja\\\/#\\\/schema\\\/person\\\/1489010237425236420af90dfd6f358c\"},\"breadcrumb\":{\"@id\":\"https:\\\/\\\/blogs.es.amnesty.org\\\/larioja\\\/2019\\\/09\\\/10\\\/contigo-somos-mas\\\/#breadcrumb\"},\"inLanguage\":\"es\",\"potentialAction\":[{\"@type\":\"ReadAction\",\"target\":[\"https:\\\/\\\/blogs.es.amnesty.org\\\/larioja\\\/2019\\\/09\\\/10\\\/contigo-somos-mas\\\/\"]}]},{\"@type\":\"ImageObject\",\"inLanguage\":\"es\",\"@id\":\"https:\\\/\\\/blogs.es.amnesty.org\\\/larioja\\\/2019\\\/09\\\/10\\\/contigo-somos-mas\\\/#primaryimage\",\"url\":\"https:\\\/\\\/blogs.es.amnesty.org\\\/files\\\/uploads\\\/sites\\\/12\\\/2019\\\/09\\\/image2.png\",\"contentUrl\":\"https:\\\/\\\/blogs.es.amnesty.org\\\/files\\\/uploads\\\/sites\\\/12\\\/2019\\\/09\\\/image2.png\"},{\"@type\":\"BreadcrumbList\",\"@id\":\"https:\\\/\\\/blogs.es.amnesty.org\\\/larioja\\\/2019\\\/09\\\/10\\\/contigo-somos-mas\\\/#breadcrumb\",\"itemListElement\":[{\"@type\":\"ListItem\",\"position\":1,\"name\":\"Portada\",\"item\":\"https:\\\/\\\/blogs.es.amnesty.org\\\/larioja\\\/\"},{\"@type\":\"ListItem\",\"position\":2,\"name\":\"\u00a1Contigo somos m\u00e1s!\"}]},{\"@type\":\"WebSite\",\"@id\":\"https:\\\/\\\/blogs.es.amnesty.org\\\/larioja\\\/#website\",\"url\":\"https:\\\/\\\/blogs.es.amnesty.org\\\/larioja\\\/\",\"name\":\"La Rioja\",\"description\":\"Blog de Amnist\u00eda Internacional La Rioja\",\"potentialAction\":[{\"@type\":\"SearchAction\",\"target\":{\"@type\":\"EntryPoint\",\"urlTemplate\":\"https:\\\/\\\/blogs.es.amnesty.org\\\/larioja\\\/?s={search_term_string}\"},\"query-input\":{\"@type\":\"PropertyValueSpecification\",\"valueRequired\":true,\"valueName\":\"search_term_string\"}}],\"inLanguage\":\"es\"},{\"@type\":\"Person\",\"@id\":\"https:\\\/\\\/blogs.es.amnesty.org\\\/larioja\\\/#\\\/schema\\\/person\\\/1489010237425236420af90dfd6f358c\",\"name\":\"larioja\",\"image\":{\"@type\":\"ImageObject\",\"inLanguage\":\"es\",\"@id\":\"http:\\\/\\\/blogs.es.amnesty.org\\\/files\\\/uploads\\\/sites\\\/12\\\/2026\\\/08\\\/MG_0069-e1788187702925-96x96.jpg\",\"url\":\"http:\\\/\\\/blogs.es.amnesty.org\\\/files\\\/uploads\\\/sites\\\/12\\\/2026\\\/08\\\/MG_0069-e1788187702925-96x96.jpg\",\"contentUrl\":\"http:\\\/\\\/blogs.es.amnesty.org\\\/files\\\/uploads\\\/sites\\\/12\\\/2026\\\/08\\\/MG_0069-e1788187702925-96x96.jpg\",\"caption\":\"larioja\"},\"url\":\"https:\\\/\\\/blogs.es.amnesty.org\\\/larioja\\\/autor\\\/larioja\\\/\"}]}<\/script>\n<!-- \/ Yoast SEO plugin. -->","yoast_head_json":{"title":"\u00a1Contigo somos m\u00e1s! - La Rioja","robots":{"index":"index","follow":"follow","max-snippet":"max-snippet:-1","max-image-preview":"max-image-preview:large","max-video-preview":"max-video-preview:-1"},"canonical":"https:\/\/blogs.es.amnesty.org\/larioja\/2019\/09\/10\/contigo-somos-mas\/","og_locale":"es_ES","og_type":"article","og_title":"\u00a1Contigo somos m\u00e1s! - La Rioja","og_description":"El pr\u00f3ximo mi\u00e9rcoles, 11 de septiembre, celebraremos la primera reuni\u00f3n de puertas abierta y bienvenida del curso. Somos gente como t\u00fa, dispuesta a actuar cuando se violan los derechos humanos en cualquier lugar \u00a1Te esperamos! Ser\u00e1 a las 19:30 horas, en la sede de Amnist\u00eda Internacional en Logro\u00f1o c\/ Portales, 71, 2\u00ba piso, puerta 4. [&hellip;]","og_url":"https:\/\/blogs.es.amnesty.org\/larioja\/2019\/09\/10\/contigo-somos-mas\/","og_site_name":"La Rioja","article_published_time":"2019-09-10T05:21:07+00:00","article_modified_time":"2019-09-10T05:29:25+00:00","og_image":[{"url":"https:\/\/blogs.es.amnesty.org\/files\/uploads\/sites\/12\/2019\/09\/image2.png","type":"","width":"","height":""}],"author":"larioja","twitter_card":"summary_large_image","twitter_misc":{"Escrito por":"larioja","Tiempo de lectura":"3 minutos"},"schema":{"@context":"https:\/\/schema.org","@graph":[{"@type":"Article","@id":"https:\/\/blogs.es.amnesty.org\/larioja\/2019\/09\/10\/contigo-somos-mas\/#article","isPartOf":{"@id":"https:\/\/blogs.es.amnesty.org\/larioja\/2019\/09\/10\/contigo-somos-mas\/"},"author":{"name":"larioja","@id":"https:\/\/blogs.es.amnesty.org\/larioja\/#\/schema\/person\/1489010237425236420af90dfd6f358c"},"headline":"\u00a1Contigo somos m\u00e1s!","datePublished":"2019-09-10T05:21:07+00:00","dateModified":"2019-09-10T05:29:25+00:00","mainEntityOfPage":{"@id":"https:\/\/blogs.es.amnesty.org\/larioja\/2019\/09\/10\/contigo-somos-mas\/"},"wordCount":672,"commentCount":0,"image":{"@id":"https:\/\/blogs.es.amnesty.org\/larioja\/2019\/09\/10\/contigo-somos-mas\/#primaryimage"},"thumbnailUrl":"https:\/\/blogs.es.amnesty.org\/files\/uploads\/sites\/12\/2019\/09\/image2.png","keywords":["bienvenida","reuni\u00f3n"],"articleSection":["AI La Rioja"],"inLanguage":"es","potentialAction":[{"@type":"CommentAction","name":"Comment","target":["https:\/\/blogs.es.amnesty.org\/larioja\/2019\/09\/10\/contigo-somos-mas\/#respond"]}]},{"@type":"WebPage","@id":"https:\/\/blogs.es.amnesty.org\/larioja\/2019\/09\/10\/contigo-somos-mas\/","url":"https:\/\/blogs.es.amnesty.org\/larioja\/2019\/09\/10\/contigo-somos-mas\/","name":"\u00a1Contigo somos m\u00e1s! - La Rioja","isPartOf":{"@id":"https:\/\/blogs.es.amnesty.org\/larioja\/#website"},"primaryImageOfPage":{"@id":"https:\/\/blogs.es.amnesty.org\/larioja\/2019\/09\/10\/contigo-somos-mas\/#primaryimage"},"image":{"@id":"https:\/\/blogs.es.amnesty.org\/larioja\/2019\/09\/10\/contigo-somos-mas\/#primaryimage"},"thumbnailUrl":"https:\/\/blogs.es.amnesty.org\/files\/uploads\/sites\/12\/2019\/09\/image2.png","datePublished":"2019-09-10T05:21:07+00:00","dateModified":"2019-09-10T05:29:25+00:00","author":{"@id":"https:\/\/blogs.es.amnesty.org\/larioja\/#\/schema\/person\/1489010237425236420af90dfd6f358c"},"breadcrumb":{"@id":"https:\/\/blogs.es.amnesty.org\/larioja\/2019\/09\/10\/contigo-somos-mas\/#breadcrumb"},"inLanguage":"es","potentialAction":[{"@type":"ReadAction","target":["https:\/\/blogs.es.amnesty.org\/larioja\/2019\/09\/10\/contigo-somos-mas\/"]}]},{"@type":"ImageObject","inLanguage":"es","@id":"https:\/\/blogs.es.amnesty.org\/larioja\/2019\/09\/10\/contigo-somos-mas\/#primaryimage","url":"https:\/\/blogs.es.amnesty.org\/files\/uploads\/sites\/12\/2019\/09\/image2.png","contentUrl":"https:\/\/blogs.es.amnesty.org\/files\/uploads\/sites\/12\/2019\/09\/image2.png"},{"@type":"BreadcrumbList","@id":"https:\/\/blogs.es.amnesty.org\/larioja\/2019\/09\/10\/contigo-somos-mas\/#breadcrumb","itemListElement":[{"@type":"ListItem","position":1,"name":"Portada","item":"https:\/\/blogs.es.amnesty.org\/larioja\/"},{"@type":"ListItem","position":2,"name":"\u00a1Contigo somos m\u00e1s!"}]},{"@type":"WebSite","@id":"https:\/\/blogs.es.amnesty.org\/larioja\/#website","url":"https:\/\/blogs.es.amnesty.org\/larioja\/","name":"La Rioja","description":"Blog de Amnist\u00eda Internacional La Rioja","potentialAction":[{"@type":"SearchAction","target":{"@type":"EntryPoint","urlTemplate":"https:\/\/blogs.es.amnesty.org\/larioja\/?s={search_term_string}"},"query-input":{"@type":"PropertyValueSpecification","valueRequired":true,"valueName":"search_term_string"}}],"inLanguage":"es"},{"@type":"Person","@id":"https:\/\/blogs.es.amnesty.org\/larioja\/#\/schema\/person\/1489010237425236420af90dfd6f358c","name":"larioja","image":{"@type":"ImageObject","inLanguage":"es","@id":"http:\/\/blogs.es.amnesty.org\/files\/uploads\/sites\/12\/2026\/08\/MG_0069-e1788187702925-96x96.jpg","url":"http:\/\/blogs.es.amnesty.org\/files\/uploads\/sites\/12\/2026\/08\/MG_0069-e1788187702925-96x96.jpg","contentUrl":"http:\/\/blogs.es.amnesty.org\/files\/uploads\/sites\/12\/2026\/08\/MG_0069-e1788187702925-96x96.jpg","caption":"larioja"},"url":"https:\/\/blogs.es.amnesty.org\/larioja\/autor\/larioja\/"}]}},"_links":{"self":[{"href":"https:\/\/blogs.es.amnesty.org\/larioja\/wp-json\/wp\/v2\/posts\/439","targetHints":{"allow":["GET"]}}],"collection":[{"href":"https:\/\/blogs.es.amnesty.org\/larioja\/wp-json\/wp\/v2\/posts"}],"about":[{"href":"https:\/\/blogs.es.amnesty.org\/larioja\/wp-json\/wp\/v2\/types\/post"}],"author":[{"embeddable":true,"href":"https:\/\/blogs.es.amnesty.org\/larioja\/wp-json\/wp\/v2\/users\/44"}],"replies":[{"embeddable":true,"href":"https:\/\/blogs.es.amnesty.org\/larioja\/wp-json\/wp\/v2\/comments?post=439"}],"version-history":[{"count":0,"href":"https:\/\/blogs.es.amnesty.org\/larioja\/wp-json\/wp\/v2\/posts\/439\/revisions"}],"wp:attachment":[{"href":"https:\/\/blogs.es.amnesty.org\/larioja\/wp-json\/wp\/v2\/media?parent=439"}],"wp:term":[{"taxonomy":"category","embeddable":true,"href":"https:\/\/blogs.es.amnesty.org\/larioja\/wp-json\/wp\/v2\/categories?post=439"},{"taxonomy":"post_tag","embeddable":true,"href":"https:\/\/blogs.es.amnesty.org\/larioja\/wp-json\/wp\/v2\/tags?post=439"}],"curies":[{"name":"wp","href":"https:\/\/api.w.org\/{rel}","templated":true}]}}