{"id":621,"date":"2021-04-19T16:43:34","date_gmt":"2021-04-19T16:43:34","guid":{"rendered":"https:\/\/blogs.es.amnesty.org\/larioja\/?p=621"},"modified":"2022-01-11T15:28:24","modified_gmt":"2022-01-11T15:28:24","slug":"charlas-de-genero-2021","status":"publish","type":"post","link":"https:\/\/blogs.es.amnesty.org\/larioja\/2021\/04\/19\/charlas-de-genero-2021\/","title":{"rendered":"Charlas de G\u00e9nero 2021"},"content":{"rendered":"\n<figure class=\"wp-block-image size-large\"><img loading=\"lazy\" decoding=\"async\" width=\"794\" height=\"374\" src=\"https:\/\/blogs.es.amnesty.org\/files\/uploads\/sites\/12\/2021\/04\/Charlas_genero2.jpg\" alt=\"\" class=\"wp-image-624\" srcset=\"https:\/\/blogs.es.amnesty.org\/files\/uploads\/sites\/12\/2021\/04\/Charlas_genero2.jpg 794w, https:\/\/blogs.es.amnesty.org\/files\/uploads\/sites\/12\/2021\/04\/Charlas_genero2-770x363.jpg 770w, https:\/\/blogs.es.amnesty.org\/files\/uploads\/sites\/12\/2021\/04\/Charlas_genero2-768x362.jpg 768w\" sizes=\"auto, (max-width: 794px) 100vw, 794px\" \/><\/figure>\n\n\n\n<p class=\"wp-block-paragraph\">Programa de charlas sobre cuestiones de g\u00e9nero preparadas por nuestro Equipo de G\u00e9nero para esta primavera.<\/p>\n","protected":false},"excerpt":{"rendered":"<p>Programa de charlas sobre cuestiones de g\u00e9nero preparadas por nuestro Equipo de G\u00e9nero para esta primavera.<\/p>\n","protected":false},"author":44,"featured_media":619,"comment_status":"open","ping_status":"open","sticky":false,"template":"","format":"standard","meta":{"_acf_changed":false,"footnotes":"","_members_access_role":[],"_members_access_error":""},"categories":[24,7],"tags":[],"class_list":["post-621","post","type-post","status-publish","format-standard","has-post-thumbnail","hentry","category-ai-la-rioja","category-mujeres"],"acf":[],"yoast_head":"<!-- This site is optimized with the Yoast SEO plugin v28.2 - https:\/\/yoast.com\/product\/yoast-seo-wordpress\/ -->\n<title>Charlas de G\u00e9nero 2021 - La Rioja<\/title>\n<meta name=\"robots\" content=\"index, follow, max-snippet:-1, max-image-preview:large, max-video-preview:-1\" \/>\n<link rel=\"canonical\" href=\"https:\/\/blogs.es.amnesty.org\/larioja\/2021\/04\/19\/charlas-de-genero-2021\/\" \/>\n<meta property=\"og:locale\" content=\"es_ES\" \/>\n<meta property=\"og:type\" content=\"article\" \/>\n<meta property=\"og:title\" content=\"Charlas de G\u00e9nero 2021 - La Rioja\" \/>\n<meta property=\"og:description\" content=\"Programa de charlas sobre cuestiones de g\u00e9nero preparadas por nuestro Equipo de G\u00e9nero para esta primavera.\" \/>\n<meta property=\"og:url\" content=\"https:\/\/blogs.es.amnesty.org\/larioja\/2021\/04\/19\/charlas-de-genero-2021\/\" \/>\n<meta property=\"og:site_name\" content=\"La Rioja\" \/>\n<meta property=\"article:published_time\" content=\"2021-04-19T16:43:34+00:00\" \/>\n<meta property=\"article:modified_time\" content=\"2022-01-11T15:28:24+00:00\" \/>\n<meta property=\"og:image\" content=\"https:\/\/blogs.es.amnesty.org\/files\/uploads\/sites\/12\/2021\/04\/Charlas_genero1.jpg\" \/>\n\t<meta property=\"og:image:width\" content=\"794\" \/>\n\t<meta property=\"og:image:height\" content=\"374\" \/>\n\t<meta property=\"og:image:type\" content=\"image\/jpeg\" \/>\n<meta name=\"author\" content=\"larioja\" \/>\n<meta name=\"twitter:card\" content=\"summary_large_image\" \/>\n<meta name=\"twitter:label1\" content=\"Escrito por\" \/>\n\t<meta name=\"twitter:data1\" content=\"larioja\" \/>\n<script type=\"application\/ld+json\" class=\"yoast-schema-graph\">{\"@context\":\"https:\\\/\\\/schema.org\",\"@graph\":[{\"@type\":\"Article\",\"@id\":\"https:\\\/\\\/blogs.es.amnesty.org\\\/larioja\\\/2021\\\/04\\\/19\\\/charlas-de-genero-2021\\\/#article\",\"isPartOf\":{\"@id\":\"https:\\\/\\\/blogs.es.amnesty.org\\\/larioja\\\/2021\\\/04\\\/19\\\/charlas-de-genero-2021\\\/\"},\"author\":{\"name\":\"larioja\",\"@id\":\"https:\\\/\\\/blogs.es.amnesty.org\\\/larioja\\\/#\\\/schema\\\/person\\\/1489010237425236420af90dfd6f358c\"},\"headline\":\"Charlas de G\u00e9nero 2021\",\"datePublished\":\"2021-04-19T16:43:34+00:00\",\"dateModified\":\"2022-01-11T15:28:24+00:00\",\"mainEntityOfPage\":{\"@id\":\"https:\\\/\\\/blogs.es.amnesty.org\\\/larioja\\\/2021\\\/04\\\/19\\\/charlas-de-genero-2021\\\/\"},\"wordCount\":22,\"commentCount\":0,\"image\":{\"@id\":\"https:\\\/\\\/blogs.es.amnesty.org\\\/larioja\\\/2021\\\/04\\\/19\\\/charlas-de-genero-2021\\\/#primaryimage\"},\"thumbnailUrl\":\"https:\\\/\\\/blogs.es.amnesty.org\\\/files\\\/uploads\\\/sites\\\/12\\\/2021\\\/04\\\/Charlas_genero1.jpg\",\"articleSection\":[\"AI La Rioja\",\"Mujeres\"],\"inLanguage\":\"es\",\"potentialAction\":[{\"@type\":\"CommentAction\",\"name\":\"Comment\",\"target\":[\"https:\\\/\\\/blogs.es.amnesty.org\\\/larioja\\\/2021\\\/04\\\/19\\\/charlas-de-genero-2021\\\/#respond\"]}]},{\"@type\":\"WebPage\",\"@id\":\"https:\\\/\\\/blogs.es.amnesty.org\\\/larioja\\\/2021\\\/04\\\/19\\\/charlas-de-genero-2021\\\/\",\"url\":\"https:\\\/\\\/blogs.es.amnesty.org\\\/larioja\\\/2021\\\/04\\\/19\\\/charlas-de-genero-2021\\\/\",\"name\":\"Charlas de G\u00e9nero 2021 - La Rioja\",\"isPartOf\":{\"@id\":\"https:\\\/\\\/blogs.es.amnesty.org\\\/larioja\\\/#website\"},\"primaryImageOfPage\":{\"@id\":\"https:\\\/\\\/blogs.es.amnesty.org\\\/larioja\\\/2021\\\/04\\\/19\\\/charlas-de-genero-2021\\\/#primaryimage\"},\"image\":{\"@id\":\"https:\\\/\\\/blogs.es.amnesty.org\\\/larioja\\\/2021\\\/04\\\/19\\\/charlas-de-genero-2021\\\/#primaryimage\"},\"thumbnailUrl\":\"https:\\\/\\\/blogs.es.amnesty.org\\\/files\\\/uploads\\\/sites\\\/12\\\/2021\\\/04\\\/Charlas_genero1.jpg\",\"datePublished\":\"2021-04-19T16:43:34+00:00\",\"dateModified\":\"2022-01-11T15:28:24+00:00\",\"author\":{\"@id\":\"https:\\\/\\\/blogs.es.amnesty.org\\\/larioja\\\/#\\\/schema\\\/person\\\/1489010237425236420af90dfd6f358c\"},\"breadcrumb\":{\"@id\":\"https:\\\/\\\/blogs.es.amnesty.org\\\/larioja\\\/2021\\\/04\\\/19\\\/charlas-de-genero-2021\\\/#breadcrumb\"},\"inLanguage\":\"es\",\"potentialAction\":[{\"@type\":\"ReadAction\",\"target\":[\"https:\\\/\\\/blogs.es.amnesty.org\\\/larioja\\\/2021\\\/04\\\/19\\\/charlas-de-genero-2021\\\/\"]}]},{\"@type\":\"ImageObject\",\"inLanguage\":\"es\",\"@id\":\"https:\\\/\\\/blogs.es.amnesty.org\\\/larioja\\\/2021\\\/04\\\/19\\\/charlas-de-genero-2021\\\/#primaryimage\",\"url\":\"https:\\\/\\\/blogs.es.amnesty.org\\\/files\\\/uploads\\\/sites\\\/12\\\/2021\\\/04\\\/Charlas_genero1.jpg\",\"contentUrl\":\"https:\\\/\\\/blogs.es.amnesty.org\\\/files\\\/uploads\\\/sites\\\/12\\\/2021\\\/04\\\/Charlas_genero1.jpg\",\"width\":794,\"height\":374,\"caption\":\"Equipo de G\u00e9nero\"},{\"@type\":\"BreadcrumbList\",\"@id\":\"https:\\\/\\\/blogs.es.amnesty.org\\\/larioja\\\/2021\\\/04\\\/19\\\/charlas-de-genero-2021\\\/#breadcrumb\",\"itemListElement\":[{\"@type\":\"ListItem\",\"position\":1,\"name\":\"Portada\",\"item\":\"https:\\\/\\\/blogs.es.amnesty.org\\\/larioja\\\/\"},{\"@type\":\"ListItem\",\"position\":2,\"name\":\"Charlas de G\u00e9nero 2021\"}]},{\"@type\":\"WebSite\",\"@id\":\"https:\\\/\\\/blogs.es.amnesty.org\\\/larioja\\\/#website\",\"url\":\"https:\\\/\\\/blogs.es.amnesty.org\\\/larioja\\\/\",\"name\":\"La Rioja\",\"description\":\"Blog de Amnist\u00eda Internacional La Rioja\",\"potentialAction\":[{\"@type\":\"SearchAction\",\"target\":{\"@type\":\"EntryPoint\",\"urlTemplate\":\"https:\\\/\\\/blogs.es.amnesty.org\\\/larioja\\\/?s={search_term_string}\"},\"query-input\":{\"@type\":\"PropertyValueSpecification\",\"valueRequired\":true,\"valueName\":\"search_term_string\"}}],\"inLanguage\":\"es\"},{\"@type\":\"Person\",\"@id\":\"https:\\\/\\\/blogs.es.amnesty.org\\\/larioja\\\/#\\\/schema\\\/person\\\/1489010237425236420af90dfd6f358c\",\"name\":\"larioja\",\"image\":{\"@type\":\"ImageObject\",\"inLanguage\":\"es\",\"@id\":\"https:\\\/\\\/secure.gravatar.com\\\/avatar\\\/7411ab9558dffeb7f657874e989726266826b193db72a1dbf4f442eefe9500cf?s=96&d=mm&r=g\",\"url\":\"https:\\\/\\\/secure.gravatar.com\\\/avatar\\\/7411ab9558dffeb7f657874e989726266826b193db72a1dbf4f442eefe9500cf?s=96&d=mm&r=g\",\"contentUrl\":\"https:\\\/\\\/secure.gravatar.com\\\/avatar\\\/7411ab9558dffeb7f657874e989726266826b193db72a1dbf4f442eefe9500cf?s=96&d=mm&r=g\",\"caption\":\"larioja\"},\"url\":\"https:\\\/\\\/blogs.es.amnesty.org\\\/larioja\\\/autor\\\/larioja\\\/\"}]}<\/script>\n<!-- \/ Yoast SEO plugin. -->","yoast_head_json":{"title":"Charlas de G\u00e9nero 2021 - La Rioja","robots":{"index":"index","follow":"follow","max-snippet":"max-snippet:-1","max-image-preview":"max-image-preview:large","max-video-preview":"max-video-preview:-1"},"canonical":"https:\/\/blogs.es.amnesty.org\/larioja\/2021\/04\/19\/charlas-de-genero-2021\/","og_locale":"es_ES","og_type":"article","og_title":"Charlas de G\u00e9nero 2021 - La Rioja","og_description":"Programa de charlas sobre cuestiones de g\u00e9nero preparadas por nuestro Equipo de G\u00e9nero para esta primavera.","og_url":"https:\/\/blogs.es.amnesty.org\/larioja\/2021\/04\/19\/charlas-de-genero-2021\/","og_site_name":"La Rioja","article_published_time":"2021-04-19T16:43:34+00:00","article_modified_time":"2022-01-11T15:28:24+00:00","og_image":[{"width":794,"height":374,"url":"https:\/\/blogs.es.amnesty.org\/files\/uploads\/sites\/12\/2021\/04\/Charlas_genero1.jpg","type":"image\/jpeg"}],"author":"larioja","twitter_card":"summary_large_image","twitter_misc":{"Escrito por":"larioja"},"schema":{"@context":"https:\/\/schema.org","@graph":[{"@type":"Article","@id":"https:\/\/blogs.es.amnesty.org\/larioja\/2021\/04\/19\/charlas-de-genero-2021\/#article","isPartOf":{"@id":"https:\/\/blogs.es.amnesty.org\/larioja\/2021\/04\/19\/charlas-de-genero-2021\/"},"author":{"name":"larioja","@id":"https:\/\/blogs.es.amnesty.org\/larioja\/#\/schema\/person\/1489010237425236420af90dfd6f358c"},"headline":"Charlas de G\u00e9nero 2021","datePublished":"2021-04-19T16:43:34+00:00","dateModified":"2022-01-11T15:28:24+00:00","mainEntityOfPage":{"@id":"https:\/\/blogs.es.amnesty.org\/larioja\/2021\/04\/19\/charlas-de-genero-2021\/"},"wordCount":22,"commentCount":0,"image":{"@id":"https:\/\/blogs.es.amnesty.org\/larioja\/2021\/04\/19\/charlas-de-genero-2021\/#primaryimage"},"thumbnailUrl":"https:\/\/blogs.es.amnesty.org\/files\/uploads\/sites\/12\/2021\/04\/Charlas_genero1.jpg","articleSection":["AI La Rioja","Mujeres"],"inLanguage":"es","potentialAction":[{"@type":"CommentAction","name":"Comment","target":["https:\/\/blogs.es.amnesty.org\/larioja\/2021\/04\/19\/charlas-de-genero-2021\/#respond"]}]},{"@type":"WebPage","@id":"https:\/\/blogs.es.amnesty.org\/larioja\/2021\/04\/19\/charlas-de-genero-2021\/","url":"https:\/\/blogs.es.amnesty.org\/larioja\/2021\/04\/19\/charlas-de-genero-2021\/","name":"Charlas de G\u00e9nero 2021 - La Rioja","isPartOf":{"@id":"https:\/\/blogs.es.amnesty.org\/larioja\/#website"},"primaryImageOfPage":{"@id":"https:\/\/blogs.es.amnesty.org\/larioja\/2021\/04\/19\/charlas-de-genero-2021\/#primaryimage"},"image":{"@id":"https:\/\/blogs.es.amnesty.org\/larioja\/2021\/04\/19\/charlas-de-genero-2021\/#primaryimage"},"thumbnailUrl":"https:\/\/blogs.es.amnesty.org\/files\/uploads\/sites\/12\/2021\/04\/Charlas_genero1.jpg","datePublished":"2021-04-19T16:43:34+00:00","dateModified":"2022-01-11T15:28:24+00:00","author":{"@id":"https:\/\/blogs.es.amnesty.org\/larioja\/#\/schema\/person\/1489010237425236420af90dfd6f358c"},"breadcrumb":{"@id":"https:\/\/blogs.es.amnesty.org\/larioja\/2021\/04\/19\/charlas-de-genero-2021\/#breadcrumb"},"inLanguage":"es","potentialAction":[{"@type":"ReadAction","target":["https:\/\/blogs.es.amnesty.org\/larioja\/2021\/04\/19\/charlas-de-genero-2021\/"]}]},{"@type":"ImageObject","inLanguage":"es","@id":"https:\/\/blogs.es.amnesty.org\/larioja\/2021\/04\/19\/charlas-de-genero-2021\/#primaryimage","url":"https:\/\/blogs.es.amnesty.org\/files\/uploads\/sites\/12\/2021\/04\/Charlas_genero1.jpg","contentUrl":"https:\/\/blogs.es.amnesty.org\/files\/uploads\/sites\/12\/2021\/04\/Charlas_genero1.jpg","width":794,"height":374,"caption":"Equipo de G\u00e9nero"},{"@type":"BreadcrumbList","@id":"https:\/\/blogs.es.amnesty.org\/larioja\/2021\/04\/19\/charlas-de-genero-2021\/#breadcrumb","itemListElement":[{"@type":"ListItem","position":1,"name":"Portada","item":"https:\/\/blogs.es.amnesty.org\/larioja\/"},{"@type":"ListItem","position":2,"name":"Charlas de G\u00e9nero 2021"}]},{"@type":"WebSite","@id":"https:\/\/blogs.es.amnesty.org\/larioja\/#website","url":"https:\/\/blogs.es.amnesty.org\/larioja\/","name":"La Rioja","description":"Blog de Amnist\u00eda Internacional La Rioja","potentialAction":[{"@type":"SearchAction","target":{"@type":"EntryPoint","urlTemplate":"https:\/\/blogs.es.amnesty.org\/larioja\/?s={search_term_string}"},"query-input":{"@type":"PropertyValueSpecification","valueRequired":true,"valueName":"search_term_string"}}],"inLanguage":"es"},{"@type":"Person","@id":"https:\/\/blogs.es.amnesty.org\/larioja\/#\/schema\/person\/1489010237425236420af90dfd6f358c","name":"larioja","image":{"@type":"ImageObject","inLanguage":"es","@id":"https:\/\/secure.gravatar.com\/avatar\/7411ab9558dffeb7f657874e989726266826b193db72a1dbf4f442eefe9500cf?s=96&d=mm&r=g","url":"https:\/\/secure.gravatar.com\/avatar\/7411ab9558dffeb7f657874e989726266826b193db72a1dbf4f442eefe9500cf?s=96&d=mm&r=g","contentUrl":"https:\/\/secure.gravatar.com\/avatar\/7411ab9558dffeb7f657874e989726266826b193db72a1dbf4f442eefe9500cf?s=96&d=mm&r=g","caption":"larioja"},"url":"https:\/\/blogs.es.amnesty.org\/larioja\/autor\/larioja\/"}]}},"_links":{"self":[{"href":"https:\/\/blogs.es.amnesty.org\/larioja\/wp-json\/wp\/v2\/posts\/621","targetHints":{"allow":["GET"]}}],"collection":[{"href":"https:\/\/blogs.es.amnesty.org\/larioja\/wp-json\/wp\/v2\/posts"}],"about":[{"href":"https:\/\/blogs.es.amnesty.org\/larioja\/wp-json\/wp\/v2\/types\/post"}],"author":[{"embeddable":true,"href":"https:\/\/blogs.es.amnesty.org\/larioja\/wp-json\/wp\/v2\/users\/44"}],"replies":[{"embeddable":true,"href":"https:\/\/blogs.es.amnesty.org\/larioja\/wp-json\/wp\/v2\/comments?post=621"}],"version-history":[{"count":0,"href":"https:\/\/blogs.es.amnesty.org\/larioja\/wp-json\/wp\/v2\/posts\/621\/revisions"}],"wp:featuredmedia":[{"embeddable":true,"href":"https:\/\/blogs.es.amnesty.org\/larioja\/wp-json\/wp\/v2\/media\/619"}],"wp:attachment":[{"href":"https:\/\/blogs.es.amnesty.org\/larioja\/wp-json\/wp\/v2\/media?parent=621"}],"wp:term":[{"taxonomy":"category","embeddable":true,"href":"https:\/\/blogs.es.amnesty.org\/larioja\/wp-json\/wp\/v2\/categories?post=621"},{"taxonomy":"post_tag","embeddable":true,"href":"https:\/\/blogs.es.amnesty.org\/larioja\/wp-json\/wp\/v2\/tags?post=621"}],"curies":[{"name":"wp","href":"https:\/\/api.w.org\/{rel}","templated":true}]}}