{"id":934,"date":"2022-04-24T19:39:13","date_gmt":"2022-04-24T19:39:13","guid":{"rendered":"https:\/\/blogs.es.amnesty.org\/larioja\/?p=934"},"modified":"2022-05-09T17:11:22","modified_gmt":"2022-05-09T17:11:22","slug":"derechos-humanos-y-convivencia-escolar","status":"publish","type":"post","link":"https:\/\/blogs.es.amnesty.org\/larioja\/2022\/04\/24\/derechos-humanos-y-convivencia-escolar\/","title":{"rendered":"DERECHOS HUMANOS Y CONVIVENCIA ESCOLAR"},"content":{"rendered":"\n<p class=\"wp-block-paragraph\"><\/p>\n\n\n\n<p class=\"wp-block-paragraph\">La ponencia <em>Derechos Humanos y Convivencia<\/em> estaba enmarcada en las experiencias educativas desarrolladas en los diversos centros de la CAR. Una de ellas es, la que, desde hace varios a\u00f1os, llevan adelante las Escuelas por los Derechos Humanos de Amnist\u00eda Internacional trabajando con los alumnos temas no curriculares, en cualquier nivel educativo.<\/p>\n\n\n\n<p class=\"wp-block-paragraph\">La propuesta que hemos realizado iba dirigida a la <strong>necesaria incorporaci\u00f3n de los DDHH de manera trasversal en el Decreto de convivencia y en los desarrollos curriculares que, con respecto a la nueva ley educativa<\/strong>, LOMLOE, deben desarrollarse en las Comunidades Aut\u00f3nomas.<strong><\/strong><\/p>\n\n\n\n<p class=\"wp-block-paragraph\">Entendemos que se deber\u00e1n dar pasos hacia la inclusi\u00f3n de los DDHH en el \u00e1mbito educativo. Los nuevos curr\u00edculos incorporar\u00e1n nuevos valores ya explicitados como Educaci\u00f3n en valores c\u00edvicos y \u00e9ticos y de Memoria democr\u00e1tica o contenidos relacionados con la lgtbifobia, sextorsion, ciberacoso, actitudes xen\u00f3fobas y racistas. Por eso, solicitamos incorporar expl\u00edcitamente la reflexi\u00f3n sobre DERECHOS HUMANOS en todos los niveles educativos formales.<\/p>\n\n\n\n<p class=\"wp-block-paragraph\">Los DDHH proporcionan un horizonte de esperanza, reflexi\u00f3n y acci\u00f3n en el deseo de que los j\u00f3venes se conviertan en los agentes del cambio social que un pa\u00eds democr\u00e1tico y moderno necesita. La <strong>ONU<\/strong> a trav\u00e9s de su Programa mundial de educaci\u00f3n lleva pidiendo contenidos de derechos humanos en todas las etapas educativas<\/p>\n\n\n\n<p class=\"wp-block-paragraph\">La&nbsp;educaci\u00f3n&nbsp;de los&nbsp;derechos humanoses m\u00e1s&nbsp;que&nbsp;una lecci\u00f3n&nbsp;que&nbsp;se aprende en las escuelas o un asunto&nbsp;que&nbsp;se trata durante un d\u00eda. Es un proceso&nbsp;que&nbsp;facilita los medios&nbsp;y las herramientas para vivir la vida en condiciones de seguridad y dignidad. Adem\u00e1s, los derechos humanos se juegan en distancias cortas, en lugares min\u00fasculos, muy cerca de casa, en el cole, en el instituto.<\/p>\n\n\n\n<p class=\"wp-block-paragraph\">Una escuela moderna es la que se compromete en evitar las diferencias individuales, grupales o sociales. La que crea conciencia, la que colabora en el desarrollo del sentido cr\u00edtico, la que educa para sentir empat\u00eda ante la injusticia, la que contribuye a convivir con otros. La Educaci\u00f3n en DDHH colabora en favorecer la libertad personal, la responsabilidad, la ciudadan\u00eda democr\u00e1tica, la tolerancia, la igualdad, el respeto y la justicia que constituyen la base de la vida com\u00fan.<\/p>\n","protected":false},"excerpt":{"rendered":"<p>Amnist\u00eda internacional en La Rioja ha participado como invitada en el VII Congreso Estatal de Convivencia celebrado en Logro\u00f1o, los d\u00edas 21 al 23 de abril de 2022 y organizado por la Consejer\u00eda de Educaci\u00f3n y Cultura del Gobierno de La Rioja<\/p>\n","protected":false},"author":44,"featured_media":936,"comment_status":"open","ping_status":"open","sticky":false,"template":"","format":"standard","meta":{"_acf_changed":false,"footnotes":"","_members_access_role":[],"_members_access_error":""},"categories":[24,6],"tags":[4,3],"class_list":["post-934","post","type-post","status-publish","format-standard","has-post-thumbnail","hentry","category-ai-la-rioja","category-educacion-en-derechos-humanos","tag-derechos-humanos","tag-red-de-escuelas"],"acf":[],"yoast_head":"<!-- This site is optimized with the Yoast SEO plugin v28.2 - https:\/\/yoast.com\/product\/yoast-seo-wordpress\/ -->\n<title>DERECHOS HUMANOS Y CONVIVENCIA ESCOLAR - La Rioja<\/title>\n<meta name=\"robots\" content=\"index, follow, max-snippet:-1, max-image-preview:large, max-video-preview:-1\" \/>\n<link rel=\"canonical\" href=\"https:\/\/blogs.es.amnesty.org\/larioja\/2022\/04\/24\/derechos-humanos-y-convivencia-escolar\/\" \/>\n<meta property=\"og:locale\" content=\"es_ES\" \/>\n<meta property=\"og:type\" content=\"article\" \/>\n<meta property=\"og:title\" content=\"DERECHOS HUMANOS Y CONVIVENCIA ESCOLAR - La Rioja\" \/>\n<meta property=\"og:description\" content=\"Amnist\u00eda internacional en La Rioja ha participado como invitada en el VII Congreso Estatal de Convivencia celebrado en Logro\u00f1o, los d\u00edas 21 al 23 de abril de 2022 y organizado por la Consejer\u00eda de Educaci\u00f3n y Cultura del Gobierno de La Rioja\" \/>\n<meta property=\"og:url\" content=\"https:\/\/blogs.es.amnesty.org\/larioja\/2022\/04\/24\/derechos-humanos-y-convivencia-escolar\/\" \/>\n<meta property=\"og:site_name\" content=\"La Rioja\" \/>\n<meta property=\"article:published_time\" content=\"2022-04-24T19:39:13+00:00\" \/>\n<meta property=\"article:modified_time\" content=\"2022-05-09T17:11:22+00:00\" \/>\n<meta property=\"og:image\" content=\"https:\/\/blogs.es.amnesty.org\/files\/uploads\/sites\/12\/2022\/04\/Congreso22.jpeg\" \/>\n\t<meta property=\"og:image:width\" content=\"812\" \/>\n\t<meta property=\"og:image:height\" content=\"457\" \/>\n\t<meta property=\"og:image:type\" content=\"image\/jpeg\" \/>\n<meta name=\"author\" content=\"larioja\" \/>\n<meta name=\"twitter:card\" content=\"summary_large_image\" \/>\n<meta name=\"twitter:label1\" content=\"Escrito por\" \/>\n\t<meta name=\"twitter:data1\" content=\"larioja\" \/>\n\t<meta name=\"twitter:label2\" content=\"Tiempo de lectura\" \/>\n\t<meta name=\"twitter:data2\" content=\"2 minutos\" \/>\n<script type=\"application\/ld+json\" class=\"yoast-schema-graph\">{\"@context\":\"https:\\\/\\\/schema.org\",\"@graph\":[{\"@type\":\"Article\",\"@id\":\"https:\\\/\\\/blogs.es.amnesty.org\\\/larioja\\\/2022\\\/04\\\/24\\\/derechos-humanos-y-convivencia-escolar\\\/#article\",\"isPartOf\":{\"@id\":\"https:\\\/\\\/blogs.es.amnesty.org\\\/larioja\\\/2022\\\/04\\\/24\\\/derechos-humanos-y-convivencia-escolar\\\/\"},\"author\":{\"name\":\"larioja\",\"@id\":\"https:\\\/\\\/blogs.es.amnesty.org\\\/larioja\\\/#\\\/schema\\\/person\\\/1489010237425236420af90dfd6f358c\"},\"headline\":\"DERECHOS HUMANOS Y CONVIVENCIA ESCOLAR\",\"datePublished\":\"2022-04-24T19:39:13+00:00\",\"dateModified\":\"2022-05-09T17:11:22+00:00\",\"mainEntityOfPage\":{\"@id\":\"https:\\\/\\\/blogs.es.amnesty.org\\\/larioja\\\/2022\\\/04\\\/24\\\/derechos-humanos-y-convivencia-escolar\\\/\"},\"wordCount\":404,\"commentCount\":0,\"image\":{\"@id\":\"https:\\\/\\\/blogs.es.amnesty.org\\\/larioja\\\/2022\\\/04\\\/24\\\/derechos-humanos-y-convivencia-escolar\\\/#primaryimage\"},\"thumbnailUrl\":\"https:\\\/\\\/blogs.es.amnesty.org\\\/files\\\/uploads\\\/sites\\\/12\\\/2022\\\/04\\\/Congreso22.jpeg\",\"keywords\":[\"derechos humanos\",\"red de escuelas\"],\"articleSection\":[\"AI La Rioja\",\"Educaci\u00f3n en derechos humanos\"],\"inLanguage\":\"es\",\"potentialAction\":[{\"@type\":\"CommentAction\",\"name\":\"Comment\",\"target\":[\"https:\\\/\\\/blogs.es.amnesty.org\\\/larioja\\\/2022\\\/04\\\/24\\\/derechos-humanos-y-convivencia-escolar\\\/#respond\"]}]},{\"@type\":\"WebPage\",\"@id\":\"https:\\\/\\\/blogs.es.amnesty.org\\\/larioja\\\/2022\\\/04\\\/24\\\/derechos-humanos-y-convivencia-escolar\\\/\",\"url\":\"https:\\\/\\\/blogs.es.amnesty.org\\\/larioja\\\/2022\\\/04\\\/24\\\/derechos-humanos-y-convivencia-escolar\\\/\",\"name\":\"DERECHOS HUMANOS Y CONVIVENCIA ESCOLAR - La Rioja\",\"isPartOf\":{\"@id\":\"https:\\\/\\\/blogs.es.amnesty.org\\\/larioja\\\/#website\"},\"primaryImageOfPage\":{\"@id\":\"https:\\\/\\\/blogs.es.amnesty.org\\\/larioja\\\/2022\\\/04\\\/24\\\/derechos-humanos-y-convivencia-escolar\\\/#primaryimage\"},\"image\":{\"@id\":\"https:\\\/\\\/blogs.es.amnesty.org\\\/larioja\\\/2022\\\/04\\\/24\\\/derechos-humanos-y-convivencia-escolar\\\/#primaryimage\"},\"thumbnailUrl\":\"https:\\\/\\\/blogs.es.amnesty.org\\\/files\\\/uploads\\\/sites\\\/12\\\/2022\\\/04\\\/Congreso22.jpeg\",\"datePublished\":\"2022-04-24T19:39:13+00:00\",\"dateModified\":\"2022-05-09T17:11:22+00:00\",\"author\":{\"@id\":\"https:\\\/\\\/blogs.es.amnesty.org\\\/larioja\\\/#\\\/schema\\\/person\\\/1489010237425236420af90dfd6f358c\"},\"breadcrumb\":{\"@id\":\"https:\\\/\\\/blogs.es.amnesty.org\\\/larioja\\\/2022\\\/04\\\/24\\\/derechos-humanos-y-convivencia-escolar\\\/#breadcrumb\"},\"inLanguage\":\"es\",\"potentialAction\":[{\"@type\":\"ReadAction\",\"target\":[\"https:\\\/\\\/blogs.es.amnesty.org\\\/larioja\\\/2022\\\/04\\\/24\\\/derechos-humanos-y-convivencia-escolar\\\/\"]}]},{\"@type\":\"ImageObject\",\"inLanguage\":\"es\",\"@id\":\"https:\\\/\\\/blogs.es.amnesty.org\\\/larioja\\\/2022\\\/04\\\/24\\\/derechos-humanos-y-convivencia-escolar\\\/#primaryimage\",\"url\":\"https:\\\/\\\/blogs.es.amnesty.org\\\/files\\\/uploads\\\/sites\\\/12\\\/2022\\\/04\\\/Congreso22.jpeg\",\"contentUrl\":\"https:\\\/\\\/blogs.es.amnesty.org\\\/files\\\/uploads\\\/sites\\\/12\\\/2022\\\/04\\\/Congreso22.jpeg\",\"width\":812,\"height\":457},{\"@type\":\"BreadcrumbList\",\"@id\":\"https:\\\/\\\/blogs.es.amnesty.org\\\/larioja\\\/2022\\\/04\\\/24\\\/derechos-humanos-y-convivencia-escolar\\\/#breadcrumb\",\"itemListElement\":[{\"@type\":\"ListItem\",\"position\":1,\"name\":\"Portada\",\"item\":\"https:\\\/\\\/blogs.es.amnesty.org\\\/larioja\\\/\"},{\"@type\":\"ListItem\",\"position\":2,\"name\":\"DERECHOS HUMANOS Y CONVIVENCIA ESCOLAR\"}]},{\"@type\":\"WebSite\",\"@id\":\"https:\\\/\\\/blogs.es.amnesty.org\\\/larioja\\\/#website\",\"url\":\"https:\\\/\\\/blogs.es.amnesty.org\\\/larioja\\\/\",\"name\":\"La Rioja\",\"description\":\"Blog de Amnist\u00eda Internacional La Rioja\",\"potentialAction\":[{\"@type\":\"SearchAction\",\"target\":{\"@type\":\"EntryPoint\",\"urlTemplate\":\"https:\\\/\\\/blogs.es.amnesty.org\\\/larioja\\\/?s={search_term_string}\"},\"query-input\":{\"@type\":\"PropertyValueSpecification\",\"valueRequired\":true,\"valueName\":\"search_term_string\"}}],\"inLanguage\":\"es\"},{\"@type\":\"Person\",\"@id\":\"https:\\\/\\\/blogs.es.amnesty.org\\\/larioja\\\/#\\\/schema\\\/person\\\/1489010237425236420af90dfd6f358c\",\"name\":\"larioja\",\"image\":{\"@type\":\"ImageObject\",\"inLanguage\":\"es\",\"@id\":\"https:\\\/\\\/secure.gravatar.com\\\/avatar\\\/7411ab9558dffeb7f657874e989726266826b193db72a1dbf4f442eefe9500cf?s=96&d=mm&r=g\",\"url\":\"https:\\\/\\\/secure.gravatar.com\\\/avatar\\\/7411ab9558dffeb7f657874e989726266826b193db72a1dbf4f442eefe9500cf?s=96&d=mm&r=g\",\"contentUrl\":\"https:\\\/\\\/secure.gravatar.com\\\/avatar\\\/7411ab9558dffeb7f657874e989726266826b193db72a1dbf4f442eefe9500cf?s=96&d=mm&r=g\",\"caption\":\"larioja\"},\"url\":\"https:\\\/\\\/blogs.es.amnesty.org\\\/larioja\\\/autor\\\/larioja\\\/\"}]}<\/script>\n<!-- \/ Yoast SEO plugin. -->","yoast_head_json":{"title":"DERECHOS HUMANOS Y CONVIVENCIA ESCOLAR - La Rioja","robots":{"index":"index","follow":"follow","max-snippet":"max-snippet:-1","max-image-preview":"max-image-preview:large","max-video-preview":"max-video-preview:-1"},"canonical":"https:\/\/blogs.es.amnesty.org\/larioja\/2022\/04\/24\/derechos-humanos-y-convivencia-escolar\/","og_locale":"es_ES","og_type":"article","og_title":"DERECHOS HUMANOS Y CONVIVENCIA ESCOLAR - La Rioja","og_description":"Amnist\u00eda internacional en La Rioja ha participado como invitada en el VII Congreso Estatal de Convivencia celebrado en Logro\u00f1o, los d\u00edas 21 al 23 de abril de 2022 y organizado por la Consejer\u00eda de Educaci\u00f3n y Cultura del Gobierno de La Rioja","og_url":"https:\/\/blogs.es.amnesty.org\/larioja\/2022\/04\/24\/derechos-humanos-y-convivencia-escolar\/","og_site_name":"La Rioja","article_published_time":"2022-04-24T19:39:13+00:00","article_modified_time":"2022-05-09T17:11:22+00:00","og_image":[{"width":812,"height":457,"url":"https:\/\/blogs.es.amnesty.org\/files\/uploads\/sites\/12\/2022\/04\/Congreso22.jpeg","type":"image\/jpeg"}],"author":"larioja","twitter_card":"summary_large_image","twitter_misc":{"Escrito por":"larioja","Tiempo de lectura":"2 minutos"},"schema":{"@context":"https:\/\/schema.org","@graph":[{"@type":"Article","@id":"https:\/\/blogs.es.amnesty.org\/larioja\/2022\/04\/24\/derechos-humanos-y-convivencia-escolar\/#article","isPartOf":{"@id":"https:\/\/blogs.es.amnesty.org\/larioja\/2022\/04\/24\/derechos-humanos-y-convivencia-escolar\/"},"author":{"name":"larioja","@id":"https:\/\/blogs.es.amnesty.org\/larioja\/#\/schema\/person\/1489010237425236420af90dfd6f358c"},"headline":"DERECHOS HUMANOS Y CONVIVENCIA ESCOLAR","datePublished":"2022-04-24T19:39:13+00:00","dateModified":"2022-05-09T17:11:22+00:00","mainEntityOfPage":{"@id":"https:\/\/blogs.es.amnesty.org\/larioja\/2022\/04\/24\/derechos-humanos-y-convivencia-escolar\/"},"wordCount":404,"commentCount":0,"image":{"@id":"https:\/\/blogs.es.amnesty.org\/larioja\/2022\/04\/24\/derechos-humanos-y-convivencia-escolar\/#primaryimage"},"thumbnailUrl":"https:\/\/blogs.es.amnesty.org\/files\/uploads\/sites\/12\/2022\/04\/Congreso22.jpeg","keywords":["derechos humanos","red de escuelas"],"articleSection":["AI La Rioja","Educaci\u00f3n en derechos humanos"],"inLanguage":"es","potentialAction":[{"@type":"CommentAction","name":"Comment","target":["https:\/\/blogs.es.amnesty.org\/larioja\/2022\/04\/24\/derechos-humanos-y-convivencia-escolar\/#respond"]}]},{"@type":"WebPage","@id":"https:\/\/blogs.es.amnesty.org\/larioja\/2022\/04\/24\/derechos-humanos-y-convivencia-escolar\/","url":"https:\/\/blogs.es.amnesty.org\/larioja\/2022\/04\/24\/derechos-humanos-y-convivencia-escolar\/","name":"DERECHOS HUMANOS Y CONVIVENCIA ESCOLAR - La Rioja","isPartOf":{"@id":"https:\/\/blogs.es.amnesty.org\/larioja\/#website"},"primaryImageOfPage":{"@id":"https:\/\/blogs.es.amnesty.org\/larioja\/2022\/04\/24\/derechos-humanos-y-convivencia-escolar\/#primaryimage"},"image":{"@id":"https:\/\/blogs.es.amnesty.org\/larioja\/2022\/04\/24\/derechos-humanos-y-convivencia-escolar\/#primaryimage"},"thumbnailUrl":"https:\/\/blogs.es.amnesty.org\/files\/uploads\/sites\/12\/2022\/04\/Congreso22.jpeg","datePublished":"2022-04-24T19:39:13+00:00","dateModified":"2022-05-09T17:11:22+00:00","author":{"@id":"https:\/\/blogs.es.amnesty.org\/larioja\/#\/schema\/person\/1489010237425236420af90dfd6f358c"},"breadcrumb":{"@id":"https:\/\/blogs.es.amnesty.org\/larioja\/2022\/04\/24\/derechos-humanos-y-convivencia-escolar\/#breadcrumb"},"inLanguage":"es","potentialAction":[{"@type":"ReadAction","target":["https:\/\/blogs.es.amnesty.org\/larioja\/2022\/04\/24\/derechos-humanos-y-convivencia-escolar\/"]}]},{"@type":"ImageObject","inLanguage":"es","@id":"https:\/\/blogs.es.amnesty.org\/larioja\/2022\/04\/24\/derechos-humanos-y-convivencia-escolar\/#primaryimage","url":"https:\/\/blogs.es.amnesty.org\/files\/uploads\/sites\/12\/2022\/04\/Congreso22.jpeg","contentUrl":"https:\/\/blogs.es.amnesty.org\/files\/uploads\/sites\/12\/2022\/04\/Congreso22.jpeg","width":812,"height":457},{"@type":"BreadcrumbList","@id":"https:\/\/blogs.es.amnesty.org\/larioja\/2022\/04\/24\/derechos-humanos-y-convivencia-escolar\/#breadcrumb","itemListElement":[{"@type":"ListItem","position":1,"name":"Portada","item":"https:\/\/blogs.es.amnesty.org\/larioja\/"},{"@type":"ListItem","position":2,"name":"DERECHOS HUMANOS Y CONVIVENCIA ESCOLAR"}]},{"@type":"WebSite","@id":"https:\/\/blogs.es.amnesty.org\/larioja\/#website","url":"https:\/\/blogs.es.amnesty.org\/larioja\/","name":"La Rioja","description":"Blog de Amnist\u00eda Internacional La Rioja","potentialAction":[{"@type":"SearchAction","target":{"@type":"EntryPoint","urlTemplate":"https:\/\/blogs.es.amnesty.org\/larioja\/?s={search_term_string}"},"query-input":{"@type":"PropertyValueSpecification","valueRequired":true,"valueName":"search_term_string"}}],"inLanguage":"es"},{"@type":"Person","@id":"https:\/\/blogs.es.amnesty.org\/larioja\/#\/schema\/person\/1489010237425236420af90dfd6f358c","name":"larioja","image":{"@type":"ImageObject","inLanguage":"es","@id":"https:\/\/secure.gravatar.com\/avatar\/7411ab9558dffeb7f657874e989726266826b193db72a1dbf4f442eefe9500cf?s=96&d=mm&r=g","url":"https:\/\/secure.gravatar.com\/avatar\/7411ab9558dffeb7f657874e989726266826b193db72a1dbf4f442eefe9500cf?s=96&d=mm&r=g","contentUrl":"https:\/\/secure.gravatar.com\/avatar\/7411ab9558dffeb7f657874e989726266826b193db72a1dbf4f442eefe9500cf?s=96&d=mm&r=g","caption":"larioja"},"url":"https:\/\/blogs.es.amnesty.org\/larioja\/autor\/larioja\/"}]}},"_links":{"self":[{"href":"https:\/\/blogs.es.amnesty.org\/larioja\/wp-json\/wp\/v2\/posts\/934","targetHints":{"allow":["GET"]}}],"collection":[{"href":"https:\/\/blogs.es.amnesty.org\/larioja\/wp-json\/wp\/v2\/posts"}],"about":[{"href":"https:\/\/blogs.es.amnesty.org\/larioja\/wp-json\/wp\/v2\/types\/post"}],"author":[{"embeddable":true,"href":"https:\/\/blogs.es.amnesty.org\/larioja\/wp-json\/wp\/v2\/users\/44"}],"replies":[{"embeddable":true,"href":"https:\/\/blogs.es.amnesty.org\/larioja\/wp-json\/wp\/v2\/comments?post=934"}],"version-history":[{"count":0,"href":"https:\/\/blogs.es.amnesty.org\/larioja\/wp-json\/wp\/v2\/posts\/934\/revisions"}],"wp:featuredmedia":[{"embeddable":true,"href":"https:\/\/blogs.es.amnesty.org\/larioja\/wp-json\/wp\/v2\/media\/936"}],"wp:attachment":[{"href":"https:\/\/blogs.es.amnesty.org\/larioja\/wp-json\/wp\/v2\/media?parent=934"}],"wp:term":[{"taxonomy":"category","embeddable":true,"href":"https:\/\/blogs.es.amnesty.org\/larioja\/wp-json\/wp\/v2\/categories?post=934"},{"taxonomy":"post_tag","embeddable":true,"href":"https:\/\/blogs.es.amnesty.org\/larioja\/wp-json\/wp\/v2\/tags?post=934"}],"curies":[{"name":"wp","href":"https:\/\/api.w.org\/{rel}","templated":true}]}}