{"id":2850,"date":"2019-11-25T19:39:05","date_gmt":"2019-11-25T19:39:05","guid":{"rendered":"http:\/\/blogs.es.amnesty.org\/madrid\/?p=2850"},"modified":"2019-11-25T19:42:44","modified_gmt":"2019-11-25T19:42:44","slug":"a-violencia-sexual-esta-en-todas-partes-pero-parece-que-no-la-queremos-ver","status":"publish","type":"post","link":"https:\/\/blogs.es.amnesty.org\/madrid\/2019\/11\/25\/a-violencia-sexual-esta-en-todas-partes-pero-parece-que-no-la-queremos-ver\/","title":{"rendered":"La Violencia Sexual est\u00e1 en todas partes, pero parece que no la queremos ver\u00a0"},"content":{"rendered":"<p><em>Texto escrito por Elena G\u00f3mez, coordinadora del equipo de Campa\u00f1as de Amnist\u00eda Internacional Madrid\u00a0<\/em><\/p>\n<p><span style=\"font-weight: 400\"><strong>La mujeres tenemos que vivir cada d\u00eda aguantando todo tipo de agresiones sexuales:<\/strong> cuando escuchamos alg\u00fan comentario desagradable que algunos quieren vendernos como un piropo, cada vez que nos tocan el culo, cuando tenemos que aguantar las miradas lascivas, los abrazos o besos no deseados&#8230; La Violencia Sexual est\u00e1 en todas partes, pero parece que no la queremos ver.\u00a0<\/span><\/p>\n<p><span style=\"font-weight: 400\">En los \u00faltimos a\u00f1os, cansadas de aguantar, hemos levantado la voz en todas partes del mundo, pero parece que no cala. Y las instituciones no parecen estar de nuestra parte. \u201cDe boquilla\u201d, movidos por la agitaci\u00f3n social, parece que est\u00e1n comprometidos pero, <strong>a la hora de la verdad, no hay pol\u00edticas adecuadas, no hay recursos suficientes<\/strong>, las promesas se eternizan y no se producen cambios realmente significativos.<\/span><\/p>\n<p><b>LA VIOLENCIA SEXUAL ES INVISIBLE\u00a0<\/b><\/p>\n<p><b>No hay casi datos desagregados<\/b><span style=\"font-weight: 400\"> sobre la prevalencia de la violencia sexual en Espa\u00f1a, y <strong>Madrid no es una excepci\u00f3n<\/strong>. La violencia sexual afecta a 1 de cada 2 mujeres, seg\u00fan la Agencia de Derechos Fundamentales de la Uni\u00f3n Europea, o a m\u00e1s de 3.251.000 (13,7%) seg\u00fan la Macro-encuesta sobre Violencia contra las Mujeres de 2015 del Gobierno de Espa\u00f1a. <strong>S\u00f3lo un 20% de las mujeres que han sufrido alg\u00fan tipo de Violencia Sexual en Espa\u00f1a han denunciado.<\/strong><\/span><\/p>\n<p><span style=\"font-weight: 400\">Por este motivo es mucho m\u00e1s preocupante lo que nos muestra las pocas cifras oficiales que nos encontramos: de acuerdo con las memorias de los \u00faltimos a\u00f1os de la Fiscal\u00eda Superior de la Comunidad de Madrid<\/span><span style=\"font-weight: 400\">, <strong>los delitos contra la libertad sexual en nuestra Comunidad crecen anualmente<\/strong>:<\/span><\/p>\n<table>\n<tbody>\n<tr>\n<td><\/td>\n<td><b>2018<\/b><\/td>\n<td><b>2017<\/b><\/td>\n<td><b>2016<\/b><\/td>\n<td><b>2015<\/b><\/td>\n<\/tr>\n<tr>\n<td><span style=\"font-weight: 400\">Agresiones sexuales<\/span><\/td>\n<td><span style=\"font-weight: 400\">598<\/span><\/td>\n<td><span style=\"font-weight: 400\">560<\/span><\/td>\n<td><span style=\"font-weight: 400\">515<\/span><\/td>\n<td><span style=\"font-weight: 400\">454<\/span><\/td>\n<\/tr>\n<tr>\n<td><span style=\"font-weight: 400\">Violaci\u00f3n<\/span><\/td>\n<td><span style=\"font-weight: 400\">134<\/span><\/td>\n<td><span style=\"font-weight: 400\">120<\/span><\/td>\n<td><span style=\"font-weight: 400\">97<\/span><\/td>\n<td><span style=\"font-weight: 400\">95<\/span><\/td>\n<\/tr>\n<tr>\n<td><span style=\"font-weight: 400\">Abusos sexuales<\/span><\/td>\n<td><span style=\"font-weight: 400\">1053<\/span><\/td>\n<td><span style=\"font-weight: 400\">827<\/span><\/td>\n<td><span style=\"font-weight: 400\">701<\/span><\/td>\n<td><span style=\"font-weight: 400\">548<\/span><\/td>\n<\/tr>\n<tr>\n<td><b>TOTAL <\/b><span style=\"font-weight: 400\">procedimientos incoados por delitos contra la libertad sexual<\/span><\/td>\n<td><span style=\"font-weight: 400\">2582<\/span><\/td>\n<td><span style=\"font-weight: 400\">2257<\/span><\/td>\n<td><span style=\"font-weight: 400\">1.853<\/span><\/td>\n<td><span style=\"font-weight: 400\">1.670<\/span><\/td>\n<\/tr>\n<\/tbody>\n<\/table>\n<p><span style=\"font-weight: 400\">La propia fiscal\u00eda en sus informes llega a recomendar \u00ab<\/span><i><span style=\"font-weight: 400\"><strong>realizar un sereno an\u00e1lisis del porqu\u00e9 del incremento continuo de estas figuras delictivas, y desarrollar pol\u00edticas de prevenci\u00f3n m\u00e1s eficaces<\/strong>\u00ab.<\/span><\/i><span style=\"font-weight: 400\">\u00a0Sin embargo, estos an\u00e1lisis siguen sin llegar\u2026<\/span><\/p>\n<p><b>No hay pol\u00edticas p\u00fablicas, ni recursos adecuados ni suficientes<\/b><\/p>\n<p><span style=\"font-weight: 400\">Tampoco contamos con unas pol\u00edticas p\u00fablicas encaminadas a impedir la comisi\u00f3n de estos delitos. Nuestra ley auton\u00f3mica contra la Violencia de G\u00e9nero (Ley 5\/2005 Integral contra la Violencia de G\u00e9nero de la Comunidad de Madrid) entiende que toda forma de violencia sexual es una forma de violencia de g\u00e9nero y, por tanto, en teor\u00eda, las medidas existentes para v\u00edctimas de violencia de g\u00e9nero deber\u00edan poder aplicarse a v\u00edctimas de violencia sexual. Pero la pr\u00e1ctica es muy diferente.<\/span><\/p>\n<p><span style=\"font-weight: 400\">En la estrategia madrile\u00f1a de lucha contra la violencia de g\u00e9nero 2016-2021<strong> hay muy pocas medidas espec\u00edficas dirigidas a combatir espec\u00edficamente la violencia sexual<\/strong>. Y los recursos con los que contamos en nuestra comunidad son muy limitados.<\/span><\/p>\n<p><span style=\"font-weight: 400\">En Madrid (municipio) tenemos un poco de suerte, ya que contamos con un centro especializado, el CIMASCAM (Centro de atenci\u00f3n Integral a Mujeres v\u00edctimas de Agresiones Sexuales de la Comunidad de Madrid).<strong> Sin embargo, este centro no es conocido ni siquiera por las profesionales que atienden a las v\u00edctimas<\/strong>. Adem\u00e1s, es el \u00fanico centro especializado en toda la Comunidad de Madrid y cuenta s\u00f3lo con 14 profesionales.<\/span><\/p>\n<p><span style=\"font-weight: 400\">Parece que <strong>a finales de a\u00f1o se abrir\u00e1 finalmente el Centro de Crisis para supervivientes de violencia sexual<\/strong>, pero s\u00f3lo para el Municipio de Madrid. Todav\u00eda seguimos sin tener l\u00edneas telef\u00f3nicas de emergencia y asistencia que presten servicio 24 horas, tal y como exige el Convenio de Estambul<\/span><span style=\"font-weight: 400\">.\u00a0<\/span><\/p>\n<p><span style=\"font-weight: 400\">Adem\u00e1s, existen otros recursos no especializados como <strong>las Oficinas de atenci\u00f3n a v\u00edctimas de delito o los Servicios de Orientaci\u00f3n Jur\u00eddica, que tampoco son conocidos<\/strong>, lo que hace que las v\u00edctimas supervivientes tengan que pasar por un aut\u00e9ntico periplo para conseguir la atenci\u00f3n especializada e integral a la que tienen derecho.<\/span><\/p>\n<p><span style=\"font-weight: 400\">Pero si la falta de pol\u00edticas p\u00fablicas, de recursos, de coordinaci\u00f3n entre instituciones nos parece poco, en Madrid adem\u00e1s nos tenemos que enfrentar al Protocolo de Atenci\u00f3n a V\u00edctimas de Violencia Sexual (que s\u00f3lo se aplica en el municipio de Madrid, lo que ocurre fuera de Madrid es una aut\u00e9ntica loter\u00eda ya que no hay protocolos unificados y cada municipio puede hacer lo que quiera). Este protocolo, entre otras cosas, obliga a las mujeres que han sido v\u00edctimas de violencia sexual, si quieren que se asegure la custodia de las pruebas, <strong>a que antes de ir al hospital interpongan denuncia y despu\u00e9s tienen que dirigirse al centro hospitalario de referencia, La Paz, para la toma de dichas pruebas<\/strong>. La Comunidad de Madrid lleva dos a\u00f1os trabajando en la modificaci\u00f3n de este protocolo, pero a d\u00eda de hoy seguimos todav\u00eda con lo mismo y no sabemos cu\u00e1ndo va a cambiar.<\/span><\/p>\n<p><strong>Martirio p\u00fablico para las v\u00edctimas de violencia sexual<\/strong><\/p>\n<p><span style=\"font-weight: 400\">Y por si fuera poco, cuando somos v\u00edctimas de violencia sexual, nos encontramos con profesionales no especializados, que no nos creen, nos revictimizan y llegan incluso a culparnos por haber sido v\u00edctimas de violencia sexual. Y \u00e9ste fue sin duda el caso de <\/span><a href=\"https:\/\/www.es.amnesty.org\/actua\/acciones\/manifiesto-violencia-sexual-blanca-nov18\/\"><span style=\"font-weight: 400\">Blanca<\/span><\/a><span style=\"font-weight: 400\"> que, tras superar la verg\u00fcenza tras la agresi\u00f3n sexual y respirar hondo, decidi\u00f3 denunciarlo pero <strong>no encontr\u00f3 el apoyo que se mereci\u00f3, se sinti\u00f3 cuestionada, como si estuviese mintiendo o si tuviese la culpa de lo que le hab\u00eda pasado<\/strong>. Sinti\u00f3 que la polic\u00eda no le cre\u00eda, que hab\u00eda hecho algo malo, y nadie le recomend\u00f3 qu\u00e9 hacer para seguir adelante.<\/span><\/p>\n<p><span style=\"font-weight: 400\">El periplo que vivi\u00f3 Blanca despu\u00e9s de que la agredieran sexualmente no es una excepci\u00f3n. Son muchas las mujeres entrevistadas por Amnist\u00eda Internacional que han vivido situaciones parecidas. \u00a1Es hora que esto acabe!<\/span><\/p>\n<p><span style=\"font-weight: 400\">Queremos <strong>una sociedad en la que todas las mujeres se sientan protegidas y apoyadas ante la violencia sexual y<\/strong> ahora tenemos el poder de cambiarlo: suma tu firma al manifiesto <\/span><a href=\"https:\/\/www.es.amnesty.org\/en-que-estamos\/campanas\/violencia-sexual\/\"><b>#NoConsiento<\/b><\/a><span style=\"font-weight: 400\"> y exige que ni una mujer m\u00e1s tenga que pasar por el calvario por el que pas\u00f3 Blanca.<\/span><\/p>\n","protected":false},"excerpt":{"rendered":"<p>Hoy en el D\u00eda Internacional contra la Violencia de G\u00e9nero, alertamos de la falta de pol\u00edticas y recursos que tanto el Ayuntamiento como la Comunidad de Madrid est\u00e1 destinando en luchar contra esta lacra social<\/p>\n","protected":false},"author":11,"featured_media":2852,"comment_status":"open","ping_status":"open","sticky":false,"template":"","format":"standard","meta":{"_acf_changed":false,"footnotes":"","_members_access_role":[],"_members_access_error":""},"categories":[26],"tags":[95,136],"class_list":["post-2850","post","type-post","status-publish","format-standard","has-post-thumbnail","hentry","category-mujer","tag-violencia-de-genero","tag-violencia-sexual"],"acf":[],"yoast_head":"<!-- This site is optimized with the Yoast SEO plugin v28.2 - https:\/\/yoast.com\/product\/yoast-seo-wordpress\/ -->\n<title>La Violencia Sexual est\u00e1 en todas partes, pero parece que no la queremos ver\u00a0 - Madrid<\/title>\n<meta name=\"description\" content=\"Hoy en el D\u00eda Internacional contra la Violencia de G\u00e9nero, alertamos de la falta de pol\u00edticas y recursos que se destinan en Madrid contra esta lacra social\" \/>\n<meta name=\"robots\" content=\"index, follow, max-snippet:-1, max-image-preview:large, max-video-preview:-1\" \/>\n<link rel=\"canonical\" href=\"https:\/\/blogs.es.amnesty.org\/madrid\/2019\/11\/25\/a-violencia-sexual-esta-en-todas-partes-pero-parece-que-no-la-queremos-ver\/\" \/>\n<meta property=\"og:locale\" content=\"es_ES\" \/>\n<meta property=\"og:type\" content=\"article\" \/>\n<meta property=\"og:title\" content=\"La Violencia Sexual est\u00e1 en todas partes, pero parece que no la queremos ver\u00a0 - Madrid\" \/>\n<meta property=\"og:description\" content=\"Hoy en el D\u00eda Internacional contra la Violencia de G\u00e9nero, alertamos de la falta de pol\u00edticas y recursos que se destinan en Madrid contra esta lacra social\" \/>\n<meta property=\"og:url\" content=\"https:\/\/blogs.es.amnesty.org\/madrid\/2019\/11\/25\/a-violencia-sexual-esta-en-todas-partes-pero-parece-que-no-la-queremos-ver\/\" \/>\n<meta property=\"og:site_name\" content=\"Madrid\" \/>\n<meta property=\"article:published_time\" content=\"2019-11-25T19:39:05+00:00\" \/>\n<meta property=\"article:modified_time\" content=\"2019-11-25T19:42:44+00:00\" \/>\n<meta property=\"og:image\" content=\"https:\/\/blogs.es.amnesty.org\/files\/uploads\/sites\/4\/2019\/11\/unnamed.jpg\" \/>\n\t<meta property=\"og:image:width\" content=\"768\" \/>\n\t<meta property=\"og:image:height\" content=\"1024\" \/>\n\t<meta property=\"og:image:type\" content=\"image\/jpeg\" \/>\n<meta name=\"author\" content=\"Comunicaci\u00f3n Madrid\" \/>\n<meta name=\"twitter:card\" content=\"summary_large_image\" \/>\n<meta name=\"twitter:label1\" content=\"Escrito por\" \/>\n\t<meta name=\"twitter:data1\" content=\"Comunicaci\u00f3n Madrid\" \/>\n\t<meta name=\"twitter:label2\" content=\"Tiempo de lectura\" \/>\n\t<meta name=\"twitter:data2\" content=\"5 minutos\" \/>\n<script type=\"application\/ld+json\" class=\"yoast-schema-graph\">{\"@context\":\"https:\\\/\\\/schema.org\",\"@graph\":[{\"@type\":\"Article\",\"@id\":\"https:\\\/\\\/blogs.es.amnesty.org\\\/madrid\\\/2019\\\/11\\\/25\\\/a-violencia-sexual-esta-en-todas-partes-pero-parece-que-no-la-queremos-ver\\\/#article\",\"isPartOf\":{\"@id\":\"https:\\\/\\\/blogs.es.amnesty.org\\\/madrid\\\/2019\\\/11\\\/25\\\/a-violencia-sexual-esta-en-todas-partes-pero-parece-que-no-la-queremos-ver\\\/\"},\"author\":{\"name\":\"Comunicaci\u00f3n Madrid\",\"@id\":\"https:\\\/\\\/blogs.es.amnesty.org\\\/madrid\\\/#\\\/schema\\\/person\\\/d2312947a65c4b64623d42b82830dc7e\"},\"headline\":\"La Violencia Sexual est\u00e1 en todas partes, pero parece que no la queremos ver\u00a0\",\"datePublished\":\"2019-11-25T19:39:05+00:00\",\"dateModified\":\"2019-11-25T19:42:44+00:00\",\"mainEntityOfPage\":{\"@id\":\"https:\\\/\\\/blogs.es.amnesty.org\\\/madrid\\\/2019\\\/11\\\/25\\\/a-violencia-sexual-esta-en-todas-partes-pero-parece-que-no-la-queremos-ver\\\/\"},\"wordCount\":1054,\"commentCount\":0,\"image\":{\"@id\":\"https:\\\/\\\/blogs.es.amnesty.org\\\/madrid\\\/2019\\\/11\\\/25\\\/a-violencia-sexual-esta-en-todas-partes-pero-parece-que-no-la-queremos-ver\\\/#primaryimage\"},\"thumbnailUrl\":\"https:\\\/\\\/blogs.es.amnesty.org\\\/files\\\/uploads\\\/sites\\\/4\\\/2019\\\/11\\\/unnamed.jpg\",\"keywords\":[\"Violencia de G\u00e9nero\",\"Violencia Sexual\"],\"articleSection\":[\"Mujer\"],\"inLanguage\":\"es\",\"potentialAction\":[{\"@type\":\"CommentAction\",\"name\":\"Comment\",\"target\":[\"https:\\\/\\\/blogs.es.amnesty.org\\\/madrid\\\/2019\\\/11\\\/25\\\/a-violencia-sexual-esta-en-todas-partes-pero-parece-que-no-la-queremos-ver\\\/#respond\"]}]},{\"@type\":\"WebPage\",\"@id\":\"https:\\\/\\\/blogs.es.amnesty.org\\\/madrid\\\/2019\\\/11\\\/25\\\/a-violencia-sexual-esta-en-todas-partes-pero-parece-que-no-la-queremos-ver\\\/\",\"url\":\"https:\\\/\\\/blogs.es.amnesty.org\\\/madrid\\\/2019\\\/11\\\/25\\\/a-violencia-sexual-esta-en-todas-partes-pero-parece-que-no-la-queremos-ver\\\/\",\"name\":\"La Violencia Sexual est\u00e1 en todas partes, pero parece que no la queremos ver\u00a0 - Madrid\",\"isPartOf\":{\"@id\":\"https:\\\/\\\/blogs.es.amnesty.org\\\/madrid\\\/#website\"},\"primaryImageOfPage\":{\"@id\":\"https:\\\/\\\/blogs.es.amnesty.org\\\/madrid\\\/2019\\\/11\\\/25\\\/a-violencia-sexual-esta-en-todas-partes-pero-parece-que-no-la-queremos-ver\\\/#primaryimage\"},\"image\":{\"@id\":\"https:\\\/\\\/blogs.es.amnesty.org\\\/madrid\\\/2019\\\/11\\\/25\\\/a-violencia-sexual-esta-en-todas-partes-pero-parece-que-no-la-queremos-ver\\\/#primaryimage\"},\"thumbnailUrl\":\"https:\\\/\\\/blogs.es.amnesty.org\\\/files\\\/uploads\\\/sites\\\/4\\\/2019\\\/11\\\/unnamed.jpg\",\"datePublished\":\"2019-11-25T19:39:05+00:00\",\"dateModified\":\"2019-11-25T19:42:44+00:00\",\"author\":{\"@id\":\"https:\\\/\\\/blogs.es.amnesty.org\\\/madrid\\\/#\\\/schema\\\/person\\\/d2312947a65c4b64623d42b82830dc7e\"},\"description\":\"Hoy en el D\u00eda Internacional contra la Violencia de G\u00e9nero, alertamos de la falta de pol\u00edticas y recursos que se destinan en Madrid contra esta lacra social\",\"breadcrumb\":{\"@id\":\"https:\\\/\\\/blogs.es.amnesty.org\\\/madrid\\\/2019\\\/11\\\/25\\\/a-violencia-sexual-esta-en-todas-partes-pero-parece-que-no-la-queremos-ver\\\/#breadcrumb\"},\"inLanguage\":\"es\",\"potentialAction\":[{\"@type\":\"ReadAction\",\"target\":[\"https:\\\/\\\/blogs.es.amnesty.org\\\/madrid\\\/2019\\\/11\\\/25\\\/a-violencia-sexual-esta-en-todas-partes-pero-parece-que-no-la-queremos-ver\\\/\"]}]},{\"@type\":\"ImageObject\",\"inLanguage\":\"es\",\"@id\":\"https:\\\/\\\/blogs.es.amnesty.org\\\/madrid\\\/2019\\\/11\\\/25\\\/a-violencia-sexual-esta-en-todas-partes-pero-parece-que-no-la-queremos-ver\\\/#primaryimage\",\"url\":\"https:\\\/\\\/blogs.es.amnesty.org\\\/files\\\/uploads\\\/sites\\\/4\\\/2019\\\/11\\\/unnamed.jpg\",\"contentUrl\":\"https:\\\/\\\/blogs.es.amnesty.org\\\/files\\\/uploads\\\/sites\\\/4\\\/2019\\\/11\\\/unnamed.jpg\",\"width\":768,\"height\":1024},{\"@type\":\"BreadcrumbList\",\"@id\":\"https:\\\/\\\/blogs.es.amnesty.org\\\/madrid\\\/2019\\\/11\\\/25\\\/a-violencia-sexual-esta-en-todas-partes-pero-parece-que-no-la-queremos-ver\\\/#breadcrumb\",\"itemListElement\":[{\"@type\":\"ListItem\",\"position\":1,\"name\":\"Portada\",\"item\":\"https:\\\/\\\/blogs.es.amnesty.org\\\/madrid\\\/\"},{\"@type\":\"ListItem\",\"position\":2,\"name\":\"La Violencia Sexual est\u00e1 en todas partes, pero parece que no la queremos ver\u00a0\"}]},{\"@type\":\"WebSite\",\"@id\":\"https:\\\/\\\/blogs.es.amnesty.org\\\/madrid\\\/#website\",\"url\":\"https:\\\/\\\/blogs.es.amnesty.org\\\/madrid\\\/\",\"name\":\"Madrid\",\"description\":\"Blog de Amnist\u00eda Internacional Madrid\",\"potentialAction\":[{\"@type\":\"SearchAction\",\"target\":{\"@type\":\"EntryPoint\",\"urlTemplate\":\"https:\\\/\\\/blogs.es.amnesty.org\\\/madrid\\\/?s={search_term_string}\"},\"query-input\":{\"@type\":\"PropertyValueSpecification\",\"valueRequired\":true,\"valueName\":\"search_term_string\"}}],\"inLanguage\":\"es\"},{\"@type\":\"Person\",\"@id\":\"https:\\\/\\\/blogs.es.amnesty.org\\\/madrid\\\/#\\\/schema\\\/person\\\/d2312947a65c4b64623d42b82830dc7e\",\"name\":\"Comunicaci\u00f3n Madrid\",\"image\":{\"@type\":\"ImageObject\",\"inLanguage\":\"es\",\"@id\":\"https:\\\/\\\/secure.gravatar.com\\\/avatar\\\/8d37e48c089becf89fdc60d25295730c0ef5142123de6b87076ed30fd2bfeaea?s=96&d=https%3A%2F%2Fblogs.es.amnesty.org%2Ffiles%2Fuploads%2F2019%2F02%2Fanmistia-gravatar.jpg&r=g\",\"url\":\"https:\\\/\\\/secure.gravatar.com\\\/avatar\\\/8d37e48c089becf89fdc60d25295730c0ef5142123de6b87076ed30fd2bfeaea?s=96&d=https%3A%2F%2Fblogs.es.amnesty.org%2Ffiles%2Fuploads%2F2019%2F02%2Fanmistia-gravatar.jpg&r=g\",\"contentUrl\":\"https:\\\/\\\/secure.gravatar.com\\\/avatar\\\/8d37e48c089becf89fdc60d25295730c0ef5142123de6b87076ed30fd2bfeaea?s=96&d=https%3A%2F%2Fblogs.es.amnesty.org%2Ffiles%2Fuploads%2F2019%2F02%2Fanmistia-gravatar.jpg&r=g\",\"caption\":\"Comunicaci\u00f3n Madrid\"},\"description\":\"Este es el blog de Amnist\u00eda Internacional Madrid. Luchando por los derechos humanos desde finales del siglo XX\",\"url\":\"https:\\\/\\\/blogs.es.amnesty.org\\\/madrid\\\/autor\\\/comunicacionmad\\\/\"}]}<\/script>\n<!-- \/ Yoast SEO plugin. -->","yoast_head_json":{"title":"La Violencia Sexual est\u00e1 en todas partes, pero parece que no la queremos ver\u00a0 - Madrid","description":"Hoy en el D\u00eda Internacional contra la Violencia de G\u00e9nero, alertamos de la falta de pol\u00edticas y recursos que se destinan en Madrid contra esta lacra social","robots":{"index":"index","follow":"follow","max-snippet":"max-snippet:-1","max-image-preview":"max-image-preview:large","max-video-preview":"max-video-preview:-1"},"canonical":"https:\/\/blogs.es.amnesty.org\/madrid\/2019\/11\/25\/a-violencia-sexual-esta-en-todas-partes-pero-parece-que-no-la-queremos-ver\/","og_locale":"es_ES","og_type":"article","og_title":"La Violencia Sexual est\u00e1 en todas partes, pero parece que no la queremos ver\u00a0 - Madrid","og_description":"Hoy en el D\u00eda Internacional contra la Violencia de G\u00e9nero, alertamos de la falta de pol\u00edticas y recursos que se destinan en Madrid contra esta lacra social","og_url":"https:\/\/blogs.es.amnesty.org\/madrid\/2019\/11\/25\/a-violencia-sexual-esta-en-todas-partes-pero-parece-que-no-la-queremos-ver\/","og_site_name":"Madrid","article_published_time":"2019-11-25T19:39:05+00:00","article_modified_time":"2019-11-25T19:42:44+00:00","og_image":[{"width":768,"height":1024,"url":"https:\/\/blogs.es.amnesty.org\/files\/uploads\/sites\/4\/2019\/11\/unnamed.jpg","type":"image\/jpeg"}],"author":"Comunicaci\u00f3n Madrid","twitter_card":"summary_large_image","twitter_misc":{"Escrito por":"Comunicaci\u00f3n Madrid","Tiempo de lectura":"5 minutos"},"schema":{"@context":"https:\/\/schema.org","@graph":[{"@type":"Article","@id":"https:\/\/blogs.es.amnesty.org\/madrid\/2019\/11\/25\/a-violencia-sexual-esta-en-todas-partes-pero-parece-que-no-la-queremos-ver\/#article","isPartOf":{"@id":"https:\/\/blogs.es.amnesty.org\/madrid\/2019\/11\/25\/a-violencia-sexual-esta-en-todas-partes-pero-parece-que-no-la-queremos-ver\/"},"author":{"name":"Comunicaci\u00f3n Madrid","@id":"https:\/\/blogs.es.amnesty.org\/madrid\/#\/schema\/person\/d2312947a65c4b64623d42b82830dc7e"},"headline":"La Violencia Sexual est\u00e1 en todas partes, pero parece que no la queremos ver\u00a0","datePublished":"2019-11-25T19:39:05+00:00","dateModified":"2019-11-25T19:42:44+00:00","mainEntityOfPage":{"@id":"https:\/\/blogs.es.amnesty.org\/madrid\/2019\/11\/25\/a-violencia-sexual-esta-en-todas-partes-pero-parece-que-no-la-queremos-ver\/"},"wordCount":1054,"commentCount":0,"image":{"@id":"https:\/\/blogs.es.amnesty.org\/madrid\/2019\/11\/25\/a-violencia-sexual-esta-en-todas-partes-pero-parece-que-no-la-queremos-ver\/#primaryimage"},"thumbnailUrl":"https:\/\/blogs.es.amnesty.org\/files\/uploads\/sites\/4\/2019\/11\/unnamed.jpg","keywords":["Violencia de G\u00e9nero","Violencia Sexual"],"articleSection":["Mujer"],"inLanguage":"es","potentialAction":[{"@type":"CommentAction","name":"Comment","target":["https:\/\/blogs.es.amnesty.org\/madrid\/2019\/11\/25\/a-violencia-sexual-esta-en-todas-partes-pero-parece-que-no-la-queremos-ver\/#respond"]}]},{"@type":"WebPage","@id":"https:\/\/blogs.es.amnesty.org\/madrid\/2019\/11\/25\/a-violencia-sexual-esta-en-todas-partes-pero-parece-que-no-la-queremos-ver\/","url":"https:\/\/blogs.es.amnesty.org\/madrid\/2019\/11\/25\/a-violencia-sexual-esta-en-todas-partes-pero-parece-que-no-la-queremos-ver\/","name":"La Violencia Sexual est\u00e1 en todas partes, pero parece que no la queremos ver\u00a0 - Madrid","isPartOf":{"@id":"https:\/\/blogs.es.amnesty.org\/madrid\/#website"},"primaryImageOfPage":{"@id":"https:\/\/blogs.es.amnesty.org\/madrid\/2019\/11\/25\/a-violencia-sexual-esta-en-todas-partes-pero-parece-que-no-la-queremos-ver\/#primaryimage"},"image":{"@id":"https:\/\/blogs.es.amnesty.org\/madrid\/2019\/11\/25\/a-violencia-sexual-esta-en-todas-partes-pero-parece-que-no-la-queremos-ver\/#primaryimage"},"thumbnailUrl":"https:\/\/blogs.es.amnesty.org\/files\/uploads\/sites\/4\/2019\/11\/unnamed.jpg","datePublished":"2019-11-25T19:39:05+00:00","dateModified":"2019-11-25T19:42:44+00:00","author":{"@id":"https:\/\/blogs.es.amnesty.org\/madrid\/#\/schema\/person\/d2312947a65c4b64623d42b82830dc7e"},"description":"Hoy en el D\u00eda Internacional contra la Violencia de G\u00e9nero, alertamos de la falta de pol\u00edticas y recursos que se destinan en Madrid contra esta lacra social","breadcrumb":{"@id":"https:\/\/blogs.es.amnesty.org\/madrid\/2019\/11\/25\/a-violencia-sexual-esta-en-todas-partes-pero-parece-que-no-la-queremos-ver\/#breadcrumb"},"inLanguage":"es","potentialAction":[{"@type":"ReadAction","target":["https:\/\/blogs.es.amnesty.org\/madrid\/2019\/11\/25\/a-violencia-sexual-esta-en-todas-partes-pero-parece-que-no-la-queremos-ver\/"]}]},{"@type":"ImageObject","inLanguage":"es","@id":"https:\/\/blogs.es.amnesty.org\/madrid\/2019\/11\/25\/a-violencia-sexual-esta-en-todas-partes-pero-parece-que-no-la-queremos-ver\/#primaryimage","url":"https:\/\/blogs.es.amnesty.org\/files\/uploads\/sites\/4\/2019\/11\/unnamed.jpg","contentUrl":"https:\/\/blogs.es.amnesty.org\/files\/uploads\/sites\/4\/2019\/11\/unnamed.jpg","width":768,"height":1024},{"@type":"BreadcrumbList","@id":"https:\/\/blogs.es.amnesty.org\/madrid\/2019\/11\/25\/a-violencia-sexual-esta-en-todas-partes-pero-parece-que-no-la-queremos-ver\/#breadcrumb","itemListElement":[{"@type":"ListItem","position":1,"name":"Portada","item":"https:\/\/blogs.es.amnesty.org\/madrid\/"},{"@type":"ListItem","position":2,"name":"La Violencia Sexual est\u00e1 en todas partes, pero parece que no la queremos ver\u00a0"}]},{"@type":"WebSite","@id":"https:\/\/blogs.es.amnesty.org\/madrid\/#website","url":"https:\/\/blogs.es.amnesty.org\/madrid\/","name":"Madrid","description":"Blog de Amnist\u00eda Internacional Madrid","potentialAction":[{"@type":"SearchAction","target":{"@type":"EntryPoint","urlTemplate":"https:\/\/blogs.es.amnesty.org\/madrid\/?s={search_term_string}"},"query-input":{"@type":"PropertyValueSpecification","valueRequired":true,"valueName":"search_term_string"}}],"inLanguage":"es"},{"@type":"Person","@id":"https:\/\/blogs.es.amnesty.org\/madrid\/#\/schema\/person\/d2312947a65c4b64623d42b82830dc7e","name":"Comunicaci\u00f3n Madrid","image":{"@type":"ImageObject","inLanguage":"es","@id":"https:\/\/secure.gravatar.com\/avatar\/8d37e48c089becf89fdc60d25295730c0ef5142123de6b87076ed30fd2bfeaea?s=96&d=https%3A%2F%2Fblogs.es.amnesty.org%2Ffiles%2Fuploads%2F2019%2F02%2Fanmistia-gravatar.jpg&r=g","url":"https:\/\/secure.gravatar.com\/avatar\/8d37e48c089becf89fdc60d25295730c0ef5142123de6b87076ed30fd2bfeaea?s=96&d=https%3A%2F%2Fblogs.es.amnesty.org%2Ffiles%2Fuploads%2F2019%2F02%2Fanmistia-gravatar.jpg&r=g","contentUrl":"https:\/\/secure.gravatar.com\/avatar\/8d37e48c089becf89fdc60d25295730c0ef5142123de6b87076ed30fd2bfeaea?s=96&d=https%3A%2F%2Fblogs.es.amnesty.org%2Ffiles%2Fuploads%2F2019%2F02%2Fanmistia-gravatar.jpg&r=g","caption":"Comunicaci\u00f3n Madrid"},"description":"Este es el blog de Amnist\u00eda Internacional Madrid. Luchando por los derechos humanos desde finales del siglo XX","url":"https:\/\/blogs.es.amnesty.org\/madrid\/autor\/comunicacionmad\/"}]}},"_links":{"self":[{"href":"https:\/\/blogs.es.amnesty.org\/madrid\/wp-json\/wp\/v2\/posts\/2850","targetHints":{"allow":["GET"]}}],"collection":[{"href":"https:\/\/blogs.es.amnesty.org\/madrid\/wp-json\/wp\/v2\/posts"}],"about":[{"href":"https:\/\/blogs.es.amnesty.org\/madrid\/wp-json\/wp\/v2\/types\/post"}],"author":[{"embeddable":true,"href":"https:\/\/blogs.es.amnesty.org\/madrid\/wp-json\/wp\/v2\/users\/11"}],"replies":[{"embeddable":true,"href":"https:\/\/blogs.es.amnesty.org\/madrid\/wp-json\/wp\/v2\/comments?post=2850"}],"version-history":[{"count":0,"href":"https:\/\/blogs.es.amnesty.org\/madrid\/wp-json\/wp\/v2\/posts\/2850\/revisions"}],"wp:featuredmedia":[{"embeddable":true,"href":"https:\/\/blogs.es.amnesty.org\/madrid\/wp-json\/wp\/v2\/media\/2852"}],"wp:attachment":[{"href":"https:\/\/blogs.es.amnesty.org\/madrid\/wp-json\/wp\/v2\/media?parent=2850"}],"wp:term":[{"taxonomy":"category","embeddable":true,"href":"https:\/\/blogs.es.amnesty.org\/madrid\/wp-json\/wp\/v2\/categories?post=2850"},{"taxonomy":"post_tag","embeddable":true,"href":"https:\/\/blogs.es.amnesty.org\/madrid\/wp-json\/wp\/v2\/tags?post=2850"}],"curies":[{"name":"wp","href":"https:\/\/api.w.org\/{rel}","templated":true}]}}