{"id":3174,"date":"2020-05-10T09:59:03","date_gmt":"2020-05-10T09:59:03","guid":{"rendered":"http:\/\/blogs.es.amnesty.org\/madrid\/?p=3174"},"modified":"2020-06-28T11:01:15","modified_gmt":"2020-06-28T11:01:15","slug":"abrazos-ausentes-el-10-de-mayo-dia-de-las-madres-en-mexico","status":"publish","type":"post","link":"https:\/\/blogs.es.amnesty.org\/madrid\/2020\/05\/10\/abrazos-ausentes-el-10-de-mayo-dia-de-las-madres-en-mexico\/","title":{"rendered":"Abrazos ausentes el 10 de mayo, D\u00eda de las Madres en M\u00e9xico"},"content":{"rendered":"\n<h3 class=\"wp-block-heading\">Autora: Mariela V\u00e9lez Tirado, Amnist\u00eda Internacional Madrid<\/h3>\n\n\n\n<p class=\"has-drop-cap wp-block-paragraph\"><strong>En Mexico, desde 1922, el d\u00eda de las madres siempre se celebra el 10 de mayo.<\/strong> No importa el d\u00eda de la semana. Como ocurre en todas partes de nuestro mundo, el consumismo feroz&nbsp;arrastra a comprar un sinf\u00edn de regalos para agasajarlas. Pero, como bien sabemos las madres, <strong>no hay en el mundo mejor regalo para ese d\u00eda tan especial que el c\u00e1lido abrazo de un hijo o una hija<\/strong>. Aunque demos por sentado que ese sencillo regalo est\u00e1 al alcance de cualquiera, no siempre es as\u00ed. En Mexico son miles las madres que no han podido recibirlo. La raz\u00f3n es simple: <strong>sus hijos o hijas est\u00e1n desaparecidos. Sin m\u00e1s, sin causa ni justificaci\u00f3n.<\/strong> En la mayor parte de los casos, con total impunidad.&nbsp; Desde 2006 hasta ahora se cuentan <strong>m\u00e1s de 60.000 desaparecidos<\/strong> en el pa\u00eds.<\/p>\n\n\n\n<p class=\"wp-block-paragraph\">Uno de los casos m\u00e1s medi\u00e1ticos ha sido de <a href=\"https:\/\/www.amnesty.org\/es\/latest\/news\/2015\/09\/mexico-ayotzinapa-students-enforced-disappearance-in-10-shocking-figures\/\">los <strong>43 estudiantes de Ayotzinapa<\/strong><\/a>, Estado de Guerrero, que desaparecieron a finales de septiembre de 2014. Pero hay muchos m\u00e1s: <\/p>\n\n\n\n<ul class=\"wp-block-list\"><li>En Ciudad Cuauht\u00e9moc, Chihuahua, <strong>Jos\u00e9 Rosario Hern\u00e1ndez<\/strong> sali\u00f3 por la tarde en octubre de 2011 a visitar a una hermana.&nbsp; Nunca regres\u00f3.&nbsp; <\/li><\/ul>\n\n\n\n<ul class=\"wp-block-list\"><li><strong>Alfredo Quezada<\/strong>, ganadero y agricultor de 36 a\u00f1os, sali\u00f3 el 23 de febrero de 2010 a recoger un perro que le hab\u00edan regalado. Desapareci\u00f3. <\/li><\/ul>\n\n\n\n<ul class=\"wp-block-list\"><li><strong>Eudor Osiris<\/strong> estaba el 20 de noviembre de 2013 con unos amigos en la inauguraci\u00f3n de un sal\u00f3n de baile en el poblado cercano. Desapareci\u00f3. <\/li><\/ul>\n\n\n\n<p class=\"wp-block-paragraph\">Las familias no han vuelto a tener noticias de ninguno de ellos. <strong><a href=\"https:\/\/www.amnesty.org\/es\/documents\/amr41\/3150\/2016\/es374\/\">Y as\u00ed podr\u00edamos seguir enumerando casos hasta sumar 60.000<\/a><\/strong>. <\/p>\n\n\n\n<h2 class=\"wp-block-heading\">\u00bfPor qu\u00e9 ocurre esto?&nbsp; <\/h2>\n\n\n\n<p class=\"wp-block-paragraph\">\u00bfQu\u00e9 se puede hacer para evitarlo? Es evidente que los problemas son m\u00faltiples y complejos y muchas las causas de las desapariciones forzadas. Detr\u00e1s de esta pesadilla existe un <strong>tenebroso entramado constituido por aparatos del estado, gobiernos municipales, estatales y federales, jueces, fiscales, militares y polic\u00edas, al igual que empresas transnacionales, c\u00e1rteles y bandas dedicados al crimen organizado<\/strong>. Una situaci\u00f3n compleja imposible de abordar de forma sencilla.&nbsp;<\/p>\n\n\n\n<p class=\"wp-block-paragraph\">Pero cualquier soluci\u00f3n pasa porque las autoridades del pa\u00eds asuman su deber de buscar a las personas desaparecidas, investiguen los hechos, lleven a los responsables ante la justicia y reparen a las v\u00edctimas. Igual de importante es tambi\u00e9n que <strong>desarrollen pol\u00edticas p\u00fablicas que prevengan futuras desapariciones<\/strong>.&nbsp;&nbsp;&nbsp;&nbsp;<\/p>\n\n\n\n<figure class=\"wp-block-image is-resized\"><img loading=\"lazy\" decoding=\"async\" src=\"https:\/\/docs.google.com\/drawings\/u\/0\/d\/sQEggvC0mvSvoXdRFgnXvDw\/image?w=1067&amp;h=191&amp;rev=1&amp;ac=1&amp;parent=1FJeXOe_nASh3bhYY1wyPkYCyY3jLrGdh2xLjkOKIHRc\" alt=\"\" width=\"1140\" height=\"203\" \/><\/figure>\n\n\n\n<p class=\"wp-block-paragraph\">Se han creado ciertas normas y organismos que avanzan en esa direcci\u00f3n. En noviembre de <strong>2017 se aprob\u00f3 una ley general en materia de desaparici\u00f3n forzada<\/strong>. En 2018 se cre\u00f3 la <a href=\"http:\/\/www.comisionayotzinapa.segob.gob.mx\/es\/Comision_para_la_Verdad\/\">Comisi\u00f3n Nacional de B\u00fasqueda y la Comisi\u00f3n especial del caso Ayotzinapa<\/a>.<\/p>\n\n\n\n<p class=\"wp-block-paragraph\">Pero queda mucho por hacer para que estas normativas y organismos sean operativas. A d\u00eda de hoy, por ejemplo, la Comisi\u00f3n Nacional de B\u00fasqueda todav\u00eda no publica cifras fiables sobre los desaparecidos. Es importante mantener la presi\u00f3n para que estos t\u00edmidos avances se consoliden y se extiendan. <\/p>\n\n\n\n<figure class=\"wp-block-image size-large\"><img loading=\"lazy\" decoding=\"async\" width=\"1044\" height=\"1046\" src=\"https:\/\/blogs.es.amnesty.org\/files\/uploads\/sites\/4\/2020\/05\/Invitaci\u00f3n-a-Marcha-Virtual-1044x1046.png\" alt=\"Cartel de Amnist\u00eda Internacional que reza: &quot;El 10 de mayo es d\u00eda de las madres en M\u00e9xico, pero para muchas mam\u00e1s no hay nada que celebrar. Te invitamos a marchar de forma individual en solidaridad con las madres de las personas desaparecidas en M\u00e9xico&quot;. #HastaEncontrarles #CorazonesEnMarcha\" class=\"wp-image-3180\" srcset=\"https:\/\/blogs.es.amnesty.org\/files\/uploads\/sites\/4\/2020\/05\/Invitaci\u00f3n-a-Marcha-Virtual-1044x1046.png 1044w, https:\/\/blogs.es.amnesty.org\/files\/uploads\/sites\/4\/2020\/05\/Invitaci\u00f3n-a-Marcha-Virtual-569x570.png 569w, https:\/\/blogs.es.amnesty.org\/files\/uploads\/sites\/4\/2020\/05\/Invitaci\u00f3n-a-Marcha-Virtual-768x769.png 768w, https:\/\/blogs.es.amnesty.org\/files\/uploads\/sites\/4\/2020\/05\/Invitaci\u00f3n-a-Marcha-Virtual.png 1198w\" sizes=\"auto, (max-width: 1044px) 100vw, 1044px\" \/><\/figure>\n\n\n\n<p class=\"wp-block-paragraph\">Amnist\u00eda Internacional lleva muchos a\u00f1os <strong>documentando, denunciando y siguiendo muchos casos de personas desaparecidas<\/strong>. Ejerce una continua presi\u00f3n al gobierno para que las nuevas leyes se ajusten a los m\u00e1s altos est\u00e1ndares internacionales y se implementen con todo rigor y eficacia.&nbsp; Exige tambi\u00e9n el derecho a que las v\u00edctimas sean reparadas, en la medida de lo posible, por estos horrendos cr\u00edmenes. <strong>Trabajamos incansablemente para ayudar a coser tantos y tantos abrazos rotos.<\/strong><\/p>\n","protected":false},"excerpt":{"rendered":"<p>En este d\u00eda tan especial, las madres de las miles de personas desaparecidas en el pa\u00eds americano siguen luchando incansablemente por encontrar a los 60.000 hijos e hijas desaparecidos desde 2006.<\/p>\n","protected":false},"author":18,"featured_media":3179,"comment_status":"open","ping_status":"open","sticky":false,"template":"","format":"standard","meta":{"_acf_changed":false,"footnotes":"","_members_access_role":[],"_members_access_error":""},"categories":[38],"tags":[58,161,160,65],"class_list":["post-3174","post","type-post","status-publish","format-standard","has-post-thumbnail","hentry","category-defensoresas-de-derechos-humanos","tag-america-latina","tag-desaparecidos","tag-madres","tag-mexico"],"acf":[],"yoast_head":"<!-- This site is optimized with the Yoast SEO plugin v28.2 - https:\/\/yoast.com\/product\/yoast-seo-wordpress\/ -->\n<title>Abrazos ausentes el 10 de mayo, D\u00eda de las Madres en M\u00e9xico - Madrid<\/title>\n<meta name=\"robots\" content=\"index, follow, max-snippet:-1, max-image-preview:large, max-video-preview:-1\" \/>\n<link rel=\"canonical\" href=\"https:\/\/blogs.es.amnesty.org\/madrid\/2020\/05\/10\/abrazos-ausentes-el-10-de-mayo-dia-de-las-madres-en-mexico\/\" \/>\n<meta property=\"og:locale\" content=\"es_ES\" \/>\n<meta property=\"og:type\" content=\"article\" \/>\n<meta property=\"og:title\" content=\"Abrazos ausentes el 10 de mayo, D\u00eda de las Madres en M\u00e9xico - Madrid\" \/>\n<meta property=\"og:description\" content=\"En este d\u00eda tan especial, las madres de las miles de personas desaparecidas en el pa\u00eds americano siguen luchando incansablemente por encontrar a los 60.000 hijos e hijas desaparecidos desde 2006.\" \/>\n<meta property=\"og:url\" content=\"https:\/\/blogs.es.amnesty.org\/madrid\/2020\/05\/10\/abrazos-ausentes-el-10-de-mayo-dia-de-las-madres-en-mexico\/\" \/>\n<meta property=\"og:site_name\" content=\"Madrid\" \/>\n<meta property=\"article:published_time\" content=\"2020-05-10T09:59:03+00:00\" \/>\n<meta property=\"article:modified_time\" content=\"2020-06-28T11:01:15+00:00\" \/>\n<meta property=\"og:image\" content=\"https:\/\/blogs.es.amnesty.org\/files\/uploads\/sites\/4\/2020\/05\/Madre-M\u00e9xico-desaparecido.jpg\" \/>\n\t<meta property=\"og:image:width\" content=\"1002\" \/>\n\t<meta property=\"og:image:height\" content=\"659\" \/>\n\t<meta property=\"og:image:type\" content=\"image\/jpeg\" \/>\n<meta name=\"author\" content=\"Equipo Am\u00e9rica Latina\" \/>\n<meta name=\"twitter:card\" content=\"summary_large_image\" \/>\n<meta name=\"twitter:label1\" content=\"Escrito por\" \/>\n\t<meta name=\"twitter:data1\" content=\"Equipo Am\u00e9rica Latina\" \/>\n\t<meta name=\"twitter:label2\" content=\"Tiempo de lectura\" \/>\n\t<meta name=\"twitter:data2\" content=\"3 minutos\" \/>\n<script type=\"application\/ld+json\" class=\"yoast-schema-graph\">{\"@context\":\"https:\\\/\\\/schema.org\",\"@graph\":[{\"@type\":\"Article\",\"@id\":\"https:\\\/\\\/blogs.es.amnesty.org\\\/madrid\\\/2020\\\/05\\\/10\\\/abrazos-ausentes-el-10-de-mayo-dia-de-las-madres-en-mexico\\\/#article\",\"isPartOf\":{\"@id\":\"https:\\\/\\\/blogs.es.amnesty.org\\\/madrid\\\/2020\\\/05\\\/10\\\/abrazos-ausentes-el-10-de-mayo-dia-de-las-madres-en-mexico\\\/\"},\"author\":{\"name\":\"Equipo Am\u00e9rica Latina\",\"@id\":\"https:\\\/\\\/blogs.es.amnesty.org\\\/madrid\\\/#\\\/schema\\\/person\\\/023df525ca785b8634217879ba06665b\"},\"headline\":\"Abrazos ausentes el 10 de mayo, D\u00eda de las Madres en M\u00e9xico\",\"datePublished\":\"2020-05-10T09:59:03+00:00\",\"dateModified\":\"2020-06-28T11:01:15+00:00\",\"mainEntityOfPage\":{\"@id\":\"https:\\\/\\\/blogs.es.amnesty.org\\\/madrid\\\/2020\\\/05\\\/10\\\/abrazos-ausentes-el-10-de-mayo-dia-de-las-madres-en-mexico\\\/\"},\"wordCount\":606,\"commentCount\":0,\"image\":{\"@id\":\"https:\\\/\\\/blogs.es.amnesty.org\\\/madrid\\\/2020\\\/05\\\/10\\\/abrazos-ausentes-el-10-de-mayo-dia-de-las-madres-en-mexico\\\/#primaryimage\"},\"thumbnailUrl\":\"https:\\\/\\\/blogs.es.amnesty.org\\\/files\\\/uploads\\\/sites\\\/4\\\/2020\\\/05\\\/Madre-M\u00e9xico-desaparecido.jpg\",\"keywords\":[\"Am\u00e9rica Latina\",\"Desaparecidos\",\"Madres\",\"M\u00e9xico\"],\"articleSection\":[\"Defensores\\\/as de Derechos Humanos\"],\"inLanguage\":\"es\",\"potentialAction\":[{\"@type\":\"CommentAction\",\"name\":\"Comment\",\"target\":[\"https:\\\/\\\/blogs.es.amnesty.org\\\/madrid\\\/2020\\\/05\\\/10\\\/abrazos-ausentes-el-10-de-mayo-dia-de-las-madres-en-mexico\\\/#respond\"]}]},{\"@type\":\"WebPage\",\"@id\":\"https:\\\/\\\/blogs.es.amnesty.org\\\/madrid\\\/2020\\\/05\\\/10\\\/abrazos-ausentes-el-10-de-mayo-dia-de-las-madres-en-mexico\\\/\",\"url\":\"https:\\\/\\\/blogs.es.amnesty.org\\\/madrid\\\/2020\\\/05\\\/10\\\/abrazos-ausentes-el-10-de-mayo-dia-de-las-madres-en-mexico\\\/\",\"name\":\"Abrazos ausentes el 10 de mayo, D\u00eda de las Madres en M\u00e9xico - Madrid\",\"isPartOf\":{\"@id\":\"https:\\\/\\\/blogs.es.amnesty.org\\\/madrid\\\/#website\"},\"primaryImageOfPage\":{\"@id\":\"https:\\\/\\\/blogs.es.amnesty.org\\\/madrid\\\/2020\\\/05\\\/10\\\/abrazos-ausentes-el-10-de-mayo-dia-de-las-madres-en-mexico\\\/#primaryimage\"},\"image\":{\"@id\":\"https:\\\/\\\/blogs.es.amnesty.org\\\/madrid\\\/2020\\\/05\\\/10\\\/abrazos-ausentes-el-10-de-mayo-dia-de-las-madres-en-mexico\\\/#primaryimage\"},\"thumbnailUrl\":\"https:\\\/\\\/blogs.es.amnesty.org\\\/files\\\/uploads\\\/sites\\\/4\\\/2020\\\/05\\\/Madre-M\u00e9xico-desaparecido.jpg\",\"datePublished\":\"2020-05-10T09:59:03+00:00\",\"dateModified\":\"2020-06-28T11:01:15+00:00\",\"author\":{\"@id\":\"https:\\\/\\\/blogs.es.amnesty.org\\\/madrid\\\/#\\\/schema\\\/person\\\/023df525ca785b8634217879ba06665b\"},\"breadcrumb\":{\"@id\":\"https:\\\/\\\/blogs.es.amnesty.org\\\/madrid\\\/2020\\\/05\\\/10\\\/abrazos-ausentes-el-10-de-mayo-dia-de-las-madres-en-mexico\\\/#breadcrumb\"},\"inLanguage\":\"es\",\"potentialAction\":[{\"@type\":\"ReadAction\",\"target\":[\"https:\\\/\\\/blogs.es.amnesty.org\\\/madrid\\\/2020\\\/05\\\/10\\\/abrazos-ausentes-el-10-de-mayo-dia-de-las-madres-en-mexico\\\/\"]}]},{\"@type\":\"ImageObject\",\"inLanguage\":\"es\",\"@id\":\"https:\\\/\\\/blogs.es.amnesty.org\\\/madrid\\\/2020\\\/05\\\/10\\\/abrazos-ausentes-el-10-de-mayo-dia-de-las-madres-en-mexico\\\/#primaryimage\",\"url\":\"https:\\\/\\\/blogs.es.amnesty.org\\\/files\\\/uploads\\\/sites\\\/4\\\/2020\\\/05\\\/Madre-M\u00e9xico-desaparecido.jpg\",\"contentUrl\":\"https:\\\/\\\/blogs.es.amnesty.org\\\/files\\\/uploads\\\/sites\\\/4\\\/2020\\\/05\\\/Madre-M\u00e9xico-desaparecido.jpg\",\"width\":1002,\"height\":659,\"caption\":\"Una mujer mejicana est\u00e1 escribiendo en un cartel situado en la calle: \\\"Hijo, escucha, tu madre est\u00e1...\\\"\"},{\"@type\":\"BreadcrumbList\",\"@id\":\"https:\\\/\\\/blogs.es.amnesty.org\\\/madrid\\\/2020\\\/05\\\/10\\\/abrazos-ausentes-el-10-de-mayo-dia-de-las-madres-en-mexico\\\/#breadcrumb\",\"itemListElement\":[{\"@type\":\"ListItem\",\"position\":1,\"name\":\"Portada\",\"item\":\"https:\\\/\\\/blogs.es.amnesty.org\\\/madrid\\\/\"},{\"@type\":\"ListItem\",\"position\":2,\"name\":\"Abrazos ausentes el 10 de mayo, D\u00eda de las Madres en M\u00e9xico\"}]},{\"@type\":\"WebSite\",\"@id\":\"https:\\\/\\\/blogs.es.amnesty.org\\\/madrid\\\/#website\",\"url\":\"https:\\\/\\\/blogs.es.amnesty.org\\\/madrid\\\/\",\"name\":\"Madrid\",\"description\":\"Blog de Amnist\u00eda Internacional Madrid\",\"potentialAction\":[{\"@type\":\"SearchAction\",\"target\":{\"@type\":\"EntryPoint\",\"urlTemplate\":\"https:\\\/\\\/blogs.es.amnesty.org\\\/madrid\\\/?s={search_term_string}\"},\"query-input\":{\"@type\":\"PropertyValueSpecification\",\"valueRequired\":true,\"valueName\":\"search_term_string\"}}],\"inLanguage\":\"es\"},{\"@type\":\"Person\",\"@id\":\"https:\\\/\\\/blogs.es.amnesty.org\\\/madrid\\\/#\\\/schema\\\/person\\\/023df525ca785b8634217879ba06665b\",\"name\":\"Equipo Am\u00e9rica Latina\",\"image\":{\"@type\":\"ImageObject\",\"inLanguage\":\"es\",\"@id\":\"https:\\\/\\\/secure.gravatar.com\\\/avatar\\\/2925f34ca3fca39a28e5fc8045e78ec3b9844343dbe46b6e44d1b514fe1572e2?s=96&d=https%3A%2F%2Fblogs.es.amnesty.org%2Ffiles%2Fuploads%2F2019%2F02%2Fanmistia-gravatar.jpg&r=g\",\"url\":\"https:\\\/\\\/secure.gravatar.com\\\/avatar\\\/2925f34ca3fca39a28e5fc8045e78ec3b9844343dbe46b6e44d1b514fe1572e2?s=96&d=https%3A%2F%2Fblogs.es.amnesty.org%2Ffiles%2Fuploads%2F2019%2F02%2Fanmistia-gravatar.jpg&r=g\",\"contentUrl\":\"https:\\\/\\\/secure.gravatar.com\\\/avatar\\\/2925f34ca3fca39a28e5fc8045e78ec3b9844343dbe46b6e44d1b514fe1572e2?s=96&d=https%3A%2F%2Fblogs.es.amnesty.org%2Ffiles%2Fuploads%2F2019%2F02%2Fanmistia-gravatar.jpg&r=g\",\"caption\":\"Equipo Am\u00e9rica Latina\"},\"url\":\"https:\\\/\\\/blogs.es.amnesty.org\\\/madrid\\\/autor\\\/americalatina\\\/\"}]}<\/script>\n<!-- \/ Yoast SEO plugin. -->","yoast_head_json":{"title":"Abrazos ausentes el 10 de mayo, D\u00eda de las Madres en M\u00e9xico - Madrid","robots":{"index":"index","follow":"follow","max-snippet":"max-snippet:-1","max-image-preview":"max-image-preview:large","max-video-preview":"max-video-preview:-1"},"canonical":"https:\/\/blogs.es.amnesty.org\/madrid\/2020\/05\/10\/abrazos-ausentes-el-10-de-mayo-dia-de-las-madres-en-mexico\/","og_locale":"es_ES","og_type":"article","og_title":"Abrazos ausentes el 10 de mayo, D\u00eda de las Madres en M\u00e9xico - Madrid","og_description":"En este d\u00eda tan especial, las madres de las miles de personas desaparecidas en el pa\u00eds americano siguen luchando incansablemente por encontrar a los 60.000 hijos e hijas desaparecidos desde 2006.","og_url":"https:\/\/blogs.es.amnesty.org\/madrid\/2020\/05\/10\/abrazos-ausentes-el-10-de-mayo-dia-de-las-madres-en-mexico\/","og_site_name":"Madrid","article_published_time":"2020-05-10T09:59:03+00:00","article_modified_time":"2020-06-28T11:01:15+00:00","og_image":[{"width":1002,"height":659,"url":"https:\/\/blogs.es.amnesty.org\/files\/uploads\/sites\/4\/2020\/05\/Madre-M\u00e9xico-desaparecido.jpg","type":"image\/jpeg"}],"author":"Equipo Am\u00e9rica Latina","twitter_card":"summary_large_image","twitter_misc":{"Escrito por":"Equipo Am\u00e9rica Latina","Tiempo de lectura":"3 minutos"},"schema":{"@context":"https:\/\/schema.org","@graph":[{"@type":"Article","@id":"https:\/\/blogs.es.amnesty.org\/madrid\/2020\/05\/10\/abrazos-ausentes-el-10-de-mayo-dia-de-las-madres-en-mexico\/#article","isPartOf":{"@id":"https:\/\/blogs.es.amnesty.org\/madrid\/2020\/05\/10\/abrazos-ausentes-el-10-de-mayo-dia-de-las-madres-en-mexico\/"},"author":{"name":"Equipo Am\u00e9rica Latina","@id":"https:\/\/blogs.es.amnesty.org\/madrid\/#\/schema\/person\/023df525ca785b8634217879ba06665b"},"headline":"Abrazos ausentes el 10 de mayo, D\u00eda de las Madres en M\u00e9xico","datePublished":"2020-05-10T09:59:03+00:00","dateModified":"2020-06-28T11:01:15+00:00","mainEntityOfPage":{"@id":"https:\/\/blogs.es.amnesty.org\/madrid\/2020\/05\/10\/abrazos-ausentes-el-10-de-mayo-dia-de-las-madres-en-mexico\/"},"wordCount":606,"commentCount":0,"image":{"@id":"https:\/\/blogs.es.amnesty.org\/madrid\/2020\/05\/10\/abrazos-ausentes-el-10-de-mayo-dia-de-las-madres-en-mexico\/#primaryimage"},"thumbnailUrl":"https:\/\/blogs.es.amnesty.org\/files\/uploads\/sites\/4\/2020\/05\/Madre-M\u00e9xico-desaparecido.jpg","keywords":["Am\u00e9rica Latina","Desaparecidos","Madres","M\u00e9xico"],"articleSection":["Defensores\/as de Derechos Humanos"],"inLanguage":"es","potentialAction":[{"@type":"CommentAction","name":"Comment","target":["https:\/\/blogs.es.amnesty.org\/madrid\/2020\/05\/10\/abrazos-ausentes-el-10-de-mayo-dia-de-las-madres-en-mexico\/#respond"]}]},{"@type":"WebPage","@id":"https:\/\/blogs.es.amnesty.org\/madrid\/2020\/05\/10\/abrazos-ausentes-el-10-de-mayo-dia-de-las-madres-en-mexico\/","url":"https:\/\/blogs.es.amnesty.org\/madrid\/2020\/05\/10\/abrazos-ausentes-el-10-de-mayo-dia-de-las-madres-en-mexico\/","name":"Abrazos ausentes el 10 de mayo, D\u00eda de las Madres en M\u00e9xico - Madrid","isPartOf":{"@id":"https:\/\/blogs.es.amnesty.org\/madrid\/#website"},"primaryImageOfPage":{"@id":"https:\/\/blogs.es.amnesty.org\/madrid\/2020\/05\/10\/abrazos-ausentes-el-10-de-mayo-dia-de-las-madres-en-mexico\/#primaryimage"},"image":{"@id":"https:\/\/blogs.es.amnesty.org\/madrid\/2020\/05\/10\/abrazos-ausentes-el-10-de-mayo-dia-de-las-madres-en-mexico\/#primaryimage"},"thumbnailUrl":"https:\/\/blogs.es.amnesty.org\/files\/uploads\/sites\/4\/2020\/05\/Madre-M\u00e9xico-desaparecido.jpg","datePublished":"2020-05-10T09:59:03+00:00","dateModified":"2020-06-28T11:01:15+00:00","author":{"@id":"https:\/\/blogs.es.amnesty.org\/madrid\/#\/schema\/person\/023df525ca785b8634217879ba06665b"},"breadcrumb":{"@id":"https:\/\/blogs.es.amnesty.org\/madrid\/2020\/05\/10\/abrazos-ausentes-el-10-de-mayo-dia-de-las-madres-en-mexico\/#breadcrumb"},"inLanguage":"es","potentialAction":[{"@type":"ReadAction","target":["https:\/\/blogs.es.amnesty.org\/madrid\/2020\/05\/10\/abrazos-ausentes-el-10-de-mayo-dia-de-las-madres-en-mexico\/"]}]},{"@type":"ImageObject","inLanguage":"es","@id":"https:\/\/blogs.es.amnesty.org\/madrid\/2020\/05\/10\/abrazos-ausentes-el-10-de-mayo-dia-de-las-madres-en-mexico\/#primaryimage","url":"https:\/\/blogs.es.amnesty.org\/files\/uploads\/sites\/4\/2020\/05\/Madre-M\u00e9xico-desaparecido.jpg","contentUrl":"https:\/\/blogs.es.amnesty.org\/files\/uploads\/sites\/4\/2020\/05\/Madre-M\u00e9xico-desaparecido.jpg","width":1002,"height":659,"caption":"Una mujer mejicana est\u00e1 escribiendo en un cartel situado en la calle: \"Hijo, escucha, tu madre est\u00e1...\""},{"@type":"BreadcrumbList","@id":"https:\/\/blogs.es.amnesty.org\/madrid\/2020\/05\/10\/abrazos-ausentes-el-10-de-mayo-dia-de-las-madres-en-mexico\/#breadcrumb","itemListElement":[{"@type":"ListItem","position":1,"name":"Portada","item":"https:\/\/blogs.es.amnesty.org\/madrid\/"},{"@type":"ListItem","position":2,"name":"Abrazos ausentes el 10 de mayo, D\u00eda de las Madres en M\u00e9xico"}]},{"@type":"WebSite","@id":"https:\/\/blogs.es.amnesty.org\/madrid\/#website","url":"https:\/\/blogs.es.amnesty.org\/madrid\/","name":"Madrid","description":"Blog de Amnist\u00eda Internacional Madrid","potentialAction":[{"@type":"SearchAction","target":{"@type":"EntryPoint","urlTemplate":"https:\/\/blogs.es.amnesty.org\/madrid\/?s={search_term_string}"},"query-input":{"@type":"PropertyValueSpecification","valueRequired":true,"valueName":"search_term_string"}}],"inLanguage":"es"},{"@type":"Person","@id":"https:\/\/blogs.es.amnesty.org\/madrid\/#\/schema\/person\/023df525ca785b8634217879ba06665b","name":"Equipo Am\u00e9rica Latina","image":{"@type":"ImageObject","inLanguage":"es","@id":"https:\/\/secure.gravatar.com\/avatar\/2925f34ca3fca39a28e5fc8045e78ec3b9844343dbe46b6e44d1b514fe1572e2?s=96&d=https%3A%2F%2Fblogs.es.amnesty.org%2Ffiles%2Fuploads%2F2019%2F02%2Fanmistia-gravatar.jpg&r=g","url":"https:\/\/secure.gravatar.com\/avatar\/2925f34ca3fca39a28e5fc8045e78ec3b9844343dbe46b6e44d1b514fe1572e2?s=96&d=https%3A%2F%2Fblogs.es.amnesty.org%2Ffiles%2Fuploads%2F2019%2F02%2Fanmistia-gravatar.jpg&r=g","contentUrl":"https:\/\/secure.gravatar.com\/avatar\/2925f34ca3fca39a28e5fc8045e78ec3b9844343dbe46b6e44d1b514fe1572e2?s=96&d=https%3A%2F%2Fblogs.es.amnesty.org%2Ffiles%2Fuploads%2F2019%2F02%2Fanmistia-gravatar.jpg&r=g","caption":"Equipo Am\u00e9rica Latina"},"url":"https:\/\/blogs.es.amnesty.org\/madrid\/autor\/americalatina\/"}]}},"_links":{"self":[{"href":"https:\/\/blogs.es.amnesty.org\/madrid\/wp-json\/wp\/v2\/posts\/3174","targetHints":{"allow":["GET"]}}],"collection":[{"href":"https:\/\/blogs.es.amnesty.org\/madrid\/wp-json\/wp\/v2\/posts"}],"about":[{"href":"https:\/\/blogs.es.amnesty.org\/madrid\/wp-json\/wp\/v2\/types\/post"}],"author":[{"embeddable":true,"href":"https:\/\/blogs.es.amnesty.org\/madrid\/wp-json\/wp\/v2\/users\/18"}],"replies":[{"embeddable":true,"href":"https:\/\/blogs.es.amnesty.org\/madrid\/wp-json\/wp\/v2\/comments?post=3174"}],"version-history":[{"count":0,"href":"https:\/\/blogs.es.amnesty.org\/madrid\/wp-json\/wp\/v2\/posts\/3174\/revisions"}],"wp:featuredmedia":[{"embeddable":true,"href":"https:\/\/blogs.es.amnesty.org\/madrid\/wp-json\/wp\/v2\/media\/3179"}],"wp:attachment":[{"href":"https:\/\/blogs.es.amnesty.org\/madrid\/wp-json\/wp\/v2\/media?parent=3174"}],"wp:term":[{"taxonomy":"category","embeddable":true,"href":"https:\/\/blogs.es.amnesty.org\/madrid\/wp-json\/wp\/v2\/categories?post=3174"},{"taxonomy":"post_tag","embeddable":true,"href":"https:\/\/blogs.es.amnesty.org\/madrid\/wp-json\/wp\/v2\/tags?post=3174"}],"curies":[{"name":"wp","href":"https:\/\/api.w.org\/{rel}","templated":true}]}}