{"id":3199,"date":"2020-05-23T08:52:15","date_gmt":"2020-05-23T08:52:15","guid":{"rendered":"http:\/\/blogs.es.amnesty.org\/madrid\/?p=3199"},"modified":"2020-05-23T10:13:16","modified_gmt":"2020-05-23T10:13:16","slug":"welcome-to-iran-un-pueblo-silenciado","status":"publish","type":"post","link":"https:\/\/blogs.es.amnesty.org\/madrid\/2020\/05\/23\/welcome-to-iran-un-pueblo-silenciado\/","title":{"rendered":"Welcome to Ir\u00e1n: un pueblo silenciado"},"content":{"rendered":"\n<h3 class=\"wp-block-heading\">Autora: Luc\u00eda Cort\u00e9s, Equipo MENA de Amnist\u00eda Internacional Madrid<\/h3>\n\n\n\n<p class=\"wp-block-paragraph\">El art\u00edculo 19 de la Declaraci\u00f3n Universal de los Derechos Humanos expresa claramente que <strong>todo ser humano tiene derecho a la libertad de opini\u00f3n y de expresi\u00f3n<\/strong>. Por desgracia, ha quedado ampliamente comprobado que no todos los gobierno est\u00e1n al corriente de este derecho y que lo pisotean a trav\u00e9s de leyes, acciones e inacciones. <strong>La situaci\u00f3n es especialmente preocupante en Ir\u00e1n.&nbsp;<\/strong><\/p>\n\n\n\n<p class=\"wp-block-paragraph\">Como queda patente en el \u00faltimo Informe Global de Amnist\u00eda, sistem\u00e1ticamente tenemos noticias de <strong>la represi\u00f3n por parte del Gobierno iran\u00ed de protestas y manifestaciones<\/strong>. \u00c9stas se saldan con <strong>detenciones arbitrarias y el uso excesivo de la fuerza<\/strong> por parte de unos cuerpos de seguridad que se suponen que deber\u00edan proteger a la poblaci\u00f3n. En cambio, hay constancia de<a href=\"https:\/\/www.amnesty.org\/es\/latest\/news\/2019\/12\/iran-thousands-arbitrarily-detained-and-at-risk-of-torture-in-chilling-post-protest-crackdown\/\"> m\u00e1s de 300 muertes durante las protestas del a\u00f1o pasado<\/a> en el pa\u00eds, adem\u00e1s de personas torturadas y desaparecidas. Todo por ejercer su derecho a la libertad de expresi\u00f3n, por exigir mejoras para su pa\u00eds y sus vidas. Un ejemplo claro de esa voluntad de reprimir el derecho a la libertad de expresi\u00f3n lo encontramos en el<strong> cierre de Internet <\/strong>durante ese tiempo.&nbsp;<\/p>\n\n\n\n<p class=\"wp-block-paragraph\">Redes sociales (Facebook, Twitter, Telegram, Youtube\u2026) que en este lado del mundo nos parecen tan comunes e inofensivas, en Ir\u00e1n son bloqueadas. <strong>Personas con cuentas de Instagram conocidas son interrogadas por las autoridades<\/strong>. Otras son detenidas por escribir tuits que no les gustan.&nbsp;<\/p>\n\n\n\n<figure class=\"wp-block-image size-large\"><img loading=\"lazy\" decoding=\"async\" width=\"1044\" height=\"438\" src=\"https:\/\/blogs.es.amnesty.org\/files\/uploads\/sites\/4\/2020\/05\/Foto-Ir\u00e1n-1.-Chicos-en-moto-1044x438.png\" alt=\"Dos chicos en una moto en medio de un ambiente de revueltas en el que se ve una muchedumbre y dos fuegos prendidos\" class=\"wp-image-3202\" srcset=\"https:\/\/blogs.es.amnesty.org\/files\/uploads\/sites\/4\/2020\/05\/Foto-Ir\u00e1n-1.-Chicos-en-moto-1044x438.png 1044w, https:\/\/blogs.es.amnesty.org\/files\/uploads\/sites\/4\/2020\/05\/Foto-Ir\u00e1n-1.-Chicos-en-moto-770x323.png 770w, https:\/\/blogs.es.amnesty.org\/files\/uploads\/sites\/4\/2020\/05\/Foto-Ir\u00e1n-1.-Chicos-en-moto-768x323.png 768w, https:\/\/blogs.es.amnesty.org\/files\/uploads\/sites\/4\/2020\/05\/Foto-Ir\u00e1n-1.-Chicos-en-moto.png 1262w\" sizes=\"auto, (max-width: 1044px) 100vw, 1044px\" \/><\/figure>\n\n\n\n<p class=\"wp-block-paragraph\">La crisis sanitaria derivada del COVID-19 no ha mejorado precisamente la situaci\u00f3n. Tenemos el caso de <a href=\"https:\/\/www.es.amnesty.org\/en-que-estamos\/noticias\/noticia\/articulo\/iran-ante-el-temor-que-suscita-el-coronavirus-nazanin-zaghari-ratcliffe-debe-ser-puesta-en-libertad\/\">Nazanin Zaghari-Ratcliffe<\/a>, cuya liberaci\u00f3n exige Amnist\u00eda Internacional. Es presa de conciencia en una c\u00e1rcel iran\u00ed donde se sospecha que podr\u00eda haber contra\u00eddo el virus. <strong>Nazanin es trabajadora de una ONG y fue sometida a un juicio sin garant\u00edas en el que se le declar\u00f3 culpable de pertenecer a un grupo ilegal. Est\u00e1 encarcelada por ejercer su derecho a la libertad de expresi\u00f3n y de asociaci\u00f3n.<\/strong> Ese art\u00edculo 19 que nos ampara a todos los seres humanos y que las autoridades iran\u00edes insisten en negar.&nbsp;<\/p>\n\n\n\n<p class=\"wp-block-paragraph\"><a href=\"https:\/\/blogs.es.amnesty.org\/madrid\/2020\/04\/24\/poesia-y-libertad-de-expresion-en-la-region-de-medio-oriente-y-norte-de-africa\/\">Durante el recital de poes\u00eda<\/a> que organizamos en noviembre, la activista iran\u00ed por los derechos humanos Nilufar Saberi nos ley\u00f3 algunos versos de <strong><em>Eterno Anochecer<\/em>, la antolog\u00eda po\u00e9tica de Forugh Farrojzad<\/strong>. Aqu\u00ed recogemos algunos versos de su <strong>poema <em>La voz es lo \u00fanico que permanece<\/em><\/strong>.<br \/><\/p>\n\n\n\n<p class=\"wp-block-paragraph\"><em>\u00bfPor qu\u00e9 deber\u00eda contenerme?<\/em><\/p>\n\n\n\n<p class=\"wp-block-paragraph\"><em>Los p\u00e1jaros se fueron a buscar el azul.<\/em><\/p>\n\n\n\n<p class=\"wp-block-paragraph\"><em>El horizonte es vertical.<\/em><\/p>\n\n\n\n<p class=\"wp-block-paragraph\"><em>El horizonte es vertical y el movimiento frontal.<\/em><\/p>\n\n\n\n<p class=\"wp-block-paragraph\"><em>Hasta donde alcanza la vista<\/em><\/p>\n\n\n\n<p class=\"wp-block-paragraph\"><em>Las brillantes estrellas giran.<\/em><\/p>\n\n\n\n<p class=\"wp-block-paragraph\"><em>La Tierra en c\u00edrculos anda,<\/em><\/p>\n\n\n\n<p class=\"wp-block-paragraph\"><em>Y los agujeros negros.<br \/><\/em><\/p>\n","protected":false},"excerpt":{"rendered":"<p>Enjuiciamiento a defensores y defensoras de derechos humanos, represi\u00f3n de protestas, desapariciones forzosas, leyes represivas\u2026 La violaci\u00f3n del derecho a la libertad de expresi\u00f3n en Ir\u00e1n toma muchas formas. <\/p>\n","protected":false},"author":29,"featured_media":3201,"comment_status":"open","ping_status":"open","sticky":false,"template":"","format":"standard","meta":{"_acf_changed":false,"footnotes":"","_members_access_role":[],"_members_access_error":""},"categories":[34],"tags":[69,107],"class_list":["post-3199","post","type-post","status-publish","format-standard","has-post-thumbnail","hentry","category-libertad-de-expresion","tag-iran","tag-libertad-de-expresion"],"acf":[],"yoast_head":"<!-- This site is optimized with the Yoast SEO plugin v28.2 - https:\/\/yoast.com\/product\/yoast-seo-wordpress\/ -->\n<title>Welcome to Ir\u00e1n: un pueblo silenciado - Madrid<\/title>\n<meta name=\"robots\" content=\"index, follow, max-snippet:-1, max-image-preview:large, max-video-preview:-1\" \/>\n<link rel=\"canonical\" href=\"https:\/\/blogs.es.amnesty.org\/madrid\/2020\/05\/23\/welcome-to-iran-un-pueblo-silenciado\/\" \/>\n<meta property=\"og:locale\" content=\"es_ES\" \/>\n<meta property=\"og:type\" content=\"article\" \/>\n<meta property=\"og:title\" content=\"Welcome to Ir\u00e1n: un pueblo silenciado - Madrid\" \/>\n<meta property=\"og:description\" content=\"Enjuiciamiento a defensores y defensoras de derechos humanos, represi\u00f3n de protestas, desapariciones forzosas, leyes represivas\u2026 La violaci\u00f3n del derecho a la libertad de expresi\u00f3n en Ir\u00e1n toma muchas formas.\" \/>\n<meta property=\"og:url\" content=\"https:\/\/blogs.es.amnesty.org\/madrid\/2020\/05\/23\/welcome-to-iran-un-pueblo-silenciado\/\" \/>\n<meta property=\"og:site_name\" content=\"Madrid\" \/>\n<meta property=\"article:published_time\" content=\"2020-05-23T08:52:15+00:00\" \/>\n<meta property=\"article:modified_time\" content=\"2020-05-23T10:13:16+00:00\" \/>\n<meta property=\"og:image\" content=\"https:\/\/blogs.es.amnesty.org\/files\/uploads\/sites\/4\/2020\/05\/Foto-Ir\u00e1n-2.-Mujer-reprende-a-polic\u00eda.png\" \/>\n\t<meta property=\"og:image:width\" content=\"1269\" \/>\n\t<meta property=\"og:image:height\" content=\"539\" \/>\n\t<meta property=\"og:image:type\" content=\"image\/png\" \/>\n<meta name=\"author\" content=\"Equipo MENA\" \/>\n<meta name=\"twitter:card\" content=\"summary_large_image\" \/>\n<meta name=\"twitter:label1\" content=\"Escrito por\" \/>\n\t<meta name=\"twitter:data1\" content=\"Equipo MENA\" \/>\n\t<meta name=\"twitter:label2\" content=\"Tiempo de lectura\" \/>\n\t<meta name=\"twitter:data2\" content=\"2 minutos\" \/>\n<script type=\"application\/ld+json\" class=\"yoast-schema-graph\">{\"@context\":\"https:\\\/\\\/schema.org\",\"@graph\":[{\"@type\":\"Article\",\"@id\":\"https:\\\/\\\/blogs.es.amnesty.org\\\/madrid\\\/2020\\\/05\\\/23\\\/welcome-to-iran-un-pueblo-silenciado\\\/#article\",\"isPartOf\":{\"@id\":\"https:\\\/\\\/blogs.es.amnesty.org\\\/madrid\\\/2020\\\/05\\\/23\\\/welcome-to-iran-un-pueblo-silenciado\\\/\"},\"author\":{\"name\":\"Equipo MENA\",\"@id\":\"https:\\\/\\\/blogs.es.amnesty.org\\\/madrid\\\/#\\\/schema\\\/person\\\/6fc4906bb5b8ef242e98d5c560216f66\"},\"headline\":\"Welcome to Ir\u00e1n: un pueblo silenciado\",\"datePublished\":\"2020-05-23T08:52:15+00:00\",\"dateModified\":\"2020-05-23T10:13:16+00:00\",\"mainEntityOfPage\":{\"@id\":\"https:\\\/\\\/blogs.es.amnesty.org\\\/madrid\\\/2020\\\/05\\\/23\\\/welcome-to-iran-un-pueblo-silenciado\\\/\"},\"wordCount\":472,\"commentCount\":0,\"image\":{\"@id\":\"https:\\\/\\\/blogs.es.amnesty.org\\\/madrid\\\/2020\\\/05\\\/23\\\/welcome-to-iran-un-pueblo-silenciado\\\/#primaryimage\"},\"thumbnailUrl\":\"https:\\\/\\\/blogs.es.amnesty.org\\\/files\\\/uploads\\\/sites\\\/4\\\/2020\\\/05\\\/Foto-Ir\u00e1n-2.-Mujer-reprende-a-polic\u00eda.png\",\"keywords\":[\"Ir\u00e1n\",\"Libertad de expresi\u00f3n\"],\"articleSection\":[\"Libertad de expresi\u00f3n\"],\"inLanguage\":\"es\",\"potentialAction\":[{\"@type\":\"CommentAction\",\"name\":\"Comment\",\"target\":[\"https:\\\/\\\/blogs.es.amnesty.org\\\/madrid\\\/2020\\\/05\\\/23\\\/welcome-to-iran-un-pueblo-silenciado\\\/#respond\"]}]},{\"@type\":\"WebPage\",\"@id\":\"https:\\\/\\\/blogs.es.amnesty.org\\\/madrid\\\/2020\\\/05\\\/23\\\/welcome-to-iran-un-pueblo-silenciado\\\/\",\"url\":\"https:\\\/\\\/blogs.es.amnesty.org\\\/madrid\\\/2020\\\/05\\\/23\\\/welcome-to-iran-un-pueblo-silenciado\\\/\",\"name\":\"Welcome to Ir\u00e1n: un pueblo silenciado - Madrid\",\"isPartOf\":{\"@id\":\"https:\\\/\\\/blogs.es.amnesty.org\\\/madrid\\\/#website\"},\"primaryImageOfPage\":{\"@id\":\"https:\\\/\\\/blogs.es.amnesty.org\\\/madrid\\\/2020\\\/05\\\/23\\\/welcome-to-iran-un-pueblo-silenciado\\\/#primaryimage\"},\"image\":{\"@id\":\"https:\\\/\\\/blogs.es.amnesty.org\\\/madrid\\\/2020\\\/05\\\/23\\\/welcome-to-iran-un-pueblo-silenciado\\\/#primaryimage\"},\"thumbnailUrl\":\"https:\\\/\\\/blogs.es.amnesty.org\\\/files\\\/uploads\\\/sites\\\/4\\\/2020\\\/05\\\/Foto-Ir\u00e1n-2.-Mujer-reprende-a-polic\u00eda.png\",\"datePublished\":\"2020-05-23T08:52:15+00:00\",\"dateModified\":\"2020-05-23T10:13:16+00:00\",\"author\":{\"@id\":\"https:\\\/\\\/blogs.es.amnesty.org\\\/madrid\\\/#\\\/schema\\\/person\\\/6fc4906bb5b8ef242e98d5c560216f66\"},\"breadcrumb\":{\"@id\":\"https:\\\/\\\/blogs.es.amnesty.org\\\/madrid\\\/2020\\\/05\\\/23\\\/welcome-to-iran-un-pueblo-silenciado\\\/#breadcrumb\"},\"inLanguage\":\"es\",\"potentialAction\":[{\"@type\":\"ReadAction\",\"target\":[\"https:\\\/\\\/blogs.es.amnesty.org\\\/madrid\\\/2020\\\/05\\\/23\\\/welcome-to-iran-un-pueblo-silenciado\\\/\"]}]},{\"@type\":\"ImageObject\",\"inLanguage\":\"es\",\"@id\":\"https:\\\/\\\/blogs.es.amnesty.org\\\/madrid\\\/2020\\\/05\\\/23\\\/welcome-to-iran-un-pueblo-silenciado\\\/#primaryimage\",\"url\":\"https:\\\/\\\/blogs.es.amnesty.org\\\/files\\\/uploads\\\/sites\\\/4\\\/2020\\\/05\\\/Foto-Ir\u00e1n-2.-Mujer-reprende-a-polic\u00eda.png\",\"contentUrl\":\"https:\\\/\\\/blogs.es.amnesty.org\\\/files\\\/uploads\\\/sites\\\/4\\\/2020\\\/05\\\/Foto-Ir\u00e1n-2.-Mujer-reprende-a-polic\u00eda.png\",\"width\":1269,\"height\":539,\"caption\":\"\u00a9 MONA HOOBEHFEKR\\\/ISNA\\\/AFP via Getty Images\"},{\"@type\":\"BreadcrumbList\",\"@id\":\"https:\\\/\\\/blogs.es.amnesty.org\\\/madrid\\\/2020\\\/05\\\/23\\\/welcome-to-iran-un-pueblo-silenciado\\\/#breadcrumb\",\"itemListElement\":[{\"@type\":\"ListItem\",\"position\":1,\"name\":\"Portada\",\"item\":\"https:\\\/\\\/blogs.es.amnesty.org\\\/madrid\\\/\"},{\"@type\":\"ListItem\",\"position\":2,\"name\":\"Welcome to Ir\u00e1n: un pueblo silenciado\"}]},{\"@type\":\"WebSite\",\"@id\":\"https:\\\/\\\/blogs.es.amnesty.org\\\/madrid\\\/#website\",\"url\":\"https:\\\/\\\/blogs.es.amnesty.org\\\/madrid\\\/\",\"name\":\"Madrid\",\"description\":\"Blog de Amnist\u00eda Internacional Madrid\",\"potentialAction\":[{\"@type\":\"SearchAction\",\"target\":{\"@type\":\"EntryPoint\",\"urlTemplate\":\"https:\\\/\\\/blogs.es.amnesty.org\\\/madrid\\\/?s={search_term_string}\"},\"query-input\":{\"@type\":\"PropertyValueSpecification\",\"valueRequired\":true,\"valueName\":\"search_term_string\"}}],\"inLanguage\":\"es\"},{\"@type\":\"Person\",\"@id\":\"https:\\\/\\\/blogs.es.amnesty.org\\\/madrid\\\/#\\\/schema\\\/person\\\/6fc4906bb5b8ef242e98d5c560216f66\",\"name\":\"Equipo MENA\",\"image\":{\"@type\":\"ImageObject\",\"inLanguage\":\"es\",\"@id\":\"https:\\\/\\\/secure.gravatar.com\\\/avatar\\\/937550929da4a63724cd4b283ace9aae2337649d9b3c60c763feb6f453041fee?s=96&d=https%3A%2F%2Fblogs.es.amnesty.org%2Ffiles%2Fuploads%2F2019%2F02%2Fanmistia-gravatar.jpg&r=g\",\"url\":\"https:\\\/\\\/secure.gravatar.com\\\/avatar\\\/937550929da4a63724cd4b283ace9aae2337649d9b3c60c763feb6f453041fee?s=96&d=https%3A%2F%2Fblogs.es.amnesty.org%2Ffiles%2Fuploads%2F2019%2F02%2Fanmistia-gravatar.jpg&r=g\",\"contentUrl\":\"https:\\\/\\\/secure.gravatar.com\\\/avatar\\\/937550929da4a63724cd4b283ace9aae2337649d9b3c60c763feb6f453041fee?s=96&d=https%3A%2F%2Fblogs.es.amnesty.org%2Ffiles%2Fuploads%2F2019%2F02%2Fanmistia-gravatar.jpg&r=g\",\"caption\":\"Equipo MENA\"},\"url\":\"https:\\\/\\\/blogs.es.amnesty.org\\\/madrid\\\/autor\\\/mena\\\/\"}]}<\/script>\n<!-- \/ Yoast SEO plugin. -->","yoast_head_json":{"title":"Welcome to Ir\u00e1n: un pueblo silenciado - Madrid","robots":{"index":"index","follow":"follow","max-snippet":"max-snippet:-1","max-image-preview":"max-image-preview:large","max-video-preview":"max-video-preview:-1"},"canonical":"https:\/\/blogs.es.amnesty.org\/madrid\/2020\/05\/23\/welcome-to-iran-un-pueblo-silenciado\/","og_locale":"es_ES","og_type":"article","og_title":"Welcome to Ir\u00e1n: un pueblo silenciado - Madrid","og_description":"Enjuiciamiento a defensores y defensoras de derechos humanos, represi\u00f3n de protestas, desapariciones forzosas, leyes represivas\u2026 La violaci\u00f3n del derecho a la libertad de expresi\u00f3n en Ir\u00e1n toma muchas formas.","og_url":"https:\/\/blogs.es.amnesty.org\/madrid\/2020\/05\/23\/welcome-to-iran-un-pueblo-silenciado\/","og_site_name":"Madrid","article_published_time":"2020-05-23T08:52:15+00:00","article_modified_time":"2020-05-23T10:13:16+00:00","og_image":[{"width":1269,"height":539,"url":"https:\/\/blogs.es.amnesty.org\/files\/uploads\/sites\/4\/2020\/05\/Foto-Ir\u00e1n-2.-Mujer-reprende-a-polic\u00eda.png","type":"image\/png"}],"author":"Equipo MENA","twitter_card":"summary_large_image","twitter_misc":{"Escrito por":"Equipo MENA","Tiempo de lectura":"2 minutos"},"schema":{"@context":"https:\/\/schema.org","@graph":[{"@type":"Article","@id":"https:\/\/blogs.es.amnesty.org\/madrid\/2020\/05\/23\/welcome-to-iran-un-pueblo-silenciado\/#article","isPartOf":{"@id":"https:\/\/blogs.es.amnesty.org\/madrid\/2020\/05\/23\/welcome-to-iran-un-pueblo-silenciado\/"},"author":{"name":"Equipo MENA","@id":"https:\/\/blogs.es.amnesty.org\/madrid\/#\/schema\/person\/6fc4906bb5b8ef242e98d5c560216f66"},"headline":"Welcome to Ir\u00e1n: un pueblo silenciado","datePublished":"2020-05-23T08:52:15+00:00","dateModified":"2020-05-23T10:13:16+00:00","mainEntityOfPage":{"@id":"https:\/\/blogs.es.amnesty.org\/madrid\/2020\/05\/23\/welcome-to-iran-un-pueblo-silenciado\/"},"wordCount":472,"commentCount":0,"image":{"@id":"https:\/\/blogs.es.amnesty.org\/madrid\/2020\/05\/23\/welcome-to-iran-un-pueblo-silenciado\/#primaryimage"},"thumbnailUrl":"https:\/\/blogs.es.amnesty.org\/files\/uploads\/sites\/4\/2020\/05\/Foto-Ir\u00e1n-2.-Mujer-reprende-a-polic\u00eda.png","keywords":["Ir\u00e1n","Libertad de expresi\u00f3n"],"articleSection":["Libertad de expresi\u00f3n"],"inLanguage":"es","potentialAction":[{"@type":"CommentAction","name":"Comment","target":["https:\/\/blogs.es.amnesty.org\/madrid\/2020\/05\/23\/welcome-to-iran-un-pueblo-silenciado\/#respond"]}]},{"@type":"WebPage","@id":"https:\/\/blogs.es.amnesty.org\/madrid\/2020\/05\/23\/welcome-to-iran-un-pueblo-silenciado\/","url":"https:\/\/blogs.es.amnesty.org\/madrid\/2020\/05\/23\/welcome-to-iran-un-pueblo-silenciado\/","name":"Welcome to Ir\u00e1n: un pueblo silenciado - Madrid","isPartOf":{"@id":"https:\/\/blogs.es.amnesty.org\/madrid\/#website"},"primaryImageOfPage":{"@id":"https:\/\/blogs.es.amnesty.org\/madrid\/2020\/05\/23\/welcome-to-iran-un-pueblo-silenciado\/#primaryimage"},"image":{"@id":"https:\/\/blogs.es.amnesty.org\/madrid\/2020\/05\/23\/welcome-to-iran-un-pueblo-silenciado\/#primaryimage"},"thumbnailUrl":"https:\/\/blogs.es.amnesty.org\/files\/uploads\/sites\/4\/2020\/05\/Foto-Ir\u00e1n-2.-Mujer-reprende-a-polic\u00eda.png","datePublished":"2020-05-23T08:52:15+00:00","dateModified":"2020-05-23T10:13:16+00:00","author":{"@id":"https:\/\/blogs.es.amnesty.org\/madrid\/#\/schema\/person\/6fc4906bb5b8ef242e98d5c560216f66"},"breadcrumb":{"@id":"https:\/\/blogs.es.amnesty.org\/madrid\/2020\/05\/23\/welcome-to-iran-un-pueblo-silenciado\/#breadcrumb"},"inLanguage":"es","potentialAction":[{"@type":"ReadAction","target":["https:\/\/blogs.es.amnesty.org\/madrid\/2020\/05\/23\/welcome-to-iran-un-pueblo-silenciado\/"]}]},{"@type":"ImageObject","inLanguage":"es","@id":"https:\/\/blogs.es.amnesty.org\/madrid\/2020\/05\/23\/welcome-to-iran-un-pueblo-silenciado\/#primaryimage","url":"https:\/\/blogs.es.amnesty.org\/files\/uploads\/sites\/4\/2020\/05\/Foto-Ir\u00e1n-2.-Mujer-reprende-a-polic\u00eda.png","contentUrl":"https:\/\/blogs.es.amnesty.org\/files\/uploads\/sites\/4\/2020\/05\/Foto-Ir\u00e1n-2.-Mujer-reprende-a-polic\u00eda.png","width":1269,"height":539,"caption":"\u00a9 MONA HOOBEHFEKR\/ISNA\/AFP via Getty Images"},{"@type":"BreadcrumbList","@id":"https:\/\/blogs.es.amnesty.org\/madrid\/2020\/05\/23\/welcome-to-iran-un-pueblo-silenciado\/#breadcrumb","itemListElement":[{"@type":"ListItem","position":1,"name":"Portada","item":"https:\/\/blogs.es.amnesty.org\/madrid\/"},{"@type":"ListItem","position":2,"name":"Welcome to Ir\u00e1n: un pueblo silenciado"}]},{"@type":"WebSite","@id":"https:\/\/blogs.es.amnesty.org\/madrid\/#website","url":"https:\/\/blogs.es.amnesty.org\/madrid\/","name":"Madrid","description":"Blog de Amnist\u00eda Internacional Madrid","potentialAction":[{"@type":"SearchAction","target":{"@type":"EntryPoint","urlTemplate":"https:\/\/blogs.es.amnesty.org\/madrid\/?s={search_term_string}"},"query-input":{"@type":"PropertyValueSpecification","valueRequired":true,"valueName":"search_term_string"}}],"inLanguage":"es"},{"@type":"Person","@id":"https:\/\/blogs.es.amnesty.org\/madrid\/#\/schema\/person\/6fc4906bb5b8ef242e98d5c560216f66","name":"Equipo MENA","image":{"@type":"ImageObject","inLanguage":"es","@id":"https:\/\/secure.gravatar.com\/avatar\/937550929da4a63724cd4b283ace9aae2337649d9b3c60c763feb6f453041fee?s=96&d=https%3A%2F%2Fblogs.es.amnesty.org%2Ffiles%2Fuploads%2F2019%2F02%2Fanmistia-gravatar.jpg&r=g","url":"https:\/\/secure.gravatar.com\/avatar\/937550929da4a63724cd4b283ace9aae2337649d9b3c60c763feb6f453041fee?s=96&d=https%3A%2F%2Fblogs.es.amnesty.org%2Ffiles%2Fuploads%2F2019%2F02%2Fanmistia-gravatar.jpg&r=g","contentUrl":"https:\/\/secure.gravatar.com\/avatar\/937550929da4a63724cd4b283ace9aae2337649d9b3c60c763feb6f453041fee?s=96&d=https%3A%2F%2Fblogs.es.amnesty.org%2Ffiles%2Fuploads%2F2019%2F02%2Fanmistia-gravatar.jpg&r=g","caption":"Equipo MENA"},"url":"https:\/\/blogs.es.amnesty.org\/madrid\/autor\/mena\/"}]}},"_links":{"self":[{"href":"https:\/\/blogs.es.amnesty.org\/madrid\/wp-json\/wp\/v2\/posts\/3199","targetHints":{"allow":["GET"]}}],"collection":[{"href":"https:\/\/blogs.es.amnesty.org\/madrid\/wp-json\/wp\/v2\/posts"}],"about":[{"href":"https:\/\/blogs.es.amnesty.org\/madrid\/wp-json\/wp\/v2\/types\/post"}],"author":[{"embeddable":true,"href":"https:\/\/blogs.es.amnesty.org\/madrid\/wp-json\/wp\/v2\/users\/29"}],"replies":[{"embeddable":true,"href":"https:\/\/blogs.es.amnesty.org\/madrid\/wp-json\/wp\/v2\/comments?post=3199"}],"version-history":[{"count":0,"href":"https:\/\/blogs.es.amnesty.org\/madrid\/wp-json\/wp\/v2\/posts\/3199\/revisions"}],"wp:featuredmedia":[{"embeddable":true,"href":"https:\/\/blogs.es.amnesty.org\/madrid\/wp-json\/wp\/v2\/media\/3201"}],"wp:attachment":[{"href":"https:\/\/blogs.es.amnesty.org\/madrid\/wp-json\/wp\/v2\/media?parent=3199"}],"wp:term":[{"taxonomy":"category","embeddable":true,"href":"https:\/\/blogs.es.amnesty.org\/madrid\/wp-json\/wp\/v2\/categories?post=3199"},{"taxonomy":"post_tag","embeddable":true,"href":"https:\/\/blogs.es.amnesty.org\/madrid\/wp-json\/wp\/v2\/tags?post=3199"}],"curies":[{"name":"wp","href":"https:\/\/api.w.org\/{rel}","templated":true}]}}