{"id":3563,"date":"2020-11-11T09:06:47","date_gmt":"2020-11-11T09:06:47","guid":{"rendered":"http:\/\/blogs.es.amnesty.org\/madrid\/?p=3563"},"modified":"2020-11-11T09:14:31","modified_gmt":"2020-11-11T09:14:31","slug":"si-no-he-hecho-nada-malo-por-que-me-vigilan","status":"publish","type":"post","link":"https:\/\/blogs.es.amnesty.org\/madrid\/2020\/11\/11\/si-no-he-hecho-nada-malo-por-que-me-vigilan\/","title":{"rendered":"Si no he hecho nada malo, \u00bfpor qu\u00e9 me vigilan?"},"content":{"rendered":"\n<p class=\"has-small-font-size wp-block-paragraph\"><strong>Autor: Jes\u00fas Calero, Equipo de Comunicaci\u00f3n de Amnist\u00eda Internacional Madrid <\/strong><\/p>\n\n\n\n<p class=\"wp-block-paragraph\">Cuando algo es gratis, es que el negocio somos nosotros. Tras el \u00e9xito de Shoshana Zuboff y su libro, <a href=\"https:\/\/elpais.com\/tecnologia\/2019\/12\/19\/actualidad\/1576714757_110095.html\"><em>La era del capitalismo de la vigilancia<\/em><\/a>, comprobamos nuevamente que el verdadero \u00e9xito de compa\u00f1\u00edas como Google no es su talento inform\u00e1tico o su habilidad t\u00e9cnica, sino la imposici\u00f3n de unas determinadas relaciones sociales que <strong>desprecian las fronteras de la intimidad humana y la integridad moral<\/strong> que todos nos damos en la Declaraci\u00f3n de los Derechos Humanos \u2013<a href=\"https:\/\/www.un.org\/es\/universal-declaration-human-rights\/\">cuyo art\u00edculo 12 nos protege de las injerencias de esta espiral de vigilancia<\/a>.\u00a0<\/p>\n\n\n\n<p class=\"wp-block-paragraph\">No son solo las empresas. Los documentos que <a href=\"https:\/\/www.elespanol.com\/mundo\/america\/eeuu\/20160916\/155984425_0.html\">Edward Snowden<\/a> hizo p\u00fablicos en 2013 revelan c\u00f3mo los servicios estatales de inteligencia almacenan las comunicaciones privadas de los ciudadanos sin una orden judicial previa.  La seguridad nacional se ha convertido en un pretexto adecuado para que los gobiernos ejerzan el control de las b\u00fasquedas no deseadas de los usuarios: cada d\u00eda, <a href=\"https:\/\/www.es.amnesty.org\/en-que-estamos\/temas\/vigilancia-masiva\/\">la NSA estadounidense recoge 5 mil millones de registros de la ubicaci\u00f3n de tel\u00e9fonos m\u00f3viles y alrededor de 200 millones de mensajes de texto<\/a>. Aproximadamente, 42 mil millones de historiales de navegaci\u00f3n, correos electr\u00f3nicos y chat son registrados al mes.<\/p>\n\n\n\n<div class=\"wp-block-image is-style-circle-mask\"><figure class=\"aligncenter size-large\"><img loading=\"lazy\" decoding=\"async\" width=\"204\" height=\"246\" src=\"https:\/\/blogs.es.amnesty.org\/files\/uploads\/sites\/4\/2020\/11\/snowden.jpg\" alt=\"Edward Snowden\" class=\"wp-image-3564\" \/><\/figure><\/div>\n\n\n\n<p class=\"wp-block-paragraph\"><strong>Un temible desprecio hacia nuestros propios datos<\/strong>\u00a0<\/p>\n\n\n\n<p class=\"wp-block-paragraph\">Hay una preocupaci\u00f3n que comparten los expertos inform\u00e1ticos y los activistas de Amnist\u00eda Internacional. \u201c<a href=\"https:\/\/www.ivoox.com\/17-11-17-privacidad-internet-si-no-he-hecho-audios-mp3_rf_22143773_1.html\">Es un error pensar que nuestro Derecho a la Intimidad no es importante porque no tenemos nada que ocultar<\/a>\u201d, asegura Jes\u00fas Cea Avi\u00f3n en <a href=\"https:\/\/www.ivoox.com\/17-11-17-privacidad-internet-si-no-he-hecho-audios-mp3_rf_22143773_1.html\">Radio Utop\u00eda<\/a>. \u201cPara Facebook, cada persona vale 12 euros\u201d. El valor de mantenimiento de los servicios gratuitos se traduce en millones de ordenadores que trabajan para que, al abrir una p\u00e1gina, esta se cargue inmediatamente, o para que miles de personas puedan estar conectadas al mismo tiempo. Los datos de cualquier usuario se venden para pagar este servicio, y casi todas las compa\u00f1\u00edas estar\u00edan dispuestas a pagar para transmitir un mensaje publicitario a un determinado segmento de la poblaci\u00f3n.\u00a0<\/p>\n\n\n\n<p class=\"wp-block-paragraph\">Independientemente del valor que nos demos a nosotros mismos, no debemos pensar que la intimidad solo es importante si somos famosos, o que nuestra privacidad puede ser quebrantada por la hipot\u00e9tica protecci\u00f3n de nuestro bienestar. No preocuparse por el derecho a la intimidad por no tener nada que ocultar <strong>es como no preocuparse por la libertad de expresi\u00f3n al no tener nada que decir.\u00a0<\/strong><\/p>\n\n\n\n<p class=\"wp-block-paragraph\">Una recopilaci\u00f3n de datos privados sin indicios de delito podr\u00eda coercer a periodistas que simplemente hacen su trabajo, o perseguir activistas y minor\u00edas consideradas potencialmente peligrosas. <strong>Seguridad y libertad de expresi\u00f3n no son incompatibles:<\/strong> seguridad tambi\u00e9n implica tener la certeza de no ser represaliado por la libertad de nuestros argumentos. <br \/><\/p>\n","protected":false},"excerpt":{"rendered":"<p>Toda la informaci\u00f3n que circula por Internet se recopila gracias a un modelo de negocio en el que los servicios ofrecidos al usuario son gratuitos a cambio de la venta de sus datos a otras empresas y el seguimiento de sus b\u00fasquedas por parte de las agencias de inteligencia. La gente sabe que su privacidad est\u00e1 siendo vulnerada, pero necesita aceptar los t\u00e9rminos legales de las aplicaciones para interactuar socialmente. <\/p>\n","protected":false},"author":11,"featured_media":3569,"comment_status":"open","ping_status":"open","sticky":false,"template":"","format":"standard","meta":{"_acf_changed":false,"footnotes":"","_members_access_role":[],"_members_access_error":""},"categories":[34],"tags":[194,196,192,107,195,97,197,193],"class_list":["post-3563","post","type-post","status-publish","format-standard","has-post-thumbnail","hentry","category-libertad-de-expresion","tag-datos","tag-derecho-a-la-intimidad","tag-facebook","tag-libertad-de-expresion","tag-privacidad","tag-redes-sociales","tag-seguridad","tag-snowden"],"acf":[],"yoast_head":"<!-- This site is optimized with the Yoast SEO plugin v28.2 - https:\/\/yoast.com\/product\/yoast-seo-wordpress\/ -->\n<title>Si no he hecho nada malo, \u00bfpor qu\u00e9 me vigilan? - Madrid<\/title>\n<meta name=\"robots\" content=\"index, follow, max-snippet:-1, max-image-preview:large, max-video-preview:-1\" \/>\n<link rel=\"canonical\" href=\"https:\/\/blogs.es.amnesty.org\/madrid\/2020\/11\/11\/si-no-he-hecho-nada-malo-por-que-me-vigilan\/\" \/>\n<meta property=\"og:locale\" content=\"es_ES\" \/>\n<meta property=\"og:type\" content=\"article\" \/>\n<meta property=\"og:title\" content=\"Si no he hecho nada malo, \u00bfpor qu\u00e9 me vigilan? - Madrid\" \/>\n<meta property=\"og:description\" content=\"Toda la informaci\u00f3n que circula por Internet se recopila gracias a un modelo de negocio en el que los servicios ofrecidos al usuario son gratuitos a cambio de la venta de sus datos a otras empresas y el seguimiento de sus b\u00fasquedas por parte de las agencias de inteligencia. La gente sabe que su privacidad est\u00e1 siendo vulnerada, pero necesita aceptar los t\u00e9rminos legales de las aplicaciones para interactuar socialmente.\" \/>\n<meta property=\"og:url\" content=\"https:\/\/blogs.es.amnesty.org\/madrid\/2020\/11\/11\/si-no-he-hecho-nada-malo-por-que-me-vigilan\/\" \/>\n<meta property=\"og:site_name\" content=\"Madrid\" \/>\n<meta property=\"article:published_time\" content=\"2020-11-11T09:06:47+00:00\" \/>\n<meta property=\"article:modified_time\" content=\"2020-11-11T09:14:31+00:00\" \/>\n<meta property=\"og:image\" content=\"https:\/\/blogs.es.amnesty.org\/files\/uploads\/sites\/4\/2020\/11\/redes-sociales-2.jpg\" \/>\n\t<meta property=\"og:image:width\" content=\"1023\" \/>\n\t<meta property=\"og:image:height\" content=\"575\" \/>\n\t<meta property=\"og:image:type\" content=\"image\/jpeg\" \/>\n<meta name=\"author\" content=\"Comunicaci\u00f3n Madrid\" \/>\n<meta name=\"twitter:card\" content=\"summary_large_image\" \/>\n<meta name=\"twitter:label1\" content=\"Escrito por\" \/>\n\t<meta name=\"twitter:data1\" content=\"Comunicaci\u00f3n Madrid\" \/>\n\t<meta name=\"twitter:label2\" content=\"Tiempo de lectura\" \/>\n\t<meta name=\"twitter:data2\" content=\"2 minutos\" \/>\n<script type=\"application\/ld+json\" class=\"yoast-schema-graph\">{\"@context\":\"https:\\\/\\\/schema.org\",\"@graph\":[{\"@type\":\"Article\",\"@id\":\"https:\\\/\\\/blogs.es.amnesty.org\\\/madrid\\\/2020\\\/11\\\/11\\\/si-no-he-hecho-nada-malo-por-que-me-vigilan\\\/#article\",\"isPartOf\":{\"@id\":\"https:\\\/\\\/blogs.es.amnesty.org\\\/madrid\\\/2020\\\/11\\\/11\\\/si-no-he-hecho-nada-malo-por-que-me-vigilan\\\/\"},\"author\":{\"name\":\"Comunicaci\u00f3n Madrid\",\"@id\":\"https:\\\/\\\/blogs.es.amnesty.org\\\/madrid\\\/#\\\/schema\\\/person\\\/d2312947a65c4b64623d42b82830dc7e\"},\"headline\":\"Si no he hecho nada malo, \u00bfpor qu\u00e9 me vigilan?\",\"datePublished\":\"2020-11-11T09:06:47+00:00\",\"dateModified\":\"2020-11-11T09:14:31+00:00\",\"mainEntityOfPage\":{\"@id\":\"https:\\\/\\\/blogs.es.amnesty.org\\\/madrid\\\/2020\\\/11\\\/11\\\/si-no-he-hecho-nada-malo-por-que-me-vigilan\\\/\"},\"wordCount\":477,\"commentCount\":1,\"image\":{\"@id\":\"https:\\\/\\\/blogs.es.amnesty.org\\\/madrid\\\/2020\\\/11\\\/11\\\/si-no-he-hecho-nada-malo-por-que-me-vigilan\\\/#primaryimage\"},\"thumbnailUrl\":\"https:\\\/\\\/blogs.es.amnesty.org\\\/files\\\/uploads\\\/sites\\\/4\\\/2020\\\/11\\\/redes-sociales-2.jpg\",\"keywords\":[\"Datos\",\"Derecho a la intimidad\",\"Facebook\",\"Libertad de expresi\u00f3n\",\"Privacidad\",\"Redes Sociales\",\"Seguridad\",\"Snowden\"],\"articleSection\":[\"Libertad de expresi\u00f3n\"],\"inLanguage\":\"es\",\"potentialAction\":[{\"@type\":\"CommentAction\",\"name\":\"Comment\",\"target\":[\"https:\\\/\\\/blogs.es.amnesty.org\\\/madrid\\\/2020\\\/11\\\/11\\\/si-no-he-hecho-nada-malo-por-que-me-vigilan\\\/#respond\"]}]},{\"@type\":\"WebPage\",\"@id\":\"https:\\\/\\\/blogs.es.amnesty.org\\\/madrid\\\/2020\\\/11\\\/11\\\/si-no-he-hecho-nada-malo-por-que-me-vigilan\\\/\",\"url\":\"https:\\\/\\\/blogs.es.amnesty.org\\\/madrid\\\/2020\\\/11\\\/11\\\/si-no-he-hecho-nada-malo-por-que-me-vigilan\\\/\",\"name\":\"Si no he hecho nada malo, \u00bfpor qu\u00e9 me vigilan? - Madrid\",\"isPartOf\":{\"@id\":\"https:\\\/\\\/blogs.es.amnesty.org\\\/madrid\\\/#website\"},\"primaryImageOfPage\":{\"@id\":\"https:\\\/\\\/blogs.es.amnesty.org\\\/madrid\\\/2020\\\/11\\\/11\\\/si-no-he-hecho-nada-malo-por-que-me-vigilan\\\/#primaryimage\"},\"image\":{\"@id\":\"https:\\\/\\\/blogs.es.amnesty.org\\\/madrid\\\/2020\\\/11\\\/11\\\/si-no-he-hecho-nada-malo-por-que-me-vigilan\\\/#primaryimage\"},\"thumbnailUrl\":\"https:\\\/\\\/blogs.es.amnesty.org\\\/files\\\/uploads\\\/sites\\\/4\\\/2020\\\/11\\\/redes-sociales-2.jpg\",\"datePublished\":\"2020-11-11T09:06:47+00:00\",\"dateModified\":\"2020-11-11T09:14:31+00:00\",\"author\":{\"@id\":\"https:\\\/\\\/blogs.es.amnesty.org\\\/madrid\\\/#\\\/schema\\\/person\\\/d2312947a65c4b64623d42b82830dc7e\"},\"breadcrumb\":{\"@id\":\"https:\\\/\\\/blogs.es.amnesty.org\\\/madrid\\\/2020\\\/11\\\/11\\\/si-no-he-hecho-nada-malo-por-que-me-vigilan\\\/#breadcrumb\"},\"inLanguage\":\"es\",\"potentialAction\":[{\"@type\":\"ReadAction\",\"target\":[\"https:\\\/\\\/blogs.es.amnesty.org\\\/madrid\\\/2020\\\/11\\\/11\\\/si-no-he-hecho-nada-malo-por-que-me-vigilan\\\/\"]}]},{\"@type\":\"ImageObject\",\"inLanguage\":\"es\",\"@id\":\"https:\\\/\\\/blogs.es.amnesty.org\\\/madrid\\\/2020\\\/11\\\/11\\\/si-no-he-hecho-nada-malo-por-que-me-vigilan\\\/#primaryimage\",\"url\":\"https:\\\/\\\/blogs.es.amnesty.org\\\/files\\\/uploads\\\/sites\\\/4\\\/2020\\\/11\\\/redes-sociales-2.jpg\",\"contentUrl\":\"https:\\\/\\\/blogs.es.amnesty.org\\\/files\\\/uploads\\\/sites\\\/4\\\/2020\\\/11\\\/redes-sociales-2.jpg\",\"width\":1023,\"height\":575,\"caption\":\"Iconos de las redes sociales\"},{\"@type\":\"BreadcrumbList\",\"@id\":\"https:\\\/\\\/blogs.es.amnesty.org\\\/madrid\\\/2020\\\/11\\\/11\\\/si-no-he-hecho-nada-malo-por-que-me-vigilan\\\/#breadcrumb\",\"itemListElement\":[{\"@type\":\"ListItem\",\"position\":1,\"name\":\"Portada\",\"item\":\"https:\\\/\\\/blogs.es.amnesty.org\\\/madrid\\\/\"},{\"@type\":\"ListItem\",\"position\":2,\"name\":\"Si no he hecho nada malo, \u00bfpor qu\u00e9 me vigilan?\"}]},{\"@type\":\"WebSite\",\"@id\":\"https:\\\/\\\/blogs.es.amnesty.org\\\/madrid\\\/#website\",\"url\":\"https:\\\/\\\/blogs.es.amnesty.org\\\/madrid\\\/\",\"name\":\"Madrid\",\"description\":\"Blog de Amnist\u00eda Internacional Madrid\",\"potentialAction\":[{\"@type\":\"SearchAction\",\"target\":{\"@type\":\"EntryPoint\",\"urlTemplate\":\"https:\\\/\\\/blogs.es.amnesty.org\\\/madrid\\\/?s={search_term_string}\"},\"query-input\":{\"@type\":\"PropertyValueSpecification\",\"valueRequired\":true,\"valueName\":\"search_term_string\"}}],\"inLanguage\":\"es\"},{\"@type\":\"Person\",\"@id\":\"https:\\\/\\\/blogs.es.amnesty.org\\\/madrid\\\/#\\\/schema\\\/person\\\/d2312947a65c4b64623d42b82830dc7e\",\"name\":\"Comunicaci\u00f3n Madrid\",\"image\":{\"@type\":\"ImageObject\",\"inLanguage\":\"es\",\"@id\":\"https:\\\/\\\/secure.gravatar.com\\\/avatar\\\/8d37e48c089becf89fdc60d25295730c0ef5142123de6b87076ed30fd2bfeaea?s=96&d=https%3A%2F%2Fblogs.es.amnesty.org%2Ffiles%2Fuploads%2F2019%2F02%2Fanmistia-gravatar.jpg&r=g\",\"url\":\"https:\\\/\\\/secure.gravatar.com\\\/avatar\\\/8d37e48c089becf89fdc60d25295730c0ef5142123de6b87076ed30fd2bfeaea?s=96&d=https%3A%2F%2Fblogs.es.amnesty.org%2Ffiles%2Fuploads%2F2019%2F02%2Fanmistia-gravatar.jpg&r=g\",\"contentUrl\":\"https:\\\/\\\/secure.gravatar.com\\\/avatar\\\/8d37e48c089becf89fdc60d25295730c0ef5142123de6b87076ed30fd2bfeaea?s=96&d=https%3A%2F%2Fblogs.es.amnesty.org%2Ffiles%2Fuploads%2F2019%2F02%2Fanmistia-gravatar.jpg&r=g\",\"caption\":\"Comunicaci\u00f3n Madrid\"},\"description\":\"Este es el blog de Amnist\u00eda Internacional Madrid. Luchando por los derechos humanos desde finales del siglo XX\",\"url\":\"https:\\\/\\\/blogs.es.amnesty.org\\\/madrid\\\/autor\\\/comunicacionmad\\\/\"}]}<\/script>\n<!-- \/ Yoast SEO plugin. -->","yoast_head_json":{"title":"Si no he hecho nada malo, \u00bfpor qu\u00e9 me vigilan? - Madrid","robots":{"index":"index","follow":"follow","max-snippet":"max-snippet:-1","max-image-preview":"max-image-preview:large","max-video-preview":"max-video-preview:-1"},"canonical":"https:\/\/blogs.es.amnesty.org\/madrid\/2020\/11\/11\/si-no-he-hecho-nada-malo-por-que-me-vigilan\/","og_locale":"es_ES","og_type":"article","og_title":"Si no he hecho nada malo, \u00bfpor qu\u00e9 me vigilan? - Madrid","og_description":"Toda la informaci\u00f3n que circula por Internet se recopila gracias a un modelo de negocio en el que los servicios ofrecidos al usuario son gratuitos a cambio de la venta de sus datos a otras empresas y el seguimiento de sus b\u00fasquedas por parte de las agencias de inteligencia. La gente sabe que su privacidad est\u00e1 siendo vulnerada, pero necesita aceptar los t\u00e9rminos legales de las aplicaciones para interactuar socialmente.","og_url":"https:\/\/blogs.es.amnesty.org\/madrid\/2020\/11\/11\/si-no-he-hecho-nada-malo-por-que-me-vigilan\/","og_site_name":"Madrid","article_published_time":"2020-11-11T09:06:47+00:00","article_modified_time":"2020-11-11T09:14:31+00:00","og_image":[{"width":1023,"height":575,"url":"https:\/\/blogs.es.amnesty.org\/files\/uploads\/sites\/4\/2020\/11\/redes-sociales-2.jpg","type":"image\/jpeg"}],"author":"Comunicaci\u00f3n Madrid","twitter_card":"summary_large_image","twitter_misc":{"Escrito por":"Comunicaci\u00f3n Madrid","Tiempo de lectura":"2 minutos"},"schema":{"@context":"https:\/\/schema.org","@graph":[{"@type":"Article","@id":"https:\/\/blogs.es.amnesty.org\/madrid\/2020\/11\/11\/si-no-he-hecho-nada-malo-por-que-me-vigilan\/#article","isPartOf":{"@id":"https:\/\/blogs.es.amnesty.org\/madrid\/2020\/11\/11\/si-no-he-hecho-nada-malo-por-que-me-vigilan\/"},"author":{"name":"Comunicaci\u00f3n Madrid","@id":"https:\/\/blogs.es.amnesty.org\/madrid\/#\/schema\/person\/d2312947a65c4b64623d42b82830dc7e"},"headline":"Si no he hecho nada malo, \u00bfpor qu\u00e9 me vigilan?","datePublished":"2020-11-11T09:06:47+00:00","dateModified":"2020-11-11T09:14:31+00:00","mainEntityOfPage":{"@id":"https:\/\/blogs.es.amnesty.org\/madrid\/2020\/11\/11\/si-no-he-hecho-nada-malo-por-que-me-vigilan\/"},"wordCount":477,"commentCount":1,"image":{"@id":"https:\/\/blogs.es.amnesty.org\/madrid\/2020\/11\/11\/si-no-he-hecho-nada-malo-por-que-me-vigilan\/#primaryimage"},"thumbnailUrl":"https:\/\/blogs.es.amnesty.org\/files\/uploads\/sites\/4\/2020\/11\/redes-sociales-2.jpg","keywords":["Datos","Derecho a la intimidad","Facebook","Libertad de expresi\u00f3n","Privacidad","Redes Sociales","Seguridad","Snowden"],"articleSection":["Libertad de expresi\u00f3n"],"inLanguage":"es","potentialAction":[{"@type":"CommentAction","name":"Comment","target":["https:\/\/blogs.es.amnesty.org\/madrid\/2020\/11\/11\/si-no-he-hecho-nada-malo-por-que-me-vigilan\/#respond"]}]},{"@type":"WebPage","@id":"https:\/\/blogs.es.amnesty.org\/madrid\/2020\/11\/11\/si-no-he-hecho-nada-malo-por-que-me-vigilan\/","url":"https:\/\/blogs.es.amnesty.org\/madrid\/2020\/11\/11\/si-no-he-hecho-nada-malo-por-que-me-vigilan\/","name":"Si no he hecho nada malo, \u00bfpor qu\u00e9 me vigilan? - Madrid","isPartOf":{"@id":"https:\/\/blogs.es.amnesty.org\/madrid\/#website"},"primaryImageOfPage":{"@id":"https:\/\/blogs.es.amnesty.org\/madrid\/2020\/11\/11\/si-no-he-hecho-nada-malo-por-que-me-vigilan\/#primaryimage"},"image":{"@id":"https:\/\/blogs.es.amnesty.org\/madrid\/2020\/11\/11\/si-no-he-hecho-nada-malo-por-que-me-vigilan\/#primaryimage"},"thumbnailUrl":"https:\/\/blogs.es.amnesty.org\/files\/uploads\/sites\/4\/2020\/11\/redes-sociales-2.jpg","datePublished":"2020-11-11T09:06:47+00:00","dateModified":"2020-11-11T09:14:31+00:00","author":{"@id":"https:\/\/blogs.es.amnesty.org\/madrid\/#\/schema\/person\/d2312947a65c4b64623d42b82830dc7e"},"breadcrumb":{"@id":"https:\/\/blogs.es.amnesty.org\/madrid\/2020\/11\/11\/si-no-he-hecho-nada-malo-por-que-me-vigilan\/#breadcrumb"},"inLanguage":"es","potentialAction":[{"@type":"ReadAction","target":["https:\/\/blogs.es.amnesty.org\/madrid\/2020\/11\/11\/si-no-he-hecho-nada-malo-por-que-me-vigilan\/"]}]},{"@type":"ImageObject","inLanguage":"es","@id":"https:\/\/blogs.es.amnesty.org\/madrid\/2020\/11\/11\/si-no-he-hecho-nada-malo-por-que-me-vigilan\/#primaryimage","url":"https:\/\/blogs.es.amnesty.org\/files\/uploads\/sites\/4\/2020\/11\/redes-sociales-2.jpg","contentUrl":"https:\/\/blogs.es.amnesty.org\/files\/uploads\/sites\/4\/2020\/11\/redes-sociales-2.jpg","width":1023,"height":575,"caption":"Iconos de las redes sociales"},{"@type":"BreadcrumbList","@id":"https:\/\/blogs.es.amnesty.org\/madrid\/2020\/11\/11\/si-no-he-hecho-nada-malo-por-que-me-vigilan\/#breadcrumb","itemListElement":[{"@type":"ListItem","position":1,"name":"Portada","item":"https:\/\/blogs.es.amnesty.org\/madrid\/"},{"@type":"ListItem","position":2,"name":"Si no he hecho nada malo, \u00bfpor qu\u00e9 me vigilan?"}]},{"@type":"WebSite","@id":"https:\/\/blogs.es.amnesty.org\/madrid\/#website","url":"https:\/\/blogs.es.amnesty.org\/madrid\/","name":"Madrid","description":"Blog de Amnist\u00eda Internacional Madrid","potentialAction":[{"@type":"SearchAction","target":{"@type":"EntryPoint","urlTemplate":"https:\/\/blogs.es.amnesty.org\/madrid\/?s={search_term_string}"},"query-input":{"@type":"PropertyValueSpecification","valueRequired":true,"valueName":"search_term_string"}}],"inLanguage":"es"},{"@type":"Person","@id":"https:\/\/blogs.es.amnesty.org\/madrid\/#\/schema\/person\/d2312947a65c4b64623d42b82830dc7e","name":"Comunicaci\u00f3n Madrid","image":{"@type":"ImageObject","inLanguage":"es","@id":"https:\/\/secure.gravatar.com\/avatar\/8d37e48c089becf89fdc60d25295730c0ef5142123de6b87076ed30fd2bfeaea?s=96&d=https%3A%2F%2Fblogs.es.amnesty.org%2Ffiles%2Fuploads%2F2019%2F02%2Fanmistia-gravatar.jpg&r=g","url":"https:\/\/secure.gravatar.com\/avatar\/8d37e48c089becf89fdc60d25295730c0ef5142123de6b87076ed30fd2bfeaea?s=96&d=https%3A%2F%2Fblogs.es.amnesty.org%2Ffiles%2Fuploads%2F2019%2F02%2Fanmistia-gravatar.jpg&r=g","contentUrl":"https:\/\/secure.gravatar.com\/avatar\/8d37e48c089becf89fdc60d25295730c0ef5142123de6b87076ed30fd2bfeaea?s=96&d=https%3A%2F%2Fblogs.es.amnesty.org%2Ffiles%2Fuploads%2F2019%2F02%2Fanmistia-gravatar.jpg&r=g","caption":"Comunicaci\u00f3n Madrid"},"description":"Este es el blog de Amnist\u00eda Internacional Madrid. Luchando por los derechos humanos desde finales del siglo XX","url":"https:\/\/blogs.es.amnesty.org\/madrid\/autor\/comunicacionmad\/"}]}},"_links":{"self":[{"href":"https:\/\/blogs.es.amnesty.org\/madrid\/wp-json\/wp\/v2\/posts\/3563","targetHints":{"allow":["GET"]}}],"collection":[{"href":"https:\/\/blogs.es.amnesty.org\/madrid\/wp-json\/wp\/v2\/posts"}],"about":[{"href":"https:\/\/blogs.es.amnesty.org\/madrid\/wp-json\/wp\/v2\/types\/post"}],"author":[{"embeddable":true,"href":"https:\/\/blogs.es.amnesty.org\/madrid\/wp-json\/wp\/v2\/users\/11"}],"replies":[{"embeddable":true,"href":"https:\/\/blogs.es.amnesty.org\/madrid\/wp-json\/wp\/v2\/comments?post=3563"}],"version-history":[{"count":0,"href":"https:\/\/blogs.es.amnesty.org\/madrid\/wp-json\/wp\/v2\/posts\/3563\/revisions"}],"wp:featuredmedia":[{"embeddable":true,"href":"https:\/\/blogs.es.amnesty.org\/madrid\/wp-json\/wp\/v2\/media\/3569"}],"wp:attachment":[{"href":"https:\/\/blogs.es.amnesty.org\/madrid\/wp-json\/wp\/v2\/media?parent=3563"}],"wp:term":[{"taxonomy":"category","embeddable":true,"href":"https:\/\/blogs.es.amnesty.org\/madrid\/wp-json\/wp\/v2\/categories?post=3563"},{"taxonomy":"post_tag","embeddable":true,"href":"https:\/\/blogs.es.amnesty.org\/madrid\/wp-json\/wp\/v2\/tags?post=3563"}],"curies":[{"name":"wp","href":"https:\/\/api.w.org\/{rel}","templated":true}]}}