{"id":4255,"date":"2021-11-30T08:52:00","date_gmt":"2021-11-30T08:52:00","guid":{"rendered":"http:\/\/blogs.es.amnesty.org\/madrid\/?p=4255"},"modified":"2021-12-07T12:49:38","modified_gmt":"2021-12-07T12:49:38","slug":"mas-de-2-300-localidades-de-todo-el-mundo-participan-en-ciudades-por-la-vida-contra-la-pena-de-muerte","status":"publish","type":"post","link":"https:\/\/blogs.es.amnesty.org\/madrid\/2021\/11\/30\/mas-de-2-300-localidades-de-todo-el-mundo-participan-en-ciudades-por-la-vida-contra-la-pena-de-muerte\/","title":{"rendered":"M\u00e1s de 2.300 localidades de todo el mundo participan en \u2018Ciudades por la Vida\u2019 contra la pena de muerte"},"content":{"rendered":"\n<p class=\"wp-block-paragraph\"><em>30 de noviembre de 202<\/em><em>1<\/em><\/p>\n\n\n\n<p class=\"wp-block-paragraph\">Con motivo de la celebraci\u00f3n de la 19\u00aa edici\u00f3n de la Jornada Mundial contra la Pena de Muerte \u201cCiudades por la Vida\u201d, la Comunidad de Sant\u2019Egidio y Amnist\u00eda Internacional seguimos denunciando c\u00f3mo, a pesar de la tendencia mundial hacia la abolici\u00f3n de la pena de muerte, pa\u00edses como Arabia Saud\u00ed, Ir\u00e1n o Estados Unidos contin\u00faan matando en nombre de la justicia.<\/p>\n\n\n\n<p class=\"wp-block-paragraph\">La Jornada de Ciudades por la Vida se convoca desde 2002 para impulsar la abolici\u00f3n de la pena capital en todo el mundo y viene a conmemorar la primera vez que fue prohibida en el Gran Ducado de Toscana en 1786. Se trata de una iniciativa internacional impulsada por la Comunidad de Sant\u2019 Egidio, con el apoyo de la Coalici\u00f3n Mundial contra la Pena de Muerte, de la cual Amnist\u00eda Internacional y Sant\u2019Egidio son miembros fundadores y en la que se agrupan m\u00e1s de 60 organizaciones, colegios de abogados, sindicatos y autoridades locales y regionales de todo el mundo.<\/p>\n\n\n\n<p class=\"wp-block-paragraph\">Este a\u00f1o participar\u00e1n en la iniciativa 2.371 ciudades de todo el mundo, desde Roma a Johannesburgo, pasando por Amsterdam, Par\u00eds, Berl\u00edn o Nairobi, entre otras. En Espa\u00f1a, son m\u00e1s de 80 las ciudades inscritas a esta iniciativa, y en este 2021, m\u00e1s de 30 como , Barcelona, Bilbao, Burgos, San Sebasti\u00e1n, Logro\u00f1o, M\u00e1laga, Oviedo, Valencia, Vigo o Vitoria, llevan a cabo hoy actos como la iluminaci\u00f3n de edificios emblem\u00e1ticos con sus respectivos ayuntamientos, as\u00ed como jornadas en escuelas y universidades.<\/p>\n\n\n\n<p class=\"wp-block-paragraph\">Con motivo de la celebraci\u00f3n de esta jornada, Sant\u2019Egidio organiza un <a href=\"https:\/\/www.santegidiomadrid.org\/?p=11679\">evento internacional on-line<\/a> titulado \u201cNo Justice without life\u201d, con testimonios de personas que han sido condenadas a muerte, activistas, abogados y personalidades de la vida pol\u00edtica como el presidente del Parlamento Europeo David Sassoli. En Madrid, Andr\u00e9s Krakenberger, portavoz de la asociaci\u00f3n \u201cPablo Ibar por un juicio justo\u201d, mantendr\u00e1 un di\u00e1logo con m\u00e1s de 400 j\u00f3venes de bachillerato y ciclo superior para reflexionar sobre la sinraz\u00f3n de la pena capital, a partir del caso del ciudadano hispano-estadounidense Pablo Ibar, que lleva 27 a\u00f1os preso en Florida, Estados Unidos y cuya pena de muerte ha sido conmutada recientemente por cadena perpetua.<\/p>\n\n\n\n<p class=\"wp-block-paragraph\">Por su parte, Amnist\u00eda Internacional, como ya hizo el pasado 10 de octubre, D\u00eda Mundial Contra la Pena de Muerte, ha aprovechado la ocasi\u00f3n para recordar c\u00f3mo muchas mujeres condenadas a muerte son v\u00edctimas de discriminaci\u00f3n. Muchas de ellas ven c\u00f3mo se les niega justicia por parte de algunos estados, quienes no tienen en cuenta que, antes del delito por el que fueron condenadas, sufrieron de manera prolongada violencia y abusos tanto f\u00edsicos como sexuales, que, a su vez, dieron lugar al delito en cuesti\u00f3n.<\/p>\n\n\n\n<p class=\"wp-block-paragraph\"><strong>La pena de muerte en el mundo<\/strong><\/p>\n\n\n\n<p class=\"wp-block-paragraph\">Cada a\u00f1o, el n\u00famero de ejecuciones en todo el mundo desciende. El a\u00f1o 2020 nos dej\u00f3 un 26% menos de ejecuciones que en 2019, algo que da continuidad a la reducci\u00f3n que se registra a\u00f1o tras a\u00f1o desde 2015. Se trata de la cifra m\u00e1s baja en m\u00e1s de 10 a\u00f1os. Este considerable descenso est\u00e1 vinculado a la reducci\u00f3n del n\u00famero de ejecuciones en dos de los pa\u00edses que hist\u00f3ricamente han comunicado cifras elevadas de ejecuciones, Arabia Saud\u00ed e Irak, y, en menor medida, a algunas interrupciones declaradas como consecuencia a la pandemia de COVID-19.<\/p>\n\n\n\n<p class=\"wp-block-paragraph\">Entre los pa\u00edses que llevaron a cabo ejecuciones en 2020 destaca el caso de Egipto, que triplic\u00f3 su cifra anual de ejecuciones respecto al a\u00f1o anterior, y tambi\u00e9n China, que anunci\u00f3 que se castigar\u00edan los actos delictivos que afectaran a las medidas de prevenci\u00f3n de la COVID-19. Mientras tanto, en Estados Unidos, el gobierno de Trump reanud\u00f3 las ejecuciones federales despu\u00e9s de un par\u00e9ntesis de 17 a\u00f1os, con la escalofriante cifra de 10 ejecuciones en menos de seis meses. <\/p>\n\n\n\n<p class=\"wp-block-paragraph\">Actualmente, hay casi 30.000 personas condenadas a muerte en todo el mundo, si bien tan solo nueve pa\u00edses son responsables del 82% del total conocido: Irak, Pakist\u00e1n, Nigeria, Estados Unidos, Bangladesh, Malasia, Vietnam, Kenia y Sri Lanka. Adem\u00e1s, hay un n\u00famero elevado de personas condenadas a muerte en pa\u00edses de los que no disponemos de cifras, como en Arabia Saud\u00ed, China, Corea del Norte, Egipto e Ir\u00e1n.<\/p>\n\n\n\n<p class=\"wp-block-paragraph\">En la Comunidad de Madrid<\/p>\n\n\n\n<p class=\"wp-block-paragraph\">Un a\u00f1o m\u00e1s celebramos los compromisos de los Ayuntamientos de Alcal\u00e1 de Henares, Alcorc\u00f3n y Tres Cantos en su adhesi\u00f3n al movimiento mundial contra la Pena de muerte \u00abCiudades por la Vida\u00bb. <\/p>\n\n\n\n<p class=\"wp-block-paragraph\">El Ayuntamiento de Alcorc\u00f3n iluminar\u00e1 hoy su edificio y realizar\u00e1 lectura de un Manifiesto contra la pena de muerte a las 11.30 h<\/p>\n\n\n\n<p class=\"wp-block-paragraph\">En Tres Cantos, a las 19h en la Plaza del Ayuntamiento, 1, las y los portavoces de los distintos grupos municipales leer\u00e1n fragmentos del Manifiesto contra la pena de muerte y actuar\u00e1 el Coro Ciudad de Tres Cantos dirigido por Daniel del Puente.<\/p>\n","protected":false},"excerpt":{"rendered":"<p>. Al menos 30 ciudades en Espa\u00f1a promueven eventos,  en la Comunidad de Madrid: Tres Cantos, Alcorc\u00f3n y Alcal\u00e1 de Henares<br \/>\n . Cerca de 30.000 personas est\u00e1n condenadas a muerte en todo el mundo.<br \/>\n.  Solo nueve pa\u00edses son responsables de m\u00e1s del 80% del total conocido de ejecuciones: Irak, Pakist\u00e1n, Nigeria, Estados Unidos, Bangladesh, Malasia, Vietnam, Kenia y Sri Lanka. <\/p>\n","protected":false},"author":11,"featured_media":3621,"comment_status":"open","ping_status":"open","sticky":false,"template":"","format":"standard","meta":{"_acf_changed":false,"footnotes":"","_members_access_role":[],"_members_access_error":""},"categories":[33],"tags":[201,163],"class_list":["post-4255","post","type-post","status-publish","format-standard","has-post-thumbnail","hentry","category-pena-de-muerte","tag-ciudades-por-la-vida","tag-pena-de-muerte"],"acf":[],"yoast_head":"<!-- This site is optimized with the Yoast SEO plugin v28.2 - https:\/\/yoast.com\/product\/yoast-seo-wordpress\/ -->\n<title>M\u00e1s de 2.300 localidades de todo el mundo participan en \u2018Ciudades por la Vida\u2019 contra la pena de muerte - Madrid<\/title>\n<meta name=\"robots\" content=\"index, follow, max-snippet:-1, max-image-preview:large, max-video-preview:-1\" \/>\n<link rel=\"canonical\" href=\"https:\/\/blogs.es.amnesty.org\/madrid\/2021\/11\/30\/mas-de-2-300-localidades-de-todo-el-mundo-participan-en-ciudades-por-la-vida-contra-la-pena-de-muerte\/\" \/>\n<meta property=\"og:locale\" content=\"es_ES\" \/>\n<meta property=\"og:type\" content=\"article\" \/>\n<meta property=\"og:title\" content=\"M\u00e1s de 2.300 localidades de todo el mundo participan en \u2018Ciudades por la Vida\u2019 contra la pena de muerte - Madrid\" \/>\n<meta property=\"og:description\" content=\". Al menos 30 ciudades en Espa\u00f1a promueven eventos, en la Comunidad de Madrid: Tres Cantos, Alcorc\u00f3n y Alcal\u00e1 de Henares  . Cerca de 30.000 personas est\u00e1n condenadas a muerte en todo el mundo. . Solo nueve pa\u00edses son responsables de m\u00e1s del 80% del total conocido de ejecuciones: Irak, Pakist\u00e1n, Nigeria, Estados Unidos, Bangladesh, Malasia, Vietnam, Kenia y Sri Lanka.\" \/>\n<meta property=\"og:url\" content=\"https:\/\/blogs.es.amnesty.org\/madrid\/2021\/11\/30\/mas-de-2-300-localidades-de-todo-el-mundo-participan-en-ciudades-por-la-vida-contra-la-pena-de-muerte\/\" \/>\n<meta property=\"og:site_name\" content=\"Madrid\" \/>\n<meta property=\"article:published_time\" content=\"2021-11-30T08:52:00+00:00\" \/>\n<meta property=\"article:modified_time\" content=\"2021-12-07T12:49:38+00:00\" \/>\n<meta property=\"og:image\" content=\"https:\/\/blogs.es.amnesty.org\/files\/uploads\/sites\/4\/2020\/11\/pena-de-muerte.jpg\" \/>\n\t<meta property=\"og:image:width\" content=\"720\" \/>\n\t<meta property=\"og:image:height\" content=\"720\" \/>\n\t<meta property=\"og:image:type\" content=\"image\/jpeg\" \/>\n<meta name=\"author\" content=\"Comunicaci\u00f3n Madrid\" \/>\n<meta name=\"twitter:card\" content=\"summary_large_image\" \/>\n<meta name=\"twitter:label1\" content=\"Escrito por\" \/>\n\t<meta name=\"twitter:data1\" content=\"Comunicaci\u00f3n Madrid\" \/>\n\t<meta name=\"twitter:label2\" content=\"Tiempo de lectura\" \/>\n\t<meta name=\"twitter:data2\" content=\"4 minutos\" \/>\n<script type=\"application\/ld+json\" class=\"yoast-schema-graph\">{\"@context\":\"https:\\\/\\\/schema.org\",\"@graph\":[{\"@type\":\"Article\",\"@id\":\"https:\\\/\\\/blogs.es.amnesty.org\\\/madrid\\\/2021\\\/11\\\/30\\\/mas-de-2-300-localidades-de-todo-el-mundo-participan-en-ciudades-por-la-vida-contra-la-pena-de-muerte\\\/#article\",\"isPartOf\":{\"@id\":\"https:\\\/\\\/blogs.es.amnesty.org\\\/madrid\\\/2021\\\/11\\\/30\\\/mas-de-2-300-localidades-de-todo-el-mundo-participan-en-ciudades-por-la-vida-contra-la-pena-de-muerte\\\/\"},\"author\":{\"name\":\"Comunicaci\u00f3n Madrid\",\"@id\":\"https:\\\/\\\/blogs.es.amnesty.org\\\/madrid\\\/#\\\/schema\\\/person\\\/d2312947a65c4b64623d42b82830dc7e\"},\"headline\":\"M\u00e1s de 2.300 localidades de todo el mundo participan en \u2018Ciudades por la Vida\u2019 contra la pena de muerte\",\"datePublished\":\"2021-11-30T08:52:00+00:00\",\"dateModified\":\"2021-12-07T12:49:38+00:00\",\"mainEntityOfPage\":{\"@id\":\"https:\\\/\\\/blogs.es.amnesty.org\\\/madrid\\\/2021\\\/11\\\/30\\\/mas-de-2-300-localidades-de-todo-el-mundo-participan-en-ciudades-por-la-vida-contra-la-pena-de-muerte\\\/\"},\"wordCount\":863,\"commentCount\":0,\"image\":{\"@id\":\"https:\\\/\\\/blogs.es.amnesty.org\\\/madrid\\\/2021\\\/11\\\/30\\\/mas-de-2-300-localidades-de-todo-el-mundo-participan-en-ciudades-por-la-vida-contra-la-pena-de-muerte\\\/#primaryimage\"},\"thumbnailUrl\":\"https:\\\/\\\/blogs.es.amnesty.org\\\/files\\\/uploads\\\/sites\\\/4\\\/2020\\\/11\\\/pena-de-muerte.jpg\",\"keywords\":[\"Ciudades por la Vida\",\"Pena de muerte\"],\"articleSection\":[\"Pena de muerte\"],\"inLanguage\":\"es\",\"potentialAction\":[{\"@type\":\"CommentAction\",\"name\":\"Comment\",\"target\":[\"https:\\\/\\\/blogs.es.amnesty.org\\\/madrid\\\/2021\\\/11\\\/30\\\/mas-de-2-300-localidades-de-todo-el-mundo-participan-en-ciudades-por-la-vida-contra-la-pena-de-muerte\\\/#respond\"]}]},{\"@type\":\"WebPage\",\"@id\":\"https:\\\/\\\/blogs.es.amnesty.org\\\/madrid\\\/2021\\\/11\\\/30\\\/mas-de-2-300-localidades-de-todo-el-mundo-participan-en-ciudades-por-la-vida-contra-la-pena-de-muerte\\\/\",\"url\":\"https:\\\/\\\/blogs.es.amnesty.org\\\/madrid\\\/2021\\\/11\\\/30\\\/mas-de-2-300-localidades-de-todo-el-mundo-participan-en-ciudades-por-la-vida-contra-la-pena-de-muerte\\\/\",\"name\":\"M\u00e1s de 2.300 localidades de todo el mundo participan en \u2018Ciudades por la Vida\u2019 contra la pena de muerte - Madrid\",\"isPartOf\":{\"@id\":\"https:\\\/\\\/blogs.es.amnesty.org\\\/madrid\\\/#website\"},\"primaryImageOfPage\":{\"@id\":\"https:\\\/\\\/blogs.es.amnesty.org\\\/madrid\\\/2021\\\/11\\\/30\\\/mas-de-2-300-localidades-de-todo-el-mundo-participan-en-ciudades-por-la-vida-contra-la-pena-de-muerte\\\/#primaryimage\"},\"image\":{\"@id\":\"https:\\\/\\\/blogs.es.amnesty.org\\\/madrid\\\/2021\\\/11\\\/30\\\/mas-de-2-300-localidades-de-todo-el-mundo-participan-en-ciudades-por-la-vida-contra-la-pena-de-muerte\\\/#primaryimage\"},\"thumbnailUrl\":\"https:\\\/\\\/blogs.es.amnesty.org\\\/files\\\/uploads\\\/sites\\\/4\\\/2020\\\/11\\\/pena-de-muerte.jpg\",\"datePublished\":\"2021-11-30T08:52:00+00:00\",\"dateModified\":\"2021-12-07T12:49:38+00:00\",\"author\":{\"@id\":\"https:\\\/\\\/blogs.es.amnesty.org\\\/madrid\\\/#\\\/schema\\\/person\\\/d2312947a65c4b64623d42b82830dc7e\"},\"breadcrumb\":{\"@id\":\"https:\\\/\\\/blogs.es.amnesty.org\\\/madrid\\\/2021\\\/11\\\/30\\\/mas-de-2-300-localidades-de-todo-el-mundo-participan-en-ciudades-por-la-vida-contra-la-pena-de-muerte\\\/#breadcrumb\"},\"inLanguage\":\"es\",\"potentialAction\":[{\"@type\":\"ReadAction\",\"target\":[\"https:\\\/\\\/blogs.es.amnesty.org\\\/madrid\\\/2021\\\/11\\\/30\\\/mas-de-2-300-localidades-de-todo-el-mundo-participan-en-ciudades-por-la-vida-contra-la-pena-de-muerte\\\/\"]}]},{\"@type\":\"ImageObject\",\"inLanguage\":\"es\",\"@id\":\"https:\\\/\\\/blogs.es.amnesty.org\\\/madrid\\\/2021\\\/11\\\/30\\\/mas-de-2-300-localidades-de-todo-el-mundo-participan-en-ciudades-por-la-vida-contra-la-pena-de-muerte\\\/#primaryimage\",\"url\":\"https:\\\/\\\/blogs.es.amnesty.org\\\/files\\\/uploads\\\/sites\\\/4\\\/2020\\\/11\\\/pena-de-muerte.jpg\",\"contentUrl\":\"https:\\\/\\\/blogs.es.amnesty.org\\\/files\\\/uploads\\\/sites\\\/4\\\/2020\\\/11\\\/pena-de-muerte.jpg\",\"width\":720,\"height\":720},{\"@type\":\"BreadcrumbList\",\"@id\":\"https:\\\/\\\/blogs.es.amnesty.org\\\/madrid\\\/2021\\\/11\\\/30\\\/mas-de-2-300-localidades-de-todo-el-mundo-participan-en-ciudades-por-la-vida-contra-la-pena-de-muerte\\\/#breadcrumb\",\"itemListElement\":[{\"@type\":\"ListItem\",\"position\":1,\"name\":\"Portada\",\"item\":\"https:\\\/\\\/blogs.es.amnesty.org\\\/madrid\\\/\"},{\"@type\":\"ListItem\",\"position\":2,\"name\":\"M\u00e1s de 2.300 localidades de todo el mundo participan en \u2018Ciudades por la Vida\u2019 contra la pena de muerte\"}]},{\"@type\":\"WebSite\",\"@id\":\"https:\\\/\\\/blogs.es.amnesty.org\\\/madrid\\\/#website\",\"url\":\"https:\\\/\\\/blogs.es.amnesty.org\\\/madrid\\\/\",\"name\":\"Madrid\",\"description\":\"Blog de Amnist\u00eda Internacional Madrid\",\"potentialAction\":[{\"@type\":\"SearchAction\",\"target\":{\"@type\":\"EntryPoint\",\"urlTemplate\":\"https:\\\/\\\/blogs.es.amnesty.org\\\/madrid\\\/?s={search_term_string}\"},\"query-input\":{\"@type\":\"PropertyValueSpecification\",\"valueRequired\":true,\"valueName\":\"search_term_string\"}}],\"inLanguage\":\"es\"},{\"@type\":\"Person\",\"@id\":\"https:\\\/\\\/blogs.es.amnesty.org\\\/madrid\\\/#\\\/schema\\\/person\\\/d2312947a65c4b64623d42b82830dc7e\",\"name\":\"Comunicaci\u00f3n Madrid\",\"image\":{\"@type\":\"ImageObject\",\"inLanguage\":\"es\",\"@id\":\"https:\\\/\\\/secure.gravatar.com\\\/avatar\\\/8d37e48c089becf89fdc60d25295730c0ef5142123de6b87076ed30fd2bfeaea?s=96&d=https%3A%2F%2Fblogs.es.amnesty.org%2Ffiles%2Fuploads%2F2019%2F02%2Fanmistia-gravatar.jpg&r=g\",\"url\":\"https:\\\/\\\/secure.gravatar.com\\\/avatar\\\/8d37e48c089becf89fdc60d25295730c0ef5142123de6b87076ed30fd2bfeaea?s=96&d=https%3A%2F%2Fblogs.es.amnesty.org%2Ffiles%2Fuploads%2F2019%2F02%2Fanmistia-gravatar.jpg&r=g\",\"contentUrl\":\"https:\\\/\\\/secure.gravatar.com\\\/avatar\\\/8d37e48c089becf89fdc60d25295730c0ef5142123de6b87076ed30fd2bfeaea?s=96&d=https%3A%2F%2Fblogs.es.amnesty.org%2Ffiles%2Fuploads%2F2019%2F02%2Fanmistia-gravatar.jpg&r=g\",\"caption\":\"Comunicaci\u00f3n Madrid\"},\"description\":\"Este es el blog de Amnist\u00eda Internacional Madrid. Luchando por los derechos humanos desde finales del siglo XX\",\"url\":\"https:\\\/\\\/blogs.es.amnesty.org\\\/madrid\\\/autor\\\/comunicacionmad\\\/\"}]}<\/script>\n<!-- \/ Yoast SEO plugin. -->","yoast_head_json":{"title":"M\u00e1s de 2.300 localidades de todo el mundo participan en \u2018Ciudades por la Vida\u2019 contra la pena de muerte - Madrid","robots":{"index":"index","follow":"follow","max-snippet":"max-snippet:-1","max-image-preview":"max-image-preview:large","max-video-preview":"max-video-preview:-1"},"canonical":"https:\/\/blogs.es.amnesty.org\/madrid\/2021\/11\/30\/mas-de-2-300-localidades-de-todo-el-mundo-participan-en-ciudades-por-la-vida-contra-la-pena-de-muerte\/","og_locale":"es_ES","og_type":"article","og_title":"M\u00e1s de 2.300 localidades de todo el mundo participan en \u2018Ciudades por la Vida\u2019 contra la pena de muerte - Madrid","og_description":". Al menos 30 ciudades en Espa\u00f1a promueven eventos, en la Comunidad de Madrid: Tres Cantos, Alcorc\u00f3n y Alcal\u00e1 de Henares  . Cerca de 30.000 personas est\u00e1n condenadas a muerte en todo el mundo. . Solo nueve pa\u00edses son responsables de m\u00e1s del 80% del total conocido de ejecuciones: Irak, Pakist\u00e1n, Nigeria, Estados Unidos, Bangladesh, Malasia, Vietnam, Kenia y Sri Lanka.","og_url":"https:\/\/blogs.es.amnesty.org\/madrid\/2021\/11\/30\/mas-de-2-300-localidades-de-todo-el-mundo-participan-en-ciudades-por-la-vida-contra-la-pena-de-muerte\/","og_site_name":"Madrid","article_published_time":"2021-11-30T08:52:00+00:00","article_modified_time":"2021-12-07T12:49:38+00:00","og_image":[{"width":720,"height":720,"url":"https:\/\/blogs.es.amnesty.org\/files\/uploads\/sites\/4\/2020\/11\/pena-de-muerte.jpg","type":"image\/jpeg"}],"author":"Comunicaci\u00f3n Madrid","twitter_card":"summary_large_image","twitter_misc":{"Escrito por":"Comunicaci\u00f3n Madrid","Tiempo de lectura":"4 minutos"},"schema":{"@context":"https:\/\/schema.org","@graph":[{"@type":"Article","@id":"https:\/\/blogs.es.amnesty.org\/madrid\/2021\/11\/30\/mas-de-2-300-localidades-de-todo-el-mundo-participan-en-ciudades-por-la-vida-contra-la-pena-de-muerte\/#article","isPartOf":{"@id":"https:\/\/blogs.es.amnesty.org\/madrid\/2021\/11\/30\/mas-de-2-300-localidades-de-todo-el-mundo-participan-en-ciudades-por-la-vida-contra-la-pena-de-muerte\/"},"author":{"name":"Comunicaci\u00f3n Madrid","@id":"https:\/\/blogs.es.amnesty.org\/madrid\/#\/schema\/person\/d2312947a65c4b64623d42b82830dc7e"},"headline":"M\u00e1s de 2.300 localidades de todo el mundo participan en \u2018Ciudades por la Vida\u2019 contra la pena de muerte","datePublished":"2021-11-30T08:52:00+00:00","dateModified":"2021-12-07T12:49:38+00:00","mainEntityOfPage":{"@id":"https:\/\/blogs.es.amnesty.org\/madrid\/2021\/11\/30\/mas-de-2-300-localidades-de-todo-el-mundo-participan-en-ciudades-por-la-vida-contra-la-pena-de-muerte\/"},"wordCount":863,"commentCount":0,"image":{"@id":"https:\/\/blogs.es.amnesty.org\/madrid\/2021\/11\/30\/mas-de-2-300-localidades-de-todo-el-mundo-participan-en-ciudades-por-la-vida-contra-la-pena-de-muerte\/#primaryimage"},"thumbnailUrl":"https:\/\/blogs.es.amnesty.org\/files\/uploads\/sites\/4\/2020\/11\/pena-de-muerte.jpg","keywords":["Ciudades por la Vida","Pena de muerte"],"articleSection":["Pena de muerte"],"inLanguage":"es","potentialAction":[{"@type":"CommentAction","name":"Comment","target":["https:\/\/blogs.es.amnesty.org\/madrid\/2021\/11\/30\/mas-de-2-300-localidades-de-todo-el-mundo-participan-en-ciudades-por-la-vida-contra-la-pena-de-muerte\/#respond"]}]},{"@type":"WebPage","@id":"https:\/\/blogs.es.amnesty.org\/madrid\/2021\/11\/30\/mas-de-2-300-localidades-de-todo-el-mundo-participan-en-ciudades-por-la-vida-contra-la-pena-de-muerte\/","url":"https:\/\/blogs.es.amnesty.org\/madrid\/2021\/11\/30\/mas-de-2-300-localidades-de-todo-el-mundo-participan-en-ciudades-por-la-vida-contra-la-pena-de-muerte\/","name":"M\u00e1s de 2.300 localidades de todo el mundo participan en \u2018Ciudades por la Vida\u2019 contra la pena de muerte - Madrid","isPartOf":{"@id":"https:\/\/blogs.es.amnesty.org\/madrid\/#website"},"primaryImageOfPage":{"@id":"https:\/\/blogs.es.amnesty.org\/madrid\/2021\/11\/30\/mas-de-2-300-localidades-de-todo-el-mundo-participan-en-ciudades-por-la-vida-contra-la-pena-de-muerte\/#primaryimage"},"image":{"@id":"https:\/\/blogs.es.amnesty.org\/madrid\/2021\/11\/30\/mas-de-2-300-localidades-de-todo-el-mundo-participan-en-ciudades-por-la-vida-contra-la-pena-de-muerte\/#primaryimage"},"thumbnailUrl":"https:\/\/blogs.es.amnesty.org\/files\/uploads\/sites\/4\/2020\/11\/pena-de-muerte.jpg","datePublished":"2021-11-30T08:52:00+00:00","dateModified":"2021-12-07T12:49:38+00:00","author":{"@id":"https:\/\/blogs.es.amnesty.org\/madrid\/#\/schema\/person\/d2312947a65c4b64623d42b82830dc7e"},"breadcrumb":{"@id":"https:\/\/blogs.es.amnesty.org\/madrid\/2021\/11\/30\/mas-de-2-300-localidades-de-todo-el-mundo-participan-en-ciudades-por-la-vida-contra-la-pena-de-muerte\/#breadcrumb"},"inLanguage":"es","potentialAction":[{"@type":"ReadAction","target":["https:\/\/blogs.es.amnesty.org\/madrid\/2021\/11\/30\/mas-de-2-300-localidades-de-todo-el-mundo-participan-en-ciudades-por-la-vida-contra-la-pena-de-muerte\/"]}]},{"@type":"ImageObject","inLanguage":"es","@id":"https:\/\/blogs.es.amnesty.org\/madrid\/2021\/11\/30\/mas-de-2-300-localidades-de-todo-el-mundo-participan-en-ciudades-por-la-vida-contra-la-pena-de-muerte\/#primaryimage","url":"https:\/\/blogs.es.amnesty.org\/files\/uploads\/sites\/4\/2020\/11\/pena-de-muerte.jpg","contentUrl":"https:\/\/blogs.es.amnesty.org\/files\/uploads\/sites\/4\/2020\/11\/pena-de-muerte.jpg","width":720,"height":720},{"@type":"BreadcrumbList","@id":"https:\/\/blogs.es.amnesty.org\/madrid\/2021\/11\/30\/mas-de-2-300-localidades-de-todo-el-mundo-participan-en-ciudades-por-la-vida-contra-la-pena-de-muerte\/#breadcrumb","itemListElement":[{"@type":"ListItem","position":1,"name":"Portada","item":"https:\/\/blogs.es.amnesty.org\/madrid\/"},{"@type":"ListItem","position":2,"name":"M\u00e1s de 2.300 localidades de todo el mundo participan en \u2018Ciudades por la Vida\u2019 contra la pena de muerte"}]},{"@type":"WebSite","@id":"https:\/\/blogs.es.amnesty.org\/madrid\/#website","url":"https:\/\/blogs.es.amnesty.org\/madrid\/","name":"Madrid","description":"Blog de Amnist\u00eda Internacional Madrid","potentialAction":[{"@type":"SearchAction","target":{"@type":"EntryPoint","urlTemplate":"https:\/\/blogs.es.amnesty.org\/madrid\/?s={search_term_string}"},"query-input":{"@type":"PropertyValueSpecification","valueRequired":true,"valueName":"search_term_string"}}],"inLanguage":"es"},{"@type":"Person","@id":"https:\/\/blogs.es.amnesty.org\/madrid\/#\/schema\/person\/d2312947a65c4b64623d42b82830dc7e","name":"Comunicaci\u00f3n Madrid","image":{"@type":"ImageObject","inLanguage":"es","@id":"https:\/\/secure.gravatar.com\/avatar\/8d37e48c089becf89fdc60d25295730c0ef5142123de6b87076ed30fd2bfeaea?s=96&d=https%3A%2F%2Fblogs.es.amnesty.org%2Ffiles%2Fuploads%2F2019%2F02%2Fanmistia-gravatar.jpg&r=g","url":"https:\/\/secure.gravatar.com\/avatar\/8d37e48c089becf89fdc60d25295730c0ef5142123de6b87076ed30fd2bfeaea?s=96&d=https%3A%2F%2Fblogs.es.amnesty.org%2Ffiles%2Fuploads%2F2019%2F02%2Fanmistia-gravatar.jpg&r=g","contentUrl":"https:\/\/secure.gravatar.com\/avatar\/8d37e48c089becf89fdc60d25295730c0ef5142123de6b87076ed30fd2bfeaea?s=96&d=https%3A%2F%2Fblogs.es.amnesty.org%2Ffiles%2Fuploads%2F2019%2F02%2Fanmistia-gravatar.jpg&r=g","caption":"Comunicaci\u00f3n Madrid"},"description":"Este es el blog de Amnist\u00eda Internacional Madrid. Luchando por los derechos humanos desde finales del siglo XX","url":"https:\/\/blogs.es.amnesty.org\/madrid\/autor\/comunicacionmad\/"}]}},"_links":{"self":[{"href":"https:\/\/blogs.es.amnesty.org\/madrid\/wp-json\/wp\/v2\/posts\/4255","targetHints":{"allow":["GET"]}}],"collection":[{"href":"https:\/\/blogs.es.amnesty.org\/madrid\/wp-json\/wp\/v2\/posts"}],"about":[{"href":"https:\/\/blogs.es.amnesty.org\/madrid\/wp-json\/wp\/v2\/types\/post"}],"author":[{"embeddable":true,"href":"https:\/\/blogs.es.amnesty.org\/madrid\/wp-json\/wp\/v2\/users\/11"}],"replies":[{"embeddable":true,"href":"https:\/\/blogs.es.amnesty.org\/madrid\/wp-json\/wp\/v2\/comments?post=4255"}],"version-history":[{"count":0,"href":"https:\/\/blogs.es.amnesty.org\/madrid\/wp-json\/wp\/v2\/posts\/4255\/revisions"}],"wp:featuredmedia":[{"embeddable":true,"href":"https:\/\/blogs.es.amnesty.org\/madrid\/wp-json\/wp\/v2\/media\/3621"}],"wp:attachment":[{"href":"https:\/\/blogs.es.amnesty.org\/madrid\/wp-json\/wp\/v2\/media?parent=4255"}],"wp:term":[{"taxonomy":"category","embeddable":true,"href":"https:\/\/blogs.es.amnesty.org\/madrid\/wp-json\/wp\/v2\/categories?post=4255"},{"taxonomy":"post_tag","embeddable":true,"href":"https:\/\/blogs.es.amnesty.org\/madrid\/wp-json\/wp\/v2\/tags?post=4255"}],"curies":[{"name":"wp","href":"https:\/\/api.w.org\/{rel}","templated":true}]}}