{"id":429,"date":"2016-04-25T09:49:38","date_gmt":"2016-04-25T09:49:38","guid":{"rendered":"http:\/\/blogs.es.amnesty.org\/madrid\/?p=429"},"modified":"2017-06-07T10:56:02","modified_gmt":"2017-06-07T10:56:02","slug":"colombia-tenemos-los-indices-de-agresion-a-defensores-de-derechos-humanos-mas-altos-de-los-ultimos-20-anos","status":"publish","type":"post","link":"https:\/\/blogs.es.amnesty.org\/madrid\/2016\/04\/25\/colombia-tenemos-los-indices-de-agresion-a-defensores-de-derechos-humanos-mas-altos-de-los-ultimos-20-anos\/","title":{"rendered":"Colombia : \u201cTenemos los \u00edndices de agresi\u00f3n a defensores de derechos humanos m\u00e1s altos de los \u00faltimos 20 a\u00f1os\u201d"},"content":{"rendered":"<p>Acogida en Espa\u00f1a al <b>programa de Amnist\u00eda Internacional de protecci\u00f3n especial de defensores y defensoras de derechos humanos<\/b>, Alexandra Loaiza es actualmente la Coordinadora de la ONG Protection Desk Colombia (alianza entre la ONG colombiana Pensamiento Acci\u00f3n Social y la ONG Protection International).<\/p>\n<p>Alexandra centra su trabajo en la protecci\u00f3n de defensores y defensoras de derechos humanos en escenarios rurales, donde <b>afrodescendientes, poblaci\u00f3n ind\u00edgena, sindicalistas y mujeres, son las principales v\u00edctimas de un conflicto armado<\/b> <b>de m\u00e1s de medio siglo de duraci\u00f3n<\/b>.<\/p>\n<p>Si bien el gobierno colombiano, presidido por Juan Manuel Santos, y la guerrilla de las FARC est\u00e1n en puertas de firmar un \u201c Acuerdo de Paz\u201d, -a esto se suma el anuncio gubernamental del inicio de negociaciones con la segunda guerrilla del pa\u00eds, el Ej\u00e9rcito de Liberaci\u00f3n Nacional, ELN-, Alexandra precisa que \u201c<b>no es un proceso de paz, es un proceso de negociaci\u00f3n de un conflicto armado<\/b>, que no significa para nada la paz\u201d.<\/p>\n<p>Alexandra destaca el hecho de que se ha experimentado un aumento significativo de agresiones y amenazas a defensores de derechos humanos:<\/p>\n<p>\u201c<b>Presentamos los \u00edndices de confrontaci\u00f3n b\u00e9lica m\u00e1s bajos de los \u00faltimos 20 a\u00f1os, sin embargo, tenemos los \u00edndices de agresi\u00f3n a defensores de derechos humanos m\u00e1s altos del mismo per\u00edodo de tiempo. Se han incrementado las amenazas a defensores en un 300%\u201d <a href=\"https:\/\/www.youtube.com\/watch?v=Xx3EgKU__HM\" target=\"_blank\">dice Alexandra Loaiza, coordinadora de Protection Desk Colombia<\/a>.<\/b><\/p>\n<p>Durante estos casi sesenta a\u00f1os de conflicto, <b>han perdido la vida alrededor de 260.000 personas<\/b> \u2013la mayor\u00eda civiles \u2013, y decenas de miles han sido v\u00edctimas de secuestros y desapariciones forzadas. El desplazamiento forzado y la apropiaci\u00f3n indebida de tierras ha sido un elemento distintivo del conflicto armado.\u00a0 Entre <b>seis y ocho millones de personas, sobretodo campesinos, han sufrido desplazamientos<\/b> y han sido despojados de sus tierras mediante violencia e intimidaci\u00f3n.<\/p>\n<p><b>El problema de la restituci\u00f3n de tierras<\/b><\/p>\n<p>Se calcula que en Colombia, entre ocho y doce millones de hect\u00e1reas han sido abandonadas o adquiridas a la fuerza, y que casi medio mill\u00f3n de poblaci\u00f3n ind\u00edgena no tiene reconocimiento oficial de su derecho colectivo a la tierra.<\/p>\n<p>En su declaraci\u00f3n escrita ante el Consejo de Derechos Humanos de la ONU, que tuvo lugar entre febrero y marzo de este a\u00f1o, Amnist\u00eda Internacional puso de manifiesto que el proceso de restituci\u00f3n de tierras -pieza fundamental de las negociaciones-, sigue plagado de dificultades. Seg\u00fan AI no est\u00e1 garantizada la seguridad de los campesinos que quieren retornar y no se les esta brindando un apoyo socio-econ\u00f3mico efectivo.<\/p>\n<p>\u201c<a href=\"https:\/\/www.youtube.com\/watch?v=mGvEP6lu-H4\" target=\"_blank\"><b>La ley sigue siendo limitada frente al fen\u00f3meno del despojo y el desplazamiento<\/b>, y hay un sinn\u00famero de acciones jur\u00eddicas emprendidas por v\u00edctimas y campesinos para recuperar sus tierras que est\u00e1n completamente <\/a><a href=\"https:\/\/www.youtube.com\/watch?v=mGvEP6lu-H4\" target=\"_blank\"><i>invisibilizados<\/i><\/a>\u201d, seg\u00fan nos explica Alexandra.<\/p>\n<p><b>Negociaci\u00f3n y violencia siguen de la mano<\/b><\/p>\n<p>En este escenario de negociaci\u00f3n, la violencia no ha cesado. Contin\u00faan las amenazas contra los pueblos ind\u00edgenas, las comunidades afrodescendientes y campesinas. \u201c<b>Hay grupos que siguen siendo estructuras activas, fundamentalmente paramilitares, y que su actuaci\u00f3n es de control social y pol\u00edtico; no en vano siguen matando a defensores de derechos humanos<\/b>\u201d, relata Alexandra.<\/p>\n<p>El contexto es m\u00e1s complejo a\u00fan con la presencia de otros actores relevantes en la disputa del control territorial y pol\u00edtico: las bandas criminales, el rol de las empresas privadas de seguridad, que responden a intereses ligados a los paramilitares, junto con la potente actividad del narcotr\u00e1fico. Para Alexandra Loaiza, \u201c<a href=\"https:\/\/www.youtube.com\/watch?v=NS8KOmLXLy4\" target=\"_blank\"><b>el escenario de violencia es mucho m\u00e1s amplio que la situaci\u00f3n con la guerrilla<\/b><\/a>\u201d.<\/p>\n<p>\u201c<b>Hay que acabar la guerra\u201d<\/b><\/p>\n<p>La cuesti\u00f3n de la justicia ha sido uno de los temas m\u00e1s peliagudos de las negociaciones de paz, que se han venido desarrollando en Cuba desde 2012. A lo largo de este periodo, Amnist\u00eda Internacional ha sostenido, firmemente, que en las conversaciones se d\u00e9 prioridad a los derechos humanos de las v\u00edctimas del conflicto, incluido su derecho a la justicia.<\/p>\n<p>Para Alexandra no hay dudas, \u201c<b>estamos convencidos que hay que acabar la guerra.<\/b> Hay que seguir respaldando y mandando mensajes de apoyo para que las partes se mantengan negociando y lleguen al fin del proceso. Por supuesto <b><a href=\"https:\/\/www.youtube.com\/watch?v=ZRD4NvHrx2s\" target=\"_blank\">sin olvidar los derechos humanos que hay que respetar, del reconocimiento de las v\u00edctimas, de la reconstrucci\u00f3n de la memoria<\/a>\u201d.<\/b><\/p>\n<p><b>Amnist\u00eda Internacional pide que se lleven a cabo investigaciones penales independientes para garantizar que quienes se acojan a amnist\u00edas no est\u00e1n implicados en abusos y violaciones de derechos humanos. <\/b>Y sostiene que la paz estable requerir\u00e1 unos mecanismos judiciales efectivos para abordar el d\u00e9ficit de justicia, as\u00ed como medidas integrales para prevenir futuros delitos y violaciones de derechos humanos.<\/p>\n","protected":false},"excerpt":{"rendered":"<p>La defensora de derechos humanos colombiana , Alexandra Loaiza, asegura que \u201cen esta negociaci\u00f3n del conflicto armado, que no proceso de paz\u201d, la violencia sigue siendo la protagonista.<\/p>\n","protected":false},"author":11,"featured_media":431,"comment_status":"open","ping_status":"open","sticky":false,"template":"","format":"standard","meta":{"_acf_changed":false,"footnotes":"","_members_access_role":[],"_members_access_error":""},"categories":[38,26],"tags":[61],"class_list":["post-429","post","type-post","status-publish","format-standard","has-post-thumbnail","hentry","category-defensoresas-de-derechos-humanos","category-mujer","tag-colombia"],"acf":[],"yoast_head":"<!-- This site is optimized with the Yoast SEO plugin v28.2 - https:\/\/yoast.com\/product\/yoast-seo-wordpress\/ -->\n<title>Colombia : \u201cTenemos los \u00edndices de agresi\u00f3n a defensores de derechos humanos m\u00e1s altos de los \u00faltimos 20 a\u00f1os\u201d - Madrid<\/title>\n<meta name=\"robots\" content=\"index, follow, max-snippet:-1, max-image-preview:large, max-video-preview:-1\" \/>\n<link rel=\"canonical\" href=\"https:\/\/blogs.es.amnesty.org\/madrid\/2016\/04\/25\/colombia-tenemos-los-indices-de-agresion-a-defensores-de-derechos-humanos-mas-altos-de-los-ultimos-20-anos\/\" \/>\n<meta property=\"og:locale\" content=\"es_ES\" \/>\n<meta property=\"og:type\" content=\"article\" \/>\n<meta property=\"og:title\" content=\"Colombia : \u201cTenemos los \u00edndices de agresi\u00f3n a defensores de derechos humanos m\u00e1s altos de los \u00faltimos 20 a\u00f1os\u201d - Madrid\" \/>\n<meta property=\"og:description\" content=\"La defensora de derechos humanos colombiana , Alexandra Loaiza, asegura que \u201cen esta negociaci\u00f3n del conflicto armado, que no proceso de paz\u201d, la violencia sigue siendo la protagonista.\" \/>\n<meta property=\"og:url\" content=\"https:\/\/blogs.es.amnesty.org\/madrid\/2016\/04\/25\/colombia-tenemos-los-indices-de-agresion-a-defensores-de-derechos-humanos-mas-altos-de-los-ultimos-20-anos\/\" \/>\n<meta property=\"og:site_name\" content=\"Madrid\" \/>\n<meta property=\"article:published_time\" content=\"2016-04-25T09:49:38+00:00\" \/>\n<meta property=\"article:modified_time\" content=\"2017-06-07T10:56:02+00:00\" \/>\n<meta property=\"og:image\" content=\"https:\/\/blogs.es.amnesty.org\/files\/uploads\/sites\/4\/2016\/04\/ccc.png\" \/>\n\t<meta property=\"og:image:width\" content=\"900\" \/>\n\t<meta property=\"og:image:height\" content=\"507\" \/>\n\t<meta property=\"og:image:type\" content=\"image\/png\" \/>\n<meta name=\"author\" content=\"Comunicaci\u00f3n Madrid\" \/>\n<meta name=\"twitter:card\" content=\"summary_large_image\" \/>\n<meta name=\"twitter:label1\" content=\"Escrito por\" \/>\n\t<meta name=\"twitter:data1\" content=\"Comunicaci\u00f3n Madrid\" \/>\n\t<meta name=\"twitter:label2\" content=\"Tiempo de lectura\" \/>\n\t<meta name=\"twitter:data2\" content=\"4 minutos\" \/>\n<script type=\"application\/ld+json\" class=\"yoast-schema-graph\">{\"@context\":\"https:\\\/\\\/schema.org\",\"@graph\":[{\"@type\":\"Article\",\"@id\":\"https:\\\/\\\/blogs.es.amnesty.org\\\/madrid\\\/2016\\\/04\\\/25\\\/colombia-tenemos-los-indices-de-agresion-a-defensores-de-derechos-humanos-mas-altos-de-los-ultimos-20-anos\\\/#article\",\"isPartOf\":{\"@id\":\"https:\\\/\\\/blogs.es.amnesty.org\\\/madrid\\\/2016\\\/04\\\/25\\\/colombia-tenemos-los-indices-de-agresion-a-defensores-de-derechos-humanos-mas-altos-de-los-ultimos-20-anos\\\/\"},\"author\":{\"name\":\"Comunicaci\u00f3n Madrid\",\"@id\":\"https:\\\/\\\/blogs.es.amnesty.org\\\/madrid\\\/#\\\/schema\\\/person\\\/d2312947a65c4b64623d42b82830dc7e\"},\"headline\":\"Colombia : \u201cTenemos los \u00edndices de agresi\u00f3n a defensores de derechos humanos m\u00e1s altos de los \u00faltimos 20 a\u00f1os\u201d\",\"datePublished\":\"2016-04-25T09:49:38+00:00\",\"dateModified\":\"2017-06-07T10:56:02+00:00\",\"mainEntityOfPage\":{\"@id\":\"https:\\\/\\\/blogs.es.amnesty.org\\\/madrid\\\/2016\\\/04\\\/25\\\/colombia-tenemos-los-indices-de-agresion-a-defensores-de-derechos-humanos-mas-altos-de-los-ultimos-20-anos\\\/\"},\"wordCount\":833,\"commentCount\":0,\"image\":{\"@id\":\"https:\\\/\\\/blogs.es.amnesty.org\\\/madrid\\\/2016\\\/04\\\/25\\\/colombia-tenemos-los-indices-de-agresion-a-defensores-de-derechos-humanos-mas-altos-de-los-ultimos-20-anos\\\/#primaryimage\"},\"thumbnailUrl\":\"https:\\\/\\\/blogs.es.amnesty.org\\\/files\\\/uploads\\\/sites\\\/4\\\/2016\\\/04\\\/ccc.png\",\"keywords\":[\"Colombia\"],\"articleSection\":[\"Defensores\\\/as de Derechos Humanos\",\"Mujer\"],\"inLanguage\":\"es\",\"potentialAction\":[{\"@type\":\"CommentAction\",\"name\":\"Comment\",\"target\":[\"https:\\\/\\\/blogs.es.amnesty.org\\\/madrid\\\/2016\\\/04\\\/25\\\/colombia-tenemos-los-indices-de-agresion-a-defensores-de-derechos-humanos-mas-altos-de-los-ultimos-20-anos\\\/#respond\"]}]},{\"@type\":\"WebPage\",\"@id\":\"https:\\\/\\\/blogs.es.amnesty.org\\\/madrid\\\/2016\\\/04\\\/25\\\/colombia-tenemos-los-indices-de-agresion-a-defensores-de-derechos-humanos-mas-altos-de-los-ultimos-20-anos\\\/\",\"url\":\"https:\\\/\\\/blogs.es.amnesty.org\\\/madrid\\\/2016\\\/04\\\/25\\\/colombia-tenemos-los-indices-de-agresion-a-defensores-de-derechos-humanos-mas-altos-de-los-ultimos-20-anos\\\/\",\"name\":\"Colombia : \u201cTenemos los \u00edndices de agresi\u00f3n a defensores de derechos humanos m\u00e1s altos de los \u00faltimos 20 a\u00f1os\u201d - Madrid\",\"isPartOf\":{\"@id\":\"https:\\\/\\\/blogs.es.amnesty.org\\\/madrid\\\/#website\"},\"primaryImageOfPage\":{\"@id\":\"https:\\\/\\\/blogs.es.amnesty.org\\\/madrid\\\/2016\\\/04\\\/25\\\/colombia-tenemos-los-indices-de-agresion-a-defensores-de-derechos-humanos-mas-altos-de-los-ultimos-20-anos\\\/#primaryimage\"},\"image\":{\"@id\":\"https:\\\/\\\/blogs.es.amnesty.org\\\/madrid\\\/2016\\\/04\\\/25\\\/colombia-tenemos-los-indices-de-agresion-a-defensores-de-derechos-humanos-mas-altos-de-los-ultimos-20-anos\\\/#primaryimage\"},\"thumbnailUrl\":\"https:\\\/\\\/blogs.es.amnesty.org\\\/files\\\/uploads\\\/sites\\\/4\\\/2016\\\/04\\\/ccc.png\",\"datePublished\":\"2016-04-25T09:49:38+00:00\",\"dateModified\":\"2017-06-07T10:56:02+00:00\",\"author\":{\"@id\":\"https:\\\/\\\/blogs.es.amnesty.org\\\/madrid\\\/#\\\/schema\\\/person\\\/d2312947a65c4b64623d42b82830dc7e\"},\"breadcrumb\":{\"@id\":\"https:\\\/\\\/blogs.es.amnesty.org\\\/madrid\\\/2016\\\/04\\\/25\\\/colombia-tenemos-los-indices-de-agresion-a-defensores-de-derechos-humanos-mas-altos-de-los-ultimos-20-anos\\\/#breadcrumb\"},\"inLanguage\":\"es\",\"potentialAction\":[{\"@type\":\"ReadAction\",\"target\":[\"https:\\\/\\\/blogs.es.amnesty.org\\\/madrid\\\/2016\\\/04\\\/25\\\/colombia-tenemos-los-indices-de-agresion-a-defensores-de-derechos-humanos-mas-altos-de-los-ultimos-20-anos\\\/\"]}]},{\"@type\":\"ImageObject\",\"inLanguage\":\"es\",\"@id\":\"https:\\\/\\\/blogs.es.amnesty.org\\\/madrid\\\/2016\\\/04\\\/25\\\/colombia-tenemos-los-indices-de-agresion-a-defensores-de-derechos-humanos-mas-altos-de-los-ultimos-20-anos\\\/#primaryimage\",\"url\":\"https:\\\/\\\/blogs.es.amnesty.org\\\/files\\\/uploads\\\/sites\\\/4\\\/2016\\\/04\\\/ccc.png\",\"contentUrl\":\"https:\\\/\\\/blogs.es.amnesty.org\\\/files\\\/uploads\\\/sites\\\/4\\\/2016\\\/04\\\/ccc.png\",\"width\":900,\"height\":507},{\"@type\":\"BreadcrumbList\",\"@id\":\"https:\\\/\\\/blogs.es.amnesty.org\\\/madrid\\\/2016\\\/04\\\/25\\\/colombia-tenemos-los-indices-de-agresion-a-defensores-de-derechos-humanos-mas-altos-de-los-ultimos-20-anos\\\/#breadcrumb\",\"itemListElement\":[{\"@type\":\"ListItem\",\"position\":1,\"name\":\"Portada\",\"item\":\"https:\\\/\\\/blogs.es.amnesty.org\\\/madrid\\\/\"},{\"@type\":\"ListItem\",\"position\":2,\"name\":\"Colombia : \u201cTenemos los \u00edndices de agresi\u00f3n a defensores de derechos humanos m\u00e1s altos de los \u00faltimos 20 a\u00f1os\u201d\"}]},{\"@type\":\"WebSite\",\"@id\":\"https:\\\/\\\/blogs.es.amnesty.org\\\/madrid\\\/#website\",\"url\":\"https:\\\/\\\/blogs.es.amnesty.org\\\/madrid\\\/\",\"name\":\"Madrid\",\"description\":\"Blog de Amnist\u00eda Internacional Madrid\",\"potentialAction\":[{\"@type\":\"SearchAction\",\"target\":{\"@type\":\"EntryPoint\",\"urlTemplate\":\"https:\\\/\\\/blogs.es.amnesty.org\\\/madrid\\\/?s={search_term_string}\"},\"query-input\":{\"@type\":\"PropertyValueSpecification\",\"valueRequired\":true,\"valueName\":\"search_term_string\"}}],\"inLanguage\":\"es\"},{\"@type\":\"Person\",\"@id\":\"https:\\\/\\\/blogs.es.amnesty.org\\\/madrid\\\/#\\\/schema\\\/person\\\/d2312947a65c4b64623d42b82830dc7e\",\"name\":\"Comunicaci\u00f3n Madrid\",\"image\":{\"@type\":\"ImageObject\",\"inLanguage\":\"es\",\"@id\":\"https:\\\/\\\/secure.gravatar.com\\\/avatar\\\/8d37e48c089becf89fdc60d25295730c0ef5142123de6b87076ed30fd2bfeaea?s=96&d=https%3A%2F%2Fblogs.es.amnesty.org%2Ffiles%2Fuploads%2F2019%2F02%2Fanmistia-gravatar.jpg&r=g\",\"url\":\"https:\\\/\\\/secure.gravatar.com\\\/avatar\\\/8d37e48c089becf89fdc60d25295730c0ef5142123de6b87076ed30fd2bfeaea?s=96&d=https%3A%2F%2Fblogs.es.amnesty.org%2Ffiles%2Fuploads%2F2019%2F02%2Fanmistia-gravatar.jpg&r=g\",\"contentUrl\":\"https:\\\/\\\/secure.gravatar.com\\\/avatar\\\/8d37e48c089becf89fdc60d25295730c0ef5142123de6b87076ed30fd2bfeaea?s=96&d=https%3A%2F%2Fblogs.es.amnesty.org%2Ffiles%2Fuploads%2F2019%2F02%2Fanmistia-gravatar.jpg&r=g\",\"caption\":\"Comunicaci\u00f3n Madrid\"},\"description\":\"Este es el blog de Amnist\u00eda Internacional Madrid. Luchando por los derechos humanos desde finales del siglo XX\",\"url\":\"https:\\\/\\\/blogs.es.amnesty.org\\\/madrid\\\/autor\\\/comunicacionmad\\\/\"}]}<\/script>\n<!-- \/ Yoast SEO plugin. -->","yoast_head_json":{"title":"Colombia : \u201cTenemos los \u00edndices de agresi\u00f3n a defensores de derechos humanos m\u00e1s altos de los \u00faltimos 20 a\u00f1os\u201d - Madrid","robots":{"index":"index","follow":"follow","max-snippet":"max-snippet:-1","max-image-preview":"max-image-preview:large","max-video-preview":"max-video-preview:-1"},"canonical":"https:\/\/blogs.es.amnesty.org\/madrid\/2016\/04\/25\/colombia-tenemos-los-indices-de-agresion-a-defensores-de-derechos-humanos-mas-altos-de-los-ultimos-20-anos\/","og_locale":"es_ES","og_type":"article","og_title":"Colombia : \u201cTenemos los \u00edndices de agresi\u00f3n a defensores de derechos humanos m\u00e1s altos de los \u00faltimos 20 a\u00f1os\u201d - Madrid","og_description":"La defensora de derechos humanos colombiana , Alexandra Loaiza, asegura que \u201cen esta negociaci\u00f3n del conflicto armado, que no proceso de paz\u201d, la violencia sigue siendo la protagonista.","og_url":"https:\/\/blogs.es.amnesty.org\/madrid\/2016\/04\/25\/colombia-tenemos-los-indices-de-agresion-a-defensores-de-derechos-humanos-mas-altos-de-los-ultimos-20-anos\/","og_site_name":"Madrid","article_published_time":"2016-04-25T09:49:38+00:00","article_modified_time":"2017-06-07T10:56:02+00:00","og_image":[{"width":900,"height":507,"url":"https:\/\/blogs.es.amnesty.org\/files\/uploads\/sites\/4\/2016\/04\/ccc.png","type":"image\/png"}],"author":"Comunicaci\u00f3n Madrid","twitter_card":"summary_large_image","twitter_misc":{"Escrito por":"Comunicaci\u00f3n Madrid","Tiempo de lectura":"4 minutos"},"schema":{"@context":"https:\/\/schema.org","@graph":[{"@type":"Article","@id":"https:\/\/blogs.es.amnesty.org\/madrid\/2016\/04\/25\/colombia-tenemos-los-indices-de-agresion-a-defensores-de-derechos-humanos-mas-altos-de-los-ultimos-20-anos\/#article","isPartOf":{"@id":"https:\/\/blogs.es.amnesty.org\/madrid\/2016\/04\/25\/colombia-tenemos-los-indices-de-agresion-a-defensores-de-derechos-humanos-mas-altos-de-los-ultimos-20-anos\/"},"author":{"name":"Comunicaci\u00f3n Madrid","@id":"https:\/\/blogs.es.amnesty.org\/madrid\/#\/schema\/person\/d2312947a65c4b64623d42b82830dc7e"},"headline":"Colombia : \u201cTenemos los \u00edndices de agresi\u00f3n a defensores de derechos humanos m\u00e1s altos de los \u00faltimos 20 a\u00f1os\u201d","datePublished":"2016-04-25T09:49:38+00:00","dateModified":"2017-06-07T10:56:02+00:00","mainEntityOfPage":{"@id":"https:\/\/blogs.es.amnesty.org\/madrid\/2016\/04\/25\/colombia-tenemos-los-indices-de-agresion-a-defensores-de-derechos-humanos-mas-altos-de-los-ultimos-20-anos\/"},"wordCount":833,"commentCount":0,"image":{"@id":"https:\/\/blogs.es.amnesty.org\/madrid\/2016\/04\/25\/colombia-tenemos-los-indices-de-agresion-a-defensores-de-derechos-humanos-mas-altos-de-los-ultimos-20-anos\/#primaryimage"},"thumbnailUrl":"https:\/\/blogs.es.amnesty.org\/files\/uploads\/sites\/4\/2016\/04\/ccc.png","keywords":["Colombia"],"articleSection":["Defensores\/as de Derechos Humanos","Mujer"],"inLanguage":"es","potentialAction":[{"@type":"CommentAction","name":"Comment","target":["https:\/\/blogs.es.amnesty.org\/madrid\/2016\/04\/25\/colombia-tenemos-los-indices-de-agresion-a-defensores-de-derechos-humanos-mas-altos-de-los-ultimos-20-anos\/#respond"]}]},{"@type":"WebPage","@id":"https:\/\/blogs.es.amnesty.org\/madrid\/2016\/04\/25\/colombia-tenemos-los-indices-de-agresion-a-defensores-de-derechos-humanos-mas-altos-de-los-ultimos-20-anos\/","url":"https:\/\/blogs.es.amnesty.org\/madrid\/2016\/04\/25\/colombia-tenemos-los-indices-de-agresion-a-defensores-de-derechos-humanos-mas-altos-de-los-ultimos-20-anos\/","name":"Colombia : \u201cTenemos los \u00edndices de agresi\u00f3n a defensores de derechos humanos m\u00e1s altos de los \u00faltimos 20 a\u00f1os\u201d - Madrid","isPartOf":{"@id":"https:\/\/blogs.es.amnesty.org\/madrid\/#website"},"primaryImageOfPage":{"@id":"https:\/\/blogs.es.amnesty.org\/madrid\/2016\/04\/25\/colombia-tenemos-los-indices-de-agresion-a-defensores-de-derechos-humanos-mas-altos-de-los-ultimos-20-anos\/#primaryimage"},"image":{"@id":"https:\/\/blogs.es.amnesty.org\/madrid\/2016\/04\/25\/colombia-tenemos-los-indices-de-agresion-a-defensores-de-derechos-humanos-mas-altos-de-los-ultimos-20-anos\/#primaryimage"},"thumbnailUrl":"https:\/\/blogs.es.amnesty.org\/files\/uploads\/sites\/4\/2016\/04\/ccc.png","datePublished":"2016-04-25T09:49:38+00:00","dateModified":"2017-06-07T10:56:02+00:00","author":{"@id":"https:\/\/blogs.es.amnesty.org\/madrid\/#\/schema\/person\/d2312947a65c4b64623d42b82830dc7e"},"breadcrumb":{"@id":"https:\/\/blogs.es.amnesty.org\/madrid\/2016\/04\/25\/colombia-tenemos-los-indices-de-agresion-a-defensores-de-derechos-humanos-mas-altos-de-los-ultimos-20-anos\/#breadcrumb"},"inLanguage":"es","potentialAction":[{"@type":"ReadAction","target":["https:\/\/blogs.es.amnesty.org\/madrid\/2016\/04\/25\/colombia-tenemos-los-indices-de-agresion-a-defensores-de-derechos-humanos-mas-altos-de-los-ultimos-20-anos\/"]}]},{"@type":"ImageObject","inLanguage":"es","@id":"https:\/\/blogs.es.amnesty.org\/madrid\/2016\/04\/25\/colombia-tenemos-los-indices-de-agresion-a-defensores-de-derechos-humanos-mas-altos-de-los-ultimos-20-anos\/#primaryimage","url":"https:\/\/blogs.es.amnesty.org\/files\/uploads\/sites\/4\/2016\/04\/ccc.png","contentUrl":"https:\/\/blogs.es.amnesty.org\/files\/uploads\/sites\/4\/2016\/04\/ccc.png","width":900,"height":507},{"@type":"BreadcrumbList","@id":"https:\/\/blogs.es.amnesty.org\/madrid\/2016\/04\/25\/colombia-tenemos-los-indices-de-agresion-a-defensores-de-derechos-humanos-mas-altos-de-los-ultimos-20-anos\/#breadcrumb","itemListElement":[{"@type":"ListItem","position":1,"name":"Portada","item":"https:\/\/blogs.es.amnesty.org\/madrid\/"},{"@type":"ListItem","position":2,"name":"Colombia : \u201cTenemos los \u00edndices de agresi\u00f3n a defensores de derechos humanos m\u00e1s altos de los \u00faltimos 20 a\u00f1os\u201d"}]},{"@type":"WebSite","@id":"https:\/\/blogs.es.amnesty.org\/madrid\/#website","url":"https:\/\/blogs.es.amnesty.org\/madrid\/","name":"Madrid","description":"Blog de Amnist\u00eda Internacional Madrid","potentialAction":[{"@type":"SearchAction","target":{"@type":"EntryPoint","urlTemplate":"https:\/\/blogs.es.amnesty.org\/madrid\/?s={search_term_string}"},"query-input":{"@type":"PropertyValueSpecification","valueRequired":true,"valueName":"search_term_string"}}],"inLanguage":"es"},{"@type":"Person","@id":"https:\/\/blogs.es.amnesty.org\/madrid\/#\/schema\/person\/d2312947a65c4b64623d42b82830dc7e","name":"Comunicaci\u00f3n Madrid","image":{"@type":"ImageObject","inLanguage":"es","@id":"https:\/\/secure.gravatar.com\/avatar\/8d37e48c089becf89fdc60d25295730c0ef5142123de6b87076ed30fd2bfeaea?s=96&d=https%3A%2F%2Fblogs.es.amnesty.org%2Ffiles%2Fuploads%2F2019%2F02%2Fanmistia-gravatar.jpg&r=g","url":"https:\/\/secure.gravatar.com\/avatar\/8d37e48c089becf89fdc60d25295730c0ef5142123de6b87076ed30fd2bfeaea?s=96&d=https%3A%2F%2Fblogs.es.amnesty.org%2Ffiles%2Fuploads%2F2019%2F02%2Fanmistia-gravatar.jpg&r=g","contentUrl":"https:\/\/secure.gravatar.com\/avatar\/8d37e48c089becf89fdc60d25295730c0ef5142123de6b87076ed30fd2bfeaea?s=96&d=https%3A%2F%2Fblogs.es.amnesty.org%2Ffiles%2Fuploads%2F2019%2F02%2Fanmistia-gravatar.jpg&r=g","caption":"Comunicaci\u00f3n Madrid"},"description":"Este es el blog de Amnist\u00eda Internacional Madrid. Luchando por los derechos humanos desde finales del siglo XX","url":"https:\/\/blogs.es.amnesty.org\/madrid\/autor\/comunicacionmad\/"}]}},"_links":{"self":[{"href":"https:\/\/blogs.es.amnesty.org\/madrid\/wp-json\/wp\/v2\/posts\/429","targetHints":{"allow":["GET"]}}],"collection":[{"href":"https:\/\/blogs.es.amnesty.org\/madrid\/wp-json\/wp\/v2\/posts"}],"about":[{"href":"https:\/\/blogs.es.amnesty.org\/madrid\/wp-json\/wp\/v2\/types\/post"}],"author":[{"embeddable":true,"href":"https:\/\/blogs.es.amnesty.org\/madrid\/wp-json\/wp\/v2\/users\/11"}],"replies":[{"embeddable":true,"href":"https:\/\/blogs.es.amnesty.org\/madrid\/wp-json\/wp\/v2\/comments?post=429"}],"version-history":[{"count":0,"href":"https:\/\/blogs.es.amnesty.org\/madrid\/wp-json\/wp\/v2\/posts\/429\/revisions"}],"wp:featuredmedia":[{"embeddable":true,"href":"https:\/\/blogs.es.amnesty.org\/madrid\/wp-json\/wp\/v2\/media\/431"}],"wp:attachment":[{"href":"https:\/\/blogs.es.amnesty.org\/madrid\/wp-json\/wp\/v2\/media?parent=429"}],"wp:term":[{"taxonomy":"category","embeddable":true,"href":"https:\/\/blogs.es.amnesty.org\/madrid\/wp-json\/wp\/v2\/categories?post=429"},{"taxonomy":"post_tag","embeddable":true,"href":"https:\/\/blogs.es.amnesty.org\/madrid\/wp-json\/wp\/v2\/tags?post=429"}],"curies":[{"name":"wp","href":"https:\/\/api.w.org\/{rel}","templated":true}]}}