{"id":446,"date":"2016-10-21T10:28:18","date_gmt":"2016-10-21T10:28:18","guid":{"rendered":"http:\/\/blogs.es.amnesty.org\/madrid\/?p=446"},"modified":"2017-06-07T10:50:56","modified_gmt":"2017-06-07T10:50:56","slug":"madrid-se-vuelca-por-un-mundo-sinpenademuerte","status":"publish","type":"post","link":"https:\/\/blogs.es.amnesty.org\/madrid\/2016\/10\/21\/madrid-se-vuelca-por-un-mundo-sinpenademuerte\/","title":{"rendered":"Madrid se vuelca por un mundo #SinPenaDeMuerte"},"content":{"rendered":"<p><strong>\u00abLa pena de muerte no es justicia, es venganza\u00bb<\/strong><\/p>\n<p>\u00abLa pena de muerte no es justicia, es venganza, la gente cree que es disuasoria y puedo asegurar que en todos los Estados donde est\u00e1 aprobada, las tasas de homicidios son m\u00e1s altas que en los que no\u00bb. <b>Ron Keine pas\u00f3 dos a\u00f1os en el corredor de la muerte<\/b> por \u00abhaber cometido un asesinato\u00bb durante un viaje con su moto por Nuevo M\u00e9xico y cuya autor\u00eda fue posteriormente admitida por un polic\u00eda. Ron es uno de los protagonistas del cortometraje \u201c<a href=\"https:\/\/www.youtube.com\/watch?v=_XAAyE7T964\" target=\"_blank\">The Resurrection Club<\/a>\u201d. Junto a Shujaa Graham, Nancy Vollersten y Phyllis Prentice, visit\u00f3 Madrid la semana pasada con motivo del D\u00eda Internacional contra la Pena de Muerte para presentar el corto y denunciar los sistemas que legalizan el asesinato.<\/p>\n<p>El lunes 10 de octubre, cine Palafox de Madrid vivi\u00f3 un emotivo encuentro con Ron, Shujaa, Nancy y Phylis. All\u00ed se preestren\u00f3 \u00abThe Resurrection Club\u00bb, cortometraje que muestra una de las m\u00e1s crueles realidades de la pena capital: la condena de personas inocentes. El corto cuenta las historias de Ron, Shujaa, Greg y Albert, que pasaron varios a\u00f1os defendiendo su inocencia y acabaron siendo puestos en libertad. Cuando consiguieron retomar sus vidas, decidieron abrir una organizaci\u00f3n llamada \u00abWitness to innocence\u00bb que <b>recorre EE.UU luchando con sus testimonios por la abolici\u00f3n<\/b> y que sirvi\u00f3 a los directores del corto, \u00c1lvaro Corcuera y Guillermo Abril, para mostrar esta realidad.<\/p>\n<p>\u00abCuando sal\u00ed, no ten\u00eda ni para el autob\u00fas ni conoc\u00eda gente. [&#8230;] Tampoco me daban trabajo y tuve que comer de la basura y dormir en coches abandonados. Esto termina contigo y te quita la autoestima\u00bb.<\/p>\n<p>\u00ab<b>Ten\u00eda 18 a\u00f1os cuando entr\u00e9 y cumpl\u00ed 30 cuando tuve mi cuarto juicio<\/b>. Cuando o\u00ed las palabras: No culpable, pens\u00e9 que mi pesadilla hab\u00eda terminado. Pero yo ya no tengo sue\u00f1os, solo pesadillas de lo que viv\u00ed\u00bb, dijo Shujaa sobre su experiencia durante los a\u00f1os que pas\u00f3 esperando la muerte por un crimen que no hab\u00eda cometido. Pero la tortura del proceso judicial y la vida en la c\u00e1rcel no acaba con la exoneraci\u00f3n: \u00absalir del corredor es un verdadero problema porque ni el Gobierno ni el Estado quieren saber de ti. Eres relegado a un \u201cdon nadie\u201d y yo cuando sal\u00ed, no ten\u00eda ni para el autob\u00fas ni conoc\u00eda gente. (&#8230;) Tampoco me daban trabajo y tuve que comer de la basura y dormir en coches abandonados. Esto termina contigo y te quita la autoestima\u00bb, a\u00f1adi\u00f3 Ron.<\/p>\n<p><strong>Activistas de AIM compartimos una comida con los exonerados<\/strong><\/p>\n<p>El mi\u00e9rcoles 12, a pesar de ser festivo, decenas de activistas de AIM se acercaron al centro de Madrid para comer con Ron, Shujaa, Nancy y Phylis. Durante la comida, los dos exonerados compartieron sus historias y reflexiones sobre la pena de muerte.<\/p>\n<p>Ron explic\u00f3 c\u00f3mo, tras dos a\u00f1os en el corredor de la muerte, consigui\u00f3 la libertad: \u201c<b>faltaban exactamente nueve d\u00edas [para la ejecuci\u00f3n] cuando el asesino se dirigi\u00f3 y se confes\u00f3 en la iglesia m\u00e1s cercana\u201d<\/b>. El cura le indic\u00f3 que esto ten\u00eda que trascender a la polic\u00eda. \u201cEl problema en s\u00ed no es el sistema sino la corrupci\u00f3n\u201d, a\u00f1ade. \u201cEl Tribunal Supremo de USA ha hecho realidad que un fiscal tenga inmunidad total. En casos como los nuestros, cuando te enteras de que el fiscal ha sabido durante todos los a\u00f1os que has estado condenado que eras inocente\u2026 ese odio yo s\u00f3lo lo pude canalizar ayudado por una monja\u201d, explica.<\/p>\n<p>Shujja cont\u00f3 c\u00f3mo dos estudiantes le ayudaron en su larga lucha por la libertad: \u201cel d\u00eda de mi juicio asistieron dos estudiantes. Ellos podr\u00edan haber elegido ir a clase pero estaban all\u00ed. En el primer juicio no pude defenderme y en el segundo me condenaron. Esos dos j\u00f3venes llevaron a cabo un mont\u00f3n de acciones, <b>me dec\u00edan: <\/b><i><b>Shujja te vamos a sacar<\/b><\/i>\u201d, explica emocionado.<\/p>\n<p><strong>\u00bfEs la pena de muerte una respuesta al terrorismo?<\/strong><\/p>\n<p>Adem\u00e1s de la visita de Ron, Shujaa, Nancy y Phylis, nuestra organizaci\u00f3n tambi\u00e9n particip\u00f3 en la ponencia \u201c\u00bfEs la pena de muerte una respuesta al terrorismo? M\u00faltiples voces\u201d. Este acto, organizado por Casa \u00c1rabe, cont\u00f3 con la participaci\u00f3n de personalidades como Federico Mayor Zaragoza, actual presidente de la Comisi\u00f3n Internacional contra la Pena de Muerte o de organizaciones como la Fundaci\u00f3n Cultura para la Paz. En palabras de Mayor Zaragoza, \u00ab<b>las v\u00edctimas de terrorismo en su angustia piden justicia pero no piden venganza\u00bb<\/b>.<\/p>\n<p>Por su parte, el director de Amnist\u00eda Internacional Espa\u00f1a, Esteban Beltr\u00e1n, reconoci\u00f3 que por primera vez en la historia la balanza se empieza a inclinar del lado positivo porque \u00ab<b>ya son m\u00e1s de la mitad los pa\u00edses que han abolido la pena de muerte<\/b>. Si bien es cierto que a\u00fan queda mucho trabajo por hacer, la tendencia es la abolici\u00f3n mundial\u00bb. Aun as\u00ed, este progreso se ha visto lastrado por la reincorporaci\u00f3n de la pena de muerte en pa\u00edses donde se hab\u00eda abandonado esta pr\u00e1ctica \u00abdebido a la expansi\u00f3n del terrorismo\u00bb, asegur\u00f3 el Beltr\u00e1n. \u00abPakist\u00e1n ha pasado de 32 ejecuciones en 2014 a 326 en 2015\u00bb, ejemplific\u00f3.<\/p>\n<p><strong>\u00a1Act\u00faa por la abolici\u00f3n total!<\/strong><\/p>\n<p>Shujaa Graham dedic\u00f3 unas \u00faltimas palabras a Amnist\u00eda Internacional y a los y las activistas: \u201cla pena de muerte en el mundo no se ha llegado a abolir, pero esas victorias parciales nos van a llevar a la abolici\u00f3n total\u201d.<\/p>\n<p>\u00a1Sigamos luchando por un mundo #SinPenaDeMuerte! Puedes hacerlo de varias formas:<\/p>\n<ul>\n<li><a href=\"https:\/\/www.es.amnesty.org\/actua\/acciones\/arabia-pena-muerte-joven-oct15\/\" target=\"_blank\">Firmando por la abolici\u00f3n de Ali Mohammed Baqir al-Nimr<\/a>, que puede ser ejecutado en Arabia Saud\u00ed en cualquier momento.<\/li>\n<li><a href=\"https:\/\/www.es.amnesty.org\/actua\/voluntariado\/\" target=\"_blank\">Haci\u00e9ndote activista por los derechos humanos<\/a><\/li>\n<\/ul>\n","protected":false},"excerpt":{"rendered":"<p>#SinPenaDeMuerte. Este mensaje ha sonado alto y claro durante la \u00faltima semana en Madrid. El lunes fue trending topic en Twitter. El martes, mi\u00e9rcoles y jueves, se repiti\u00f3 en la gran pantalla en los medios y en institutos. Y es que Amnist\u00eda Internacional organiz\u00f3 y particip\u00f3 en numerosos actos contra la pena capital con motivo del D\u00eda Internacional contra la Pena de Muerte.<\/p>\n","protected":false},"author":11,"featured_media":449,"comment_status":"open","ping_status":"open","sticky":false,"template":"","format":"standard","meta":{"_acf_changed":false,"footnotes":"","_members_access_role":[],"_members_access_error":""},"categories":[33],"tags":[],"class_list":["post-446","post","type-post","status-publish","format-standard","has-post-thumbnail","hentry","category-pena-de-muerte"],"acf":[],"yoast_head":"<!-- This site is optimized with the Yoast SEO plugin v28.2 - https:\/\/yoast.com\/product\/yoast-seo-wordpress\/ -->\n<title>Madrid se vuelca por un mundo #SinPenaDeMuerte - Madrid<\/title>\n<meta name=\"robots\" content=\"index, follow, max-snippet:-1, max-image-preview:large, max-video-preview:-1\" \/>\n<link rel=\"canonical\" href=\"https:\/\/blogs.es.amnesty.org\/madrid\/2016\/10\/21\/madrid-se-vuelca-por-un-mundo-sinpenademuerte\/\" \/>\n<meta property=\"og:locale\" content=\"es_ES\" \/>\n<meta property=\"og:type\" content=\"article\" \/>\n<meta property=\"og:title\" content=\"Madrid se vuelca por un mundo #SinPenaDeMuerte - Madrid\" \/>\n<meta property=\"og:description\" content=\"#SinPenaDeMuerte. Este mensaje ha sonado alto y claro durante la \u00faltima semana en Madrid. El lunes fue trending topic en Twitter. El martes, mi\u00e9rcoles y jueves, se repiti\u00f3 en la gran pantalla en los medios y en institutos. Y es que Amnist\u00eda Internacional organiz\u00f3 y particip\u00f3 en numerosos actos contra la pena capital con motivo del D\u00eda Internacional contra la Pena de Muerte.\" \/>\n<meta property=\"og:url\" content=\"https:\/\/blogs.es.amnesty.org\/madrid\/2016\/10\/21\/madrid-se-vuelca-por-un-mundo-sinpenademuerte\/\" \/>\n<meta property=\"og:site_name\" content=\"Madrid\" \/>\n<meta property=\"article:published_time\" content=\"2016-10-21T10:28:18+00:00\" \/>\n<meta property=\"article:modified_time\" content=\"2017-06-07T10:50:56+00:00\" \/>\n<meta property=\"og:image\" content=\"https:\/\/blogs.es.amnesty.org\/files\/uploads\/sites\/4\/2016\/10\/Acto-contra-la-pena-de-muerte.png\" \/>\n\t<meta property=\"og:image:width\" content=\"898\" \/>\n\t<meta property=\"og:image:height\" content=\"468\" \/>\n\t<meta property=\"og:image:type\" content=\"image\/png\" \/>\n<meta name=\"author\" content=\"Comunicaci\u00f3n Madrid\" \/>\n<meta name=\"twitter:card\" content=\"summary_large_image\" \/>\n<meta name=\"twitter:label1\" content=\"Escrito por\" \/>\n\t<meta name=\"twitter:data1\" content=\"Comunicaci\u00f3n Madrid\" \/>\n\t<meta name=\"twitter:label2\" content=\"Tiempo de lectura\" \/>\n\t<meta name=\"twitter:data2\" content=\"5 minutos\" \/>\n<script type=\"application\/ld+json\" class=\"yoast-schema-graph\">{\"@context\":\"https:\\\/\\\/schema.org\",\"@graph\":[{\"@type\":\"Article\",\"@id\":\"https:\\\/\\\/blogs.es.amnesty.org\\\/madrid\\\/2016\\\/10\\\/21\\\/madrid-se-vuelca-por-un-mundo-sinpenademuerte\\\/#article\",\"isPartOf\":{\"@id\":\"https:\\\/\\\/blogs.es.amnesty.org\\\/madrid\\\/2016\\\/10\\\/21\\\/madrid-se-vuelca-por-un-mundo-sinpenademuerte\\\/\"},\"author\":{\"name\":\"Comunicaci\u00f3n Madrid\",\"@id\":\"https:\\\/\\\/blogs.es.amnesty.org\\\/madrid\\\/#\\\/schema\\\/person\\\/d2312947a65c4b64623d42b82830dc7e\"},\"headline\":\"Madrid se vuelca por un mundo #SinPenaDeMuerte\",\"datePublished\":\"2016-10-21T10:28:18+00:00\",\"dateModified\":\"2017-06-07T10:50:56+00:00\",\"mainEntityOfPage\":{\"@id\":\"https:\\\/\\\/blogs.es.amnesty.org\\\/madrid\\\/2016\\\/10\\\/21\\\/madrid-se-vuelca-por-un-mundo-sinpenademuerte\\\/\"},\"wordCount\":984,\"commentCount\":0,\"image\":{\"@id\":\"https:\\\/\\\/blogs.es.amnesty.org\\\/madrid\\\/2016\\\/10\\\/21\\\/madrid-se-vuelca-por-un-mundo-sinpenademuerte\\\/#primaryimage\"},\"thumbnailUrl\":\"https:\\\/\\\/blogs.es.amnesty.org\\\/files\\\/uploads\\\/sites\\\/4\\\/2016\\\/10\\\/Acto-contra-la-pena-de-muerte.png\",\"articleSection\":[\"Pena de muerte\"],\"inLanguage\":\"es\",\"potentialAction\":[{\"@type\":\"CommentAction\",\"name\":\"Comment\",\"target\":[\"https:\\\/\\\/blogs.es.amnesty.org\\\/madrid\\\/2016\\\/10\\\/21\\\/madrid-se-vuelca-por-un-mundo-sinpenademuerte\\\/#respond\"]}]},{\"@type\":\"WebPage\",\"@id\":\"https:\\\/\\\/blogs.es.amnesty.org\\\/madrid\\\/2016\\\/10\\\/21\\\/madrid-se-vuelca-por-un-mundo-sinpenademuerte\\\/\",\"url\":\"https:\\\/\\\/blogs.es.amnesty.org\\\/madrid\\\/2016\\\/10\\\/21\\\/madrid-se-vuelca-por-un-mundo-sinpenademuerte\\\/\",\"name\":\"Madrid se vuelca por un mundo #SinPenaDeMuerte - Madrid\",\"isPartOf\":{\"@id\":\"https:\\\/\\\/blogs.es.amnesty.org\\\/madrid\\\/#website\"},\"primaryImageOfPage\":{\"@id\":\"https:\\\/\\\/blogs.es.amnesty.org\\\/madrid\\\/2016\\\/10\\\/21\\\/madrid-se-vuelca-por-un-mundo-sinpenademuerte\\\/#primaryimage\"},\"image\":{\"@id\":\"https:\\\/\\\/blogs.es.amnesty.org\\\/madrid\\\/2016\\\/10\\\/21\\\/madrid-se-vuelca-por-un-mundo-sinpenademuerte\\\/#primaryimage\"},\"thumbnailUrl\":\"https:\\\/\\\/blogs.es.amnesty.org\\\/files\\\/uploads\\\/sites\\\/4\\\/2016\\\/10\\\/Acto-contra-la-pena-de-muerte.png\",\"datePublished\":\"2016-10-21T10:28:18+00:00\",\"dateModified\":\"2017-06-07T10:50:56+00:00\",\"author\":{\"@id\":\"https:\\\/\\\/blogs.es.amnesty.org\\\/madrid\\\/#\\\/schema\\\/person\\\/d2312947a65c4b64623d42b82830dc7e\"},\"breadcrumb\":{\"@id\":\"https:\\\/\\\/blogs.es.amnesty.org\\\/madrid\\\/2016\\\/10\\\/21\\\/madrid-se-vuelca-por-un-mundo-sinpenademuerte\\\/#breadcrumb\"},\"inLanguage\":\"es\",\"potentialAction\":[{\"@type\":\"ReadAction\",\"target\":[\"https:\\\/\\\/blogs.es.amnesty.org\\\/madrid\\\/2016\\\/10\\\/21\\\/madrid-se-vuelca-por-un-mundo-sinpenademuerte\\\/\"]}]},{\"@type\":\"ImageObject\",\"inLanguage\":\"es\",\"@id\":\"https:\\\/\\\/blogs.es.amnesty.org\\\/madrid\\\/2016\\\/10\\\/21\\\/madrid-se-vuelca-por-un-mundo-sinpenademuerte\\\/#primaryimage\",\"url\":\"https:\\\/\\\/blogs.es.amnesty.org\\\/files\\\/uploads\\\/sites\\\/4\\\/2016\\\/10\\\/Acto-contra-la-pena-de-muerte.png\",\"contentUrl\":\"https:\\\/\\\/blogs.es.amnesty.org\\\/files\\\/uploads\\\/sites\\\/4\\\/2016\\\/10\\\/Acto-contra-la-pena-de-muerte.png\",\"width\":898,\"height\":468},{\"@type\":\"BreadcrumbList\",\"@id\":\"https:\\\/\\\/blogs.es.amnesty.org\\\/madrid\\\/2016\\\/10\\\/21\\\/madrid-se-vuelca-por-un-mundo-sinpenademuerte\\\/#breadcrumb\",\"itemListElement\":[{\"@type\":\"ListItem\",\"position\":1,\"name\":\"Portada\",\"item\":\"https:\\\/\\\/blogs.es.amnesty.org\\\/madrid\\\/\"},{\"@type\":\"ListItem\",\"position\":2,\"name\":\"Madrid se vuelca por un mundo #SinPenaDeMuerte\"}]},{\"@type\":\"WebSite\",\"@id\":\"https:\\\/\\\/blogs.es.amnesty.org\\\/madrid\\\/#website\",\"url\":\"https:\\\/\\\/blogs.es.amnesty.org\\\/madrid\\\/\",\"name\":\"Madrid\",\"description\":\"Blog de Amnist\u00eda Internacional Madrid\",\"potentialAction\":[{\"@type\":\"SearchAction\",\"target\":{\"@type\":\"EntryPoint\",\"urlTemplate\":\"https:\\\/\\\/blogs.es.amnesty.org\\\/madrid\\\/?s={search_term_string}\"},\"query-input\":{\"@type\":\"PropertyValueSpecification\",\"valueRequired\":true,\"valueName\":\"search_term_string\"}}],\"inLanguage\":\"es\"},{\"@type\":\"Person\",\"@id\":\"https:\\\/\\\/blogs.es.amnesty.org\\\/madrid\\\/#\\\/schema\\\/person\\\/d2312947a65c4b64623d42b82830dc7e\",\"name\":\"Comunicaci\u00f3n Madrid\",\"image\":{\"@type\":\"ImageObject\",\"inLanguage\":\"es\",\"@id\":\"https:\\\/\\\/secure.gravatar.com\\\/avatar\\\/8d37e48c089becf89fdc60d25295730c0ef5142123de6b87076ed30fd2bfeaea?s=96&d=https%3A%2F%2Fblogs.es.amnesty.org%2Ffiles%2Fuploads%2F2019%2F02%2Fanmistia-gravatar.jpg&r=g\",\"url\":\"https:\\\/\\\/secure.gravatar.com\\\/avatar\\\/8d37e48c089becf89fdc60d25295730c0ef5142123de6b87076ed30fd2bfeaea?s=96&d=https%3A%2F%2Fblogs.es.amnesty.org%2Ffiles%2Fuploads%2F2019%2F02%2Fanmistia-gravatar.jpg&r=g\",\"contentUrl\":\"https:\\\/\\\/secure.gravatar.com\\\/avatar\\\/8d37e48c089becf89fdc60d25295730c0ef5142123de6b87076ed30fd2bfeaea?s=96&d=https%3A%2F%2Fblogs.es.amnesty.org%2Ffiles%2Fuploads%2F2019%2F02%2Fanmistia-gravatar.jpg&r=g\",\"caption\":\"Comunicaci\u00f3n Madrid\"},\"description\":\"Este es el blog de Amnist\u00eda Internacional Madrid. Luchando por los derechos humanos desde finales del siglo XX\",\"url\":\"https:\\\/\\\/blogs.es.amnesty.org\\\/madrid\\\/autor\\\/comunicacionmad\\\/\"}]}<\/script>\n<!-- \/ Yoast SEO plugin. -->","yoast_head_json":{"title":"Madrid se vuelca por un mundo #SinPenaDeMuerte - Madrid","robots":{"index":"index","follow":"follow","max-snippet":"max-snippet:-1","max-image-preview":"max-image-preview:large","max-video-preview":"max-video-preview:-1"},"canonical":"https:\/\/blogs.es.amnesty.org\/madrid\/2016\/10\/21\/madrid-se-vuelca-por-un-mundo-sinpenademuerte\/","og_locale":"es_ES","og_type":"article","og_title":"Madrid se vuelca por un mundo #SinPenaDeMuerte - Madrid","og_description":"#SinPenaDeMuerte. Este mensaje ha sonado alto y claro durante la \u00faltima semana en Madrid. El lunes fue trending topic en Twitter. El martes, mi\u00e9rcoles y jueves, se repiti\u00f3 en la gran pantalla en los medios y en institutos. Y es que Amnist\u00eda Internacional organiz\u00f3 y particip\u00f3 en numerosos actos contra la pena capital con motivo del D\u00eda Internacional contra la Pena de Muerte.","og_url":"https:\/\/blogs.es.amnesty.org\/madrid\/2016\/10\/21\/madrid-se-vuelca-por-un-mundo-sinpenademuerte\/","og_site_name":"Madrid","article_published_time":"2016-10-21T10:28:18+00:00","article_modified_time":"2017-06-07T10:50:56+00:00","og_image":[{"width":898,"height":468,"url":"https:\/\/blogs.es.amnesty.org\/files\/uploads\/sites\/4\/2016\/10\/Acto-contra-la-pena-de-muerte.png","type":"image\/png"}],"author":"Comunicaci\u00f3n Madrid","twitter_card":"summary_large_image","twitter_misc":{"Escrito por":"Comunicaci\u00f3n Madrid","Tiempo de lectura":"5 minutos"},"schema":{"@context":"https:\/\/schema.org","@graph":[{"@type":"Article","@id":"https:\/\/blogs.es.amnesty.org\/madrid\/2016\/10\/21\/madrid-se-vuelca-por-un-mundo-sinpenademuerte\/#article","isPartOf":{"@id":"https:\/\/blogs.es.amnesty.org\/madrid\/2016\/10\/21\/madrid-se-vuelca-por-un-mundo-sinpenademuerte\/"},"author":{"name":"Comunicaci\u00f3n Madrid","@id":"https:\/\/blogs.es.amnesty.org\/madrid\/#\/schema\/person\/d2312947a65c4b64623d42b82830dc7e"},"headline":"Madrid se vuelca por un mundo #SinPenaDeMuerte","datePublished":"2016-10-21T10:28:18+00:00","dateModified":"2017-06-07T10:50:56+00:00","mainEntityOfPage":{"@id":"https:\/\/blogs.es.amnesty.org\/madrid\/2016\/10\/21\/madrid-se-vuelca-por-un-mundo-sinpenademuerte\/"},"wordCount":984,"commentCount":0,"image":{"@id":"https:\/\/blogs.es.amnesty.org\/madrid\/2016\/10\/21\/madrid-se-vuelca-por-un-mundo-sinpenademuerte\/#primaryimage"},"thumbnailUrl":"https:\/\/blogs.es.amnesty.org\/files\/uploads\/sites\/4\/2016\/10\/Acto-contra-la-pena-de-muerte.png","articleSection":["Pena de muerte"],"inLanguage":"es","potentialAction":[{"@type":"CommentAction","name":"Comment","target":["https:\/\/blogs.es.amnesty.org\/madrid\/2016\/10\/21\/madrid-se-vuelca-por-un-mundo-sinpenademuerte\/#respond"]}]},{"@type":"WebPage","@id":"https:\/\/blogs.es.amnesty.org\/madrid\/2016\/10\/21\/madrid-se-vuelca-por-un-mundo-sinpenademuerte\/","url":"https:\/\/blogs.es.amnesty.org\/madrid\/2016\/10\/21\/madrid-se-vuelca-por-un-mundo-sinpenademuerte\/","name":"Madrid se vuelca por un mundo #SinPenaDeMuerte - Madrid","isPartOf":{"@id":"https:\/\/blogs.es.amnesty.org\/madrid\/#website"},"primaryImageOfPage":{"@id":"https:\/\/blogs.es.amnesty.org\/madrid\/2016\/10\/21\/madrid-se-vuelca-por-un-mundo-sinpenademuerte\/#primaryimage"},"image":{"@id":"https:\/\/blogs.es.amnesty.org\/madrid\/2016\/10\/21\/madrid-se-vuelca-por-un-mundo-sinpenademuerte\/#primaryimage"},"thumbnailUrl":"https:\/\/blogs.es.amnesty.org\/files\/uploads\/sites\/4\/2016\/10\/Acto-contra-la-pena-de-muerte.png","datePublished":"2016-10-21T10:28:18+00:00","dateModified":"2017-06-07T10:50:56+00:00","author":{"@id":"https:\/\/blogs.es.amnesty.org\/madrid\/#\/schema\/person\/d2312947a65c4b64623d42b82830dc7e"},"breadcrumb":{"@id":"https:\/\/blogs.es.amnesty.org\/madrid\/2016\/10\/21\/madrid-se-vuelca-por-un-mundo-sinpenademuerte\/#breadcrumb"},"inLanguage":"es","potentialAction":[{"@type":"ReadAction","target":["https:\/\/blogs.es.amnesty.org\/madrid\/2016\/10\/21\/madrid-se-vuelca-por-un-mundo-sinpenademuerte\/"]}]},{"@type":"ImageObject","inLanguage":"es","@id":"https:\/\/blogs.es.amnesty.org\/madrid\/2016\/10\/21\/madrid-se-vuelca-por-un-mundo-sinpenademuerte\/#primaryimage","url":"https:\/\/blogs.es.amnesty.org\/files\/uploads\/sites\/4\/2016\/10\/Acto-contra-la-pena-de-muerte.png","contentUrl":"https:\/\/blogs.es.amnesty.org\/files\/uploads\/sites\/4\/2016\/10\/Acto-contra-la-pena-de-muerte.png","width":898,"height":468},{"@type":"BreadcrumbList","@id":"https:\/\/blogs.es.amnesty.org\/madrid\/2016\/10\/21\/madrid-se-vuelca-por-un-mundo-sinpenademuerte\/#breadcrumb","itemListElement":[{"@type":"ListItem","position":1,"name":"Portada","item":"https:\/\/blogs.es.amnesty.org\/madrid\/"},{"@type":"ListItem","position":2,"name":"Madrid se vuelca por un mundo #SinPenaDeMuerte"}]},{"@type":"WebSite","@id":"https:\/\/blogs.es.amnesty.org\/madrid\/#website","url":"https:\/\/blogs.es.amnesty.org\/madrid\/","name":"Madrid","description":"Blog de Amnist\u00eda Internacional Madrid","potentialAction":[{"@type":"SearchAction","target":{"@type":"EntryPoint","urlTemplate":"https:\/\/blogs.es.amnesty.org\/madrid\/?s={search_term_string}"},"query-input":{"@type":"PropertyValueSpecification","valueRequired":true,"valueName":"search_term_string"}}],"inLanguage":"es"},{"@type":"Person","@id":"https:\/\/blogs.es.amnesty.org\/madrid\/#\/schema\/person\/d2312947a65c4b64623d42b82830dc7e","name":"Comunicaci\u00f3n Madrid","image":{"@type":"ImageObject","inLanguage":"es","@id":"https:\/\/secure.gravatar.com\/avatar\/8d37e48c089becf89fdc60d25295730c0ef5142123de6b87076ed30fd2bfeaea?s=96&d=https%3A%2F%2Fblogs.es.amnesty.org%2Ffiles%2Fuploads%2F2019%2F02%2Fanmistia-gravatar.jpg&r=g","url":"https:\/\/secure.gravatar.com\/avatar\/8d37e48c089becf89fdc60d25295730c0ef5142123de6b87076ed30fd2bfeaea?s=96&d=https%3A%2F%2Fblogs.es.amnesty.org%2Ffiles%2Fuploads%2F2019%2F02%2Fanmistia-gravatar.jpg&r=g","contentUrl":"https:\/\/secure.gravatar.com\/avatar\/8d37e48c089becf89fdc60d25295730c0ef5142123de6b87076ed30fd2bfeaea?s=96&d=https%3A%2F%2Fblogs.es.amnesty.org%2Ffiles%2Fuploads%2F2019%2F02%2Fanmistia-gravatar.jpg&r=g","caption":"Comunicaci\u00f3n Madrid"},"description":"Este es el blog de Amnist\u00eda Internacional Madrid. Luchando por los derechos humanos desde finales del siglo XX","url":"https:\/\/blogs.es.amnesty.org\/madrid\/autor\/comunicacionmad\/"}]}},"_links":{"self":[{"href":"https:\/\/blogs.es.amnesty.org\/madrid\/wp-json\/wp\/v2\/posts\/446","targetHints":{"allow":["GET"]}}],"collection":[{"href":"https:\/\/blogs.es.amnesty.org\/madrid\/wp-json\/wp\/v2\/posts"}],"about":[{"href":"https:\/\/blogs.es.amnesty.org\/madrid\/wp-json\/wp\/v2\/types\/post"}],"author":[{"embeddable":true,"href":"https:\/\/blogs.es.amnesty.org\/madrid\/wp-json\/wp\/v2\/users\/11"}],"replies":[{"embeddable":true,"href":"https:\/\/blogs.es.amnesty.org\/madrid\/wp-json\/wp\/v2\/comments?post=446"}],"version-history":[{"count":0,"href":"https:\/\/blogs.es.amnesty.org\/madrid\/wp-json\/wp\/v2\/posts\/446\/revisions"}],"wp:featuredmedia":[{"embeddable":true,"href":"https:\/\/blogs.es.amnesty.org\/madrid\/wp-json\/wp\/v2\/media\/449"}],"wp:attachment":[{"href":"https:\/\/blogs.es.amnesty.org\/madrid\/wp-json\/wp\/v2\/media?parent=446"}],"wp:term":[{"taxonomy":"category","embeddable":true,"href":"https:\/\/blogs.es.amnesty.org\/madrid\/wp-json\/wp\/v2\/categories?post=446"},{"taxonomy":"post_tag","embeddable":true,"href":"https:\/\/blogs.es.amnesty.org\/madrid\/wp-json\/wp\/v2\/tags?post=446"}],"curies":[{"name":"wp","href":"https:\/\/api.w.org\/{rel}","templated":true}]}}